{"id":10026,"date":"2014-05-19T09:13:45","date_gmt":"2014-05-19T12:13:45","guid":{"rendered":"http:\/\/www.notibras.com\/site\/?p=10026"},"modified":"2014-05-19T11:41:59","modified_gmt":"2014-05-19T14:41:59","slug":"mercado-financeiro-projeta-inflacao-de-64-para-este-ano","status":"publish","type":"post","link":"https:\/\/www.notibras.com\/site\/mercado-financeiro-projeta-inflacao-de-64-para-este-ano\/","title":{"rendered":"Mercado financeiro projeta uma infla\u00e7\u00e3o de 6,4%"},"content":{"rendered":"<p>A infla\u00e7\u00e3o, medida pelo \u00cdndice Nacional de Pre\u00e7os ao Consumidor Amplo (IPCA), deve fechar este ano em 6,43%, de acordo com proje\u00e7\u00f5es de institui\u00e7\u00f5es financeiras consultadas todas as semanas pelo Banco Central (BC). Na semana passada, a estimativa estava em 6,39%. Para 2015, a proje\u00e7\u00e3o segue em 6%, h\u00e1 cinco semanas.<\/p>\n<p>Essas estimativas est\u00e3o acima do centro da meta (4,5%) e abaixo do limite superior (6,5%). \u00c9 fun\u00e7\u00e3o do BC fazer com que a infla\u00e7\u00e3o fique dentro da meta. Um dos instrumentos usados para influenciar a atividade econ\u00f4mica e, consequentemente, a infla\u00e7\u00e3o, \u00e9 a taxa b\u00e1sica de juros, a Selic.<\/p>\n<p>Essa taxa \u00e9 usada nas negocia\u00e7\u00f5es de t\u00edtulos p\u00fablicos no Sistema Especial de Liquida\u00e7\u00e3o e Cust\u00f3dia (Selic) e serve de refer\u00eancia para as demais taxas de juros da economia. Quando o Comit\u00ea de Pol\u00edtica Monet\u00e1ria (Copom) aumenta a Selic, o objetivo \u00e9 conter a demanda aquecida e isso gera reflexos nos pre\u00e7os, porque os juros mais altos encarecem o cr\u00e9dito e estimulam a poupan\u00e7a.<\/p>\n<p>A mediana das expectativas (desconsidera os extremos nas proje\u00e7\u00f5es) das institui\u00e7\u00f5es financeiras para a Selic, ao final deste ano, segue em 11,25% ao ano. Para 2015, tamb\u00e9m n\u00e3o houve mudan\u00e7a na estimativa, que permanece em 12,25% ao ano.<\/p>\n<p>A pesquisa semanal do BC tamb\u00e9m traz a mediana das expectativas para a infla\u00e7\u00e3o medida pelo \u00cdndice Geral de Pre\u00e7os \u2013 Disponibilidade Interna (IGP-DI), que foi alterada de 7,25% para 6,87%, em 2014. Para o \u00cdndice Geral de Pre\u00e7os &#8211; Mercado (IGP-M), a estimativa passou de 7,21% para 7,11%, este ano. Em 2015, a proje\u00e7\u00e3o para os dois \u00edndices segue em 5,5%<\/p>\n<p>A estimativa da infla\u00e7\u00e3o medida pelo \u00cdndice de Pre\u00e7os ao Consumidor da Funda\u00e7\u00e3o Instituto de Pesquisas Econ\u00f4micas (IPC-Fipe) passou de 6,10% para 5,94%, este ano, e de 5% para 4,80%, em 2015.<\/p>\n<p>A proje\u00e7\u00e3o para o crescimento do Produto Interno Bruto (PIB), soma de todos os bens e servi\u00e7os produzidos no pa\u00eds, caiu de 1,69% para 1,62%, este ano, e subiu de 1,90% para 2%, em 2015. A proje\u00e7\u00e3o para a cota\u00e7\u00e3o do d\u00f3lar segue em R$ 2,45, este ano, e foi ajustada de R$ 2,50 para R$ 2,51.<\/p>\n<p><strong>Kelly Oliveira, ABr<\/strong><\/p>\n","protected":false},"excerpt":{"rendered":"<p>A infla\u00e7\u00e3o, medida pelo \u00cdndice Nacional de Pre\u00e7os ao Consumidor Amplo (IPCA), deve fechar este ano em 6,43%, de acordo com proje\u00e7\u00f5es de institui\u00e7\u00f5es financeiras consultadas todas as semanas pelo Banco Central (BC). Na semana passada, a estimativa estava em 6,39%. Para 2015, a proje\u00e7\u00e3o segue em 6%, h\u00e1 cinco semanas. Essas estimativas est\u00e3o acima [&hellip;]<\/p>\n","protected":false},"author":2,"featured_media":10027,"comment_status":"open","ping_status":"closed","sticky":false,"template":"","format":"standard","meta":{"_acf_changed":false,"footnotes":""},"categories":[16],"tags":[],"class_list":["post-10026","post","type-post","status-publish","format-standard","has-post-thumbnail","hentry","category-brasil"],"acf":[],"yoast_head":"<!-- This site is optimized with the Yoast SEO plugin v27.2 - https:\/\/yoast.com\/product\/yoast-seo-wordpress\/ -->\n<title>Mercado financeiro projeta uma infla\u00e7\u00e3o de 6,4%  - Notibras<\/title>\n<meta name=\"robots\" content=\"index, follow, max-snippet:-1, max-image-preview:large, max-video-preview:-1\" \/>\n<link rel=\"canonical\" href=\"https:\/\/www.notibras.com\/site\/mercado-financeiro-projeta-inflacao-de-64-para-este-ano\/\" \/>\n<meta property=\"og:locale\" content=\"pt_BR\" \/>\n<meta property=\"og:type\" content=\"article\" \/>\n<meta property=\"og:title\" content=\"Mercado financeiro projeta uma infla\u00e7\u00e3o de 6,4%  - Notibras\" \/>\n<meta property=\"og:description\" content=\"A infla\u00e7\u00e3o, medida pelo \u00cdndice Nacional de Pre\u00e7os ao Consumidor Amplo (IPCA), deve fechar este ano em 6,43%, de acordo com proje\u00e7\u00f5es de institui\u00e7\u00f5es financeiras consultadas todas as semanas pelo Banco Central (BC). Na semana passada, a estimativa estava em 6,39%. Para 2015, a proje\u00e7\u00e3o segue em 6%, h\u00e1 cinco semanas. Essas estimativas est\u00e3o acima [&hellip;]\" \/>\n<meta property=\"og:url\" content=\"https:\/\/www.notibras.com\/site\/mercado-financeiro-projeta-inflacao-de-64-para-este-ano\/\" \/>\n<meta property=\"og:site_name\" content=\"Notibras\" \/>\n<meta property=\"article:publisher\" content=\"https:\/\/www.facebook.com\/notibras\/\" \/>\n<meta property=\"article:published_time\" content=\"2014-05-19T12:13:45+00:00\" \/>\n<meta property=\"article:modified_time\" content=\"2014-05-19T14:41:59+00:00\" \/>\n<meta property=\"og:image\" content=\"https:\/\/www.notibras.com\/site\/wp-content\/uploads\/2014\/05\/infla\u00e7\u00e3o.jpg\" \/>\n\t<meta property=\"og:image:width\" content=\"450\" \/>\n\t<meta property=\"og:image:height\" content=\"356\" \/>\n\t<meta property=\"og:image:type\" content=\"image\/jpeg\" \/>\n<meta name=\"author\" content=\"Reda\u00e7\u00e3o\" \/>\n<meta name=\"twitter:card\" content=\"summary_large_image\" \/>\n<meta name=\"twitter:creator\" content=\"@Notibras\" \/>\n<meta name=\"twitter:site\" content=\"@Notibras\" \/>\n<meta name=\"twitter:label1\" content=\"Escrito por\" \/>\n\t<meta name=\"twitter:data1\" content=\"Reda\u00e7\u00e3o\" \/>\n\t<meta name=\"twitter:label2\" content=\"Est. tempo de leitura\" \/>\n\t<meta name=\"twitter:data2\" content=\"2 minutos\" \/>\n<script type=\"application\/ld+json\" class=\"yoast-schema-graph\">{\"@context\":\"https:\/\/schema.org\",\"@graph\":[{\"@type\":\"Article\",\"@id\":\"https:\/\/www.notibras.com\/site\/mercado-financeiro-projeta-inflacao-de-64-para-este-ano\/#article\",\"isPartOf\":{\"@id\":\"https:\/\/www.notibras.com\/site\/mercado-financeiro-projeta-inflacao-de-64-para-este-ano\/\"},\"author\":{\"name\":\"Reda\u00e7\u00e3o\",\"@id\":\"https:\/\/www.notibras.com\/site\/#\/schema\/person\/36ab0979449956132d3e5b517ea76ac8\"},\"headline\":\"Mercado financeiro projeta uma infla\u00e7\u00e3o de 6,4%\",\"datePublished\":\"2014-05-19T12:13:45+00:00\",\"dateModified\":\"2014-05-19T14:41:59+00:00\",\"mainEntityOfPage\":{\"@id\":\"https:\/\/www.notibras.com\/site\/mercado-financeiro-projeta-inflacao-de-64-para-este-ano\/\"},\"wordCount\":371,\"commentCount\":0,\"publisher\":{\"@id\":\"https:\/\/www.notibras.com\/site\/#organization\"},\"image\":{\"@id\":\"https:\/\/www.notibras.com\/site\/mercado-financeiro-projeta-inflacao-de-64-para-este-ano\/#primaryimage\"},\"thumbnailUrl\":\"https:\/\/www.notibras.com\/site\/wp-content\/uploads\/2014\/05\/infla\u00e7\u00e3o.jpg\",\"articleSection\":[\"Brasil\"],\"inLanguage\":\"pt-BR\",\"potentialAction\":[{\"@type\":\"CommentAction\",\"name\":\"Comment\",\"target\":[\"https:\/\/www.notibras.com\/site\/mercado-financeiro-projeta-inflacao-de-64-para-este-ano\/#respond\"]}]},{\"@type\":\"WebPage\",\"@id\":\"https:\/\/www.notibras.com\/site\/mercado-financeiro-projeta-inflacao-de-64-para-este-ano\/\",\"url\":\"https:\/\/www.notibras.com\/site\/mercado-financeiro-projeta-inflacao-de-64-para-este-ano\/\",\"name\":\"Mercado financeiro projeta uma infla\u00e7\u00e3o de 6,4% - Notibras\",\"isPartOf\":{\"@id\":\"https:\/\/www.notibras.com\/site\/#website\"},\"primaryImageOfPage\":{\"@id\":\"https:\/\/www.notibras.com\/site\/mercado-financeiro-projeta-inflacao-de-64-para-este-ano\/#primaryimage\"},\"image\":{\"@id\":\"https:\/\/www.notibras.com\/site\/mercado-financeiro-projeta-inflacao-de-64-para-este-ano\/#primaryimage\"},\"thumbnailUrl\":\"https:\/\/www.notibras.com\/site\/wp-content\/uploads\/2014\/05\/infla\u00e7\u00e3o.jpg\",\"datePublished\":\"2014-05-19T12:13:45+00:00\",\"dateModified\":\"2014-05-19T14:41:59+00:00\",\"breadcrumb\":{\"@id\":\"https:\/\/www.notibras.com\/site\/mercado-financeiro-projeta-inflacao-de-64-para-este-ano\/#breadcrumb\"},\"inLanguage\":\"pt-BR\",\"potentialAction\":[{\"@type\":\"ReadAction\",\"target\":[\"https:\/\/www.notibras.com\/site\/mercado-financeiro-projeta-inflacao-de-64-para-este-ano\/\"]}]},{\"@type\":\"ImageObject\",\"inLanguage\":\"pt-BR\",\"@id\":\"https:\/\/www.notibras.com\/site\/mercado-financeiro-projeta-inflacao-de-64-para-este-ano\/#primaryimage\",\"url\":\"https:\/\/www.notibras.com\/site\/wp-content\/uploads\/2014\/05\/infla\u00e7\u00e3o.jpg\",\"contentUrl\":\"https:\/\/www.notibras.com\/site\/wp-content\/uploads\/2014\/05\/infla\u00e7\u00e3o.jpg\",\"width\":450,\"height\":356},{\"@type\":\"BreadcrumbList\",\"@id\":\"https:\/\/www.notibras.com\/site\/mercado-financeiro-projeta-inflacao-de-64-para-este-ano\/#breadcrumb\",\"itemListElement\":[{\"@type\":\"ListItem\",\"position\":1,\"name\":\"In\u00edcio\",\"item\":\"https:\/\/www.notibras.com\/site\/\"},{\"@type\":\"ListItem\",\"position\":2,\"name\":\"Mercado financeiro projeta uma infla\u00e7\u00e3o de 6,4%\"}]},{\"@type\":\"WebSite\",\"@id\":\"https:\/\/www.notibras.com\/site\/#website\",\"url\":\"https:\/\/www.notibras.com\/site\/\",\"name\":\"Notibras\",\"description\":\"Not\u00edcias de Bras\u00edlia, do Brasil e do Mundo\",\"publisher\":{\"@id\":\"https:\/\/www.notibras.com\/site\/#organization\"},\"potentialAction\":[{\"@type\":\"SearchAction\",\"target\":{\"@type\":\"EntryPoint\",\"urlTemplate\":\"https:\/\/www.notibras.com\/site\/?s={search_term_string}\"},\"query-input\":{\"@type\":\"PropertyValueSpecification\",\"valueRequired\":true,\"valueName\":\"search_term_string\"}}],\"inLanguage\":\"pt-BR\"},{\"@type\":\"Organization\",\"@id\":\"https:\/\/www.notibras.com\/site\/#organization\",\"name\":\"Grupo Notibras de Comunica\u00e7\u00e3o\",\"url\":\"https:\/\/www.notibras.com\/site\/\",\"logo\":{\"@type\":\"ImageObject\",\"inLanguage\":\"pt-BR\",\"@id\":\"https:\/\/www.notibras.com\/site\/#\/schema\/logo\/image\/\",\"url\":\"https:\/\/www.notibras.com\/site\/wp-content\/uploads\/2023\/01\/notibras23.png\",\"contentUrl\":\"https:\/\/www.notibras.com\/site\/wp-content\/uploads\/2023\/01\/notibras23.png\",\"width\":350,\"height\":87,\"caption\":\"Grupo Notibras de Comunica\u00e7\u00e3o\"},\"image\":{\"@id\":\"https:\/\/www.notibras.com\/site\/#\/schema\/logo\/image\/\"},\"sameAs\":[\"https:\/\/www.facebook.com\/notibras\/\",\"https:\/\/x.com\/Notibras\",\"https:\/\/www.instagram.com\/notibras\/\"]},{\"@type\":\"Person\",\"@id\":\"https:\/\/www.notibras.com\/site\/#\/schema\/person\/36ab0979449956132d3e5b517ea76ac8\",\"name\":\"Reda\u00e7\u00e3o\",\"image\":{\"@type\":\"ImageObject\",\"inLanguage\":\"pt-BR\",\"@id\":\"https:\/\/secure.gravatar.com\/avatar\/e0a867bdedb85fd243eadf09663511f96fc81e0720a4a42581f334ad4303aa6b?s=96&d=mm&r=g\",\"url\":\"https:\/\/secure.gravatar.com\/avatar\/e0a867bdedb85fd243eadf09663511f96fc81e0720a4a42581f334ad4303aa6b?s=96&d=mm&r=g\",\"contentUrl\":\"https:\/\/secure.gravatar.com\/avatar\/e0a867bdedb85fd243eadf09663511f96fc81e0720a4a42581f334ad4303aa6b?s=96&d=mm&r=g\",\"caption\":\"Reda\u00e7\u00e3o\"}}]}<\/script>\n<!-- \/ Yoast SEO plugin. -->","yoast_head_json":{"title":"Mercado financeiro projeta uma infla\u00e7\u00e3o de 6,4%  - Notibras","robots":{"index":"index","follow":"follow","max-snippet":"max-snippet:-1","max-image-preview":"max-image-preview:large","max-video-preview":"max-video-preview:-1"},"canonical":"https:\/\/www.notibras.com\/site\/mercado-financeiro-projeta-inflacao-de-64-para-este-ano\/","og_locale":"pt_BR","og_type":"article","og_title":"Mercado financeiro projeta uma infla\u00e7\u00e3o de 6,4%  - Notibras","og_description":"A infla\u00e7\u00e3o, medida pelo \u00cdndice Nacional de Pre\u00e7os ao Consumidor Amplo (IPCA), deve fechar este ano em 6,43%, de acordo com proje\u00e7\u00f5es de institui\u00e7\u00f5es financeiras consultadas todas as semanas pelo Banco Central (BC). Na semana passada, a estimativa estava em 6,39%. Para 2015, a proje\u00e7\u00e3o segue em 6%, h\u00e1 cinco semanas. Essas estimativas est\u00e3o acima [&hellip;]","og_url":"https:\/\/www.notibras.com\/site\/mercado-financeiro-projeta-inflacao-de-64-para-este-ano\/","og_site_name":"Notibras","article_publisher":"https:\/\/www.facebook.com\/notibras\/","article_published_time":"2014-05-19T12:13:45+00:00","article_modified_time":"2014-05-19T14:41:59+00:00","og_image":[{"width":450,"height":356,"url":"https:\/\/www.notibras.com\/site\/wp-content\/uploads\/2014\/05\/infla\u00e7\u00e3o.jpg","type":"image\/jpeg"}],"author":"Reda\u00e7\u00e3o","twitter_card":"summary_large_image","twitter_creator":"@Notibras","twitter_site":"@Notibras","twitter_misc":{"Escrito por":"Reda\u00e7\u00e3o","Est. tempo de leitura":"2 minutos"},"schema":{"@context":"https:\/\/schema.org","@graph":[{"@type":"Article","@id":"https:\/\/www.notibras.com\/site\/mercado-financeiro-projeta-inflacao-de-64-para-este-ano\/#article","isPartOf":{"@id":"https:\/\/www.notibras.com\/site\/mercado-financeiro-projeta-inflacao-de-64-para-este-ano\/"},"author":{"name":"Reda\u00e7\u00e3o","@id":"https:\/\/www.notibras.com\/site\/#\/schema\/person\/36ab0979449956132d3e5b517ea76ac8"},"headline":"Mercado financeiro projeta uma infla\u00e7\u00e3o de 6,4%","datePublished":"2014-05-19T12:13:45+00:00","dateModified":"2014-05-19T14:41:59+00:00","mainEntityOfPage":{"@id":"https:\/\/www.notibras.com\/site\/mercado-financeiro-projeta-inflacao-de-64-para-este-ano\/"},"wordCount":371,"commentCount":0,"publisher":{"@id":"https:\/\/www.notibras.com\/site\/#organization"},"image":{"@id":"https:\/\/www.notibras.com\/site\/mercado-financeiro-projeta-inflacao-de-64-para-este-ano\/#primaryimage"},"thumbnailUrl":"https:\/\/www.notibras.com\/site\/wp-content\/uploads\/2014\/05\/infla\u00e7\u00e3o.jpg","articleSection":["Brasil"],"inLanguage":"pt-BR","potentialAction":[{"@type":"CommentAction","name":"Comment","target":["https:\/\/www.notibras.com\/site\/mercado-financeiro-projeta-inflacao-de-64-para-este-ano\/#respond"]}]},{"@type":"WebPage","@id":"https:\/\/www.notibras.com\/site\/mercado-financeiro-projeta-inflacao-de-64-para-este-ano\/","url":"https:\/\/www.notibras.com\/site\/mercado-financeiro-projeta-inflacao-de-64-para-este-ano\/","name":"Mercado financeiro projeta uma infla\u00e7\u00e3o de 6,4% - Notibras","isPartOf":{"@id":"https:\/\/www.notibras.com\/site\/#website"},"primaryImageOfPage":{"@id":"https:\/\/www.notibras.com\/site\/mercado-financeiro-projeta-inflacao-de-64-para-este-ano\/#primaryimage"},"image":{"@id":"https:\/\/www.notibras.com\/site\/mercado-financeiro-projeta-inflacao-de-64-para-este-ano\/#primaryimage"},"thumbnailUrl":"https:\/\/www.notibras.com\/site\/wp-content\/uploads\/2014\/05\/infla\u00e7\u00e3o.jpg","datePublished":"2014-05-19T12:13:45+00:00","dateModified":"2014-05-19T14:41:59+00:00","breadcrumb":{"@id":"https:\/\/www.notibras.com\/site\/mercado-financeiro-projeta-inflacao-de-64-para-este-ano\/#breadcrumb"},"inLanguage":"pt-BR","potentialAction":[{"@type":"ReadAction","target":["https:\/\/www.notibras.com\/site\/mercado-financeiro-projeta-inflacao-de-64-para-este-ano\/"]}]},{"@type":"ImageObject","inLanguage":"pt-BR","@id":"https:\/\/www.notibras.com\/site\/mercado-financeiro-projeta-inflacao-de-64-para-este-ano\/#primaryimage","url":"https:\/\/www.notibras.com\/site\/wp-content\/uploads\/2014\/05\/infla\u00e7\u00e3o.jpg","contentUrl":"https:\/\/www.notibras.com\/site\/wp-content\/uploads\/2014\/05\/infla\u00e7\u00e3o.jpg","width":450,"height":356},{"@type":"BreadcrumbList","@id":"https:\/\/www.notibras.com\/site\/mercado-financeiro-projeta-inflacao-de-64-para-este-ano\/#breadcrumb","itemListElement":[{"@type":"ListItem","position":1,"name":"In\u00edcio","item":"https:\/\/www.notibras.com\/site\/"},{"@type":"ListItem","position":2,"name":"Mercado financeiro projeta uma infla\u00e7\u00e3o de 6,4%"}]},{"@type":"WebSite","@id":"https:\/\/www.notibras.com\/site\/#website","url":"https:\/\/www.notibras.com\/site\/","name":"Notibras","description":"Not\u00edcias de Bras\u00edlia, do Brasil e do Mundo","publisher":{"@id":"https:\/\/www.notibras.com\/site\/#organization"},"potentialAction":[{"@type":"SearchAction","target":{"@type":"EntryPoint","urlTemplate":"https:\/\/www.notibras.com\/site\/?s={search_term_string}"},"query-input":{"@type":"PropertyValueSpecification","valueRequired":true,"valueName":"search_term_string"}}],"inLanguage":"pt-BR"},{"@type":"Organization","@id":"https:\/\/www.notibras.com\/site\/#organization","name":"Grupo Notibras de Comunica\u00e7\u00e3o","url":"https:\/\/www.notibras.com\/site\/","logo":{"@type":"ImageObject","inLanguage":"pt-BR","@id":"https:\/\/www.notibras.com\/site\/#\/schema\/logo\/image\/","url":"https:\/\/www.notibras.com\/site\/wp-content\/uploads\/2023\/01\/notibras23.png","contentUrl":"https:\/\/www.notibras.com\/site\/wp-content\/uploads\/2023\/01\/notibras23.png","width":350,"height":87,"caption":"Grupo Notibras de Comunica\u00e7\u00e3o"},"image":{"@id":"https:\/\/www.notibras.com\/site\/#\/schema\/logo\/image\/"},"sameAs":["https:\/\/www.facebook.com\/notibras\/","https:\/\/x.com\/Notibras","https:\/\/www.instagram.com\/notibras\/"]},{"@type":"Person","@id":"https:\/\/www.notibras.com\/site\/#\/schema\/person\/36ab0979449956132d3e5b517ea76ac8","name":"Reda\u00e7\u00e3o","image":{"@type":"ImageObject","inLanguage":"pt-BR","@id":"https:\/\/secure.gravatar.com\/avatar\/e0a867bdedb85fd243eadf09663511f96fc81e0720a4a42581f334ad4303aa6b?s=96&d=mm&r=g","url":"https:\/\/secure.gravatar.com\/avatar\/e0a867bdedb85fd243eadf09663511f96fc81e0720a4a42581f334ad4303aa6b?s=96&d=mm&r=g","contentUrl":"https:\/\/secure.gravatar.com\/avatar\/e0a867bdedb85fd243eadf09663511f96fc81e0720a4a42581f334ad4303aa6b?s=96&d=mm&r=g","caption":"Reda\u00e7\u00e3o"}}]}},"amp_enabled":true,"_links":{"self":[{"href":"https:\/\/www.notibras.com\/site\/wp-json\/wp\/v2\/posts\/10026","targetHints":{"allow":["GET"]}}],"collection":[{"href":"https:\/\/www.notibras.com\/site\/wp-json\/wp\/v2\/posts"}],"about":[{"href":"https:\/\/www.notibras.com\/site\/wp-json\/wp\/v2\/types\/post"}],"author":[{"embeddable":true,"href":"https:\/\/www.notibras.com\/site\/wp-json\/wp\/v2\/users\/2"}],"replies":[{"embeddable":true,"href":"https:\/\/www.notibras.com\/site\/wp-json\/wp\/v2\/comments?post=10026"}],"version-history":[{"count":0,"href":"https:\/\/www.notibras.com\/site\/wp-json\/wp\/v2\/posts\/10026\/revisions"}],"wp:featuredmedia":[{"embeddable":true,"href":"https:\/\/www.notibras.com\/site\/wp-json\/wp\/v2\/media\/10027"}],"wp:attachment":[{"href":"https:\/\/www.notibras.com\/site\/wp-json\/wp\/v2\/media?parent=10026"}],"wp:term":[{"taxonomy":"category","embeddable":true,"href":"https:\/\/www.notibras.com\/site\/wp-json\/wp\/v2\/categories?post=10026"},{"taxonomy":"post_tag","embeddable":true,"href":"https:\/\/www.notibras.com\/site\/wp-json\/wp\/v2\/tags?post=10026"}],"curies":[{"name":"wp","href":"https:\/\/api.w.org\/{rel}","templated":true}]}}