{"id":10040,"date":"2014-05-19T11:50:45","date_gmt":"2014-05-19T14:50:45","guid":{"rendered":"http:\/\/www.notibras.com\/site\/?p=10040"},"modified":"2014-05-19T11:52:12","modified_gmt":"2014-05-19T14:52:12","slug":"sem-picuinha-sem-revanchismo-so-a-verdade-sobre-a-petrobras","status":"publish","type":"post","link":"https:\/\/www.notibras.com\/site\/sem-picuinha-sem-revanchismo-so-a-verdade-sobre-a-petrobras\/","title":{"rendered":"Sem picuinha, sem revanchismo; apenas verdade sobre a Petrobras"},"content":{"rendered":"<p>A trajet\u00f3ria de decl\u00ednio da Petrobras esteve na pauta da oposi\u00e7\u00e3o legislativa nos \u00faltimos anos. Em 2009, requeremos a cria\u00e7\u00e3o da CPI destinada a apurar irregularidades envolvendo a empresa e tamb\u00e9m a Ag\u00eancia Nacional de Petr\u00f3leo.<\/p>\n<p>O Tribunal de Contas da Uni\u00e3o (TCU) considerava a Petrobras uma das mais estatais mais fechadas e resistentes ao repasse de informa\u00e7\u00f5es, havendo, inclusive, registro de casos de fornecimento de dados incorretos e informa\u00e7\u00f5es desencontradas. Al\u00e9m disso, n\u00e3o dava para ficar indiferente ao fato de a maior e uma das mais importantes empresas do pa\u00eds estar frequentando com assiduidade as p\u00e1ginas policias da imprensa.<\/p>\n<p>Em face das in\u00fameras den\u00fancias de desvios de recursos feitas, sucessivamente, pela Pol\u00edcia Federal, Minist\u00e9rio P\u00fablico Federal e TCU &#8211; bem como das dificuldades desses \u00f3rg\u00e3os em obter as informa\u00e7\u00f5es necess\u00e1rias para concluir as investiga\u00e7\u00f5es &#8211; que decidimos exercer o papel constitucional que nos cabe: fiscalizar o poder executivo por meio de uma CPI.<\/p>\n<p>Mas, desde o primeiro momento da instala\u00e7\u00e3o da comiss\u00e3o, o governo encarregou sua base de apoio de criar uma barreira para impedir o trabalho da minorit\u00e1ria oposi\u00e7\u00e3o.<\/p>\n<p>Sem condi\u00e7\u00f5es de impedi-la, j\u00e1 que o STF asseguraria \u00e0 minoria o direito de instalar a CPI, o governo dominou a comiss\u00e3o de forma absoluta, rejeitando todos os requerimentos de convoca\u00e7\u00e3o e quebra de sigilo e desrespeitando as tradi\u00e7\u00f5es do Senado Federal.<\/p>\n<p>Em rea\u00e7\u00e3o, a oposi\u00e7\u00e3o anunciou, no dia 10 de novembro de 2009, sua retirada definitiva da comiss\u00e3o, sem, no entanto, abdicar do dever de apurar as den\u00fancias que ensejaram a cria\u00e7\u00e3o da CPI. Elaboramos um relat\u00f3rio paralelo e encaminhamos 18 representa\u00e7\u00f5es ao Minist\u00e9rio P\u00fablico, cobrando o esclarecimento de neg\u00f3cios nebulosos envolvendo a Petrobras e a responsabiliza\u00e7\u00e3o civil e criminal dos envolvidos.<\/p>\n<p>Uma das representa\u00e7\u00f5es, encaminhada em 2012, pedia esclarecimentos sobre a suspeita compra da refinaria de Pasadena, no Texas. Um epis\u00f3dio que, em 2014, virou um dos maiores esc\u00e2ndalos do governo de Dilma Rousseff.<\/p>\n<p>A declara\u00e7\u00e3o da presidente Dilma, que na \u00e9poca comandava o conselho da Petrobras, alegando que a decis\u00e3o da compra da refinaria, em 2006, se deu com base em um relat\u00f3rio falho, irradiou o movimento em torno da instala\u00e7\u00e3o imediata de uma CPI.<\/p>\n<p>A den\u00fancia envolvendo o pagamento de propina a diretores da companhia por uma empresa holandesa &#8211; US$ 30 milh\u00f5es para fechar contratos de aluguel de plataformas do pr\u00e9-sal &#8211; j\u00e1 era um rastilho no paiol da Petrobras. A indigna\u00e7\u00e3o popular imp\u00f4s ao parlamento uma postura compat\u00edvel com os anseios de transpar\u00eancia e, sobretudo, de combate \u00e0 impunidade da popula\u00e7\u00e3o.<\/p>\n<p><strong>\u00c1lvaro Dias<\/strong><\/p>\n","protected":false},"excerpt":{"rendered":"<p>A trajet\u00f3ria de decl\u00ednio da Petrobras esteve na pauta da oposi\u00e7\u00e3o legislativa nos \u00faltimos anos. Em 2009, requeremos a cria\u00e7\u00e3o da CPI destinada a apurar irregularidades envolvendo a empresa e tamb\u00e9m a Ag\u00eancia Nacional de Petr\u00f3leo. O Tribunal de Contas da Uni\u00e3o (TCU) considerava a Petrobras uma das mais estatais mais fechadas e resistentes ao [&hellip;]<\/p>\n","protected":false},"author":2,"featured_media":10044,"comment_status":"open","ping_status":"closed","sticky":false,"template":"","format":"standard","meta":{"_acf_changed":false,"footnotes":""},"categories":[25],"tags":[],"class_list":["post-10040","post","type-post","status-publish","format-standard","has-post-thumbnail","hentry","category-opina-ai"],"acf":[],"yoast_head":"<!-- This site is optimized with the Yoast SEO plugin v27.5 - https:\/\/yoast.com\/product\/yoast-seo-wordpress\/ -->\n<title>Sem picuinha, sem revanchismo; apenas verdade sobre a Petrobras - Notibras<\/title>\n<meta name=\"robots\" content=\"index, follow, max-snippet:-1, max-image-preview:large, max-video-preview:-1\" \/>\n<link rel=\"canonical\" href=\"https:\/\/www.notibras.com\/site\/sem-picuinha-sem-revanchismo-so-a-verdade-sobre-a-petrobras\/\" \/>\n<meta property=\"og:locale\" content=\"pt_BR\" \/>\n<meta property=\"og:type\" content=\"article\" \/>\n<meta property=\"og:title\" content=\"Sem picuinha, sem revanchismo; apenas verdade sobre a Petrobras - Notibras\" \/>\n<meta property=\"og:description\" content=\"A trajet\u00f3ria de decl\u00ednio da Petrobras esteve na pauta da oposi\u00e7\u00e3o legislativa nos \u00faltimos anos. Em 2009, requeremos a cria\u00e7\u00e3o da CPI destinada a apurar irregularidades envolvendo a empresa e tamb\u00e9m a Ag\u00eancia Nacional de Petr\u00f3leo. O Tribunal de Contas da Uni\u00e3o (TCU) considerava a Petrobras uma das mais estatais mais fechadas e resistentes ao [&hellip;]\" \/>\n<meta property=\"og:url\" content=\"https:\/\/www.notibras.com\/site\/sem-picuinha-sem-revanchismo-so-a-verdade-sobre-a-petrobras\/\" \/>\n<meta property=\"og:site_name\" content=\"Notibras\" \/>\n<meta property=\"article:publisher\" content=\"https:\/\/www.facebook.com\/notibras\/\" \/>\n<meta property=\"article:published_time\" content=\"2014-05-19T14:50:45+00:00\" \/>\n<meta property=\"article:modified_time\" content=\"2014-05-19T14:52:12+00:00\" \/>\n<meta property=\"og:image\" content=\"https:\/\/www.notibras.com\/site\/wp-content\/uploads\/2014\/05\/al2.jpg\" \/>\n\t<meta property=\"og:image:width\" content=\"1025\" \/>\n\t<meta property=\"og:image:height\" content=\"683\" \/>\n\t<meta property=\"og:image:type\" content=\"image\/jpeg\" \/>\n<meta name=\"author\" content=\"Reda\u00e7\u00e3o\" \/>\n<meta name=\"twitter:card\" content=\"summary_large_image\" \/>\n<meta name=\"twitter:creator\" content=\"@Notibras\" \/>\n<meta name=\"twitter:site\" content=\"@Notibras\" \/>\n<meta name=\"twitter:label1\" content=\"Escrito por\" \/>\n\t<meta name=\"twitter:data1\" content=\"Reda\u00e7\u00e3o\" \/>\n\t<meta name=\"twitter:label2\" content=\"Est. tempo de leitura\" \/>\n\t<meta name=\"twitter:data2\" content=\"2 minutos\" \/>\n<script type=\"application\/ld+json\" class=\"yoast-schema-graph\">{\"@context\":\"https:\\\/\\\/schema.org\",\"@graph\":[{\"@type\":\"Article\",\"@id\":\"https:\\\/\\\/www.notibras.com\\\/site\\\/sem-picuinha-sem-revanchismo-so-a-verdade-sobre-a-petrobras\\\/#article\",\"isPartOf\":{\"@id\":\"https:\\\/\\\/www.notibras.com\\\/site\\\/sem-picuinha-sem-revanchismo-so-a-verdade-sobre-a-petrobras\\\/\"},\"author\":{\"name\":\"Reda\u00e7\u00e3o\",\"@id\":\"https:\\\/\\\/www.notibras.com\\\/site\\\/#\\\/schema\\\/person\\\/36ab0979449956132d3e5b517ea76ac8\"},\"headline\":\"Sem picuinha, sem revanchismo; apenas verdade sobre a Petrobras\",\"datePublished\":\"2014-05-19T14:50:45+00:00\",\"dateModified\":\"2014-05-19T14:52:12+00:00\",\"mainEntityOfPage\":{\"@id\":\"https:\\\/\\\/www.notibras.com\\\/site\\\/sem-picuinha-sem-revanchismo-so-a-verdade-sobre-a-petrobras\\\/\"},\"wordCount\":476,\"commentCount\":0,\"publisher\":{\"@id\":\"https:\\\/\\\/www.notibras.com\\\/site\\\/#organization\"},\"image\":{\"@id\":\"https:\\\/\\\/www.notibras.com\\\/site\\\/sem-picuinha-sem-revanchismo-so-a-verdade-sobre-a-petrobras\\\/#primaryimage\"},\"thumbnailUrl\":\"https:\\\/\\\/www.notibras.com\\\/site\\\/wp-content\\\/uploads\\\/2014\\\/05\\\/al2.jpg\",\"articleSection\":[\"Opina a\u00ed\"],\"inLanguage\":\"pt-BR\",\"potentialAction\":[{\"@type\":\"CommentAction\",\"name\":\"Comment\",\"target\":[\"https:\\\/\\\/www.notibras.com\\\/site\\\/sem-picuinha-sem-revanchismo-so-a-verdade-sobre-a-petrobras\\\/#respond\"]}]},{\"@type\":\"WebPage\",\"@id\":\"https:\\\/\\\/www.notibras.com\\\/site\\\/sem-picuinha-sem-revanchismo-so-a-verdade-sobre-a-petrobras\\\/\",\"url\":\"https:\\\/\\\/www.notibras.com\\\/site\\\/sem-picuinha-sem-revanchismo-so-a-verdade-sobre-a-petrobras\\\/\",\"name\":\"Sem picuinha, sem revanchismo; apenas verdade sobre a Petrobras - Notibras\",\"isPartOf\":{\"@id\":\"https:\\\/\\\/www.notibras.com\\\/site\\\/#website\"},\"primaryImageOfPage\":{\"@id\":\"https:\\\/\\\/www.notibras.com\\\/site\\\/sem-picuinha-sem-revanchismo-so-a-verdade-sobre-a-petrobras\\\/#primaryimage\"},\"image\":{\"@id\":\"https:\\\/\\\/www.notibras.com\\\/site\\\/sem-picuinha-sem-revanchismo-so-a-verdade-sobre-a-petrobras\\\/#primaryimage\"},\"thumbnailUrl\":\"https:\\\/\\\/www.notibras.com\\\/site\\\/wp-content\\\/uploads\\\/2014\\\/05\\\/al2.jpg\",\"datePublished\":\"2014-05-19T14:50:45+00:00\",\"dateModified\":\"2014-05-19T14:52:12+00:00\",\"breadcrumb\":{\"@id\":\"https:\\\/\\\/www.notibras.com\\\/site\\\/sem-picuinha-sem-revanchismo-so-a-verdade-sobre-a-petrobras\\\/#breadcrumb\"},\"inLanguage\":\"pt-BR\",\"potentialAction\":[{\"@type\":\"ReadAction\",\"target\":[\"https:\\\/\\\/www.notibras.com\\\/site\\\/sem-picuinha-sem-revanchismo-so-a-verdade-sobre-a-petrobras\\\/\"]}]},{\"@type\":\"ImageObject\",\"inLanguage\":\"pt-BR\",\"@id\":\"https:\\\/\\\/www.notibras.com\\\/site\\\/sem-picuinha-sem-revanchismo-so-a-verdade-sobre-a-petrobras\\\/#primaryimage\",\"url\":\"https:\\\/\\\/www.notibras.com\\\/site\\\/wp-content\\\/uploads\\\/2014\\\/05\\\/al2.jpg\",\"contentUrl\":\"https:\\\/\\\/www.notibras.com\\\/site\\\/wp-content\\\/uploads\\\/2014\\\/05\\\/al2.jpg\",\"width\":1025,\"height\":683,\"caption\":\"Foto\\\/Divulga\u00e7\u00e3o\"},{\"@type\":\"BreadcrumbList\",\"@id\":\"https:\\\/\\\/www.notibras.com\\\/site\\\/sem-picuinha-sem-revanchismo-so-a-verdade-sobre-a-petrobras\\\/#breadcrumb\",\"itemListElement\":[{\"@type\":\"ListItem\",\"position\":1,\"name\":\"In\u00edcio\",\"item\":\"https:\\\/\\\/www.notibras.com\\\/site\\\/\"},{\"@type\":\"ListItem\",\"position\":2,\"name\":\"Sem picuinha, sem revanchismo; apenas verdade sobre a Petrobras\"}]},{\"@type\":\"WebSite\",\"@id\":\"https:\\\/\\\/www.notibras.com\\\/site\\\/#website\",\"url\":\"https:\\\/\\\/www.notibras.com\\\/site\\\/\",\"name\":\"Notibras\",\"description\":\"Not\u00edcias de Bras\u00edlia, do Brasil e do Mundo\",\"publisher\":{\"@id\":\"https:\\\/\\\/www.notibras.com\\\/site\\\/#organization\"},\"potentialAction\":[{\"@type\":\"SearchAction\",\"target\":{\"@type\":\"EntryPoint\",\"urlTemplate\":\"https:\\\/\\\/www.notibras.com\\\/site\\\/?s={search_term_string}\"},\"query-input\":{\"@type\":\"PropertyValueSpecification\",\"valueRequired\":true,\"valueName\":\"search_term_string\"}}],\"inLanguage\":\"pt-BR\"},{\"@type\":\"Organization\",\"@id\":\"https:\\\/\\\/www.notibras.com\\\/site\\\/#organization\",\"name\":\"Grupo Notibras de Comunica\u00e7\u00e3o\",\"url\":\"https:\\\/\\\/www.notibras.com\\\/site\\\/\",\"logo\":{\"@type\":\"ImageObject\",\"inLanguage\":\"pt-BR\",\"@id\":\"https:\\\/\\\/www.notibras.com\\\/site\\\/#\\\/schema\\\/logo\\\/image\\\/\",\"url\":\"https:\\\/\\\/www.notibras.com\\\/site\\\/wp-content\\\/uploads\\\/2023\\\/01\\\/notibras23.png\",\"contentUrl\":\"https:\\\/\\\/www.notibras.com\\\/site\\\/wp-content\\\/uploads\\\/2023\\\/01\\\/notibras23.png\",\"width\":350,\"height\":87,\"caption\":\"Grupo Notibras de Comunica\u00e7\u00e3o\"},\"image\":{\"@id\":\"https:\\\/\\\/www.notibras.com\\\/site\\\/#\\\/schema\\\/logo\\\/image\\\/\"},\"sameAs\":[\"https:\\\/\\\/www.facebook.com\\\/notibras\\\/\",\"https:\\\/\\\/x.com\\\/Notibras\",\"https:\\\/\\\/www.instagram.com\\\/notibras\\\/\"]},{\"@type\":\"Person\",\"@id\":\"https:\\\/\\\/www.notibras.com\\\/site\\\/#\\\/schema\\\/person\\\/36ab0979449956132d3e5b517ea76ac8\",\"name\":\"Reda\u00e7\u00e3o\",\"image\":{\"@type\":\"ImageObject\",\"inLanguage\":\"pt-BR\",\"@id\":\"https:\\\/\\\/secure.gravatar.com\\\/avatar\\\/e0a867bdedb85fd243eadf09663511f96fc81e0720a4a42581f334ad4303aa6b?s=96&d=mm&r=g\",\"url\":\"https:\\\/\\\/secure.gravatar.com\\\/avatar\\\/e0a867bdedb85fd243eadf09663511f96fc81e0720a4a42581f334ad4303aa6b?s=96&d=mm&r=g\",\"contentUrl\":\"https:\\\/\\\/secure.gravatar.com\\\/avatar\\\/e0a867bdedb85fd243eadf09663511f96fc81e0720a4a42581f334ad4303aa6b?s=96&d=mm&r=g\",\"caption\":\"Reda\u00e7\u00e3o\"}}]}<\/script>\n<!-- \/ Yoast SEO plugin. -->","yoast_head_json":{"title":"Sem picuinha, sem revanchismo; apenas verdade sobre a Petrobras - Notibras","robots":{"index":"index","follow":"follow","max-snippet":"max-snippet:-1","max-image-preview":"max-image-preview:large","max-video-preview":"max-video-preview:-1"},"canonical":"https:\/\/www.notibras.com\/site\/sem-picuinha-sem-revanchismo-so-a-verdade-sobre-a-petrobras\/","og_locale":"pt_BR","og_type":"article","og_title":"Sem picuinha, sem revanchismo; apenas verdade sobre a Petrobras - Notibras","og_description":"A trajet\u00f3ria de decl\u00ednio da Petrobras esteve na pauta da oposi\u00e7\u00e3o legislativa nos \u00faltimos anos. Em 2009, requeremos a cria\u00e7\u00e3o da CPI destinada a apurar irregularidades envolvendo a empresa e tamb\u00e9m a Ag\u00eancia Nacional de Petr\u00f3leo. O Tribunal de Contas da Uni\u00e3o (TCU) considerava a Petrobras uma das mais estatais mais fechadas e resistentes ao [&hellip;]","og_url":"https:\/\/www.notibras.com\/site\/sem-picuinha-sem-revanchismo-so-a-verdade-sobre-a-petrobras\/","og_site_name":"Notibras","article_publisher":"https:\/\/www.facebook.com\/notibras\/","article_published_time":"2014-05-19T14:50:45+00:00","article_modified_time":"2014-05-19T14:52:12+00:00","og_image":[{"width":1025,"height":683,"url":"https:\/\/www.notibras.com\/site\/wp-content\/uploads\/2014\/05\/al2.jpg","type":"image\/jpeg"}],"author":"Reda\u00e7\u00e3o","twitter_card":"summary_large_image","twitter_creator":"@Notibras","twitter_site":"@Notibras","twitter_misc":{"Escrito por":"Reda\u00e7\u00e3o","Est. tempo de leitura":"2 minutos"},"schema":{"@context":"https:\/\/schema.org","@graph":[{"@type":"Article","@id":"https:\/\/www.notibras.com\/site\/sem-picuinha-sem-revanchismo-so-a-verdade-sobre-a-petrobras\/#article","isPartOf":{"@id":"https:\/\/www.notibras.com\/site\/sem-picuinha-sem-revanchismo-so-a-verdade-sobre-a-petrobras\/"},"author":{"name":"Reda\u00e7\u00e3o","@id":"https:\/\/www.notibras.com\/site\/#\/schema\/person\/36ab0979449956132d3e5b517ea76ac8"},"headline":"Sem picuinha, sem revanchismo; apenas verdade sobre a Petrobras","datePublished":"2014-05-19T14:50:45+00:00","dateModified":"2014-05-19T14:52:12+00:00","mainEntityOfPage":{"@id":"https:\/\/www.notibras.com\/site\/sem-picuinha-sem-revanchismo-so-a-verdade-sobre-a-petrobras\/"},"wordCount":476,"commentCount":0,"publisher":{"@id":"https:\/\/www.notibras.com\/site\/#organization"},"image":{"@id":"https:\/\/www.notibras.com\/site\/sem-picuinha-sem-revanchismo-so-a-verdade-sobre-a-petrobras\/#primaryimage"},"thumbnailUrl":"https:\/\/www.notibras.com\/site\/wp-content\/uploads\/2014\/05\/al2.jpg","articleSection":["Opina a\u00ed"],"inLanguage":"pt-BR","potentialAction":[{"@type":"CommentAction","name":"Comment","target":["https:\/\/www.notibras.com\/site\/sem-picuinha-sem-revanchismo-so-a-verdade-sobre-a-petrobras\/#respond"]}]},{"@type":"WebPage","@id":"https:\/\/www.notibras.com\/site\/sem-picuinha-sem-revanchismo-so-a-verdade-sobre-a-petrobras\/","url":"https:\/\/www.notibras.com\/site\/sem-picuinha-sem-revanchismo-so-a-verdade-sobre-a-petrobras\/","name":"Sem picuinha, sem revanchismo; apenas verdade sobre a Petrobras - Notibras","isPartOf":{"@id":"https:\/\/www.notibras.com\/site\/#website"},"primaryImageOfPage":{"@id":"https:\/\/www.notibras.com\/site\/sem-picuinha-sem-revanchismo-so-a-verdade-sobre-a-petrobras\/#primaryimage"},"image":{"@id":"https:\/\/www.notibras.com\/site\/sem-picuinha-sem-revanchismo-so-a-verdade-sobre-a-petrobras\/#primaryimage"},"thumbnailUrl":"https:\/\/www.notibras.com\/site\/wp-content\/uploads\/2014\/05\/al2.jpg","datePublished":"2014-05-19T14:50:45+00:00","dateModified":"2014-05-19T14:52:12+00:00","breadcrumb":{"@id":"https:\/\/www.notibras.com\/site\/sem-picuinha-sem-revanchismo-so-a-verdade-sobre-a-petrobras\/#breadcrumb"},"inLanguage":"pt-BR","potentialAction":[{"@type":"ReadAction","target":["https:\/\/www.notibras.com\/site\/sem-picuinha-sem-revanchismo-so-a-verdade-sobre-a-petrobras\/"]}]},{"@type":"ImageObject","inLanguage":"pt-BR","@id":"https:\/\/www.notibras.com\/site\/sem-picuinha-sem-revanchismo-so-a-verdade-sobre-a-petrobras\/#primaryimage","url":"https:\/\/www.notibras.com\/site\/wp-content\/uploads\/2014\/05\/al2.jpg","contentUrl":"https:\/\/www.notibras.com\/site\/wp-content\/uploads\/2014\/05\/al2.jpg","width":1025,"height":683,"caption":"Foto\/Divulga\u00e7\u00e3o"},{"@type":"BreadcrumbList","@id":"https:\/\/www.notibras.com\/site\/sem-picuinha-sem-revanchismo-so-a-verdade-sobre-a-petrobras\/#breadcrumb","itemListElement":[{"@type":"ListItem","position":1,"name":"In\u00edcio","item":"https:\/\/www.notibras.com\/site\/"},{"@type":"ListItem","position":2,"name":"Sem picuinha, sem revanchismo; apenas verdade sobre a Petrobras"}]},{"@type":"WebSite","@id":"https:\/\/www.notibras.com\/site\/#website","url":"https:\/\/www.notibras.com\/site\/","name":"Notibras","description":"Not\u00edcias de Bras\u00edlia, do Brasil e do Mundo","publisher":{"@id":"https:\/\/www.notibras.com\/site\/#organization"},"potentialAction":[{"@type":"SearchAction","target":{"@type":"EntryPoint","urlTemplate":"https:\/\/www.notibras.com\/site\/?s={search_term_string}"},"query-input":{"@type":"PropertyValueSpecification","valueRequired":true,"valueName":"search_term_string"}}],"inLanguage":"pt-BR"},{"@type":"Organization","@id":"https:\/\/www.notibras.com\/site\/#organization","name":"Grupo Notibras de Comunica\u00e7\u00e3o","url":"https:\/\/www.notibras.com\/site\/","logo":{"@type":"ImageObject","inLanguage":"pt-BR","@id":"https:\/\/www.notibras.com\/site\/#\/schema\/logo\/image\/","url":"https:\/\/www.notibras.com\/site\/wp-content\/uploads\/2023\/01\/notibras23.png","contentUrl":"https:\/\/www.notibras.com\/site\/wp-content\/uploads\/2023\/01\/notibras23.png","width":350,"height":87,"caption":"Grupo Notibras de Comunica\u00e7\u00e3o"},"image":{"@id":"https:\/\/www.notibras.com\/site\/#\/schema\/logo\/image\/"},"sameAs":["https:\/\/www.facebook.com\/notibras\/","https:\/\/x.com\/Notibras","https:\/\/www.instagram.com\/notibras\/"]},{"@type":"Person","@id":"https:\/\/www.notibras.com\/site\/#\/schema\/person\/36ab0979449956132d3e5b517ea76ac8","name":"Reda\u00e7\u00e3o","image":{"@type":"ImageObject","inLanguage":"pt-BR","@id":"https:\/\/secure.gravatar.com\/avatar\/e0a867bdedb85fd243eadf09663511f96fc81e0720a4a42581f334ad4303aa6b?s=96&d=mm&r=g","url":"https:\/\/secure.gravatar.com\/avatar\/e0a867bdedb85fd243eadf09663511f96fc81e0720a4a42581f334ad4303aa6b?s=96&d=mm&r=g","contentUrl":"https:\/\/secure.gravatar.com\/avatar\/e0a867bdedb85fd243eadf09663511f96fc81e0720a4a42581f334ad4303aa6b?s=96&d=mm&r=g","caption":"Reda\u00e7\u00e3o"}}]}},"amp_enabled":true,"_links":{"self":[{"href":"https:\/\/www.notibras.com\/site\/wp-json\/wp\/v2\/posts\/10040","targetHints":{"allow":["GET"]}}],"collection":[{"href":"https:\/\/www.notibras.com\/site\/wp-json\/wp\/v2\/posts"}],"about":[{"href":"https:\/\/www.notibras.com\/site\/wp-json\/wp\/v2\/types\/post"}],"author":[{"embeddable":true,"href":"https:\/\/www.notibras.com\/site\/wp-json\/wp\/v2\/users\/2"}],"replies":[{"embeddable":true,"href":"https:\/\/www.notibras.com\/site\/wp-json\/wp\/v2\/comments?post=10040"}],"version-history":[{"count":0,"href":"https:\/\/www.notibras.com\/site\/wp-json\/wp\/v2\/posts\/10040\/revisions"}],"wp:featuredmedia":[{"embeddable":true,"href":"https:\/\/www.notibras.com\/site\/wp-json\/wp\/v2\/media\/10044"}],"wp:attachment":[{"href":"https:\/\/www.notibras.com\/site\/wp-json\/wp\/v2\/media?parent=10040"}],"wp:term":[{"taxonomy":"category","embeddable":true,"href":"https:\/\/www.notibras.com\/site\/wp-json\/wp\/v2\/categories?post=10040"},{"taxonomy":"post_tag","embeddable":true,"href":"https:\/\/www.notibras.com\/site\/wp-json\/wp\/v2\/tags?post=10040"}],"curies":[{"name":"wp","href":"https:\/\/api.w.org\/{rel}","templated":true}]}}