{"id":10061,"date":"2014-05-19T13:25:08","date_gmt":"2014-05-19T16:25:08","guid":{"rendered":"http:\/\/www.notibras.com\/site\/?p=10061"},"modified":"2014-05-19T21:07:18","modified_gmt":"2014-05-20T00:07:18","slug":"ministro-do-supremo-manda-soltar-os-presos-da-operacao-lava-jato","status":"publish","type":"post","link":"https:\/\/www.notibras.com\/site\/ministro-do-supremo-manda-soltar-os-presos-da-operacao-lava-jato\/","title":{"rendered":"Ministro manda soltar os presos da Opera\u00e7\u00e3o Lava Jato"},"content":{"rendered":"<p>Todas as pessoas presas pela Pol\u00edcia Federal na Opera\u00e7\u00e3o Lava Jato devem ser soltas imediatamente. A decis\u00e3o foi tomada nesta segunda-feira 19 pelo ministro Teori Zavascki, do Supremo Tribunal Federal. Ele tamb\u00e9m determinou que a Justi\u00e7a Federal do Paran\u00e1 envie \u00e0 Suprema Corte todos os inqu\u00e9ritos e processos relativos \u00e0 opera\u00e7\u00e3o da Pol\u00edcia Federal (PF).<\/p>\n<p>O magistrado decidiu suspender os processos e os mandados de pris\u00e3o por entender que pode ter havido &#8220;ilegalidade&#8221; nos atos cometidos pelo juiz federal S\u00e9rgio Moro, respons\u00e1vel pelo caso. Zavascki entendeu que Moro deveria ter remetido o processo ao STF assim que surgiram os primeiros ind\u00edcios de envolvimento de parlamentares com o suposto esquema de lavagem de dinheiro e evas\u00e3o de divisas.<\/p>\n<p>As investiga\u00e7\u00f5es da PF apontaram liga\u00e7\u00f5es entre os deputados Andr\u00e9 Vargas (sem partido-PR) e Luiz Arg\u00f4lo (Solidariedade-BA) com o doleiro Alberto Youssef, um dos l\u00edderes da quadrilha.\u00a0 A Constitui\u00e7\u00e3o prev\u00ea que parlamentares s\u00f3 podem ser investigados ou processados em a\u00e7\u00f5es abertas no Supremo.<\/p>\n<p>Apesar de ter concedido a liberdade aos r\u00e9us da Lava Jato, o ministro do STF proibiu que eles deixem as comarcas onde residem. O ministro tamb\u00e9m determinou que todos os presos entreguem seus passaportes \u00e0s autoridades policiais em at\u00e9 24 horas.<\/p>\n<p>Na decis\u00e3o, o ministro Teori Zavascki diz que o Supremo decidir\u00e1 posteriormente sobre a legalidade dos atos assinados pelo juiz S\u00e9rgio Moro.<\/p>\n<p>&#8220;\u00c9 de se deferir a liminar, at\u00e9 para que a Suprema Corte, tendo \u00e0 sua disposi\u00e7\u00e3o o inteiro teor das investiga\u00e7\u00f5es promovidas, possa, no exerc\u00edcio de suas compet\u00eancia constitucional, decidir com maior seguran\u00e7a a cerca do cabimento ou n\u00e3o de seu desmembramento, bem como da legitimidade ou n\u00e3o dos atos at\u00e9 agora praticados.&#8221;<\/p>\n","protected":false},"excerpt":{"rendered":"<p>Todas as pessoas presas pela Pol\u00edcia Federal na Opera\u00e7\u00e3o Lava Jato devem ser soltas imediatamente. A decis\u00e3o foi tomada nesta segunda-feira 19 pelo ministro Teori Zavascki, do Supremo Tribunal Federal. Ele tamb\u00e9m determinou que a Justi\u00e7a Federal do Paran\u00e1 envie \u00e0 Suprema Corte todos os inqu\u00e9ritos e processos relativos \u00e0 opera\u00e7\u00e3o da Pol\u00edcia Federal (PF). [&hellip;]<\/p>\n","protected":false},"author":2,"featured_media":10062,"comment_status":"open","ping_status":"closed","sticky":false,"template":"","format":"standard","meta":{"_acf_changed":false,"footnotes":""},"categories":[16],"tags":[],"class_list":["post-10061","post","type-post","status-publish","format-standard","has-post-thumbnail","hentry","category-brasil"],"acf":[],"yoast_head":"<!-- This site is optimized with the Yoast SEO plugin v27.2 - https:\/\/yoast.com\/product\/yoast-seo-wordpress\/ -->\n<title>Ministro manda soltar os presos da Opera\u00e7\u00e3o Lava Jato - Notibras<\/title>\n<meta name=\"robots\" content=\"index, follow, max-snippet:-1, max-image-preview:large, max-video-preview:-1\" \/>\n<link rel=\"canonical\" href=\"https:\/\/www.notibras.com\/site\/ministro-do-supremo-manda-soltar-os-presos-da-operacao-lava-jato\/\" \/>\n<meta property=\"og:locale\" content=\"pt_BR\" \/>\n<meta property=\"og:type\" content=\"article\" \/>\n<meta property=\"og:title\" content=\"Ministro manda soltar os presos da Opera\u00e7\u00e3o Lava Jato - Notibras\" \/>\n<meta property=\"og:description\" content=\"Todas as pessoas presas pela Pol\u00edcia Federal na Opera\u00e7\u00e3o Lava Jato devem ser soltas imediatamente. A decis\u00e3o foi tomada nesta segunda-feira 19 pelo ministro Teori Zavascki, do Supremo Tribunal Federal. Ele tamb\u00e9m determinou que a Justi\u00e7a Federal do Paran\u00e1 envie \u00e0 Suprema Corte todos os inqu\u00e9ritos e processos relativos \u00e0 opera\u00e7\u00e3o da Pol\u00edcia Federal (PF). [&hellip;]\" \/>\n<meta property=\"og:url\" content=\"https:\/\/www.notibras.com\/site\/ministro-do-supremo-manda-soltar-os-presos-da-operacao-lava-jato\/\" \/>\n<meta property=\"og:site_name\" content=\"Notibras\" \/>\n<meta property=\"article:publisher\" content=\"https:\/\/www.facebook.com\/notibras\/\" \/>\n<meta property=\"article:published_time\" content=\"2014-05-19T16:25:08+00:00\" \/>\n<meta property=\"article:modified_time\" content=\"2014-05-20T00:07:18+00:00\" \/>\n<meta property=\"og:image\" content=\"https:\/\/www.notibras.com\/site\/wp-content\/uploads\/2014\/05\/2014-705835884-2014041141887.jpg_20140411.jpg\" \/>\n\t<meta property=\"og:image:width\" content=\"500\" \/>\n\t<meta property=\"og:image:height\" content=\"375\" \/>\n\t<meta property=\"og:image:type\" content=\"image\/jpeg\" \/>\n<meta name=\"author\" content=\"Reda\u00e7\u00e3o\" \/>\n<meta name=\"twitter:card\" content=\"summary_large_image\" \/>\n<meta name=\"twitter:creator\" content=\"@Notibras\" \/>\n<meta name=\"twitter:site\" content=\"@Notibras\" \/>\n<meta name=\"twitter:label1\" content=\"Escrito por\" \/>\n\t<meta name=\"twitter:data1\" content=\"Reda\u00e7\u00e3o\" \/>\n\t<meta name=\"twitter:label2\" content=\"Est. tempo de leitura\" \/>\n\t<meta name=\"twitter:data2\" content=\"2 minutos\" \/>\n<script type=\"application\/ld+json\" class=\"yoast-schema-graph\">{\"@context\":\"https:\/\/schema.org\",\"@graph\":[{\"@type\":\"Article\",\"@id\":\"https:\/\/www.notibras.com\/site\/ministro-do-supremo-manda-soltar-os-presos-da-operacao-lava-jato\/#article\",\"isPartOf\":{\"@id\":\"https:\/\/www.notibras.com\/site\/ministro-do-supremo-manda-soltar-os-presos-da-operacao-lava-jato\/\"},\"author\":{\"name\":\"Reda\u00e7\u00e3o\",\"@id\":\"https:\/\/www.notibras.com\/site\/#\/schema\/person\/36ab0979449956132d3e5b517ea76ac8\"},\"headline\":\"Ministro manda soltar os presos da Opera\u00e7\u00e3o Lava Jato\",\"datePublished\":\"2014-05-19T16:25:08+00:00\",\"dateModified\":\"2014-05-20T00:07:18+00:00\",\"mainEntityOfPage\":{\"@id\":\"https:\/\/www.notibras.com\/site\/ministro-do-supremo-manda-soltar-os-presos-da-operacao-lava-jato\/\"},\"wordCount\":310,\"commentCount\":0,\"publisher\":{\"@id\":\"https:\/\/www.notibras.com\/site\/#organization\"},\"image\":{\"@id\":\"https:\/\/www.notibras.com\/site\/ministro-do-supremo-manda-soltar-os-presos-da-operacao-lava-jato\/#primaryimage\"},\"thumbnailUrl\":\"https:\/\/www.notibras.com\/site\/wp-content\/uploads\/2014\/05\/2014-705835884-2014041141887.jpg_20140411.jpg\",\"articleSection\":[\"Brasil\"],\"inLanguage\":\"pt-BR\",\"potentialAction\":[{\"@type\":\"CommentAction\",\"name\":\"Comment\",\"target\":[\"https:\/\/www.notibras.com\/site\/ministro-do-supremo-manda-soltar-os-presos-da-operacao-lava-jato\/#respond\"]}]},{\"@type\":\"WebPage\",\"@id\":\"https:\/\/www.notibras.com\/site\/ministro-do-supremo-manda-soltar-os-presos-da-operacao-lava-jato\/\",\"url\":\"https:\/\/www.notibras.com\/site\/ministro-do-supremo-manda-soltar-os-presos-da-operacao-lava-jato\/\",\"name\":\"Ministro manda soltar os presos da Opera\u00e7\u00e3o Lava Jato - Notibras\",\"isPartOf\":{\"@id\":\"https:\/\/www.notibras.com\/site\/#website\"},\"primaryImageOfPage\":{\"@id\":\"https:\/\/www.notibras.com\/site\/ministro-do-supremo-manda-soltar-os-presos-da-operacao-lava-jato\/#primaryimage\"},\"image\":{\"@id\":\"https:\/\/www.notibras.com\/site\/ministro-do-supremo-manda-soltar-os-presos-da-operacao-lava-jato\/#primaryimage\"},\"thumbnailUrl\":\"https:\/\/www.notibras.com\/site\/wp-content\/uploads\/2014\/05\/2014-705835884-2014041141887.jpg_20140411.jpg\",\"datePublished\":\"2014-05-19T16:25:08+00:00\",\"dateModified\":\"2014-05-20T00:07:18+00:00\",\"breadcrumb\":{\"@id\":\"https:\/\/www.notibras.com\/site\/ministro-do-supremo-manda-soltar-os-presos-da-operacao-lava-jato\/#breadcrumb\"},\"inLanguage\":\"pt-BR\",\"potentialAction\":[{\"@type\":\"ReadAction\",\"target\":[\"https:\/\/www.notibras.com\/site\/ministro-do-supremo-manda-soltar-os-presos-da-operacao-lava-jato\/\"]}]},{\"@type\":\"ImageObject\",\"inLanguage\":\"pt-BR\",\"@id\":\"https:\/\/www.notibras.com\/site\/ministro-do-supremo-manda-soltar-os-presos-da-operacao-lava-jato\/#primaryimage\",\"url\":\"https:\/\/www.notibras.com\/site\/wp-content\/uploads\/2014\/05\/2014-705835884-2014041141887.jpg_20140411.jpg\",\"contentUrl\":\"https:\/\/www.notibras.com\/site\/wp-content\/uploads\/2014\/05\/2014-705835884-2014041141887.jpg_20140411.jpg\",\"width\":500,\"height\":375},{\"@type\":\"BreadcrumbList\",\"@id\":\"https:\/\/www.notibras.com\/site\/ministro-do-supremo-manda-soltar-os-presos-da-operacao-lava-jato\/#breadcrumb\",\"itemListElement\":[{\"@type\":\"ListItem\",\"position\":1,\"name\":\"In\u00edcio\",\"item\":\"https:\/\/www.notibras.com\/site\/\"},{\"@type\":\"ListItem\",\"position\":2,\"name\":\"Ministro manda soltar os presos da Opera\u00e7\u00e3o Lava Jato\"}]},{\"@type\":\"WebSite\",\"@id\":\"https:\/\/www.notibras.com\/site\/#website\",\"url\":\"https:\/\/www.notibras.com\/site\/\",\"name\":\"Notibras\",\"description\":\"Not\u00edcias de Bras\u00edlia, do Brasil e do Mundo\",\"publisher\":{\"@id\":\"https:\/\/www.notibras.com\/site\/#organization\"},\"potentialAction\":[{\"@type\":\"SearchAction\",\"target\":{\"@type\":\"EntryPoint\",\"urlTemplate\":\"https:\/\/www.notibras.com\/site\/?s={search_term_string}\"},\"query-input\":{\"@type\":\"PropertyValueSpecification\",\"valueRequired\":true,\"valueName\":\"search_term_string\"}}],\"inLanguage\":\"pt-BR\"},{\"@type\":\"Organization\",\"@id\":\"https:\/\/www.notibras.com\/site\/#organization\",\"name\":\"Grupo Notibras de Comunica\u00e7\u00e3o\",\"url\":\"https:\/\/www.notibras.com\/site\/\",\"logo\":{\"@type\":\"ImageObject\",\"inLanguage\":\"pt-BR\",\"@id\":\"https:\/\/www.notibras.com\/site\/#\/schema\/logo\/image\/\",\"url\":\"https:\/\/www.notibras.com\/site\/wp-content\/uploads\/2023\/01\/notibras23.png\",\"contentUrl\":\"https:\/\/www.notibras.com\/site\/wp-content\/uploads\/2023\/01\/notibras23.png\",\"width\":350,\"height\":87,\"caption\":\"Grupo Notibras de Comunica\u00e7\u00e3o\"},\"image\":{\"@id\":\"https:\/\/www.notibras.com\/site\/#\/schema\/logo\/image\/\"},\"sameAs\":[\"https:\/\/www.facebook.com\/notibras\/\",\"https:\/\/x.com\/Notibras\",\"https:\/\/www.instagram.com\/notibras\/\"]},{\"@type\":\"Person\",\"@id\":\"https:\/\/www.notibras.com\/site\/#\/schema\/person\/36ab0979449956132d3e5b517ea76ac8\",\"name\":\"Reda\u00e7\u00e3o\",\"image\":{\"@type\":\"ImageObject\",\"inLanguage\":\"pt-BR\",\"@id\":\"https:\/\/secure.gravatar.com\/avatar\/e0a867bdedb85fd243eadf09663511f96fc81e0720a4a42581f334ad4303aa6b?s=96&d=mm&r=g\",\"url\":\"https:\/\/secure.gravatar.com\/avatar\/e0a867bdedb85fd243eadf09663511f96fc81e0720a4a42581f334ad4303aa6b?s=96&d=mm&r=g\",\"contentUrl\":\"https:\/\/secure.gravatar.com\/avatar\/e0a867bdedb85fd243eadf09663511f96fc81e0720a4a42581f334ad4303aa6b?s=96&d=mm&r=g\",\"caption\":\"Reda\u00e7\u00e3o\"}}]}<\/script>\n<!-- \/ Yoast SEO plugin. -->","yoast_head_json":{"title":"Ministro manda soltar os presos da Opera\u00e7\u00e3o Lava Jato - Notibras","robots":{"index":"index","follow":"follow","max-snippet":"max-snippet:-1","max-image-preview":"max-image-preview:large","max-video-preview":"max-video-preview:-1"},"canonical":"https:\/\/www.notibras.com\/site\/ministro-do-supremo-manda-soltar-os-presos-da-operacao-lava-jato\/","og_locale":"pt_BR","og_type":"article","og_title":"Ministro manda soltar os presos da Opera\u00e7\u00e3o Lava Jato - Notibras","og_description":"Todas as pessoas presas pela Pol\u00edcia Federal na Opera\u00e7\u00e3o Lava Jato devem ser soltas imediatamente. A decis\u00e3o foi tomada nesta segunda-feira 19 pelo ministro Teori Zavascki, do Supremo Tribunal Federal. Ele tamb\u00e9m determinou que a Justi\u00e7a Federal do Paran\u00e1 envie \u00e0 Suprema Corte todos os inqu\u00e9ritos e processos relativos \u00e0 opera\u00e7\u00e3o da Pol\u00edcia Federal (PF). [&hellip;]","og_url":"https:\/\/www.notibras.com\/site\/ministro-do-supremo-manda-soltar-os-presos-da-operacao-lava-jato\/","og_site_name":"Notibras","article_publisher":"https:\/\/www.facebook.com\/notibras\/","article_published_time":"2014-05-19T16:25:08+00:00","article_modified_time":"2014-05-20T00:07:18+00:00","og_image":[{"width":500,"height":375,"url":"https:\/\/www.notibras.com\/site\/wp-content\/uploads\/2014\/05\/2014-705835884-2014041141887.jpg_20140411.jpg","type":"image\/jpeg"}],"author":"Reda\u00e7\u00e3o","twitter_card":"summary_large_image","twitter_creator":"@Notibras","twitter_site":"@Notibras","twitter_misc":{"Escrito por":"Reda\u00e7\u00e3o","Est. tempo de leitura":"2 minutos"},"schema":{"@context":"https:\/\/schema.org","@graph":[{"@type":"Article","@id":"https:\/\/www.notibras.com\/site\/ministro-do-supremo-manda-soltar-os-presos-da-operacao-lava-jato\/#article","isPartOf":{"@id":"https:\/\/www.notibras.com\/site\/ministro-do-supremo-manda-soltar-os-presos-da-operacao-lava-jato\/"},"author":{"name":"Reda\u00e7\u00e3o","@id":"https:\/\/www.notibras.com\/site\/#\/schema\/person\/36ab0979449956132d3e5b517ea76ac8"},"headline":"Ministro manda soltar os presos da Opera\u00e7\u00e3o Lava Jato","datePublished":"2014-05-19T16:25:08+00:00","dateModified":"2014-05-20T00:07:18+00:00","mainEntityOfPage":{"@id":"https:\/\/www.notibras.com\/site\/ministro-do-supremo-manda-soltar-os-presos-da-operacao-lava-jato\/"},"wordCount":310,"commentCount":0,"publisher":{"@id":"https:\/\/www.notibras.com\/site\/#organization"},"image":{"@id":"https:\/\/www.notibras.com\/site\/ministro-do-supremo-manda-soltar-os-presos-da-operacao-lava-jato\/#primaryimage"},"thumbnailUrl":"https:\/\/www.notibras.com\/site\/wp-content\/uploads\/2014\/05\/2014-705835884-2014041141887.jpg_20140411.jpg","articleSection":["Brasil"],"inLanguage":"pt-BR","potentialAction":[{"@type":"CommentAction","name":"Comment","target":["https:\/\/www.notibras.com\/site\/ministro-do-supremo-manda-soltar-os-presos-da-operacao-lava-jato\/#respond"]}]},{"@type":"WebPage","@id":"https:\/\/www.notibras.com\/site\/ministro-do-supremo-manda-soltar-os-presos-da-operacao-lava-jato\/","url":"https:\/\/www.notibras.com\/site\/ministro-do-supremo-manda-soltar-os-presos-da-operacao-lava-jato\/","name":"Ministro manda soltar os presos da Opera\u00e7\u00e3o Lava Jato - Notibras","isPartOf":{"@id":"https:\/\/www.notibras.com\/site\/#website"},"primaryImageOfPage":{"@id":"https:\/\/www.notibras.com\/site\/ministro-do-supremo-manda-soltar-os-presos-da-operacao-lava-jato\/#primaryimage"},"image":{"@id":"https:\/\/www.notibras.com\/site\/ministro-do-supremo-manda-soltar-os-presos-da-operacao-lava-jato\/#primaryimage"},"thumbnailUrl":"https:\/\/www.notibras.com\/site\/wp-content\/uploads\/2014\/05\/2014-705835884-2014041141887.jpg_20140411.jpg","datePublished":"2014-05-19T16:25:08+00:00","dateModified":"2014-05-20T00:07:18+00:00","breadcrumb":{"@id":"https:\/\/www.notibras.com\/site\/ministro-do-supremo-manda-soltar-os-presos-da-operacao-lava-jato\/#breadcrumb"},"inLanguage":"pt-BR","potentialAction":[{"@type":"ReadAction","target":["https:\/\/www.notibras.com\/site\/ministro-do-supremo-manda-soltar-os-presos-da-operacao-lava-jato\/"]}]},{"@type":"ImageObject","inLanguage":"pt-BR","@id":"https:\/\/www.notibras.com\/site\/ministro-do-supremo-manda-soltar-os-presos-da-operacao-lava-jato\/#primaryimage","url":"https:\/\/www.notibras.com\/site\/wp-content\/uploads\/2014\/05\/2014-705835884-2014041141887.jpg_20140411.jpg","contentUrl":"https:\/\/www.notibras.com\/site\/wp-content\/uploads\/2014\/05\/2014-705835884-2014041141887.jpg_20140411.jpg","width":500,"height":375},{"@type":"BreadcrumbList","@id":"https:\/\/www.notibras.com\/site\/ministro-do-supremo-manda-soltar-os-presos-da-operacao-lava-jato\/#breadcrumb","itemListElement":[{"@type":"ListItem","position":1,"name":"In\u00edcio","item":"https:\/\/www.notibras.com\/site\/"},{"@type":"ListItem","position":2,"name":"Ministro manda soltar os presos da Opera\u00e7\u00e3o Lava Jato"}]},{"@type":"WebSite","@id":"https:\/\/www.notibras.com\/site\/#website","url":"https:\/\/www.notibras.com\/site\/","name":"Notibras","description":"Not\u00edcias de Bras\u00edlia, do Brasil e do Mundo","publisher":{"@id":"https:\/\/www.notibras.com\/site\/#organization"},"potentialAction":[{"@type":"SearchAction","target":{"@type":"EntryPoint","urlTemplate":"https:\/\/www.notibras.com\/site\/?s={search_term_string}"},"query-input":{"@type":"PropertyValueSpecification","valueRequired":true,"valueName":"search_term_string"}}],"inLanguage":"pt-BR"},{"@type":"Organization","@id":"https:\/\/www.notibras.com\/site\/#organization","name":"Grupo Notibras de Comunica\u00e7\u00e3o","url":"https:\/\/www.notibras.com\/site\/","logo":{"@type":"ImageObject","inLanguage":"pt-BR","@id":"https:\/\/www.notibras.com\/site\/#\/schema\/logo\/image\/","url":"https:\/\/www.notibras.com\/site\/wp-content\/uploads\/2023\/01\/notibras23.png","contentUrl":"https:\/\/www.notibras.com\/site\/wp-content\/uploads\/2023\/01\/notibras23.png","width":350,"height":87,"caption":"Grupo Notibras de Comunica\u00e7\u00e3o"},"image":{"@id":"https:\/\/www.notibras.com\/site\/#\/schema\/logo\/image\/"},"sameAs":["https:\/\/www.facebook.com\/notibras\/","https:\/\/x.com\/Notibras","https:\/\/www.instagram.com\/notibras\/"]},{"@type":"Person","@id":"https:\/\/www.notibras.com\/site\/#\/schema\/person\/36ab0979449956132d3e5b517ea76ac8","name":"Reda\u00e7\u00e3o","image":{"@type":"ImageObject","inLanguage":"pt-BR","@id":"https:\/\/secure.gravatar.com\/avatar\/e0a867bdedb85fd243eadf09663511f96fc81e0720a4a42581f334ad4303aa6b?s=96&d=mm&r=g","url":"https:\/\/secure.gravatar.com\/avatar\/e0a867bdedb85fd243eadf09663511f96fc81e0720a4a42581f334ad4303aa6b?s=96&d=mm&r=g","contentUrl":"https:\/\/secure.gravatar.com\/avatar\/e0a867bdedb85fd243eadf09663511f96fc81e0720a4a42581f334ad4303aa6b?s=96&d=mm&r=g","caption":"Reda\u00e7\u00e3o"}}]}},"amp_enabled":true,"_links":{"self":[{"href":"https:\/\/www.notibras.com\/site\/wp-json\/wp\/v2\/posts\/10061","targetHints":{"allow":["GET"]}}],"collection":[{"href":"https:\/\/www.notibras.com\/site\/wp-json\/wp\/v2\/posts"}],"about":[{"href":"https:\/\/www.notibras.com\/site\/wp-json\/wp\/v2\/types\/post"}],"author":[{"embeddable":true,"href":"https:\/\/www.notibras.com\/site\/wp-json\/wp\/v2\/users\/2"}],"replies":[{"embeddable":true,"href":"https:\/\/www.notibras.com\/site\/wp-json\/wp\/v2\/comments?post=10061"}],"version-history":[{"count":0,"href":"https:\/\/www.notibras.com\/site\/wp-json\/wp\/v2\/posts\/10061\/revisions"}],"wp:featuredmedia":[{"embeddable":true,"href":"https:\/\/www.notibras.com\/site\/wp-json\/wp\/v2\/media\/10062"}],"wp:attachment":[{"href":"https:\/\/www.notibras.com\/site\/wp-json\/wp\/v2\/media?parent=10061"}],"wp:term":[{"taxonomy":"category","embeddable":true,"href":"https:\/\/www.notibras.com\/site\/wp-json\/wp\/v2\/categories?post=10061"},{"taxonomy":"post_tag","embeddable":true,"href":"https:\/\/www.notibras.com\/site\/wp-json\/wp\/v2\/tags?post=10061"}],"curies":[{"name":"wp","href":"https:\/\/api.w.org\/{rel}","templated":true}]}}