{"id":10073,"date":"2014-05-19T12:42:26","date_gmt":"2014-05-19T15:42:26","guid":{"rendered":"http:\/\/www.notibras.com\/site\/?p=10073"},"modified":"2014-05-19T16:48:32","modified_gmt":"2014-05-19T19:48:32","slug":"ministerio-publico-denuncia-cinco-pela-morte-de-rubens-paiva","status":"publish","type":"post","link":"https:\/\/www.notibras.com\/site\/ministerio-publico-denuncia-cinco-pela-morte-de-rubens-paiva\/","title":{"rendered":"Minist\u00e9rio P\u00fablico denuncia 5 pela morte de Rubens Paiva"},"content":{"rendered":"<p>O Minist\u00e9rio P\u00fablico Federal (MPF) no Rio de Janeiro denunciou nesta segunda 19 cinco militares reformados pelos crimes de homic\u00eddio e oculta\u00e7\u00e3o do cad\u00e1ver do ex-deputado Rubens Paiva. O crime foi cometido entre os dias 21 e 22 de janeiro de 1971, nas depend\u00eancias do Destacamento de Opera\u00e7\u00f5es de Informa\u00e7\u00f5es (DOI) do 1\u00b0 Ex\u00e9rcito, no Batalh\u00e3o de Pol\u00edcia do Ex\u00e9rcito, na Tijuca, zona norte do Rio.<\/p>\n<p>Os cinco militares tamb\u00e9m foram denunciados por associa\u00e7\u00e3o criminosa armada, e tr\u00eas deles, por fraude processual. O MPF denunciou o ex-comandante do DOI, general Jos\u00e9 Ant\u00f4nio Nogueira Belham, e o ex-integrante do Centro de Informa\u00e7\u00f5es do Ex\u00e9rcito (CIE), coronel Rubens Paim Sampaio, por homic\u00eddio triplamente qualificado, oculta\u00e7\u00e3o de cad\u00e1ver e associa\u00e7\u00e3o criminosa armada.\u00a0Foram denunciados por oculta\u00e7\u00e3o de cad\u00e1ver, fraude processual e associa\u00e7\u00e3o criminosa armada o coronel reformado Raymundo Ronaldo Campos e os militares Jurandyr Ochsendorf e Souza e Jacy Ochsendorf e Souza.<\/p>\n<p>O procurador da Rep\u00fablica S\u00e9rgio Suiama explicou que as a\u00e7\u00f5es que resultaram na pris\u00e3o e morte de Rubens Paiva se enquadram como crimes de Estado, praticados sistematicamente e de forma generalizada contra a popula\u00e7\u00e3o. Por isso, segundo ele, os crimes podem ser tipificados como de lesa-p\u00e1tria. Ele argumenta que n\u00e3o h\u00e1 prescri\u00e7\u00e3o porque s\u00e3o crimes cometidos contra a humanidade. Da mesma forma, tamb\u00e9m os praticantes n\u00e3o s\u00e3o\u00a0beneficiados pela Lei da Anistia.<\/p>\n<p>A filha de Rubens Paiva, Vera Paiva, participou da coletiva no MPF e disse estar agradecida pelo desfecho da den\u00fancia. &#8220;Agrade\u00e7o o privil\u00e9gio de estabelecer um marco como o Brasil tem tratado a viol\u00eancia de Estado&#8221;, declarou ela, que citou o caso do pedreiro Amarildo de Souza como exemplo da perman\u00eancia da viol\u00eancia contra o cidad\u00e3o.<\/p>\n<p>As investiga\u00e7\u00f5es do MPF duraram cerca de tr\u00eas anos e envolveram a an\u00e1lise de 13 volumes de documentos. Foram tomados depoimentos de 27 pessoas.<\/p>\n<p><strong>Vladimir Platonow, ABr<br \/>\n<\/strong><\/p>\n","protected":false},"excerpt":{"rendered":"<p>O Minist\u00e9rio P\u00fablico Federal (MPF) no Rio de Janeiro denunciou nesta segunda 19 cinco militares reformados pelos crimes de homic\u00eddio e oculta\u00e7\u00e3o do cad\u00e1ver do ex-deputado Rubens Paiva. O crime foi cometido entre os dias 21 e 22 de janeiro de 1971, nas depend\u00eancias do Destacamento de Opera\u00e7\u00f5es de Informa\u00e7\u00f5es (DOI) do 1\u00b0 Ex\u00e9rcito, no [&hellip;]<\/p>\n","protected":false},"author":2,"featured_media":10074,"comment_status":"open","ping_status":"closed","sticky":false,"template":"","format":"standard","meta":{"_acf_changed":false,"footnotes":""},"categories":[16],"tags":[],"class_list":["post-10073","post","type-post","status-publish","format-standard","has-post-thumbnail","hentry","category-brasil"],"acf":[],"yoast_head":"<!-- This site is optimized with the Yoast SEO plugin v27.2 - https:\/\/yoast.com\/product\/yoast-seo-wordpress\/ -->\n<title>Minist\u00e9rio P\u00fablico denuncia 5 pela morte de Rubens Paiva - Notibras<\/title>\n<meta name=\"robots\" content=\"index, follow, max-snippet:-1, max-image-preview:large, max-video-preview:-1\" \/>\n<link rel=\"canonical\" href=\"https:\/\/www.notibras.com\/site\/ministerio-publico-denuncia-cinco-pela-morte-de-rubens-paiva\/\" \/>\n<meta property=\"og:locale\" content=\"pt_BR\" \/>\n<meta property=\"og:type\" content=\"article\" \/>\n<meta property=\"og:title\" content=\"Minist\u00e9rio P\u00fablico denuncia 5 pela morte de Rubens Paiva - Notibras\" \/>\n<meta property=\"og:description\" content=\"O Minist\u00e9rio P\u00fablico Federal (MPF) no Rio de Janeiro denunciou nesta segunda 19 cinco militares reformados pelos crimes de homic\u00eddio e oculta\u00e7\u00e3o do cad\u00e1ver do ex-deputado Rubens Paiva. O crime foi cometido entre os dias 21 e 22 de janeiro de 1971, nas depend\u00eancias do Destacamento de Opera\u00e7\u00f5es de Informa\u00e7\u00f5es (DOI) do 1\u00b0 Ex\u00e9rcito, no [&hellip;]\" \/>\n<meta property=\"og:url\" content=\"https:\/\/www.notibras.com\/site\/ministerio-publico-denuncia-cinco-pela-morte-de-rubens-paiva\/\" \/>\n<meta property=\"og:site_name\" content=\"Notibras\" \/>\n<meta property=\"article:publisher\" content=\"https:\/\/www.facebook.com\/notibras\/\" \/>\n<meta property=\"article:published_time\" content=\"2014-05-19T15:42:26+00:00\" \/>\n<meta property=\"article:modified_time\" content=\"2014-05-19T19:48:32+00:00\" \/>\n<meta property=\"og:image\" content=\"https:\/\/www.notibras.com\/site\/wp-content\/uploads\/2014\/05\/DeprPaiva1.jpg\" \/>\n\t<meta property=\"og:image:width\" content=\"720\" \/>\n\t<meta property=\"og:image:height\" content=\"460\" \/>\n\t<meta property=\"og:image:type\" content=\"image\/jpeg\" \/>\n<meta name=\"author\" content=\"Reda\u00e7\u00e3o\" \/>\n<meta name=\"twitter:card\" content=\"summary_large_image\" \/>\n<meta name=\"twitter:creator\" content=\"@Notibras\" \/>\n<meta name=\"twitter:site\" content=\"@Notibras\" \/>\n<meta name=\"twitter:label1\" content=\"Escrito por\" \/>\n\t<meta name=\"twitter:data1\" content=\"Reda\u00e7\u00e3o\" \/>\n\t<meta name=\"twitter:label2\" content=\"Est. tempo de leitura\" \/>\n\t<meta name=\"twitter:data2\" content=\"2 minutos\" \/>\n<script type=\"application\/ld+json\" class=\"yoast-schema-graph\">{\"@context\":\"https:\/\/schema.org\",\"@graph\":[{\"@type\":\"Article\",\"@id\":\"https:\/\/www.notibras.com\/site\/ministerio-publico-denuncia-cinco-pela-morte-de-rubens-paiva\/#article\",\"isPartOf\":{\"@id\":\"https:\/\/www.notibras.com\/site\/ministerio-publico-denuncia-cinco-pela-morte-de-rubens-paiva\/\"},\"author\":{\"name\":\"Reda\u00e7\u00e3o\",\"@id\":\"https:\/\/www.notibras.com\/site\/#\/schema\/person\/36ab0979449956132d3e5b517ea76ac8\"},\"headline\":\"Minist\u00e9rio P\u00fablico denuncia 5 pela morte de Rubens Paiva\",\"datePublished\":\"2014-05-19T15:42:26+00:00\",\"dateModified\":\"2014-05-19T19:48:32+00:00\",\"mainEntityOfPage\":{\"@id\":\"https:\/\/www.notibras.com\/site\/ministerio-publico-denuncia-cinco-pela-morte-de-rubens-paiva\/\"},\"wordCount\":354,\"commentCount\":0,\"publisher\":{\"@id\":\"https:\/\/www.notibras.com\/site\/#organization\"},\"image\":{\"@id\":\"https:\/\/www.notibras.com\/site\/ministerio-publico-denuncia-cinco-pela-morte-de-rubens-paiva\/#primaryimage\"},\"thumbnailUrl\":\"https:\/\/www.notibras.com\/site\/wp-content\/uploads\/2014\/05\/DeprPaiva1.jpg\",\"articleSection\":[\"Brasil\"],\"inLanguage\":\"pt-BR\",\"potentialAction\":[{\"@type\":\"CommentAction\",\"name\":\"Comment\",\"target\":[\"https:\/\/www.notibras.com\/site\/ministerio-publico-denuncia-cinco-pela-morte-de-rubens-paiva\/#respond\"]}]},{\"@type\":\"WebPage\",\"@id\":\"https:\/\/www.notibras.com\/site\/ministerio-publico-denuncia-cinco-pela-morte-de-rubens-paiva\/\",\"url\":\"https:\/\/www.notibras.com\/site\/ministerio-publico-denuncia-cinco-pela-morte-de-rubens-paiva\/\",\"name\":\"Minist\u00e9rio P\u00fablico denuncia 5 pela morte de Rubens Paiva - Notibras\",\"isPartOf\":{\"@id\":\"https:\/\/www.notibras.com\/site\/#website\"},\"primaryImageOfPage\":{\"@id\":\"https:\/\/www.notibras.com\/site\/ministerio-publico-denuncia-cinco-pela-morte-de-rubens-paiva\/#primaryimage\"},\"image\":{\"@id\":\"https:\/\/www.notibras.com\/site\/ministerio-publico-denuncia-cinco-pela-morte-de-rubens-paiva\/#primaryimage\"},\"thumbnailUrl\":\"https:\/\/www.notibras.com\/site\/wp-content\/uploads\/2014\/05\/DeprPaiva1.jpg\",\"datePublished\":\"2014-05-19T15:42:26+00:00\",\"dateModified\":\"2014-05-19T19:48:32+00:00\",\"breadcrumb\":{\"@id\":\"https:\/\/www.notibras.com\/site\/ministerio-publico-denuncia-cinco-pela-morte-de-rubens-paiva\/#breadcrumb\"},\"inLanguage\":\"pt-BR\",\"potentialAction\":[{\"@type\":\"ReadAction\",\"target\":[\"https:\/\/www.notibras.com\/site\/ministerio-publico-denuncia-cinco-pela-morte-de-rubens-paiva\/\"]}]},{\"@type\":\"ImageObject\",\"inLanguage\":\"pt-BR\",\"@id\":\"https:\/\/www.notibras.com\/site\/ministerio-publico-denuncia-cinco-pela-morte-de-rubens-paiva\/#primaryimage\",\"url\":\"https:\/\/www.notibras.com\/site\/wp-content\/uploads\/2014\/05\/DeprPaiva1.jpg\",\"contentUrl\":\"https:\/\/www.notibras.com\/site\/wp-content\/uploads\/2014\/05\/DeprPaiva1.jpg\",\"width\":720,\"height\":460},{\"@type\":\"BreadcrumbList\",\"@id\":\"https:\/\/www.notibras.com\/site\/ministerio-publico-denuncia-cinco-pela-morte-de-rubens-paiva\/#breadcrumb\",\"itemListElement\":[{\"@type\":\"ListItem\",\"position\":1,\"name\":\"In\u00edcio\",\"item\":\"https:\/\/www.notibras.com\/site\/\"},{\"@type\":\"ListItem\",\"position\":2,\"name\":\"Minist\u00e9rio P\u00fablico denuncia 5 pela morte de Rubens Paiva\"}]},{\"@type\":\"WebSite\",\"@id\":\"https:\/\/www.notibras.com\/site\/#website\",\"url\":\"https:\/\/www.notibras.com\/site\/\",\"name\":\"Notibras\",\"description\":\"Not\u00edcias de Bras\u00edlia, do Brasil e do Mundo\",\"publisher\":{\"@id\":\"https:\/\/www.notibras.com\/site\/#organization\"},\"potentialAction\":[{\"@type\":\"SearchAction\",\"target\":{\"@type\":\"EntryPoint\",\"urlTemplate\":\"https:\/\/www.notibras.com\/site\/?s={search_term_string}\"},\"query-input\":{\"@type\":\"PropertyValueSpecification\",\"valueRequired\":true,\"valueName\":\"search_term_string\"}}],\"inLanguage\":\"pt-BR\"},{\"@type\":\"Organization\",\"@id\":\"https:\/\/www.notibras.com\/site\/#organization\",\"name\":\"Grupo Notibras de Comunica\u00e7\u00e3o\",\"url\":\"https:\/\/www.notibras.com\/site\/\",\"logo\":{\"@type\":\"ImageObject\",\"inLanguage\":\"pt-BR\",\"@id\":\"https:\/\/www.notibras.com\/site\/#\/schema\/logo\/image\/\",\"url\":\"https:\/\/www.notibras.com\/site\/wp-content\/uploads\/2023\/01\/notibras23.png\",\"contentUrl\":\"https:\/\/www.notibras.com\/site\/wp-content\/uploads\/2023\/01\/notibras23.png\",\"width\":350,\"height\":87,\"caption\":\"Grupo Notibras de Comunica\u00e7\u00e3o\"},\"image\":{\"@id\":\"https:\/\/www.notibras.com\/site\/#\/schema\/logo\/image\/\"},\"sameAs\":[\"https:\/\/www.facebook.com\/notibras\/\",\"https:\/\/x.com\/Notibras\",\"https:\/\/www.instagram.com\/notibras\/\"]},{\"@type\":\"Person\",\"@id\":\"https:\/\/www.notibras.com\/site\/#\/schema\/person\/36ab0979449956132d3e5b517ea76ac8\",\"name\":\"Reda\u00e7\u00e3o\",\"image\":{\"@type\":\"ImageObject\",\"inLanguage\":\"pt-BR\",\"@id\":\"https:\/\/secure.gravatar.com\/avatar\/e0a867bdedb85fd243eadf09663511f96fc81e0720a4a42581f334ad4303aa6b?s=96&d=mm&r=g\",\"url\":\"https:\/\/secure.gravatar.com\/avatar\/e0a867bdedb85fd243eadf09663511f96fc81e0720a4a42581f334ad4303aa6b?s=96&d=mm&r=g\",\"contentUrl\":\"https:\/\/secure.gravatar.com\/avatar\/e0a867bdedb85fd243eadf09663511f96fc81e0720a4a42581f334ad4303aa6b?s=96&d=mm&r=g\",\"caption\":\"Reda\u00e7\u00e3o\"}}]}<\/script>\n<!-- \/ Yoast SEO plugin. -->","yoast_head_json":{"title":"Minist\u00e9rio P\u00fablico denuncia 5 pela morte de Rubens Paiva - Notibras","robots":{"index":"index","follow":"follow","max-snippet":"max-snippet:-1","max-image-preview":"max-image-preview:large","max-video-preview":"max-video-preview:-1"},"canonical":"https:\/\/www.notibras.com\/site\/ministerio-publico-denuncia-cinco-pela-morte-de-rubens-paiva\/","og_locale":"pt_BR","og_type":"article","og_title":"Minist\u00e9rio P\u00fablico denuncia 5 pela morte de Rubens Paiva - Notibras","og_description":"O Minist\u00e9rio P\u00fablico Federal (MPF) no Rio de Janeiro denunciou nesta segunda 19 cinco militares reformados pelos crimes de homic\u00eddio e oculta\u00e7\u00e3o do cad\u00e1ver do ex-deputado Rubens Paiva. O crime foi cometido entre os dias 21 e 22 de janeiro de 1971, nas depend\u00eancias do Destacamento de Opera\u00e7\u00f5es de Informa\u00e7\u00f5es (DOI) do 1\u00b0 Ex\u00e9rcito, no [&hellip;]","og_url":"https:\/\/www.notibras.com\/site\/ministerio-publico-denuncia-cinco-pela-morte-de-rubens-paiva\/","og_site_name":"Notibras","article_publisher":"https:\/\/www.facebook.com\/notibras\/","article_published_time":"2014-05-19T15:42:26+00:00","article_modified_time":"2014-05-19T19:48:32+00:00","og_image":[{"width":720,"height":460,"url":"https:\/\/www.notibras.com\/site\/wp-content\/uploads\/2014\/05\/DeprPaiva1.jpg","type":"image\/jpeg"}],"author":"Reda\u00e7\u00e3o","twitter_card":"summary_large_image","twitter_creator":"@Notibras","twitter_site":"@Notibras","twitter_misc":{"Escrito por":"Reda\u00e7\u00e3o","Est. tempo de leitura":"2 minutos"},"schema":{"@context":"https:\/\/schema.org","@graph":[{"@type":"Article","@id":"https:\/\/www.notibras.com\/site\/ministerio-publico-denuncia-cinco-pela-morte-de-rubens-paiva\/#article","isPartOf":{"@id":"https:\/\/www.notibras.com\/site\/ministerio-publico-denuncia-cinco-pela-morte-de-rubens-paiva\/"},"author":{"name":"Reda\u00e7\u00e3o","@id":"https:\/\/www.notibras.com\/site\/#\/schema\/person\/36ab0979449956132d3e5b517ea76ac8"},"headline":"Minist\u00e9rio P\u00fablico denuncia 5 pela morte de Rubens Paiva","datePublished":"2014-05-19T15:42:26+00:00","dateModified":"2014-05-19T19:48:32+00:00","mainEntityOfPage":{"@id":"https:\/\/www.notibras.com\/site\/ministerio-publico-denuncia-cinco-pela-morte-de-rubens-paiva\/"},"wordCount":354,"commentCount":0,"publisher":{"@id":"https:\/\/www.notibras.com\/site\/#organization"},"image":{"@id":"https:\/\/www.notibras.com\/site\/ministerio-publico-denuncia-cinco-pela-morte-de-rubens-paiva\/#primaryimage"},"thumbnailUrl":"https:\/\/www.notibras.com\/site\/wp-content\/uploads\/2014\/05\/DeprPaiva1.jpg","articleSection":["Brasil"],"inLanguage":"pt-BR","potentialAction":[{"@type":"CommentAction","name":"Comment","target":["https:\/\/www.notibras.com\/site\/ministerio-publico-denuncia-cinco-pela-morte-de-rubens-paiva\/#respond"]}]},{"@type":"WebPage","@id":"https:\/\/www.notibras.com\/site\/ministerio-publico-denuncia-cinco-pela-morte-de-rubens-paiva\/","url":"https:\/\/www.notibras.com\/site\/ministerio-publico-denuncia-cinco-pela-morte-de-rubens-paiva\/","name":"Minist\u00e9rio P\u00fablico denuncia 5 pela morte de Rubens Paiva - Notibras","isPartOf":{"@id":"https:\/\/www.notibras.com\/site\/#website"},"primaryImageOfPage":{"@id":"https:\/\/www.notibras.com\/site\/ministerio-publico-denuncia-cinco-pela-morte-de-rubens-paiva\/#primaryimage"},"image":{"@id":"https:\/\/www.notibras.com\/site\/ministerio-publico-denuncia-cinco-pela-morte-de-rubens-paiva\/#primaryimage"},"thumbnailUrl":"https:\/\/www.notibras.com\/site\/wp-content\/uploads\/2014\/05\/DeprPaiva1.jpg","datePublished":"2014-05-19T15:42:26+00:00","dateModified":"2014-05-19T19:48:32+00:00","breadcrumb":{"@id":"https:\/\/www.notibras.com\/site\/ministerio-publico-denuncia-cinco-pela-morte-de-rubens-paiva\/#breadcrumb"},"inLanguage":"pt-BR","potentialAction":[{"@type":"ReadAction","target":["https:\/\/www.notibras.com\/site\/ministerio-publico-denuncia-cinco-pela-morte-de-rubens-paiva\/"]}]},{"@type":"ImageObject","inLanguage":"pt-BR","@id":"https:\/\/www.notibras.com\/site\/ministerio-publico-denuncia-cinco-pela-morte-de-rubens-paiva\/#primaryimage","url":"https:\/\/www.notibras.com\/site\/wp-content\/uploads\/2014\/05\/DeprPaiva1.jpg","contentUrl":"https:\/\/www.notibras.com\/site\/wp-content\/uploads\/2014\/05\/DeprPaiva1.jpg","width":720,"height":460},{"@type":"BreadcrumbList","@id":"https:\/\/www.notibras.com\/site\/ministerio-publico-denuncia-cinco-pela-morte-de-rubens-paiva\/#breadcrumb","itemListElement":[{"@type":"ListItem","position":1,"name":"In\u00edcio","item":"https:\/\/www.notibras.com\/site\/"},{"@type":"ListItem","position":2,"name":"Minist\u00e9rio P\u00fablico denuncia 5 pela morte de Rubens Paiva"}]},{"@type":"WebSite","@id":"https:\/\/www.notibras.com\/site\/#website","url":"https:\/\/www.notibras.com\/site\/","name":"Notibras","description":"Not\u00edcias de Bras\u00edlia, do Brasil e do Mundo","publisher":{"@id":"https:\/\/www.notibras.com\/site\/#organization"},"potentialAction":[{"@type":"SearchAction","target":{"@type":"EntryPoint","urlTemplate":"https:\/\/www.notibras.com\/site\/?s={search_term_string}"},"query-input":{"@type":"PropertyValueSpecification","valueRequired":true,"valueName":"search_term_string"}}],"inLanguage":"pt-BR"},{"@type":"Organization","@id":"https:\/\/www.notibras.com\/site\/#organization","name":"Grupo Notibras de Comunica\u00e7\u00e3o","url":"https:\/\/www.notibras.com\/site\/","logo":{"@type":"ImageObject","inLanguage":"pt-BR","@id":"https:\/\/www.notibras.com\/site\/#\/schema\/logo\/image\/","url":"https:\/\/www.notibras.com\/site\/wp-content\/uploads\/2023\/01\/notibras23.png","contentUrl":"https:\/\/www.notibras.com\/site\/wp-content\/uploads\/2023\/01\/notibras23.png","width":350,"height":87,"caption":"Grupo Notibras de Comunica\u00e7\u00e3o"},"image":{"@id":"https:\/\/www.notibras.com\/site\/#\/schema\/logo\/image\/"},"sameAs":["https:\/\/www.facebook.com\/notibras\/","https:\/\/x.com\/Notibras","https:\/\/www.instagram.com\/notibras\/"]},{"@type":"Person","@id":"https:\/\/www.notibras.com\/site\/#\/schema\/person\/36ab0979449956132d3e5b517ea76ac8","name":"Reda\u00e7\u00e3o","image":{"@type":"ImageObject","inLanguage":"pt-BR","@id":"https:\/\/secure.gravatar.com\/avatar\/e0a867bdedb85fd243eadf09663511f96fc81e0720a4a42581f334ad4303aa6b?s=96&d=mm&r=g","url":"https:\/\/secure.gravatar.com\/avatar\/e0a867bdedb85fd243eadf09663511f96fc81e0720a4a42581f334ad4303aa6b?s=96&d=mm&r=g","contentUrl":"https:\/\/secure.gravatar.com\/avatar\/e0a867bdedb85fd243eadf09663511f96fc81e0720a4a42581f334ad4303aa6b?s=96&d=mm&r=g","caption":"Reda\u00e7\u00e3o"}}]}},"amp_enabled":true,"_links":{"self":[{"href":"https:\/\/www.notibras.com\/site\/wp-json\/wp\/v2\/posts\/10073","targetHints":{"allow":["GET"]}}],"collection":[{"href":"https:\/\/www.notibras.com\/site\/wp-json\/wp\/v2\/posts"}],"about":[{"href":"https:\/\/www.notibras.com\/site\/wp-json\/wp\/v2\/types\/post"}],"author":[{"embeddable":true,"href":"https:\/\/www.notibras.com\/site\/wp-json\/wp\/v2\/users\/2"}],"replies":[{"embeddable":true,"href":"https:\/\/www.notibras.com\/site\/wp-json\/wp\/v2\/comments?post=10073"}],"version-history":[{"count":0,"href":"https:\/\/www.notibras.com\/site\/wp-json\/wp\/v2\/posts\/10073\/revisions"}],"wp:featuredmedia":[{"embeddable":true,"href":"https:\/\/www.notibras.com\/site\/wp-json\/wp\/v2\/media\/10074"}],"wp:attachment":[{"href":"https:\/\/www.notibras.com\/site\/wp-json\/wp\/v2\/media?parent=10073"}],"wp:term":[{"taxonomy":"category","embeddable":true,"href":"https:\/\/www.notibras.com\/site\/wp-json\/wp\/v2\/categories?post=10073"},{"taxonomy":"post_tag","embeddable":true,"href":"https:\/\/www.notibras.com\/site\/wp-json\/wp\/v2\/tags?post=10073"}],"curies":[{"name":"wp","href":"https:\/\/api.w.org\/{rel}","templated":true}]}}