{"id":10121,"date":"2014-05-19T19:42:53","date_gmt":"2014-05-19T22:42:53","guid":{"rendered":"http:\/\/www.notibras.com\/site\/?p=10121"},"modified":"2014-05-19T19:43:54","modified_gmt":"2014-05-19T22:43:54","slug":"deputados-criam-cabos-eleitorais-com-dinheiro-do-nosso-bolso","status":"publish","type":"post","link":"https:\/\/www.notibras.com\/site\/deputados-criam-cabos-eleitorais-com-dinheiro-do-nosso-bolso\/","title":{"rendered":"Deputados criam cabos eleitorais com dinheiro do nosso bolso"},"content":{"rendered":"<p>At\u00e9 o fim de abril, 1 mil 300 servidores foram demitidos pelos deputados dos seus gabinetes em Bras\u00edlia. Essas vagas foram preenchidas por pessoas que moram nas bases eleitorais do parlamentar.<\/p>\n<p>Eles ser\u00e3o cabos eleitorais, j\u00e1 que, por trabalharem fora do Distrito Federal, n\u00e3o precisam de frequ\u00eancia, pontualidade e produtividade, que s\u00e3o exigidos para os que trabalham em Bras\u00edlia.<\/p>\n<p>\u00c9 o uso deslavado pelos deputados\u00a0 da maquina p\u00fablica para a campanha eleitoral. Cada um dos 513 deputados tem o direito de empregar at\u00e9 25 secret\u00e1rios parlamentares com sal\u00e1rios que v\u00e3o de R$ 780 a R$ 9 mil.<\/p>\n<p>O n\u00famero de secret\u00e1rios varia de acordo com o sal\u00e1rio determinado pelo deputado, que tem a cota de R$ 78 mil para a nomea\u00e7\u00e3o, a seu bel prazer, de comissionados.<\/p>\n<p>Existem ainda den\u00fancias de que alguns deputados contratam, no interior, funcion\u00e1rios dividindo com eles o sal\u00e1rio.<\/p>\n<p>\u00c9 mais um refor\u00e7o para a campanha eleitoral.<\/p>\n<p><strong>Cl\u00e1udio Coletti<\/strong><\/p>\n","protected":false},"excerpt":{"rendered":"<p>At\u00e9 o fim de abril, 1 mil 300 servidores foram demitidos pelos deputados dos seus gabinetes em Bras\u00edlia. Essas vagas foram preenchidas por pessoas que moram nas bases eleitorais do parlamentar. Eles ser\u00e3o cabos eleitorais, j\u00e1 que, por trabalharem fora do Distrito Federal, n\u00e3o precisam de frequ\u00eancia, pontualidade e produtividade, que s\u00e3o exigidos para os [&hellip;]<\/p>\n","protected":false},"author":2,"featured_media":10124,"comment_status":"open","ping_status":"closed","sticky":false,"template":"","format":"standard","meta":{"_acf_changed":false,"footnotes":""},"categories":[25],"tags":[],"class_list":["post-10121","post","type-post","status-publish","format-standard","has-post-thumbnail","hentry","category-opina-ai"],"acf":[],"yoast_head":"<!-- This site is optimized with the Yoast SEO plugin v27.5 - https:\/\/yoast.com\/product\/yoast-seo-wordpress\/ -->\n<title>Deputados criam cabos eleitorais com dinheiro do nosso bolso - Notibras<\/title>\n<meta name=\"robots\" content=\"index, follow, max-snippet:-1, max-image-preview:large, max-video-preview:-1\" \/>\n<link rel=\"canonical\" href=\"https:\/\/www.notibras.com\/site\/deputados-criam-cabos-eleitorais-com-dinheiro-do-nosso-bolso\/\" \/>\n<meta property=\"og:locale\" content=\"pt_BR\" \/>\n<meta property=\"og:type\" content=\"article\" \/>\n<meta property=\"og:title\" content=\"Deputados criam cabos eleitorais com dinheiro do nosso bolso - Notibras\" \/>\n<meta property=\"og:description\" content=\"At\u00e9 o fim de abril, 1 mil 300 servidores foram demitidos pelos deputados dos seus gabinetes em Bras\u00edlia. Essas vagas foram preenchidas por pessoas que moram nas bases eleitorais do parlamentar. Eles ser\u00e3o cabos eleitorais, j\u00e1 que, por trabalharem fora do Distrito Federal, n\u00e3o precisam de frequ\u00eancia, pontualidade e produtividade, que s\u00e3o exigidos para os [&hellip;]\" \/>\n<meta property=\"og:url\" content=\"https:\/\/www.notibras.com\/site\/deputados-criam-cabos-eleitorais-com-dinheiro-do-nosso-bolso\/\" \/>\n<meta property=\"og:site_name\" content=\"Notibras\" \/>\n<meta property=\"article:publisher\" content=\"https:\/\/www.facebook.com\/notibras\/\" \/>\n<meta property=\"article:published_time\" content=\"2014-05-19T22:42:53+00:00\" \/>\n<meta property=\"article:modified_time\" content=\"2014-05-19T22:43:54+00:00\" \/>\n<meta property=\"og:image\" content=\"https:\/\/www.notibras.com\/site\/wp-content\/uploads\/2014\/05\/cabo.jpg\" \/>\n\t<meta property=\"og:image:width\" content=\"560\" \/>\n\t<meta property=\"og:image:height\" content=\"420\" \/>\n\t<meta property=\"og:image:type\" content=\"image\/jpeg\" \/>\n<meta name=\"author\" content=\"Reda\u00e7\u00e3o\" \/>\n<meta name=\"twitter:card\" content=\"summary_large_image\" \/>\n<meta name=\"twitter:creator\" content=\"@Notibras\" \/>\n<meta name=\"twitter:site\" content=\"@Notibras\" \/>\n<meta name=\"twitter:label1\" content=\"Escrito por\" \/>\n\t<meta name=\"twitter:data1\" content=\"Reda\u00e7\u00e3o\" \/>\n\t<meta name=\"twitter:label2\" content=\"Est. tempo de leitura\" \/>\n\t<meta name=\"twitter:data2\" content=\"1 minuto\" \/>\n<script type=\"application\/ld+json\" class=\"yoast-schema-graph\">{\"@context\":\"https:\\\/\\\/schema.org\",\"@graph\":[{\"@type\":\"Article\",\"@id\":\"https:\\\/\\\/www.notibras.com\\\/site\\\/deputados-criam-cabos-eleitorais-com-dinheiro-do-nosso-bolso\\\/#article\",\"isPartOf\":{\"@id\":\"https:\\\/\\\/www.notibras.com\\\/site\\\/deputados-criam-cabos-eleitorais-com-dinheiro-do-nosso-bolso\\\/\"},\"author\":{\"name\":\"Reda\u00e7\u00e3o\",\"@id\":\"https:\\\/\\\/www.notibras.com\\\/site\\\/#\\\/schema\\\/person\\\/36ab0979449956132d3e5b517ea76ac8\"},\"headline\":\"Deputados criam cabos eleitorais com dinheiro do nosso bolso\",\"datePublished\":\"2014-05-19T22:42:53+00:00\",\"dateModified\":\"2014-05-19T22:43:54+00:00\",\"mainEntityOfPage\":{\"@id\":\"https:\\\/\\\/www.notibras.com\\\/site\\\/deputados-criam-cabos-eleitorais-com-dinheiro-do-nosso-bolso\\\/\"},\"wordCount\":172,\"commentCount\":0,\"publisher\":{\"@id\":\"https:\\\/\\\/www.notibras.com\\\/site\\\/#organization\"},\"image\":{\"@id\":\"https:\\\/\\\/www.notibras.com\\\/site\\\/deputados-criam-cabos-eleitorais-com-dinheiro-do-nosso-bolso\\\/#primaryimage\"},\"thumbnailUrl\":\"https:\\\/\\\/www.notibras.com\\\/site\\\/wp-content\\\/uploads\\\/2014\\\/05\\\/cabo.jpg\",\"articleSection\":[\"Opina a\u00ed\"],\"inLanguage\":\"pt-BR\",\"potentialAction\":[{\"@type\":\"CommentAction\",\"name\":\"Comment\",\"target\":[\"https:\\\/\\\/www.notibras.com\\\/site\\\/deputados-criam-cabos-eleitorais-com-dinheiro-do-nosso-bolso\\\/#respond\"]}]},{\"@type\":\"WebPage\",\"@id\":\"https:\\\/\\\/www.notibras.com\\\/site\\\/deputados-criam-cabos-eleitorais-com-dinheiro-do-nosso-bolso\\\/\",\"url\":\"https:\\\/\\\/www.notibras.com\\\/site\\\/deputados-criam-cabos-eleitorais-com-dinheiro-do-nosso-bolso\\\/\",\"name\":\"Deputados criam cabos eleitorais com dinheiro do nosso bolso - Notibras\",\"isPartOf\":{\"@id\":\"https:\\\/\\\/www.notibras.com\\\/site\\\/#website\"},\"primaryImageOfPage\":{\"@id\":\"https:\\\/\\\/www.notibras.com\\\/site\\\/deputados-criam-cabos-eleitorais-com-dinheiro-do-nosso-bolso\\\/#primaryimage\"},\"image\":{\"@id\":\"https:\\\/\\\/www.notibras.com\\\/site\\\/deputados-criam-cabos-eleitorais-com-dinheiro-do-nosso-bolso\\\/#primaryimage\"},\"thumbnailUrl\":\"https:\\\/\\\/www.notibras.com\\\/site\\\/wp-content\\\/uploads\\\/2014\\\/05\\\/cabo.jpg\",\"datePublished\":\"2014-05-19T22:42:53+00:00\",\"dateModified\":\"2014-05-19T22:43:54+00:00\",\"breadcrumb\":{\"@id\":\"https:\\\/\\\/www.notibras.com\\\/site\\\/deputados-criam-cabos-eleitorais-com-dinheiro-do-nosso-bolso\\\/#breadcrumb\"},\"inLanguage\":\"pt-BR\",\"potentialAction\":[{\"@type\":\"ReadAction\",\"target\":[\"https:\\\/\\\/www.notibras.com\\\/site\\\/deputados-criam-cabos-eleitorais-com-dinheiro-do-nosso-bolso\\\/\"]}]},{\"@type\":\"ImageObject\",\"inLanguage\":\"pt-BR\",\"@id\":\"https:\\\/\\\/www.notibras.com\\\/site\\\/deputados-criam-cabos-eleitorais-com-dinheiro-do-nosso-bolso\\\/#primaryimage\",\"url\":\"https:\\\/\\\/www.notibras.com\\\/site\\\/wp-content\\\/uploads\\\/2014\\\/05\\\/cabo.jpg\",\"contentUrl\":\"https:\\\/\\\/www.notibras.com\\\/site\\\/wp-content\\\/uploads\\\/2014\\\/05\\\/cabo.jpg\",\"width\":560,\"height\":420},{\"@type\":\"BreadcrumbList\",\"@id\":\"https:\\\/\\\/www.notibras.com\\\/site\\\/deputados-criam-cabos-eleitorais-com-dinheiro-do-nosso-bolso\\\/#breadcrumb\",\"itemListElement\":[{\"@type\":\"ListItem\",\"position\":1,\"name\":\"In\u00edcio\",\"item\":\"https:\\\/\\\/www.notibras.com\\\/site\\\/\"},{\"@type\":\"ListItem\",\"position\":2,\"name\":\"Deputados criam cabos eleitorais com dinheiro do nosso bolso\"}]},{\"@type\":\"WebSite\",\"@id\":\"https:\\\/\\\/www.notibras.com\\\/site\\\/#website\",\"url\":\"https:\\\/\\\/www.notibras.com\\\/site\\\/\",\"name\":\"Notibras\",\"description\":\"Not\u00edcias de Bras\u00edlia, do Brasil e do Mundo\",\"publisher\":{\"@id\":\"https:\\\/\\\/www.notibras.com\\\/site\\\/#organization\"},\"potentialAction\":[{\"@type\":\"SearchAction\",\"target\":{\"@type\":\"EntryPoint\",\"urlTemplate\":\"https:\\\/\\\/www.notibras.com\\\/site\\\/?s={search_term_string}\"},\"query-input\":{\"@type\":\"PropertyValueSpecification\",\"valueRequired\":true,\"valueName\":\"search_term_string\"}}],\"inLanguage\":\"pt-BR\"},{\"@type\":\"Organization\",\"@id\":\"https:\\\/\\\/www.notibras.com\\\/site\\\/#organization\",\"name\":\"Grupo Notibras de Comunica\u00e7\u00e3o\",\"url\":\"https:\\\/\\\/www.notibras.com\\\/site\\\/\",\"logo\":{\"@type\":\"ImageObject\",\"inLanguage\":\"pt-BR\",\"@id\":\"https:\\\/\\\/www.notibras.com\\\/site\\\/#\\\/schema\\\/logo\\\/image\\\/\",\"url\":\"https:\\\/\\\/www.notibras.com\\\/site\\\/wp-content\\\/uploads\\\/2023\\\/01\\\/notibras23.png\",\"contentUrl\":\"https:\\\/\\\/www.notibras.com\\\/site\\\/wp-content\\\/uploads\\\/2023\\\/01\\\/notibras23.png\",\"width\":350,\"height\":87,\"caption\":\"Grupo Notibras de Comunica\u00e7\u00e3o\"},\"image\":{\"@id\":\"https:\\\/\\\/www.notibras.com\\\/site\\\/#\\\/schema\\\/logo\\\/image\\\/\"},\"sameAs\":[\"https:\\\/\\\/www.facebook.com\\\/notibras\\\/\",\"https:\\\/\\\/x.com\\\/Notibras\",\"https:\\\/\\\/www.instagram.com\\\/notibras\\\/\"]},{\"@type\":\"Person\",\"@id\":\"https:\\\/\\\/www.notibras.com\\\/site\\\/#\\\/schema\\\/person\\\/36ab0979449956132d3e5b517ea76ac8\",\"name\":\"Reda\u00e7\u00e3o\",\"image\":{\"@type\":\"ImageObject\",\"inLanguage\":\"pt-BR\",\"@id\":\"https:\\\/\\\/secure.gravatar.com\\\/avatar\\\/e0a867bdedb85fd243eadf09663511f96fc81e0720a4a42581f334ad4303aa6b?s=96&d=mm&r=g\",\"url\":\"https:\\\/\\\/secure.gravatar.com\\\/avatar\\\/e0a867bdedb85fd243eadf09663511f96fc81e0720a4a42581f334ad4303aa6b?s=96&d=mm&r=g\",\"contentUrl\":\"https:\\\/\\\/secure.gravatar.com\\\/avatar\\\/e0a867bdedb85fd243eadf09663511f96fc81e0720a4a42581f334ad4303aa6b?s=96&d=mm&r=g\",\"caption\":\"Reda\u00e7\u00e3o\"}}]}<\/script>\n<!-- \/ Yoast SEO plugin. -->","yoast_head_json":{"title":"Deputados criam cabos eleitorais com dinheiro do nosso bolso - Notibras","robots":{"index":"index","follow":"follow","max-snippet":"max-snippet:-1","max-image-preview":"max-image-preview:large","max-video-preview":"max-video-preview:-1"},"canonical":"https:\/\/www.notibras.com\/site\/deputados-criam-cabos-eleitorais-com-dinheiro-do-nosso-bolso\/","og_locale":"pt_BR","og_type":"article","og_title":"Deputados criam cabos eleitorais com dinheiro do nosso bolso - Notibras","og_description":"At\u00e9 o fim de abril, 1 mil 300 servidores foram demitidos pelos deputados dos seus gabinetes em Bras\u00edlia. Essas vagas foram preenchidas por pessoas que moram nas bases eleitorais do parlamentar. Eles ser\u00e3o cabos eleitorais, j\u00e1 que, por trabalharem fora do Distrito Federal, n\u00e3o precisam de frequ\u00eancia, pontualidade e produtividade, que s\u00e3o exigidos para os [&hellip;]","og_url":"https:\/\/www.notibras.com\/site\/deputados-criam-cabos-eleitorais-com-dinheiro-do-nosso-bolso\/","og_site_name":"Notibras","article_publisher":"https:\/\/www.facebook.com\/notibras\/","article_published_time":"2014-05-19T22:42:53+00:00","article_modified_time":"2014-05-19T22:43:54+00:00","og_image":[{"width":560,"height":420,"url":"https:\/\/www.notibras.com\/site\/wp-content\/uploads\/2014\/05\/cabo.jpg","type":"image\/jpeg"}],"author":"Reda\u00e7\u00e3o","twitter_card":"summary_large_image","twitter_creator":"@Notibras","twitter_site":"@Notibras","twitter_misc":{"Escrito por":"Reda\u00e7\u00e3o","Est. tempo de leitura":"1 minuto"},"schema":{"@context":"https:\/\/schema.org","@graph":[{"@type":"Article","@id":"https:\/\/www.notibras.com\/site\/deputados-criam-cabos-eleitorais-com-dinheiro-do-nosso-bolso\/#article","isPartOf":{"@id":"https:\/\/www.notibras.com\/site\/deputados-criam-cabos-eleitorais-com-dinheiro-do-nosso-bolso\/"},"author":{"name":"Reda\u00e7\u00e3o","@id":"https:\/\/www.notibras.com\/site\/#\/schema\/person\/36ab0979449956132d3e5b517ea76ac8"},"headline":"Deputados criam cabos eleitorais com dinheiro do nosso bolso","datePublished":"2014-05-19T22:42:53+00:00","dateModified":"2014-05-19T22:43:54+00:00","mainEntityOfPage":{"@id":"https:\/\/www.notibras.com\/site\/deputados-criam-cabos-eleitorais-com-dinheiro-do-nosso-bolso\/"},"wordCount":172,"commentCount":0,"publisher":{"@id":"https:\/\/www.notibras.com\/site\/#organization"},"image":{"@id":"https:\/\/www.notibras.com\/site\/deputados-criam-cabos-eleitorais-com-dinheiro-do-nosso-bolso\/#primaryimage"},"thumbnailUrl":"https:\/\/www.notibras.com\/site\/wp-content\/uploads\/2014\/05\/cabo.jpg","articleSection":["Opina a\u00ed"],"inLanguage":"pt-BR","potentialAction":[{"@type":"CommentAction","name":"Comment","target":["https:\/\/www.notibras.com\/site\/deputados-criam-cabos-eleitorais-com-dinheiro-do-nosso-bolso\/#respond"]}]},{"@type":"WebPage","@id":"https:\/\/www.notibras.com\/site\/deputados-criam-cabos-eleitorais-com-dinheiro-do-nosso-bolso\/","url":"https:\/\/www.notibras.com\/site\/deputados-criam-cabos-eleitorais-com-dinheiro-do-nosso-bolso\/","name":"Deputados criam cabos eleitorais com dinheiro do nosso bolso - Notibras","isPartOf":{"@id":"https:\/\/www.notibras.com\/site\/#website"},"primaryImageOfPage":{"@id":"https:\/\/www.notibras.com\/site\/deputados-criam-cabos-eleitorais-com-dinheiro-do-nosso-bolso\/#primaryimage"},"image":{"@id":"https:\/\/www.notibras.com\/site\/deputados-criam-cabos-eleitorais-com-dinheiro-do-nosso-bolso\/#primaryimage"},"thumbnailUrl":"https:\/\/www.notibras.com\/site\/wp-content\/uploads\/2014\/05\/cabo.jpg","datePublished":"2014-05-19T22:42:53+00:00","dateModified":"2014-05-19T22:43:54+00:00","breadcrumb":{"@id":"https:\/\/www.notibras.com\/site\/deputados-criam-cabos-eleitorais-com-dinheiro-do-nosso-bolso\/#breadcrumb"},"inLanguage":"pt-BR","potentialAction":[{"@type":"ReadAction","target":["https:\/\/www.notibras.com\/site\/deputados-criam-cabos-eleitorais-com-dinheiro-do-nosso-bolso\/"]}]},{"@type":"ImageObject","inLanguage":"pt-BR","@id":"https:\/\/www.notibras.com\/site\/deputados-criam-cabos-eleitorais-com-dinheiro-do-nosso-bolso\/#primaryimage","url":"https:\/\/www.notibras.com\/site\/wp-content\/uploads\/2014\/05\/cabo.jpg","contentUrl":"https:\/\/www.notibras.com\/site\/wp-content\/uploads\/2014\/05\/cabo.jpg","width":560,"height":420},{"@type":"BreadcrumbList","@id":"https:\/\/www.notibras.com\/site\/deputados-criam-cabos-eleitorais-com-dinheiro-do-nosso-bolso\/#breadcrumb","itemListElement":[{"@type":"ListItem","position":1,"name":"In\u00edcio","item":"https:\/\/www.notibras.com\/site\/"},{"@type":"ListItem","position":2,"name":"Deputados criam cabos eleitorais com dinheiro do nosso bolso"}]},{"@type":"WebSite","@id":"https:\/\/www.notibras.com\/site\/#website","url":"https:\/\/www.notibras.com\/site\/","name":"Notibras","description":"Not\u00edcias de Bras\u00edlia, do Brasil e do Mundo","publisher":{"@id":"https:\/\/www.notibras.com\/site\/#organization"},"potentialAction":[{"@type":"SearchAction","target":{"@type":"EntryPoint","urlTemplate":"https:\/\/www.notibras.com\/site\/?s={search_term_string}"},"query-input":{"@type":"PropertyValueSpecification","valueRequired":true,"valueName":"search_term_string"}}],"inLanguage":"pt-BR"},{"@type":"Organization","@id":"https:\/\/www.notibras.com\/site\/#organization","name":"Grupo Notibras de Comunica\u00e7\u00e3o","url":"https:\/\/www.notibras.com\/site\/","logo":{"@type":"ImageObject","inLanguage":"pt-BR","@id":"https:\/\/www.notibras.com\/site\/#\/schema\/logo\/image\/","url":"https:\/\/www.notibras.com\/site\/wp-content\/uploads\/2023\/01\/notibras23.png","contentUrl":"https:\/\/www.notibras.com\/site\/wp-content\/uploads\/2023\/01\/notibras23.png","width":350,"height":87,"caption":"Grupo Notibras de Comunica\u00e7\u00e3o"},"image":{"@id":"https:\/\/www.notibras.com\/site\/#\/schema\/logo\/image\/"},"sameAs":["https:\/\/www.facebook.com\/notibras\/","https:\/\/x.com\/Notibras","https:\/\/www.instagram.com\/notibras\/"]},{"@type":"Person","@id":"https:\/\/www.notibras.com\/site\/#\/schema\/person\/36ab0979449956132d3e5b517ea76ac8","name":"Reda\u00e7\u00e3o","image":{"@type":"ImageObject","inLanguage":"pt-BR","@id":"https:\/\/secure.gravatar.com\/avatar\/e0a867bdedb85fd243eadf09663511f96fc81e0720a4a42581f334ad4303aa6b?s=96&d=mm&r=g","url":"https:\/\/secure.gravatar.com\/avatar\/e0a867bdedb85fd243eadf09663511f96fc81e0720a4a42581f334ad4303aa6b?s=96&d=mm&r=g","contentUrl":"https:\/\/secure.gravatar.com\/avatar\/e0a867bdedb85fd243eadf09663511f96fc81e0720a4a42581f334ad4303aa6b?s=96&d=mm&r=g","caption":"Reda\u00e7\u00e3o"}}]}},"amp_enabled":true,"_links":{"self":[{"href":"https:\/\/www.notibras.com\/site\/wp-json\/wp\/v2\/posts\/10121","targetHints":{"allow":["GET"]}}],"collection":[{"href":"https:\/\/www.notibras.com\/site\/wp-json\/wp\/v2\/posts"}],"about":[{"href":"https:\/\/www.notibras.com\/site\/wp-json\/wp\/v2\/types\/post"}],"author":[{"embeddable":true,"href":"https:\/\/www.notibras.com\/site\/wp-json\/wp\/v2\/users\/2"}],"replies":[{"embeddable":true,"href":"https:\/\/www.notibras.com\/site\/wp-json\/wp\/v2\/comments?post=10121"}],"version-history":[{"count":0,"href":"https:\/\/www.notibras.com\/site\/wp-json\/wp\/v2\/posts\/10121\/revisions"}],"wp:featuredmedia":[{"embeddable":true,"href":"https:\/\/www.notibras.com\/site\/wp-json\/wp\/v2\/media\/10124"}],"wp:attachment":[{"href":"https:\/\/www.notibras.com\/site\/wp-json\/wp\/v2\/media?parent=10121"}],"wp:term":[{"taxonomy":"category","embeddable":true,"href":"https:\/\/www.notibras.com\/site\/wp-json\/wp\/v2\/categories?post=10121"},{"taxonomy":"post_tag","embeddable":true,"href":"https:\/\/www.notibras.com\/site\/wp-json\/wp\/v2\/tags?post=10121"}],"curies":[{"name":"wp","href":"https:\/\/api.w.org\/{rel}","templated":true}]}}