{"id":10138,"date":"2014-05-20T06:12:20","date_gmt":"2014-05-20T09:12:20","guid":{"rendered":"http:\/\/www.notibras.com\/site\/?p=10138"},"modified":"2014-05-20T10:31:08","modified_gmt":"2014-05-20T13:31:08","slug":"pesquisador-retoma-busca-por-presenca-de-discos-voadores-na-amazonia","status":"publish","type":"post","link":"https:\/\/www.notibras.com\/site\/pesquisador-retoma-busca-por-presenca-de-discos-voadores-na-amazonia\/","title":{"rendered":"Pesquisador retoma buscas de discos voadores no Par\u00e1"},"content":{"rendered":"<p>A reabertura da casa de um americano que morou na Ilha do\u00a0Mosqueiro, na Ba\u00eda do Sol, no Par\u00e1, estimulou uma nova investiga\u00e7\u00e3o por parte do pesquisador Vitorio Peret, que esteve envolvido com a Opera\u00e7\u00e3o Prato, a mais conhecida incurs\u00e3o do Ex\u00e9rcito brasileiro para apurar fatos relacionados com extraterrestres e objetos voadores n\u00e3o identificados, na d\u00e9cada de 1970.<\/p>\n<p>Ele vai fazer a investiga\u00e7\u00e3o ao lado de Armando Monteiro, companheiro de pesquisas na \u00e1rea de ufologia. Foi na Ba\u00eda do Sol que os militares da Opera\u00e7\u00e3o Prato conseguiram coletar pelo menos 80% de seu material, incluindo imagens dos objetos.<\/p>\n<p class=\"text\">Peret revelou, durante sua participa\u00e7\u00e3o do II F\u00f3rum Mundial de Contatados, que foi realizado em Curitiba neste fim de semana, que h\u00e1 cerca de tr\u00eas meses come\u00e7ou a investigar o que este americano fazia na ilha no per\u00edodo. A presen\u00e7a dele pode ser a prova de que os Estados Unidos estavam monitorando a situa\u00e7\u00e3o e se envolveram com a apura\u00e7\u00e3o dos fatos, mesmo que de maneira n\u00e3o oficial.<\/p>\n<p class=\"text\">O americano chegou \u00e0 ilha em 1975, quando j\u00e1 havia relatos dos fen\u00f4menos que atingiam as regi\u00f5es Norte e Nordeste do Brasil, com voos rasantes de discos voadores e pessoas que foram atingidas por feixes de luz, inclusive que causaram queimaduras. Este americano seria um piloto comercial que entrou para a Nasa e que de repente apareceu na Ilha do\u00a0Mosqueiro em meio \u00e0s evid\u00eancias de atividades extraterrestres na \u00e1rea.<\/p>\n<p class=\"text\">A casa onde o americano morava tinha uma vista privilegiada para a ba\u00eda e ficou fechada nos \u00faltimos 20 anos. Recentemente, foi reaberta e no local foram encontradas imagens de espa\u00e7o e foguetes, com muitas assinaturas de americanos, o que pode indicar que o oficial da Nasa recebia visitas. Outro fato curioso foi o fato das paredes de um dos c\u00f4modos da casa estaremos repletas de f\u00f3rmulas, que foram deixadas ali de maneira bastante padronizada. O homem morreu na ilha, em 1982. &#8220;Sempre houve a d\u00favida da presen\u00e7a e da interfer\u00eancia americana na Opera\u00e7\u00e3o Prato. Durante a opera\u00e7\u00e3o em si, foi me dito que nas miss\u00f5es de vig\u00edlia eles (americanos) nunca participaram. Mas havia alguma coisa camuflada&#8221;, afirmou Peret.<\/p>\n<p class=\"text\">Na opini\u00e3o do pesquisador, o material da Opera\u00e7\u00e3o Prato provavelmente nunca seja divulgado. Parte dele foi destru\u00edda e ele acredita que muitas imagens e relat\u00f3rios n\u00e3o estejam mais em poder da Aeron\u00e1utica. H\u00e1 uma grande desconfian\u00e7a de que tudo foi encaminhado aos Estados Unidos.<\/p>\n<p class=\"text\">Em sua palestra durante o f\u00f3rum, Peret contou sobre as imagens e v\u00eddeos que teve acesso em reuni\u00f5es com militares envolvidos na Opera\u00e7\u00e3o Prato, al\u00e9m dos fen\u00f4menos que presenciou.<\/p>\n<p class=\"text\">&#8220;Os vizinhos dele na ilha relatavam que ele tinha equipamentos muito modernos para a \u00e9poca e em rela\u00e7\u00e3o ao que havia na regi\u00e3o, como uma estrutura para radiocomunica\u00e7\u00e3o que n\u00e3o existia nem em Bel\u00e9m, e at\u00e9 um notebook, algo impens\u00e1vel para a \u00e9poca. A lancha dele era a mais r\u00e1pida da regi\u00e3o e ele nunca comprou nada na ilha. Nem um p\u00e3o. Duas vezes por semana, ele sa\u00eda de lancha e voltava com mantimentos&#8221;, relata Peret.<\/p>\n","protected":false},"excerpt":{"rendered":"<p>A reabertura da casa de um americano que morou na Ilha do\u00a0Mosqueiro, na Ba\u00eda do Sol, no Par\u00e1, estimulou uma nova investiga\u00e7\u00e3o por parte do pesquisador Vitorio Peret, que esteve envolvido com a Opera\u00e7\u00e3o Prato, a mais conhecida incurs\u00e3o do Ex\u00e9rcito brasileiro para apurar fatos relacionados com extraterrestres e objetos voadores n\u00e3o identificados, na d\u00e9cada [&hellip;]<\/p>\n","protected":false},"author":2,"featured_media":10139,"comment_status":"open","ping_status":"closed","sticky":false,"template":"","format":"standard","meta":{"_acf_changed":false,"footnotes":""},"categories":[16],"tags":[],"class_list":["post-10138","post","type-post","status-publish","format-standard","has-post-thumbnail","hentry","category-brasil"],"acf":[],"yoast_head":"<!-- This site is optimized with the Yoast SEO plugin v27.2 - https:\/\/yoast.com\/product\/yoast-seo-wordpress\/ -->\n<title>Pesquisador retoma buscas de discos voadores no Par\u00e1 - Notibras<\/title>\n<meta name=\"robots\" content=\"index, follow, max-snippet:-1, max-image-preview:large, max-video-preview:-1\" \/>\n<link rel=\"canonical\" href=\"https:\/\/www.notibras.com\/site\/pesquisador-retoma-busca-por-presenca-de-discos-voadores-na-amazonia\/\" \/>\n<meta property=\"og:locale\" content=\"pt_BR\" \/>\n<meta property=\"og:type\" content=\"article\" \/>\n<meta property=\"og:title\" content=\"Pesquisador retoma buscas de discos voadores no Par\u00e1 - Notibras\" \/>\n<meta property=\"og:description\" content=\"A reabertura da casa de um americano que morou na Ilha do\u00a0Mosqueiro, na Ba\u00eda do Sol, no Par\u00e1, estimulou uma nova investiga\u00e7\u00e3o por parte do pesquisador Vitorio Peret, que esteve envolvido com a Opera\u00e7\u00e3o Prato, a mais conhecida incurs\u00e3o do Ex\u00e9rcito brasileiro para apurar fatos relacionados com extraterrestres e objetos voadores n\u00e3o identificados, na d\u00e9cada [&hellip;]\" \/>\n<meta property=\"og:url\" content=\"https:\/\/www.notibras.com\/site\/pesquisador-retoma-busca-por-presenca-de-discos-voadores-na-amazonia\/\" \/>\n<meta property=\"og:site_name\" content=\"Notibras\" \/>\n<meta property=\"article:publisher\" content=\"https:\/\/www.facebook.com\/notibras\/\" \/>\n<meta property=\"article:published_time\" content=\"2014-05-20T09:12:20+00:00\" \/>\n<meta property=\"article:modified_time\" content=\"2014-05-20T13:31:08+00:00\" \/>\n<meta property=\"og:image\" content=\"https:\/\/www.notibras.com\/site\/wp-content\/uploads\/2014\/05\/cnot_4887.jpg\" \/>\n\t<meta property=\"og:image:width\" content=\"769\" \/>\n\t<meta property=\"og:image:height\" content=\"550\" \/>\n\t<meta property=\"og:image:type\" content=\"image\/jpeg\" \/>\n<meta name=\"author\" content=\"Reda\u00e7\u00e3o\" \/>\n<meta name=\"twitter:card\" content=\"summary_large_image\" \/>\n<meta name=\"twitter:creator\" content=\"@Notibras\" \/>\n<meta name=\"twitter:site\" content=\"@Notibras\" \/>\n<meta name=\"twitter:label1\" content=\"Escrito por\" \/>\n\t<meta name=\"twitter:data1\" content=\"Reda\u00e7\u00e3o\" \/>\n\t<meta name=\"twitter:label2\" content=\"Est. tempo de leitura\" \/>\n\t<meta name=\"twitter:data2\" content=\"3 minutos\" \/>\n<script type=\"application\/ld+json\" class=\"yoast-schema-graph\">{\"@context\":\"https:\/\/schema.org\",\"@graph\":[{\"@type\":\"Article\",\"@id\":\"https:\/\/www.notibras.com\/site\/pesquisador-retoma-busca-por-presenca-de-discos-voadores-na-amazonia\/#article\",\"isPartOf\":{\"@id\":\"https:\/\/www.notibras.com\/site\/pesquisador-retoma-busca-por-presenca-de-discos-voadores-na-amazonia\/\"},\"author\":{\"name\":\"Reda\u00e7\u00e3o\",\"@id\":\"https:\/\/www.notibras.com\/site\/#\/schema\/person\/36ab0979449956132d3e5b517ea76ac8\"},\"headline\":\"Pesquisador retoma buscas de discos voadores no Par\u00e1\",\"datePublished\":\"2014-05-20T09:12:20+00:00\",\"dateModified\":\"2014-05-20T13:31:08+00:00\",\"mainEntityOfPage\":{\"@id\":\"https:\/\/www.notibras.com\/site\/pesquisador-retoma-busca-por-presenca-de-discos-voadores-na-amazonia\/\"},\"wordCount\":562,\"commentCount\":0,\"publisher\":{\"@id\":\"https:\/\/www.notibras.com\/site\/#organization\"},\"image\":{\"@id\":\"https:\/\/www.notibras.com\/site\/pesquisador-retoma-busca-por-presenca-de-discos-voadores-na-amazonia\/#primaryimage\"},\"thumbnailUrl\":\"https:\/\/www.notibras.com\/site\/wp-content\/uploads\/2014\/05\/cnot_4887.jpg\",\"articleSection\":[\"Brasil\"],\"inLanguage\":\"pt-BR\",\"potentialAction\":[{\"@type\":\"CommentAction\",\"name\":\"Comment\",\"target\":[\"https:\/\/www.notibras.com\/site\/pesquisador-retoma-busca-por-presenca-de-discos-voadores-na-amazonia\/#respond\"]}]},{\"@type\":\"WebPage\",\"@id\":\"https:\/\/www.notibras.com\/site\/pesquisador-retoma-busca-por-presenca-de-discos-voadores-na-amazonia\/\",\"url\":\"https:\/\/www.notibras.com\/site\/pesquisador-retoma-busca-por-presenca-de-discos-voadores-na-amazonia\/\",\"name\":\"Pesquisador retoma buscas de discos voadores no Par\u00e1 - Notibras\",\"isPartOf\":{\"@id\":\"https:\/\/www.notibras.com\/site\/#website\"},\"primaryImageOfPage\":{\"@id\":\"https:\/\/www.notibras.com\/site\/pesquisador-retoma-busca-por-presenca-de-discos-voadores-na-amazonia\/#primaryimage\"},\"image\":{\"@id\":\"https:\/\/www.notibras.com\/site\/pesquisador-retoma-busca-por-presenca-de-discos-voadores-na-amazonia\/#primaryimage\"},\"thumbnailUrl\":\"https:\/\/www.notibras.com\/site\/wp-content\/uploads\/2014\/05\/cnot_4887.jpg\",\"datePublished\":\"2014-05-20T09:12:20+00:00\",\"dateModified\":\"2014-05-20T13:31:08+00:00\",\"breadcrumb\":{\"@id\":\"https:\/\/www.notibras.com\/site\/pesquisador-retoma-busca-por-presenca-de-discos-voadores-na-amazonia\/#breadcrumb\"},\"inLanguage\":\"pt-BR\",\"potentialAction\":[{\"@type\":\"ReadAction\",\"target\":[\"https:\/\/www.notibras.com\/site\/pesquisador-retoma-busca-por-presenca-de-discos-voadores-na-amazonia\/\"]}]},{\"@type\":\"ImageObject\",\"inLanguage\":\"pt-BR\",\"@id\":\"https:\/\/www.notibras.com\/site\/pesquisador-retoma-busca-por-presenca-de-discos-voadores-na-amazonia\/#primaryimage\",\"url\":\"https:\/\/www.notibras.com\/site\/wp-content\/uploads\/2014\/05\/cnot_4887.jpg\",\"contentUrl\":\"https:\/\/www.notibras.com\/site\/wp-content\/uploads\/2014\/05\/cnot_4887.jpg\",\"width\":769,\"height\":550},{\"@type\":\"BreadcrumbList\",\"@id\":\"https:\/\/www.notibras.com\/site\/pesquisador-retoma-busca-por-presenca-de-discos-voadores-na-amazonia\/#breadcrumb\",\"itemListElement\":[{\"@type\":\"ListItem\",\"position\":1,\"name\":\"In\u00edcio\",\"item\":\"https:\/\/www.notibras.com\/site\/\"},{\"@type\":\"ListItem\",\"position\":2,\"name\":\"Pesquisador retoma buscas de discos voadores no Par\u00e1\"}]},{\"@type\":\"WebSite\",\"@id\":\"https:\/\/www.notibras.com\/site\/#website\",\"url\":\"https:\/\/www.notibras.com\/site\/\",\"name\":\"Notibras\",\"description\":\"Not\u00edcias de Bras\u00edlia, do Brasil e do Mundo\",\"publisher\":{\"@id\":\"https:\/\/www.notibras.com\/site\/#organization\"},\"potentialAction\":[{\"@type\":\"SearchAction\",\"target\":{\"@type\":\"EntryPoint\",\"urlTemplate\":\"https:\/\/www.notibras.com\/site\/?s={search_term_string}\"},\"query-input\":{\"@type\":\"PropertyValueSpecification\",\"valueRequired\":true,\"valueName\":\"search_term_string\"}}],\"inLanguage\":\"pt-BR\"},{\"@type\":\"Organization\",\"@id\":\"https:\/\/www.notibras.com\/site\/#organization\",\"name\":\"Grupo Notibras de Comunica\u00e7\u00e3o\",\"url\":\"https:\/\/www.notibras.com\/site\/\",\"logo\":{\"@type\":\"ImageObject\",\"inLanguage\":\"pt-BR\",\"@id\":\"https:\/\/www.notibras.com\/site\/#\/schema\/logo\/image\/\",\"url\":\"https:\/\/www.notibras.com\/site\/wp-content\/uploads\/2023\/01\/notibras23.png\",\"contentUrl\":\"https:\/\/www.notibras.com\/site\/wp-content\/uploads\/2023\/01\/notibras23.png\",\"width\":350,\"height\":87,\"caption\":\"Grupo Notibras de Comunica\u00e7\u00e3o\"},\"image\":{\"@id\":\"https:\/\/www.notibras.com\/site\/#\/schema\/logo\/image\/\"},\"sameAs\":[\"https:\/\/www.facebook.com\/notibras\/\",\"https:\/\/x.com\/Notibras\",\"https:\/\/www.instagram.com\/notibras\/\"]},{\"@type\":\"Person\",\"@id\":\"https:\/\/www.notibras.com\/site\/#\/schema\/person\/36ab0979449956132d3e5b517ea76ac8\",\"name\":\"Reda\u00e7\u00e3o\",\"image\":{\"@type\":\"ImageObject\",\"inLanguage\":\"pt-BR\",\"@id\":\"https:\/\/secure.gravatar.com\/avatar\/e0a867bdedb85fd243eadf09663511f96fc81e0720a4a42581f334ad4303aa6b?s=96&d=mm&r=g\",\"url\":\"https:\/\/secure.gravatar.com\/avatar\/e0a867bdedb85fd243eadf09663511f96fc81e0720a4a42581f334ad4303aa6b?s=96&d=mm&r=g\",\"contentUrl\":\"https:\/\/secure.gravatar.com\/avatar\/e0a867bdedb85fd243eadf09663511f96fc81e0720a4a42581f334ad4303aa6b?s=96&d=mm&r=g\",\"caption\":\"Reda\u00e7\u00e3o\"}}]}<\/script>\n<!-- \/ Yoast SEO plugin. -->","yoast_head_json":{"title":"Pesquisador retoma buscas de discos voadores no Par\u00e1 - Notibras","robots":{"index":"index","follow":"follow","max-snippet":"max-snippet:-1","max-image-preview":"max-image-preview:large","max-video-preview":"max-video-preview:-1"},"canonical":"https:\/\/www.notibras.com\/site\/pesquisador-retoma-busca-por-presenca-de-discos-voadores-na-amazonia\/","og_locale":"pt_BR","og_type":"article","og_title":"Pesquisador retoma buscas de discos voadores no Par\u00e1 - Notibras","og_description":"A reabertura da casa de um americano que morou na Ilha do\u00a0Mosqueiro, na Ba\u00eda do Sol, no Par\u00e1, estimulou uma nova investiga\u00e7\u00e3o por parte do pesquisador Vitorio Peret, que esteve envolvido com a Opera\u00e7\u00e3o Prato, a mais conhecida incurs\u00e3o do Ex\u00e9rcito brasileiro para apurar fatos relacionados com extraterrestres e objetos voadores n\u00e3o identificados, na d\u00e9cada [&hellip;]","og_url":"https:\/\/www.notibras.com\/site\/pesquisador-retoma-busca-por-presenca-de-discos-voadores-na-amazonia\/","og_site_name":"Notibras","article_publisher":"https:\/\/www.facebook.com\/notibras\/","article_published_time":"2014-05-20T09:12:20+00:00","article_modified_time":"2014-05-20T13:31:08+00:00","og_image":[{"width":769,"height":550,"url":"https:\/\/www.notibras.com\/site\/wp-content\/uploads\/2014\/05\/cnot_4887.jpg","type":"image\/jpeg"}],"author":"Reda\u00e7\u00e3o","twitter_card":"summary_large_image","twitter_creator":"@Notibras","twitter_site":"@Notibras","twitter_misc":{"Escrito por":"Reda\u00e7\u00e3o","Est. tempo de leitura":"3 minutos"},"schema":{"@context":"https:\/\/schema.org","@graph":[{"@type":"Article","@id":"https:\/\/www.notibras.com\/site\/pesquisador-retoma-busca-por-presenca-de-discos-voadores-na-amazonia\/#article","isPartOf":{"@id":"https:\/\/www.notibras.com\/site\/pesquisador-retoma-busca-por-presenca-de-discos-voadores-na-amazonia\/"},"author":{"name":"Reda\u00e7\u00e3o","@id":"https:\/\/www.notibras.com\/site\/#\/schema\/person\/36ab0979449956132d3e5b517ea76ac8"},"headline":"Pesquisador retoma buscas de discos voadores no Par\u00e1","datePublished":"2014-05-20T09:12:20+00:00","dateModified":"2014-05-20T13:31:08+00:00","mainEntityOfPage":{"@id":"https:\/\/www.notibras.com\/site\/pesquisador-retoma-busca-por-presenca-de-discos-voadores-na-amazonia\/"},"wordCount":562,"commentCount":0,"publisher":{"@id":"https:\/\/www.notibras.com\/site\/#organization"},"image":{"@id":"https:\/\/www.notibras.com\/site\/pesquisador-retoma-busca-por-presenca-de-discos-voadores-na-amazonia\/#primaryimage"},"thumbnailUrl":"https:\/\/www.notibras.com\/site\/wp-content\/uploads\/2014\/05\/cnot_4887.jpg","articleSection":["Brasil"],"inLanguage":"pt-BR","potentialAction":[{"@type":"CommentAction","name":"Comment","target":["https:\/\/www.notibras.com\/site\/pesquisador-retoma-busca-por-presenca-de-discos-voadores-na-amazonia\/#respond"]}]},{"@type":"WebPage","@id":"https:\/\/www.notibras.com\/site\/pesquisador-retoma-busca-por-presenca-de-discos-voadores-na-amazonia\/","url":"https:\/\/www.notibras.com\/site\/pesquisador-retoma-busca-por-presenca-de-discos-voadores-na-amazonia\/","name":"Pesquisador retoma buscas de discos voadores no Par\u00e1 - Notibras","isPartOf":{"@id":"https:\/\/www.notibras.com\/site\/#website"},"primaryImageOfPage":{"@id":"https:\/\/www.notibras.com\/site\/pesquisador-retoma-busca-por-presenca-de-discos-voadores-na-amazonia\/#primaryimage"},"image":{"@id":"https:\/\/www.notibras.com\/site\/pesquisador-retoma-busca-por-presenca-de-discos-voadores-na-amazonia\/#primaryimage"},"thumbnailUrl":"https:\/\/www.notibras.com\/site\/wp-content\/uploads\/2014\/05\/cnot_4887.jpg","datePublished":"2014-05-20T09:12:20+00:00","dateModified":"2014-05-20T13:31:08+00:00","breadcrumb":{"@id":"https:\/\/www.notibras.com\/site\/pesquisador-retoma-busca-por-presenca-de-discos-voadores-na-amazonia\/#breadcrumb"},"inLanguage":"pt-BR","potentialAction":[{"@type":"ReadAction","target":["https:\/\/www.notibras.com\/site\/pesquisador-retoma-busca-por-presenca-de-discos-voadores-na-amazonia\/"]}]},{"@type":"ImageObject","inLanguage":"pt-BR","@id":"https:\/\/www.notibras.com\/site\/pesquisador-retoma-busca-por-presenca-de-discos-voadores-na-amazonia\/#primaryimage","url":"https:\/\/www.notibras.com\/site\/wp-content\/uploads\/2014\/05\/cnot_4887.jpg","contentUrl":"https:\/\/www.notibras.com\/site\/wp-content\/uploads\/2014\/05\/cnot_4887.jpg","width":769,"height":550},{"@type":"BreadcrumbList","@id":"https:\/\/www.notibras.com\/site\/pesquisador-retoma-busca-por-presenca-de-discos-voadores-na-amazonia\/#breadcrumb","itemListElement":[{"@type":"ListItem","position":1,"name":"In\u00edcio","item":"https:\/\/www.notibras.com\/site\/"},{"@type":"ListItem","position":2,"name":"Pesquisador retoma buscas de discos voadores no Par\u00e1"}]},{"@type":"WebSite","@id":"https:\/\/www.notibras.com\/site\/#website","url":"https:\/\/www.notibras.com\/site\/","name":"Notibras","description":"Not\u00edcias de Bras\u00edlia, do Brasil e do Mundo","publisher":{"@id":"https:\/\/www.notibras.com\/site\/#organization"},"potentialAction":[{"@type":"SearchAction","target":{"@type":"EntryPoint","urlTemplate":"https:\/\/www.notibras.com\/site\/?s={search_term_string}"},"query-input":{"@type":"PropertyValueSpecification","valueRequired":true,"valueName":"search_term_string"}}],"inLanguage":"pt-BR"},{"@type":"Organization","@id":"https:\/\/www.notibras.com\/site\/#organization","name":"Grupo Notibras de Comunica\u00e7\u00e3o","url":"https:\/\/www.notibras.com\/site\/","logo":{"@type":"ImageObject","inLanguage":"pt-BR","@id":"https:\/\/www.notibras.com\/site\/#\/schema\/logo\/image\/","url":"https:\/\/www.notibras.com\/site\/wp-content\/uploads\/2023\/01\/notibras23.png","contentUrl":"https:\/\/www.notibras.com\/site\/wp-content\/uploads\/2023\/01\/notibras23.png","width":350,"height":87,"caption":"Grupo Notibras de Comunica\u00e7\u00e3o"},"image":{"@id":"https:\/\/www.notibras.com\/site\/#\/schema\/logo\/image\/"},"sameAs":["https:\/\/www.facebook.com\/notibras\/","https:\/\/x.com\/Notibras","https:\/\/www.instagram.com\/notibras\/"]},{"@type":"Person","@id":"https:\/\/www.notibras.com\/site\/#\/schema\/person\/36ab0979449956132d3e5b517ea76ac8","name":"Reda\u00e7\u00e3o","image":{"@type":"ImageObject","inLanguage":"pt-BR","@id":"https:\/\/secure.gravatar.com\/avatar\/e0a867bdedb85fd243eadf09663511f96fc81e0720a4a42581f334ad4303aa6b?s=96&d=mm&r=g","url":"https:\/\/secure.gravatar.com\/avatar\/e0a867bdedb85fd243eadf09663511f96fc81e0720a4a42581f334ad4303aa6b?s=96&d=mm&r=g","contentUrl":"https:\/\/secure.gravatar.com\/avatar\/e0a867bdedb85fd243eadf09663511f96fc81e0720a4a42581f334ad4303aa6b?s=96&d=mm&r=g","caption":"Reda\u00e7\u00e3o"}}]}},"amp_enabled":true,"_links":{"self":[{"href":"https:\/\/www.notibras.com\/site\/wp-json\/wp\/v2\/posts\/10138","targetHints":{"allow":["GET"]}}],"collection":[{"href":"https:\/\/www.notibras.com\/site\/wp-json\/wp\/v2\/posts"}],"about":[{"href":"https:\/\/www.notibras.com\/site\/wp-json\/wp\/v2\/types\/post"}],"author":[{"embeddable":true,"href":"https:\/\/www.notibras.com\/site\/wp-json\/wp\/v2\/users\/2"}],"replies":[{"embeddable":true,"href":"https:\/\/www.notibras.com\/site\/wp-json\/wp\/v2\/comments?post=10138"}],"version-history":[{"count":0,"href":"https:\/\/www.notibras.com\/site\/wp-json\/wp\/v2\/posts\/10138\/revisions"}],"wp:featuredmedia":[{"embeddable":true,"href":"https:\/\/www.notibras.com\/site\/wp-json\/wp\/v2\/media\/10139"}],"wp:attachment":[{"href":"https:\/\/www.notibras.com\/site\/wp-json\/wp\/v2\/media?parent=10138"}],"wp:term":[{"taxonomy":"category","embeddable":true,"href":"https:\/\/www.notibras.com\/site\/wp-json\/wp\/v2\/categories?post=10138"},{"taxonomy":"post_tag","embeddable":true,"href":"https:\/\/www.notibras.com\/site\/wp-json\/wp\/v2\/tags?post=10138"}],"curies":[{"name":"wp","href":"https:\/\/api.w.org\/{rel}","templated":true}]}}