{"id":10144,"date":"2014-05-19T23:22:34","date_gmt":"2014-05-20T02:22:34","guid":{"rendered":"http:\/\/www.notibras.com\/site\/?p=10144"},"modified":"2014-05-20T10:31:57","modified_gmt":"2014-05-20T13:31:57","slug":"manifestacoes-de-rua-mudam-habitos-e-rotina-dos-brasileiros","status":"publish","type":"post","link":"https:\/\/www.notibras.com\/site\/manifestacoes-de-rua-mudam-habitos-e-rotina-dos-brasileiros\/","title":{"rendered":"Manifesta\u00e7\u00f5es de rua mudam os h\u00e1bitos e a rotina do povo"},"content":{"rendered":"<p>As manifesta\u00e7\u00f5es populares iniciadas em junho do ano passado mudaram a rotina de 58% dos brasileiros consultados por uma pesquisa nacional sobre seguran\u00e7a p\u00fablica, feita pela Federa\u00e7\u00e3o do Com\u00e9rcio do Estado do Rio de Janeiro (Fecom\u00e9rcio-RJ) e o Instituto Ipsos. Divulgada nesta segunda 19, a pesquisa informa que 39,3% dos entrevistados alteraram seus h\u00e1bitos de consumo. Na \u00e1rea de lazer, a rotina foi modificada para 28,9% das pessoas. Essa \u00e9 a s\u00e9tima edi\u00e7\u00e3o da pesquisa, que ouviu mil pessoas em 70 munic\u00edpios de nove regi\u00f5es metropolitanas.<\/p>\n<p>O economista da Fecom\u00e9rcio-RJ Christian Travassos disse a pesquisa revela que a ades\u00e3o \u00e0s manifesta\u00e7\u00f5es \u201cn\u00e3o \u00e9 mais a mesma\u201d, devido \u00e0 viol\u00eancia que tomou conta dos protestos, \u201cmas tamb\u00e9m pela mudan\u00e7a de foco, com muitos objetivos em um ato s\u00f3\u201d. Ela acredita que, com a proximidade da Copa do Mundo e a certeza de que o evento ocorrer\u00e1 de qualquer forma, as pessoas come\u00e7aram a perceber que \u00e9 importante passar uma imagem positiva do Brasil. \u201cO visitante, o turista que vem aqui, n\u00e3o tem nada a ver com os problemas internos, e n\u00e3o \u00e9 o momento de se tumultuar ainda mais o que est\u00e1 complicado\u201d, exp\u00f4s.<\/p>\n<p>Em rela\u00e7\u00e3o ao movimento conhecido como rolezinho, em que os jovens marcam encontro em centros comerciais pela internet, 10% dos brasileiros avaliaram que \u00e9 um evento pac\u00edfico. Um total de 52,5% dos entrevistados considerou que os rolezinhos resultam em algum tipo de viol\u00eancia e precisam ser reprimidos pela pol\u00edcia.<\/p>\n<p>Travassos ressaltou que apesar de a pesquisa ser feita h\u00e1 sete anos, os dados que mais chamam a aten\u00e7\u00e3o se referem aos fatos novos. A an\u00e1lise da s\u00e9rie hist\u00f3rica \u00e0 luz desses acontecimentos recentes mostra mudan\u00e7as na ades\u00e3o dos consultados em rela\u00e7\u00e3o \u00e0s pol\u00edticas de seguran\u00e7a p\u00fablica.<\/p>\n<p>Do ano passado para c\u00e1, aumentou de 33,7% para 36,2% o percentual de brasileiros que consideram a pol\u00edtica coercitiva, com policiais bem pagos e puni\u00e7\u00f5es severas, a melhor solu\u00e7\u00e3o para o combate \u00e0 viol\u00eancia e \u00e0 criminalidade. Em contrapartida, houve recuo de 63% para 59,5% no total dos que acreditam que a melhor solu\u00e7\u00e3o \u00e9 uma pol\u00edtica social, que garanta educa\u00e7\u00e3o, moradia e emprego aos jovens.<\/p>\n<p>Travassos considerou que a banaliza\u00e7\u00e3o viol\u00eancia no \u00faltimo ano, seja em protestos ou na vida em geral, n\u00e3o significa que as a\u00e7\u00f5es sociais deixaram de ter import\u00e2ncia para os cidad\u00e3os, mas que mais brasileiros enxergam a coer\u00e7\u00e3o como fundamental \u201cpara poder colocar ordem na casa\u201d.<\/p>\n<p>A distribui\u00e7\u00e3o de mais policiais na rua foi apontada como a melhor solu\u00e7\u00e3o\u00a0 para resolver o problema da criminalidade e da viol\u00eancia por 43,9% dos brasileiros, contra 42,8% no ano passado. \u00c9\u00a0 considerada tamb\u00e9m a atua\u00e7\u00e3o conjunta das pol\u00edcias Federal e dos estados\u00a0 no combate ao crime (de 25,7% para 31,3%) e melhoria dos sal\u00e1rios e condi\u00e7\u00f5es dos policiais (de 22,7% para 26,4%). O percentual dos que defendem a aprova\u00e7\u00e3o de leis mais duras e penas mais longas caiu de 34,9% para 30,8%.<\/p>\n<p>Outros itens mencionados foram a gera\u00e7\u00e3o de mais empregos (com 26,2%), implementa\u00e7\u00e3o de programas de primeiro emprego para jovens (24,3%) e treinamento e qualifica\u00e7\u00e3o dos policiais (20,7%). Foram citados tamb\u00e9m o aumento de verbas para a sa\u00fade e a educa\u00e7\u00e3o (18,6%), o combate ao tr\u00e1fico de drogas (18,2%) e mais op\u00e7\u00f5es de lazer e atividades para as crian\u00e7as de 7 a 14 anos fora do hor\u00e1rio escolar (17,0%).<\/p>\n<p><strong>Alana Gandra, ABr <\/strong><\/p>\n","protected":false},"excerpt":{"rendered":"<p>As manifesta\u00e7\u00f5es populares iniciadas em junho do ano passado mudaram a rotina de 58% dos brasileiros consultados por uma pesquisa nacional sobre seguran\u00e7a p\u00fablica, feita pela Federa\u00e7\u00e3o do Com\u00e9rcio do Estado do Rio de Janeiro (Fecom\u00e9rcio-RJ) e o Instituto Ipsos. Divulgada nesta segunda 19, a pesquisa informa que 39,3% dos entrevistados alteraram seus h\u00e1bitos de [&hellip;]<\/p>\n","protected":false},"author":2,"featured_media":10145,"comment_status":"open","ping_status":"closed","sticky":false,"template":"","format":"standard","meta":{"_acf_changed":false,"footnotes":""},"categories":[16],"tags":[],"class_list":["post-10144","post","type-post","status-publish","format-standard","has-post-thumbnail","hentry","category-brasil"],"acf":[],"yoast_head":"<!-- This site is optimized with the Yoast SEO plugin v27.2 - https:\/\/yoast.com\/product\/yoast-seo-wordpress\/ -->\n<title>Manifesta\u00e7\u00f5es de rua mudam os h\u00e1bitos e a rotina do povo - Notibras<\/title>\n<meta name=\"robots\" content=\"index, follow, max-snippet:-1, max-image-preview:large, max-video-preview:-1\" \/>\n<link rel=\"canonical\" href=\"https:\/\/www.notibras.com\/site\/manifestacoes-de-rua-mudam-habitos-e-rotina-dos-brasileiros\/\" \/>\n<meta property=\"og:locale\" content=\"pt_BR\" \/>\n<meta property=\"og:type\" content=\"article\" \/>\n<meta property=\"og:title\" content=\"Manifesta\u00e7\u00f5es de rua mudam os h\u00e1bitos e a rotina do povo - Notibras\" \/>\n<meta property=\"og:description\" content=\"As manifesta\u00e7\u00f5es populares iniciadas em junho do ano passado mudaram a rotina de 58% dos brasileiros consultados por uma pesquisa nacional sobre seguran\u00e7a p\u00fablica, feita pela Federa\u00e7\u00e3o do Com\u00e9rcio do Estado do Rio de Janeiro (Fecom\u00e9rcio-RJ) e o Instituto Ipsos. Divulgada nesta segunda 19, a pesquisa informa que 39,3% dos entrevistados alteraram seus h\u00e1bitos de [&hellip;]\" \/>\n<meta property=\"og:url\" content=\"https:\/\/www.notibras.com\/site\/manifestacoes-de-rua-mudam-habitos-e-rotina-dos-brasileiros\/\" \/>\n<meta property=\"og:site_name\" content=\"Notibras\" \/>\n<meta property=\"article:publisher\" content=\"https:\/\/www.facebook.com\/notibras\/\" \/>\n<meta property=\"article:published_time\" content=\"2014-05-20T02:22:34+00:00\" \/>\n<meta property=\"article:modified_time\" content=\"2014-05-20T13:31:57+00:00\" \/>\n<meta property=\"og:image\" content=\"https:\/\/www.notibras.com\/site\/wp-content\/uploads\/2014\/05\/Manifesta\u00e7\u00e3o-contra-a-Copa-Epit\u00e1cio-PessoaEstad\u00e3o.jpg\" \/>\n\t<meta property=\"og:image:width\" content=\"600\" \/>\n\t<meta property=\"og:image:height\" content=\"400\" \/>\n\t<meta property=\"og:image:type\" content=\"image\/jpeg\" \/>\n<meta name=\"author\" content=\"Reda\u00e7\u00e3o\" \/>\n<meta name=\"twitter:card\" content=\"summary_large_image\" \/>\n<meta name=\"twitter:creator\" content=\"@Notibras\" \/>\n<meta name=\"twitter:site\" content=\"@Notibras\" \/>\n<meta name=\"twitter:label1\" content=\"Escrito por\" \/>\n\t<meta name=\"twitter:data1\" content=\"Reda\u00e7\u00e3o\" \/>\n\t<meta name=\"twitter:label2\" content=\"Est. tempo de leitura\" \/>\n\t<meta name=\"twitter:data2\" content=\"3 minutos\" \/>\n<script type=\"application\/ld+json\" class=\"yoast-schema-graph\">{\"@context\":\"https:\/\/schema.org\",\"@graph\":[{\"@type\":\"Article\",\"@id\":\"https:\/\/www.notibras.com\/site\/manifestacoes-de-rua-mudam-habitos-e-rotina-dos-brasileiros\/#article\",\"isPartOf\":{\"@id\":\"https:\/\/www.notibras.com\/site\/manifestacoes-de-rua-mudam-habitos-e-rotina-dos-brasileiros\/\"},\"author\":{\"name\":\"Reda\u00e7\u00e3o\",\"@id\":\"https:\/\/www.notibras.com\/site\/#\/schema\/person\/36ab0979449956132d3e5b517ea76ac8\"},\"headline\":\"Manifesta\u00e7\u00f5es de rua mudam os h\u00e1bitos e a rotina do povo\",\"datePublished\":\"2014-05-20T02:22:34+00:00\",\"dateModified\":\"2014-05-20T13:31:57+00:00\",\"mainEntityOfPage\":{\"@id\":\"https:\/\/www.notibras.com\/site\/manifestacoes-de-rua-mudam-habitos-e-rotina-dos-brasileiros\/\"},\"wordCount\":598,\"commentCount\":0,\"publisher\":{\"@id\":\"https:\/\/www.notibras.com\/site\/#organization\"},\"image\":{\"@id\":\"https:\/\/www.notibras.com\/site\/manifestacoes-de-rua-mudam-habitos-e-rotina-dos-brasileiros\/#primaryimage\"},\"thumbnailUrl\":\"https:\/\/www.notibras.com\/site\/wp-content\/uploads\/2014\/05\/Manifesta\u00e7\u00e3o-contra-a-Copa-Epit\u00e1cio-PessoaEstad\u00e3o.jpg\",\"articleSection\":[\"Brasil\"],\"inLanguage\":\"pt-BR\",\"potentialAction\":[{\"@type\":\"CommentAction\",\"name\":\"Comment\",\"target\":[\"https:\/\/www.notibras.com\/site\/manifestacoes-de-rua-mudam-habitos-e-rotina-dos-brasileiros\/#respond\"]}]},{\"@type\":\"WebPage\",\"@id\":\"https:\/\/www.notibras.com\/site\/manifestacoes-de-rua-mudam-habitos-e-rotina-dos-brasileiros\/\",\"url\":\"https:\/\/www.notibras.com\/site\/manifestacoes-de-rua-mudam-habitos-e-rotina-dos-brasileiros\/\",\"name\":\"Manifesta\u00e7\u00f5es de rua mudam os h\u00e1bitos e a rotina do povo - Notibras\",\"isPartOf\":{\"@id\":\"https:\/\/www.notibras.com\/site\/#website\"},\"primaryImageOfPage\":{\"@id\":\"https:\/\/www.notibras.com\/site\/manifestacoes-de-rua-mudam-habitos-e-rotina-dos-brasileiros\/#primaryimage\"},\"image\":{\"@id\":\"https:\/\/www.notibras.com\/site\/manifestacoes-de-rua-mudam-habitos-e-rotina-dos-brasileiros\/#primaryimage\"},\"thumbnailUrl\":\"https:\/\/www.notibras.com\/site\/wp-content\/uploads\/2014\/05\/Manifesta\u00e7\u00e3o-contra-a-Copa-Epit\u00e1cio-PessoaEstad\u00e3o.jpg\",\"datePublished\":\"2014-05-20T02:22:34+00:00\",\"dateModified\":\"2014-05-20T13:31:57+00:00\",\"breadcrumb\":{\"@id\":\"https:\/\/www.notibras.com\/site\/manifestacoes-de-rua-mudam-habitos-e-rotina-dos-brasileiros\/#breadcrumb\"},\"inLanguage\":\"pt-BR\",\"potentialAction\":[{\"@type\":\"ReadAction\",\"target\":[\"https:\/\/www.notibras.com\/site\/manifestacoes-de-rua-mudam-habitos-e-rotina-dos-brasileiros\/\"]}]},{\"@type\":\"ImageObject\",\"inLanguage\":\"pt-BR\",\"@id\":\"https:\/\/www.notibras.com\/site\/manifestacoes-de-rua-mudam-habitos-e-rotina-dos-brasileiros\/#primaryimage\",\"url\":\"https:\/\/www.notibras.com\/site\/wp-content\/uploads\/2014\/05\/Manifesta\u00e7\u00e3o-contra-a-Copa-Epit\u00e1cio-PessoaEstad\u00e3o.jpg\",\"contentUrl\":\"https:\/\/www.notibras.com\/site\/wp-content\/uploads\/2014\/05\/Manifesta\u00e7\u00e3o-contra-a-Copa-Epit\u00e1cio-PessoaEstad\u00e3o.jpg\",\"width\":600,\"height\":400},{\"@type\":\"BreadcrumbList\",\"@id\":\"https:\/\/www.notibras.com\/site\/manifestacoes-de-rua-mudam-habitos-e-rotina-dos-brasileiros\/#breadcrumb\",\"itemListElement\":[{\"@type\":\"ListItem\",\"position\":1,\"name\":\"In\u00edcio\",\"item\":\"https:\/\/www.notibras.com\/site\/\"},{\"@type\":\"ListItem\",\"position\":2,\"name\":\"Manifesta\u00e7\u00f5es de rua mudam os h\u00e1bitos e a rotina do povo\"}]},{\"@type\":\"WebSite\",\"@id\":\"https:\/\/www.notibras.com\/site\/#website\",\"url\":\"https:\/\/www.notibras.com\/site\/\",\"name\":\"Notibras\",\"description\":\"Not\u00edcias de Bras\u00edlia, do Brasil e do Mundo\",\"publisher\":{\"@id\":\"https:\/\/www.notibras.com\/site\/#organization\"},\"potentialAction\":[{\"@type\":\"SearchAction\",\"target\":{\"@type\":\"EntryPoint\",\"urlTemplate\":\"https:\/\/www.notibras.com\/site\/?s={search_term_string}\"},\"query-input\":{\"@type\":\"PropertyValueSpecification\",\"valueRequired\":true,\"valueName\":\"search_term_string\"}}],\"inLanguage\":\"pt-BR\"},{\"@type\":\"Organization\",\"@id\":\"https:\/\/www.notibras.com\/site\/#organization\",\"name\":\"Grupo Notibras de Comunica\u00e7\u00e3o\",\"url\":\"https:\/\/www.notibras.com\/site\/\",\"logo\":{\"@type\":\"ImageObject\",\"inLanguage\":\"pt-BR\",\"@id\":\"https:\/\/www.notibras.com\/site\/#\/schema\/logo\/image\/\",\"url\":\"https:\/\/www.notibras.com\/site\/wp-content\/uploads\/2023\/01\/notibras23.png\",\"contentUrl\":\"https:\/\/www.notibras.com\/site\/wp-content\/uploads\/2023\/01\/notibras23.png\",\"width\":350,\"height\":87,\"caption\":\"Grupo Notibras de Comunica\u00e7\u00e3o\"},\"image\":{\"@id\":\"https:\/\/www.notibras.com\/site\/#\/schema\/logo\/image\/\"},\"sameAs\":[\"https:\/\/www.facebook.com\/notibras\/\",\"https:\/\/x.com\/Notibras\",\"https:\/\/www.instagram.com\/notibras\/\"]},{\"@type\":\"Person\",\"@id\":\"https:\/\/www.notibras.com\/site\/#\/schema\/person\/36ab0979449956132d3e5b517ea76ac8\",\"name\":\"Reda\u00e7\u00e3o\",\"image\":{\"@type\":\"ImageObject\",\"inLanguage\":\"pt-BR\",\"@id\":\"https:\/\/secure.gravatar.com\/avatar\/e0a867bdedb85fd243eadf09663511f96fc81e0720a4a42581f334ad4303aa6b?s=96&d=mm&r=g\",\"url\":\"https:\/\/secure.gravatar.com\/avatar\/e0a867bdedb85fd243eadf09663511f96fc81e0720a4a42581f334ad4303aa6b?s=96&d=mm&r=g\",\"contentUrl\":\"https:\/\/secure.gravatar.com\/avatar\/e0a867bdedb85fd243eadf09663511f96fc81e0720a4a42581f334ad4303aa6b?s=96&d=mm&r=g\",\"caption\":\"Reda\u00e7\u00e3o\"}}]}<\/script>\n<!-- \/ Yoast SEO plugin. -->","yoast_head_json":{"title":"Manifesta\u00e7\u00f5es de rua mudam os h\u00e1bitos e a rotina do povo - Notibras","robots":{"index":"index","follow":"follow","max-snippet":"max-snippet:-1","max-image-preview":"max-image-preview:large","max-video-preview":"max-video-preview:-1"},"canonical":"https:\/\/www.notibras.com\/site\/manifestacoes-de-rua-mudam-habitos-e-rotina-dos-brasileiros\/","og_locale":"pt_BR","og_type":"article","og_title":"Manifesta\u00e7\u00f5es de rua mudam os h\u00e1bitos e a rotina do povo - Notibras","og_description":"As manifesta\u00e7\u00f5es populares iniciadas em junho do ano passado mudaram a rotina de 58% dos brasileiros consultados por uma pesquisa nacional sobre seguran\u00e7a p\u00fablica, feita pela Federa\u00e7\u00e3o do Com\u00e9rcio do Estado do Rio de Janeiro (Fecom\u00e9rcio-RJ) e o Instituto Ipsos. Divulgada nesta segunda 19, a pesquisa informa que 39,3% dos entrevistados alteraram seus h\u00e1bitos de [&hellip;]","og_url":"https:\/\/www.notibras.com\/site\/manifestacoes-de-rua-mudam-habitos-e-rotina-dos-brasileiros\/","og_site_name":"Notibras","article_publisher":"https:\/\/www.facebook.com\/notibras\/","article_published_time":"2014-05-20T02:22:34+00:00","article_modified_time":"2014-05-20T13:31:57+00:00","og_image":[{"width":600,"height":400,"url":"https:\/\/www.notibras.com\/site\/wp-content\/uploads\/2014\/05\/Manifesta\u00e7\u00e3o-contra-a-Copa-Epit\u00e1cio-PessoaEstad\u00e3o.jpg","type":"image\/jpeg"}],"author":"Reda\u00e7\u00e3o","twitter_card":"summary_large_image","twitter_creator":"@Notibras","twitter_site":"@Notibras","twitter_misc":{"Escrito por":"Reda\u00e7\u00e3o","Est. tempo de leitura":"3 minutos"},"schema":{"@context":"https:\/\/schema.org","@graph":[{"@type":"Article","@id":"https:\/\/www.notibras.com\/site\/manifestacoes-de-rua-mudam-habitos-e-rotina-dos-brasileiros\/#article","isPartOf":{"@id":"https:\/\/www.notibras.com\/site\/manifestacoes-de-rua-mudam-habitos-e-rotina-dos-brasileiros\/"},"author":{"name":"Reda\u00e7\u00e3o","@id":"https:\/\/www.notibras.com\/site\/#\/schema\/person\/36ab0979449956132d3e5b517ea76ac8"},"headline":"Manifesta\u00e7\u00f5es de rua mudam os h\u00e1bitos e a rotina do povo","datePublished":"2014-05-20T02:22:34+00:00","dateModified":"2014-05-20T13:31:57+00:00","mainEntityOfPage":{"@id":"https:\/\/www.notibras.com\/site\/manifestacoes-de-rua-mudam-habitos-e-rotina-dos-brasileiros\/"},"wordCount":598,"commentCount":0,"publisher":{"@id":"https:\/\/www.notibras.com\/site\/#organization"},"image":{"@id":"https:\/\/www.notibras.com\/site\/manifestacoes-de-rua-mudam-habitos-e-rotina-dos-brasileiros\/#primaryimage"},"thumbnailUrl":"https:\/\/www.notibras.com\/site\/wp-content\/uploads\/2014\/05\/Manifesta\u00e7\u00e3o-contra-a-Copa-Epit\u00e1cio-PessoaEstad\u00e3o.jpg","articleSection":["Brasil"],"inLanguage":"pt-BR","potentialAction":[{"@type":"CommentAction","name":"Comment","target":["https:\/\/www.notibras.com\/site\/manifestacoes-de-rua-mudam-habitos-e-rotina-dos-brasileiros\/#respond"]}]},{"@type":"WebPage","@id":"https:\/\/www.notibras.com\/site\/manifestacoes-de-rua-mudam-habitos-e-rotina-dos-brasileiros\/","url":"https:\/\/www.notibras.com\/site\/manifestacoes-de-rua-mudam-habitos-e-rotina-dos-brasileiros\/","name":"Manifesta\u00e7\u00f5es de rua mudam os h\u00e1bitos e a rotina do povo - Notibras","isPartOf":{"@id":"https:\/\/www.notibras.com\/site\/#website"},"primaryImageOfPage":{"@id":"https:\/\/www.notibras.com\/site\/manifestacoes-de-rua-mudam-habitos-e-rotina-dos-brasileiros\/#primaryimage"},"image":{"@id":"https:\/\/www.notibras.com\/site\/manifestacoes-de-rua-mudam-habitos-e-rotina-dos-brasileiros\/#primaryimage"},"thumbnailUrl":"https:\/\/www.notibras.com\/site\/wp-content\/uploads\/2014\/05\/Manifesta\u00e7\u00e3o-contra-a-Copa-Epit\u00e1cio-PessoaEstad\u00e3o.jpg","datePublished":"2014-05-20T02:22:34+00:00","dateModified":"2014-05-20T13:31:57+00:00","breadcrumb":{"@id":"https:\/\/www.notibras.com\/site\/manifestacoes-de-rua-mudam-habitos-e-rotina-dos-brasileiros\/#breadcrumb"},"inLanguage":"pt-BR","potentialAction":[{"@type":"ReadAction","target":["https:\/\/www.notibras.com\/site\/manifestacoes-de-rua-mudam-habitos-e-rotina-dos-brasileiros\/"]}]},{"@type":"ImageObject","inLanguage":"pt-BR","@id":"https:\/\/www.notibras.com\/site\/manifestacoes-de-rua-mudam-habitos-e-rotina-dos-brasileiros\/#primaryimage","url":"https:\/\/www.notibras.com\/site\/wp-content\/uploads\/2014\/05\/Manifesta\u00e7\u00e3o-contra-a-Copa-Epit\u00e1cio-PessoaEstad\u00e3o.jpg","contentUrl":"https:\/\/www.notibras.com\/site\/wp-content\/uploads\/2014\/05\/Manifesta\u00e7\u00e3o-contra-a-Copa-Epit\u00e1cio-PessoaEstad\u00e3o.jpg","width":600,"height":400},{"@type":"BreadcrumbList","@id":"https:\/\/www.notibras.com\/site\/manifestacoes-de-rua-mudam-habitos-e-rotina-dos-brasileiros\/#breadcrumb","itemListElement":[{"@type":"ListItem","position":1,"name":"In\u00edcio","item":"https:\/\/www.notibras.com\/site\/"},{"@type":"ListItem","position":2,"name":"Manifesta\u00e7\u00f5es de rua mudam os h\u00e1bitos e a rotina do povo"}]},{"@type":"WebSite","@id":"https:\/\/www.notibras.com\/site\/#website","url":"https:\/\/www.notibras.com\/site\/","name":"Notibras","description":"Not\u00edcias de Bras\u00edlia, do Brasil e do Mundo","publisher":{"@id":"https:\/\/www.notibras.com\/site\/#organization"},"potentialAction":[{"@type":"SearchAction","target":{"@type":"EntryPoint","urlTemplate":"https:\/\/www.notibras.com\/site\/?s={search_term_string}"},"query-input":{"@type":"PropertyValueSpecification","valueRequired":true,"valueName":"search_term_string"}}],"inLanguage":"pt-BR"},{"@type":"Organization","@id":"https:\/\/www.notibras.com\/site\/#organization","name":"Grupo Notibras de Comunica\u00e7\u00e3o","url":"https:\/\/www.notibras.com\/site\/","logo":{"@type":"ImageObject","inLanguage":"pt-BR","@id":"https:\/\/www.notibras.com\/site\/#\/schema\/logo\/image\/","url":"https:\/\/www.notibras.com\/site\/wp-content\/uploads\/2023\/01\/notibras23.png","contentUrl":"https:\/\/www.notibras.com\/site\/wp-content\/uploads\/2023\/01\/notibras23.png","width":350,"height":87,"caption":"Grupo Notibras de Comunica\u00e7\u00e3o"},"image":{"@id":"https:\/\/www.notibras.com\/site\/#\/schema\/logo\/image\/"},"sameAs":["https:\/\/www.facebook.com\/notibras\/","https:\/\/x.com\/Notibras","https:\/\/www.instagram.com\/notibras\/"]},{"@type":"Person","@id":"https:\/\/www.notibras.com\/site\/#\/schema\/person\/36ab0979449956132d3e5b517ea76ac8","name":"Reda\u00e7\u00e3o","image":{"@type":"ImageObject","inLanguage":"pt-BR","@id":"https:\/\/secure.gravatar.com\/avatar\/e0a867bdedb85fd243eadf09663511f96fc81e0720a4a42581f334ad4303aa6b?s=96&d=mm&r=g","url":"https:\/\/secure.gravatar.com\/avatar\/e0a867bdedb85fd243eadf09663511f96fc81e0720a4a42581f334ad4303aa6b?s=96&d=mm&r=g","contentUrl":"https:\/\/secure.gravatar.com\/avatar\/e0a867bdedb85fd243eadf09663511f96fc81e0720a4a42581f334ad4303aa6b?s=96&d=mm&r=g","caption":"Reda\u00e7\u00e3o"}}]}},"amp_enabled":true,"_links":{"self":[{"href":"https:\/\/www.notibras.com\/site\/wp-json\/wp\/v2\/posts\/10144","targetHints":{"allow":["GET"]}}],"collection":[{"href":"https:\/\/www.notibras.com\/site\/wp-json\/wp\/v2\/posts"}],"about":[{"href":"https:\/\/www.notibras.com\/site\/wp-json\/wp\/v2\/types\/post"}],"author":[{"embeddable":true,"href":"https:\/\/www.notibras.com\/site\/wp-json\/wp\/v2\/users\/2"}],"replies":[{"embeddable":true,"href":"https:\/\/www.notibras.com\/site\/wp-json\/wp\/v2\/comments?post=10144"}],"version-history":[{"count":0,"href":"https:\/\/www.notibras.com\/site\/wp-json\/wp\/v2\/posts\/10144\/revisions"}],"wp:featuredmedia":[{"embeddable":true,"href":"https:\/\/www.notibras.com\/site\/wp-json\/wp\/v2\/media\/10145"}],"wp:attachment":[{"href":"https:\/\/www.notibras.com\/site\/wp-json\/wp\/v2\/media?parent=10144"}],"wp:term":[{"taxonomy":"category","embeddable":true,"href":"https:\/\/www.notibras.com\/site\/wp-json\/wp\/v2\/categories?post=10144"},{"taxonomy":"post_tag","embeddable":true,"href":"https:\/\/www.notibras.com\/site\/wp-json\/wp\/v2\/tags?post=10144"}],"curies":[{"name":"wp","href":"https:\/\/api.w.org\/{rel}","templated":true}]}}