{"id":10178,"date":"2014-05-20T10:27:37","date_gmt":"2014-05-20T13:27:37","guid":{"rendered":"http:\/\/www.notibras.com\/site\/?p=10178"},"modified":"2014-05-20T14:29:45","modified_gmt":"2014-05-20T17:29:45","slug":"crianca-de-cinco-anos-leva-maconha-no-caderno-para-presentear-professora","status":"publish","type":"post","link":"https:\/\/www.notibras.com\/site\/crianca-de-cinco-anos-leva-maconha-no-caderno-para-presentear-professora\/","title":{"rendered":"Crian\u00e7a de 5 anos leva maconha no caderno de presente para professora"},"content":{"rendered":"<p>Um menino de 5 anos entregou uma por\u00e7\u00e3o de maconha de presente para uma professora. Ele estuda na escola municipal na Vila Alves, em Campo Grtande, capital do Mato Grosso do Sul.<\/p>\n<p>Segundo a titular da Delegacia Especializada de Prote\u00e7\u00e3o \u00e0 Crian\u00e7a e ao Adolescente (Depca), Regina M\u00e1rcia Rodrigues, o Conselho Tutelar foi acionado pela dire\u00e7\u00e3o da escola e o caso, que ocorreu na segunda-feira (19), est\u00e1 sendo investigado pela Pol\u00edcia Civil.<\/p>\n<p>Segundo o conselheiro tutelar Benedito Carlos a crian\u00e7a chegou \u00e0 escola com a droga e quis presentear a professora, alegando que uma &#8216;tia&#8217; usava todos os dias e gostava.<\/p>\n<p>A dire\u00e7\u00e3o da escola acionou a Guarda Municipal, que confirmou que se tratava de maconha. O Conselho Tutelar foi acionado e o menino foi levado para um abrigo, onde foi ouvido por psic\u00f3logos e assistentes sociais. O menino confirmou que pegou o entorpecente em casa.<\/p>\n<p>Equipes de conselheiros tutelares e de policiais civis foram at\u00e9 a resid\u00eancia da crian\u00e7a. A situa\u00e7\u00e3o do local era de abandono e sujeira. Na casa estavam um menino de 2 anos e uma adolescente de 14 anos, irm\u00e3os do menino, e outra adolescente de 17 anos com o filho, um beb\u00ea. Todos estavam sem documentos e foram encaminhados ao abrigo.<\/p>\n<p>A m\u00e3e das crian\u00e7as n\u00e3o foi localizada. O pai est\u00e1 preso por tr\u00e1fico de drogas. A maconha que estava com o menino foi apreendida e encaminhada \u00e0 Delegacia Especializada de Repress\u00e3o ao Narcotr\u00e1fico (Denar).<\/p>\n<p>As crian\u00e7as e adolescentes ter\u00e3o acompanhamento psicossocial e devem permanecer no abrigo como medida de prote\u00e7\u00e3o. A suspeita \u00e9 que uma das adolescentes fosse usu\u00e1ria de drogas.<\/p>\n<p>A pol\u00edcia investiga se as outras crian\u00e7as tamb\u00e9m faziam uso da subst\u00e2ncia. O caso est\u00e1 sendo investigado a partir da den\u00fancia e n\u00e3o foi registrado boletim de ocorr\u00eancia. De acordo com Regina, testemunhas ainda ser\u00e3o ouvidas.<\/p>\n","protected":false},"excerpt":{"rendered":"<p>Um menino de 5 anos entregou uma por\u00e7\u00e3o de maconha de presente para uma professora. Ele estuda na escola municipal na Vila Alves, em Campo Grtande, capital do Mato Grosso do Sul. Segundo a titular da Delegacia Especializada de Prote\u00e7\u00e3o \u00e0 Crian\u00e7a e ao Adolescente (Depca), Regina M\u00e1rcia Rodrigues, o Conselho Tutelar foi acionado pela [&hellip;]<\/p>\n","protected":false},"author":2,"featured_media":10179,"comment_status":"open","ping_status":"closed","sticky":false,"template":"","format":"standard","meta":{"_acf_changed":false,"footnotes":""},"categories":[16],"tags":[],"class_list":["post-10178","post","type-post","status-publish","format-standard","has-post-thumbnail","hentry","category-brasil"],"acf":[],"yoast_head":"<!-- This site is optimized with the Yoast SEO plugin v27.2 - https:\/\/yoast.com\/product\/yoast-seo-wordpress\/ -->\n<title>Crian\u00e7a de 5 anos leva maconha no caderno de presente para professora - Notibras<\/title>\n<meta name=\"robots\" content=\"index, follow, max-snippet:-1, max-image-preview:large, max-video-preview:-1\" \/>\n<link rel=\"canonical\" href=\"https:\/\/www.notibras.com\/site\/crianca-de-cinco-anos-leva-maconha-no-caderno-para-presentear-professora\/\" \/>\n<meta property=\"og:locale\" content=\"pt_BR\" \/>\n<meta property=\"og:type\" content=\"article\" \/>\n<meta property=\"og:title\" content=\"Crian\u00e7a de 5 anos leva maconha no caderno de presente para professora - Notibras\" \/>\n<meta property=\"og:description\" content=\"Um menino de 5 anos entregou uma por\u00e7\u00e3o de maconha de presente para uma professora. Ele estuda na escola municipal na Vila Alves, em Campo Grtande, capital do Mato Grosso do Sul. Segundo a titular da Delegacia Especializada de Prote\u00e7\u00e3o \u00e0 Crian\u00e7a e ao Adolescente (Depca), Regina M\u00e1rcia Rodrigues, o Conselho Tutelar foi acionado pela [&hellip;]\" \/>\n<meta property=\"og:url\" content=\"https:\/\/www.notibras.com\/site\/crianca-de-cinco-anos-leva-maconha-no-caderno-para-presentear-professora\/\" \/>\n<meta property=\"og:site_name\" content=\"Notibras\" \/>\n<meta property=\"article:publisher\" content=\"https:\/\/www.facebook.com\/notibras\/\" \/>\n<meta property=\"article:published_time\" content=\"2014-05-20T13:27:37+00:00\" \/>\n<meta property=\"article:modified_time\" content=\"2014-05-20T17:29:45+00:00\" \/>\n<meta property=\"og:image\" content=\"https:\/\/www.notibras.com\/site\/wp-content\/uploads\/2014\/05\/maconha.jpg\" \/>\n\t<meta property=\"og:image:width\" content=\"620\" \/>\n\t<meta property=\"og:image:height\" content=\"465\" \/>\n\t<meta property=\"og:image:type\" content=\"image\/jpeg\" \/>\n<meta name=\"author\" content=\"Reda\u00e7\u00e3o\" \/>\n<meta name=\"twitter:card\" content=\"summary_large_image\" \/>\n<meta name=\"twitter:creator\" content=\"@Notibras\" \/>\n<meta name=\"twitter:site\" content=\"@Notibras\" \/>\n<meta name=\"twitter:label1\" content=\"Escrito por\" \/>\n\t<meta name=\"twitter:data1\" content=\"Reda\u00e7\u00e3o\" \/>\n\t<meta name=\"twitter:label2\" content=\"Est. tempo de leitura\" \/>\n\t<meta name=\"twitter:data2\" content=\"2 minutos\" \/>\n<script type=\"application\/ld+json\" class=\"yoast-schema-graph\">{\"@context\":\"https:\/\/schema.org\",\"@graph\":[{\"@type\":\"Article\",\"@id\":\"https:\/\/www.notibras.com\/site\/crianca-de-cinco-anos-leva-maconha-no-caderno-para-presentear-professora\/#article\",\"isPartOf\":{\"@id\":\"https:\/\/www.notibras.com\/site\/crianca-de-cinco-anos-leva-maconha-no-caderno-para-presentear-professora\/\"},\"author\":{\"name\":\"Reda\u00e7\u00e3o\",\"@id\":\"https:\/\/www.notibras.com\/site\/#\/schema\/person\/36ab0979449956132d3e5b517ea76ac8\"},\"headline\":\"Crian\u00e7a de 5 anos leva maconha no caderno de presente para professora\",\"datePublished\":\"2014-05-20T13:27:37+00:00\",\"dateModified\":\"2014-05-20T17:29:45+00:00\",\"mainEntityOfPage\":{\"@id\":\"https:\/\/www.notibras.com\/site\/crianca-de-cinco-anos-leva-maconha-no-caderno-para-presentear-professora\/\"},\"wordCount\":337,\"commentCount\":0,\"publisher\":{\"@id\":\"https:\/\/www.notibras.com\/site\/#organization\"},\"image\":{\"@id\":\"https:\/\/www.notibras.com\/site\/crianca-de-cinco-anos-leva-maconha-no-caderno-para-presentear-professora\/#primaryimage\"},\"thumbnailUrl\":\"https:\/\/www.notibras.com\/site\/wp-content\/uploads\/2014\/05\/maconha.jpg\",\"articleSection\":[\"Brasil\"],\"inLanguage\":\"pt-BR\",\"potentialAction\":[{\"@type\":\"CommentAction\",\"name\":\"Comment\",\"target\":[\"https:\/\/www.notibras.com\/site\/crianca-de-cinco-anos-leva-maconha-no-caderno-para-presentear-professora\/#respond\"]}]},{\"@type\":\"WebPage\",\"@id\":\"https:\/\/www.notibras.com\/site\/crianca-de-cinco-anos-leva-maconha-no-caderno-para-presentear-professora\/\",\"url\":\"https:\/\/www.notibras.com\/site\/crianca-de-cinco-anos-leva-maconha-no-caderno-para-presentear-professora\/\",\"name\":\"Crian\u00e7a de 5 anos leva maconha no caderno de presente para professora - Notibras\",\"isPartOf\":{\"@id\":\"https:\/\/www.notibras.com\/site\/#website\"},\"primaryImageOfPage\":{\"@id\":\"https:\/\/www.notibras.com\/site\/crianca-de-cinco-anos-leva-maconha-no-caderno-para-presentear-professora\/#primaryimage\"},\"image\":{\"@id\":\"https:\/\/www.notibras.com\/site\/crianca-de-cinco-anos-leva-maconha-no-caderno-para-presentear-professora\/#primaryimage\"},\"thumbnailUrl\":\"https:\/\/www.notibras.com\/site\/wp-content\/uploads\/2014\/05\/maconha.jpg\",\"datePublished\":\"2014-05-20T13:27:37+00:00\",\"dateModified\":\"2014-05-20T17:29:45+00:00\",\"breadcrumb\":{\"@id\":\"https:\/\/www.notibras.com\/site\/crianca-de-cinco-anos-leva-maconha-no-caderno-para-presentear-professora\/#breadcrumb\"},\"inLanguage\":\"pt-BR\",\"potentialAction\":[{\"@type\":\"ReadAction\",\"target\":[\"https:\/\/www.notibras.com\/site\/crianca-de-cinco-anos-leva-maconha-no-caderno-para-presentear-professora\/\"]}]},{\"@type\":\"ImageObject\",\"inLanguage\":\"pt-BR\",\"@id\":\"https:\/\/www.notibras.com\/site\/crianca-de-cinco-anos-leva-maconha-no-caderno-para-presentear-professora\/#primaryimage\",\"url\":\"https:\/\/www.notibras.com\/site\/wp-content\/uploads\/2014\/05\/maconha.jpg\",\"contentUrl\":\"https:\/\/www.notibras.com\/site\/wp-content\/uploads\/2014\/05\/maconha.jpg\",\"width\":620,\"height\":465},{\"@type\":\"BreadcrumbList\",\"@id\":\"https:\/\/www.notibras.com\/site\/crianca-de-cinco-anos-leva-maconha-no-caderno-para-presentear-professora\/#breadcrumb\",\"itemListElement\":[{\"@type\":\"ListItem\",\"position\":1,\"name\":\"In\u00edcio\",\"item\":\"https:\/\/www.notibras.com\/site\/\"},{\"@type\":\"ListItem\",\"position\":2,\"name\":\"Crian\u00e7a de 5 anos leva maconha no caderno de presente para professora\"}]},{\"@type\":\"WebSite\",\"@id\":\"https:\/\/www.notibras.com\/site\/#website\",\"url\":\"https:\/\/www.notibras.com\/site\/\",\"name\":\"Notibras\",\"description\":\"Not\u00edcias de Bras\u00edlia, do Brasil e do Mundo\",\"publisher\":{\"@id\":\"https:\/\/www.notibras.com\/site\/#organization\"},\"potentialAction\":[{\"@type\":\"SearchAction\",\"target\":{\"@type\":\"EntryPoint\",\"urlTemplate\":\"https:\/\/www.notibras.com\/site\/?s={search_term_string}\"},\"query-input\":{\"@type\":\"PropertyValueSpecification\",\"valueRequired\":true,\"valueName\":\"search_term_string\"}}],\"inLanguage\":\"pt-BR\"},{\"@type\":\"Organization\",\"@id\":\"https:\/\/www.notibras.com\/site\/#organization\",\"name\":\"Grupo Notibras de Comunica\u00e7\u00e3o\",\"url\":\"https:\/\/www.notibras.com\/site\/\",\"logo\":{\"@type\":\"ImageObject\",\"inLanguage\":\"pt-BR\",\"@id\":\"https:\/\/www.notibras.com\/site\/#\/schema\/logo\/image\/\",\"url\":\"https:\/\/www.notibras.com\/site\/wp-content\/uploads\/2023\/01\/notibras23.png\",\"contentUrl\":\"https:\/\/www.notibras.com\/site\/wp-content\/uploads\/2023\/01\/notibras23.png\",\"width\":350,\"height\":87,\"caption\":\"Grupo Notibras de Comunica\u00e7\u00e3o\"},\"image\":{\"@id\":\"https:\/\/www.notibras.com\/site\/#\/schema\/logo\/image\/\"},\"sameAs\":[\"https:\/\/www.facebook.com\/notibras\/\",\"https:\/\/x.com\/Notibras\",\"https:\/\/www.instagram.com\/notibras\/\"]},{\"@type\":\"Person\",\"@id\":\"https:\/\/www.notibras.com\/site\/#\/schema\/person\/36ab0979449956132d3e5b517ea76ac8\",\"name\":\"Reda\u00e7\u00e3o\",\"image\":{\"@type\":\"ImageObject\",\"inLanguage\":\"pt-BR\",\"@id\":\"https:\/\/secure.gravatar.com\/avatar\/e0a867bdedb85fd243eadf09663511f96fc81e0720a4a42581f334ad4303aa6b?s=96&d=mm&r=g\",\"url\":\"https:\/\/secure.gravatar.com\/avatar\/e0a867bdedb85fd243eadf09663511f96fc81e0720a4a42581f334ad4303aa6b?s=96&d=mm&r=g\",\"contentUrl\":\"https:\/\/secure.gravatar.com\/avatar\/e0a867bdedb85fd243eadf09663511f96fc81e0720a4a42581f334ad4303aa6b?s=96&d=mm&r=g\",\"caption\":\"Reda\u00e7\u00e3o\"}}]}<\/script>\n<!-- \/ Yoast SEO plugin. -->","yoast_head_json":{"title":"Crian\u00e7a de 5 anos leva maconha no caderno de presente para professora - Notibras","robots":{"index":"index","follow":"follow","max-snippet":"max-snippet:-1","max-image-preview":"max-image-preview:large","max-video-preview":"max-video-preview:-1"},"canonical":"https:\/\/www.notibras.com\/site\/crianca-de-cinco-anos-leva-maconha-no-caderno-para-presentear-professora\/","og_locale":"pt_BR","og_type":"article","og_title":"Crian\u00e7a de 5 anos leva maconha no caderno de presente para professora - Notibras","og_description":"Um menino de 5 anos entregou uma por\u00e7\u00e3o de maconha de presente para uma professora. Ele estuda na escola municipal na Vila Alves, em Campo Grtande, capital do Mato Grosso do Sul. Segundo a titular da Delegacia Especializada de Prote\u00e7\u00e3o \u00e0 Crian\u00e7a e ao Adolescente (Depca), Regina M\u00e1rcia Rodrigues, o Conselho Tutelar foi acionado pela [&hellip;]","og_url":"https:\/\/www.notibras.com\/site\/crianca-de-cinco-anos-leva-maconha-no-caderno-para-presentear-professora\/","og_site_name":"Notibras","article_publisher":"https:\/\/www.facebook.com\/notibras\/","article_published_time":"2014-05-20T13:27:37+00:00","article_modified_time":"2014-05-20T17:29:45+00:00","og_image":[{"width":620,"height":465,"url":"https:\/\/www.notibras.com\/site\/wp-content\/uploads\/2014\/05\/maconha.jpg","type":"image\/jpeg"}],"author":"Reda\u00e7\u00e3o","twitter_card":"summary_large_image","twitter_creator":"@Notibras","twitter_site":"@Notibras","twitter_misc":{"Escrito por":"Reda\u00e7\u00e3o","Est. tempo de leitura":"2 minutos"},"schema":{"@context":"https:\/\/schema.org","@graph":[{"@type":"Article","@id":"https:\/\/www.notibras.com\/site\/crianca-de-cinco-anos-leva-maconha-no-caderno-para-presentear-professora\/#article","isPartOf":{"@id":"https:\/\/www.notibras.com\/site\/crianca-de-cinco-anos-leva-maconha-no-caderno-para-presentear-professora\/"},"author":{"name":"Reda\u00e7\u00e3o","@id":"https:\/\/www.notibras.com\/site\/#\/schema\/person\/36ab0979449956132d3e5b517ea76ac8"},"headline":"Crian\u00e7a de 5 anos leva maconha no caderno de presente para professora","datePublished":"2014-05-20T13:27:37+00:00","dateModified":"2014-05-20T17:29:45+00:00","mainEntityOfPage":{"@id":"https:\/\/www.notibras.com\/site\/crianca-de-cinco-anos-leva-maconha-no-caderno-para-presentear-professora\/"},"wordCount":337,"commentCount":0,"publisher":{"@id":"https:\/\/www.notibras.com\/site\/#organization"},"image":{"@id":"https:\/\/www.notibras.com\/site\/crianca-de-cinco-anos-leva-maconha-no-caderno-para-presentear-professora\/#primaryimage"},"thumbnailUrl":"https:\/\/www.notibras.com\/site\/wp-content\/uploads\/2014\/05\/maconha.jpg","articleSection":["Brasil"],"inLanguage":"pt-BR","potentialAction":[{"@type":"CommentAction","name":"Comment","target":["https:\/\/www.notibras.com\/site\/crianca-de-cinco-anos-leva-maconha-no-caderno-para-presentear-professora\/#respond"]}]},{"@type":"WebPage","@id":"https:\/\/www.notibras.com\/site\/crianca-de-cinco-anos-leva-maconha-no-caderno-para-presentear-professora\/","url":"https:\/\/www.notibras.com\/site\/crianca-de-cinco-anos-leva-maconha-no-caderno-para-presentear-professora\/","name":"Crian\u00e7a de 5 anos leva maconha no caderno de presente para professora - Notibras","isPartOf":{"@id":"https:\/\/www.notibras.com\/site\/#website"},"primaryImageOfPage":{"@id":"https:\/\/www.notibras.com\/site\/crianca-de-cinco-anos-leva-maconha-no-caderno-para-presentear-professora\/#primaryimage"},"image":{"@id":"https:\/\/www.notibras.com\/site\/crianca-de-cinco-anos-leva-maconha-no-caderno-para-presentear-professora\/#primaryimage"},"thumbnailUrl":"https:\/\/www.notibras.com\/site\/wp-content\/uploads\/2014\/05\/maconha.jpg","datePublished":"2014-05-20T13:27:37+00:00","dateModified":"2014-05-20T17:29:45+00:00","breadcrumb":{"@id":"https:\/\/www.notibras.com\/site\/crianca-de-cinco-anos-leva-maconha-no-caderno-para-presentear-professora\/#breadcrumb"},"inLanguage":"pt-BR","potentialAction":[{"@type":"ReadAction","target":["https:\/\/www.notibras.com\/site\/crianca-de-cinco-anos-leva-maconha-no-caderno-para-presentear-professora\/"]}]},{"@type":"ImageObject","inLanguage":"pt-BR","@id":"https:\/\/www.notibras.com\/site\/crianca-de-cinco-anos-leva-maconha-no-caderno-para-presentear-professora\/#primaryimage","url":"https:\/\/www.notibras.com\/site\/wp-content\/uploads\/2014\/05\/maconha.jpg","contentUrl":"https:\/\/www.notibras.com\/site\/wp-content\/uploads\/2014\/05\/maconha.jpg","width":620,"height":465},{"@type":"BreadcrumbList","@id":"https:\/\/www.notibras.com\/site\/crianca-de-cinco-anos-leva-maconha-no-caderno-para-presentear-professora\/#breadcrumb","itemListElement":[{"@type":"ListItem","position":1,"name":"In\u00edcio","item":"https:\/\/www.notibras.com\/site\/"},{"@type":"ListItem","position":2,"name":"Crian\u00e7a de 5 anos leva maconha no caderno de presente para professora"}]},{"@type":"WebSite","@id":"https:\/\/www.notibras.com\/site\/#website","url":"https:\/\/www.notibras.com\/site\/","name":"Notibras","description":"Not\u00edcias de Bras\u00edlia, do Brasil e do Mundo","publisher":{"@id":"https:\/\/www.notibras.com\/site\/#organization"},"potentialAction":[{"@type":"SearchAction","target":{"@type":"EntryPoint","urlTemplate":"https:\/\/www.notibras.com\/site\/?s={search_term_string}"},"query-input":{"@type":"PropertyValueSpecification","valueRequired":true,"valueName":"search_term_string"}}],"inLanguage":"pt-BR"},{"@type":"Organization","@id":"https:\/\/www.notibras.com\/site\/#organization","name":"Grupo Notibras de Comunica\u00e7\u00e3o","url":"https:\/\/www.notibras.com\/site\/","logo":{"@type":"ImageObject","inLanguage":"pt-BR","@id":"https:\/\/www.notibras.com\/site\/#\/schema\/logo\/image\/","url":"https:\/\/www.notibras.com\/site\/wp-content\/uploads\/2023\/01\/notibras23.png","contentUrl":"https:\/\/www.notibras.com\/site\/wp-content\/uploads\/2023\/01\/notibras23.png","width":350,"height":87,"caption":"Grupo Notibras de Comunica\u00e7\u00e3o"},"image":{"@id":"https:\/\/www.notibras.com\/site\/#\/schema\/logo\/image\/"},"sameAs":["https:\/\/www.facebook.com\/notibras\/","https:\/\/x.com\/Notibras","https:\/\/www.instagram.com\/notibras\/"]},{"@type":"Person","@id":"https:\/\/www.notibras.com\/site\/#\/schema\/person\/36ab0979449956132d3e5b517ea76ac8","name":"Reda\u00e7\u00e3o","image":{"@type":"ImageObject","inLanguage":"pt-BR","@id":"https:\/\/secure.gravatar.com\/avatar\/e0a867bdedb85fd243eadf09663511f96fc81e0720a4a42581f334ad4303aa6b?s=96&d=mm&r=g","url":"https:\/\/secure.gravatar.com\/avatar\/e0a867bdedb85fd243eadf09663511f96fc81e0720a4a42581f334ad4303aa6b?s=96&d=mm&r=g","contentUrl":"https:\/\/secure.gravatar.com\/avatar\/e0a867bdedb85fd243eadf09663511f96fc81e0720a4a42581f334ad4303aa6b?s=96&d=mm&r=g","caption":"Reda\u00e7\u00e3o"}}]}},"amp_enabled":true,"_links":{"self":[{"href":"https:\/\/www.notibras.com\/site\/wp-json\/wp\/v2\/posts\/10178","targetHints":{"allow":["GET"]}}],"collection":[{"href":"https:\/\/www.notibras.com\/site\/wp-json\/wp\/v2\/posts"}],"about":[{"href":"https:\/\/www.notibras.com\/site\/wp-json\/wp\/v2\/types\/post"}],"author":[{"embeddable":true,"href":"https:\/\/www.notibras.com\/site\/wp-json\/wp\/v2\/users\/2"}],"replies":[{"embeddable":true,"href":"https:\/\/www.notibras.com\/site\/wp-json\/wp\/v2\/comments?post=10178"}],"version-history":[{"count":0,"href":"https:\/\/www.notibras.com\/site\/wp-json\/wp\/v2\/posts\/10178\/revisions"}],"wp:featuredmedia":[{"embeddable":true,"href":"https:\/\/www.notibras.com\/site\/wp-json\/wp\/v2\/media\/10179"}],"wp:attachment":[{"href":"https:\/\/www.notibras.com\/site\/wp-json\/wp\/v2\/media?parent=10178"}],"wp:term":[{"taxonomy":"category","embeddable":true,"href":"https:\/\/www.notibras.com\/site\/wp-json\/wp\/v2\/categories?post=10178"},{"taxonomy":"post_tag","embeddable":true,"href":"https:\/\/www.notibras.com\/site\/wp-json\/wp\/v2\/tags?post=10178"}],"curies":[{"name":"wp","href":"https:\/\/api.w.org\/{rel}","templated":true}]}}