{"id":10185,"date":"2014-05-20T11:51:11","date_gmt":"2014-05-20T14:51:11","guid":{"rendered":"http:\/\/www.notibras.com\/site\/?p=10185"},"modified":"2014-05-20T11:51:36","modified_gmt":"2014-05-20T14:51:36","slug":"um-freio-nos-pastores-ara-que-as-pastorinhas-possam-viver","status":"publish","type":"post","link":"https:\/\/www.notibras.com\/site\/um-freio-nos-pastores-ara-que-as-pastorinhas-possam-viver\/","title":{"rendered":"Um freio nos pastores para que as pastorinhas possam viver"},"content":{"rendered":"<p>A intoler\u00e2ncia religiosa e os preconceitos em rela\u00e7\u00f5es ao candombl\u00e9 e \u00e0 umbanda sempre infiltraram os poderes da Rep\u00fablica e as institui\u00e7\u00f5es do Estado que se pretende laico. E talvez pelo fato de essa infiltra\u00e7\u00e3o ter sido sempre negligenciada, apesar dos seus efeitos nocivos, ela tenha feito desabar um c\u00f4modo do Judici\u00e1rio: a Justi\u00e7a Federal do Rio de Janeiro definiu que umbanda e candombl\u00e9 &#8220;n\u00e3o s\u00e3o religi\u00f5es&#8221;. Tal defini\u00e7\u00e3o &#8211; que mais se parece com uma confiss\u00e3o p\u00fablica de ignor\u00e2ncia &#8211; se deu em resposta a uma decis\u00e3o em primeira inst\u00e2ncia do\u00a0 Minist\u00e9rio P\u00fablico Federal que solicitou a retirada, do Youtube, de v\u00eddeos de cultos evang\u00e9licos neopentecostais que promovem a discrimina\u00e7\u00e3o e intoler\u00e2ncia contra as religi\u00f5es de matriz africana e seus adeptos, j\u00e1 que o C\u00f3digo Penal, em seu artigo 208, estabelece como conduta criminosa, \u201cescarnecer de algu\u00e9m publicamente, por motivo de cren\u00e7a ou fun\u00e7\u00e3o religiosa; impedir ou perturbar cerim\u00f4nia ou pr\u00e1tica de culto religioso; vilipendiar publicamente ato ou objeto de culto religioso\u201d.<\/p>\n<p>Em vez de reconhecer a exist\u00eancia da ofensa &#8211; e n\u00e3o h\u00e1 d\u00favida para qualquer pessoa com um m\u00ednimo de discernimento e senso de justi\u00e7a de que a ofensa existe &#8211; a Justi\u00e7a Federal do Rio de Janeiro desqualificou os ofendidos; considerou que n\u00e3o &#8220;h\u00e1 crime se n\u00e3o h\u00e1 religi\u00e3o ofendida&#8221;. Para tanto, a Justi\u00e7a Federal do Rio conceituou umbanda e candombl\u00e9 como cultos a partir de dois motivos absolutamente esdr\u00faxulos (ou seria melhor dizer a partir de dois preconceitos?): 1) candombl\u00e9 e umbanda deveriam ter um texto sagrado como fundamento (aqui a Justi\u00e7a Federal ignora completamente que religi\u00f5es de matriz africana s\u00e3o fundadas nos princ\u00edpios da transmiss\u00e3o oral do conhecimento, do tempo circular, e do culto aos ancestrais); e 2) candombl\u00e9 e umbanda deveriam venerar a uma s\u00f3 divindade suprema e ter uma estrutura hier\u00e1rquica (aqui a Justi\u00e7a Federal do Rio atualiza a percep\u00e7\u00e3o dos colonizadores do s\u00e9culo XVI de que os ind\u00edgenas e povos africanos n\u00e3o tinham f\u00e9, n\u00e3o tinham lei nem tinham rei). Pergunto: H\u00e1, na decis\u00e3o da Justi\u00e7a Federal, pobreza de repert\u00f3rio cultural, equ\u00edvoco na interpreta\u00e7\u00e3o da lei ou cinismo descarado?<\/p>\n<p>A decis\u00e3o judicial fere claramente dispositivos constitucionais e legais, al\u00e9m de violar tratados internacionais como a Conven\u00e7\u00e3o Americana sobre Direitos Humanos, conhecida como Pacto de San Jose da Costa Rica, ratificada pelo Brasil em 1992 e que disp\u00f5e sobre a garantia de n\u00e3o discrimina\u00e7\u00e3o por motivo de ra\u00e7a, cor, sexo, idioma, religi\u00e3o, opini\u00f5es, pol\u00edticas ou de qualquer outra natureza, origem nacional ou social, posi\u00e7\u00e3o econ\u00f4mica, nascimento ou qualquer outra condi\u00e7\u00e3o social. Esse pacto diz ainda que o direito \u00e0 liberdade de consci\u00eancia e de religi\u00e3o implica na garantia de que todos s\u00e3o livres para conservar sua religi\u00e3o ou suas cren\u00e7as, ou de mudar de religi\u00e3o ou de cren\u00e7as, bem como na liberdade de professar e divulgar sua religi\u00e3o ou suas cren\u00e7as, individual ou coletivamente, tanto em p\u00fablico como em privado. A Conven\u00e7\u00e3o Americana sobre Direitos Humanos afirma que ningu\u00e9m pode ser objeto de medidas restritivas que possam limitar sua liberdade de conservar sua religi\u00e3o ou suas cren\u00e7as, ou de mudar de religi\u00e3o ou de cren\u00e7as. A liberdade de manifestar a pr\u00f3pria religi\u00e3o e as pr\u00f3prias cren\u00e7as est\u00e1 sujeita unicamente \u00e0s limita\u00e7\u00f5es existentes em leis e que se mostrem necess\u00e1rias \u00e0 prote\u00e7\u00e3o da seguran\u00e7a, da ordem, da sa\u00fade ou da liberdade.<\/p>\n<p>Ou seja, se h\u00e1 uma liberdade religiosa a ser limitada \u00e9 a daquelas religi\u00f5es que usam dos meios de massa para difamar e promover a intoler\u00e2ncia contra outras religi\u00f5es e divulgam pr\u00e1ticas que p\u00f5em em risco a sa\u00fade coletiva, como pedir que pessoas abandonem tratamento de c\u00e2ncer ou aids em nome de ora\u00e7\u00f5es!<\/p>\n<p>Ao ratificar esse Pacto, o Brasil assumiu desde 1992 o papel de um pa\u00eds que tem a obriga\u00e7\u00e3o de respeitar direitos. Infelizmente, o Poder Judici\u00e1rio, que tem a fun\u00e7\u00e3o de &#8220;dizer o direito&#8221;, de aplicar as leis, assim n\u00e3o o fez, simplesmente negando a interpreta\u00e7\u00e3o dos ditames constitucionais e disposi\u00e7\u00f5es supranacionais de direitos humanos.<\/p>\n<p>J\u00e1 foi noticiado que o Minist\u00e9rio P\u00fablico Federal recorreu dessa decis\u00e3o, mas precisamos ficar atentos a essas manobras que perseguem, acuam e tentam destruir o que n\u00e3o est\u00e1 de acordo com o que o fundamentalismo religioso determina como correto. E n\u00e3o resta d\u00favida de que essa decis\u00e3o judicial \u00e9 fruto do fundamentalismo religioso que avan\u00e7a sobre os poderes da Rep\u00fablica. N\u00e3o podemos nos esquecer de que todos estamos sob a garantia de que podemos promover reuni\u00f5es livremente para realizar cultos de qualquer denomina\u00e7\u00e3o &#8211; um direito individual e coletivo previsto na Constitui\u00e7\u00e3o Federal, artigo 5\u00ba, inciso VI.<\/p>\n<p>O ataque \u00e0 umbanda e ao candombl\u00e9 \u00e9 tamb\u00e9m um ataque de vi\u00e9s racista por se tratar de religi\u00f5es praticadas sobretudo por pobres e negros. Mas \u00e9, antes, uma disputa de mercado. O que os fundamentalistas pretendem com os ataques \u00e0 Umbanda e ao Candombl\u00e9 \u00e9 atrair os adeptos &#8211; e, logo, o dinheiro deles &#8211; para suas igrejas. E como vivemos sob uma cultura crist\u00e3 hegem\u00f4nica, que se fez na derris\u00e3o e repress\u00e3o das religi\u00f5es ind\u00edgenas e africanas, \u00e9 \u00f3bvio que as igrejas fundamentalistas levam a melhor nessa disputa de mercado e em suas estrat\u00e9gias de difama\u00e7\u00e3o.<\/p>\n<p>O que esperamos do Judici\u00e1rio \u00e9 o m\u00ednimo de justi\u00e7a que possa colocar freios \u00e0 intoler\u00e2ncia e \u00e0 gan\u00e2ncia dessas igrejas e seus pastores; e possa assegurar a pluralidade religiosa pautada no respeito e sem hierarquias entre as religi\u00f5es.<\/p>\n<p><strong>Jean Wyllys<\/strong><\/p>\n","protected":false},"excerpt":{"rendered":"<p>A intoler\u00e2ncia religiosa e os preconceitos em rela\u00e7\u00f5es ao candombl\u00e9 e \u00e0 umbanda sempre infiltraram os poderes da Rep\u00fablica e as institui\u00e7\u00f5es do Estado que se pretende laico. E talvez pelo fato de essa infiltra\u00e7\u00e3o ter sido sempre negligenciada, apesar dos seus efeitos nocivos, ela tenha feito desabar um c\u00f4modo do Judici\u00e1rio: a Justi\u00e7a Federal [&hellip;]<\/p>\n","protected":false},"author":2,"featured_media":10186,"comment_status":"open","ping_status":"closed","sticky":false,"template":"","format":"standard","meta":{"_acf_changed":false,"footnotes":""},"categories":[25],"tags":[],"class_list":["post-10185","post","type-post","status-publish","format-standard","has-post-thumbnail","hentry","category-opina-ai"],"acf":[],"yoast_head":"<!-- This site is optimized with the Yoast SEO plugin v27.5 - https:\/\/yoast.com\/product\/yoast-seo-wordpress\/ -->\n<title>Um freio nos pastores para que as pastorinhas possam viver - Notibras<\/title>\n<meta name=\"robots\" content=\"index, follow, max-snippet:-1, max-image-preview:large, max-video-preview:-1\" \/>\n<link rel=\"canonical\" href=\"https:\/\/www.notibras.com\/site\/um-freio-nos-pastores-ara-que-as-pastorinhas-possam-viver\/\" \/>\n<meta property=\"og:locale\" content=\"pt_BR\" \/>\n<meta property=\"og:type\" content=\"article\" \/>\n<meta property=\"og:title\" content=\"Um freio nos pastores para que as pastorinhas possam viver - Notibras\" \/>\n<meta property=\"og:description\" content=\"A intoler\u00e2ncia religiosa e os preconceitos em rela\u00e7\u00f5es ao candombl\u00e9 e \u00e0 umbanda sempre infiltraram os poderes da Rep\u00fablica e as institui\u00e7\u00f5es do Estado que se pretende laico. E talvez pelo fato de essa infiltra\u00e7\u00e3o ter sido sempre negligenciada, apesar dos seus efeitos nocivos, ela tenha feito desabar um c\u00f4modo do Judici\u00e1rio: a Justi\u00e7a Federal [&hellip;]\" \/>\n<meta property=\"og:url\" content=\"https:\/\/www.notibras.com\/site\/um-freio-nos-pastores-ara-que-as-pastorinhas-possam-viver\/\" \/>\n<meta property=\"og:site_name\" content=\"Notibras\" \/>\n<meta property=\"article:publisher\" content=\"https:\/\/www.facebook.com\/notibras\/\" \/>\n<meta property=\"article:published_time\" content=\"2014-05-20T14:51:11+00:00\" \/>\n<meta property=\"article:modified_time\" content=\"2014-05-20T14:51:36+00:00\" \/>\n<meta property=\"og:image\" content=\"https:\/\/www.notibras.com\/site\/wp-content\/uploads\/2014\/05\/candomble-bahia-x.jpg\" \/>\n\t<meta property=\"og:image:width\" content=\"650\" \/>\n\t<meta property=\"og:image:height\" content=\"425\" \/>\n\t<meta property=\"og:image:type\" content=\"image\/jpeg\" \/>\n<meta name=\"author\" content=\"Reda\u00e7\u00e3o\" \/>\n<meta name=\"twitter:card\" content=\"summary_large_image\" \/>\n<meta name=\"twitter:creator\" content=\"@Notibras\" \/>\n<meta name=\"twitter:site\" content=\"@Notibras\" \/>\n<meta name=\"twitter:label1\" content=\"Escrito por\" \/>\n\t<meta name=\"twitter:data1\" content=\"Reda\u00e7\u00e3o\" \/>\n\t<meta name=\"twitter:label2\" content=\"Est. tempo de leitura\" \/>\n\t<meta name=\"twitter:data2\" content=\"5 minutos\" \/>\n<script type=\"application\/ld+json\" class=\"yoast-schema-graph\">{\"@context\":\"https:\\\/\\\/schema.org\",\"@graph\":[{\"@type\":\"Article\",\"@id\":\"https:\\\/\\\/www.notibras.com\\\/site\\\/um-freio-nos-pastores-ara-que-as-pastorinhas-possam-viver\\\/#article\",\"isPartOf\":{\"@id\":\"https:\\\/\\\/www.notibras.com\\\/site\\\/um-freio-nos-pastores-ara-que-as-pastorinhas-possam-viver\\\/\"},\"author\":{\"name\":\"Reda\u00e7\u00e3o\",\"@id\":\"https:\\\/\\\/www.notibras.com\\\/site\\\/#\\\/schema\\\/person\\\/36ab0979449956132d3e5b517ea76ac8\"},\"headline\":\"Um freio nos pastores para que as pastorinhas possam viver\",\"datePublished\":\"2014-05-20T14:51:11+00:00\",\"dateModified\":\"2014-05-20T14:51:36+00:00\",\"mainEntityOfPage\":{\"@id\":\"https:\\\/\\\/www.notibras.com\\\/site\\\/um-freio-nos-pastores-ara-que-as-pastorinhas-possam-viver\\\/\"},\"wordCount\":1021,\"commentCount\":0,\"publisher\":{\"@id\":\"https:\\\/\\\/www.notibras.com\\\/site\\\/#organization\"},\"image\":{\"@id\":\"https:\\\/\\\/www.notibras.com\\\/site\\\/um-freio-nos-pastores-ara-que-as-pastorinhas-possam-viver\\\/#primaryimage\"},\"thumbnailUrl\":\"https:\\\/\\\/www.notibras.com\\\/site\\\/wp-content\\\/uploads\\\/2014\\\/05\\\/candomble-bahia-x.jpg\",\"articleSection\":[\"Opina a\u00ed\"],\"inLanguage\":\"pt-BR\",\"potentialAction\":[{\"@type\":\"CommentAction\",\"name\":\"Comment\",\"target\":[\"https:\\\/\\\/www.notibras.com\\\/site\\\/um-freio-nos-pastores-ara-que-as-pastorinhas-possam-viver\\\/#respond\"]}]},{\"@type\":\"WebPage\",\"@id\":\"https:\\\/\\\/www.notibras.com\\\/site\\\/um-freio-nos-pastores-ara-que-as-pastorinhas-possam-viver\\\/\",\"url\":\"https:\\\/\\\/www.notibras.com\\\/site\\\/um-freio-nos-pastores-ara-que-as-pastorinhas-possam-viver\\\/\",\"name\":\"Um freio nos pastores para que as pastorinhas possam viver - Notibras\",\"isPartOf\":{\"@id\":\"https:\\\/\\\/www.notibras.com\\\/site\\\/#website\"},\"primaryImageOfPage\":{\"@id\":\"https:\\\/\\\/www.notibras.com\\\/site\\\/um-freio-nos-pastores-ara-que-as-pastorinhas-possam-viver\\\/#primaryimage\"},\"image\":{\"@id\":\"https:\\\/\\\/www.notibras.com\\\/site\\\/um-freio-nos-pastores-ara-que-as-pastorinhas-possam-viver\\\/#primaryimage\"},\"thumbnailUrl\":\"https:\\\/\\\/www.notibras.com\\\/site\\\/wp-content\\\/uploads\\\/2014\\\/05\\\/candomble-bahia-x.jpg\",\"datePublished\":\"2014-05-20T14:51:11+00:00\",\"dateModified\":\"2014-05-20T14:51:36+00:00\",\"breadcrumb\":{\"@id\":\"https:\\\/\\\/www.notibras.com\\\/site\\\/um-freio-nos-pastores-ara-que-as-pastorinhas-possam-viver\\\/#breadcrumb\"},\"inLanguage\":\"pt-BR\",\"potentialAction\":[{\"@type\":\"ReadAction\",\"target\":[\"https:\\\/\\\/www.notibras.com\\\/site\\\/um-freio-nos-pastores-ara-que-as-pastorinhas-possam-viver\\\/\"]}]},{\"@type\":\"ImageObject\",\"inLanguage\":\"pt-BR\",\"@id\":\"https:\\\/\\\/www.notibras.com\\\/site\\\/um-freio-nos-pastores-ara-que-as-pastorinhas-possam-viver\\\/#primaryimage\",\"url\":\"https:\\\/\\\/www.notibras.com\\\/site\\\/wp-content\\\/uploads\\\/2014\\\/05\\\/candomble-bahia-x.jpg\",\"contentUrl\":\"https:\\\/\\\/www.notibras.com\\\/site\\\/wp-content\\\/uploads\\\/2014\\\/05\\\/candomble-bahia-x.jpg\",\"width\":650,\"height\":425},{\"@type\":\"BreadcrumbList\",\"@id\":\"https:\\\/\\\/www.notibras.com\\\/site\\\/um-freio-nos-pastores-ara-que-as-pastorinhas-possam-viver\\\/#breadcrumb\",\"itemListElement\":[{\"@type\":\"ListItem\",\"position\":1,\"name\":\"In\u00edcio\",\"item\":\"https:\\\/\\\/www.notibras.com\\\/site\\\/\"},{\"@type\":\"ListItem\",\"position\":2,\"name\":\"Um freio nos pastores para que as pastorinhas possam viver\"}]},{\"@type\":\"WebSite\",\"@id\":\"https:\\\/\\\/www.notibras.com\\\/site\\\/#website\",\"url\":\"https:\\\/\\\/www.notibras.com\\\/site\\\/\",\"name\":\"Notibras\",\"description\":\"Not\u00edcias de Bras\u00edlia, do Brasil e do Mundo\",\"publisher\":{\"@id\":\"https:\\\/\\\/www.notibras.com\\\/site\\\/#organization\"},\"potentialAction\":[{\"@type\":\"SearchAction\",\"target\":{\"@type\":\"EntryPoint\",\"urlTemplate\":\"https:\\\/\\\/www.notibras.com\\\/site\\\/?s={search_term_string}\"},\"query-input\":{\"@type\":\"PropertyValueSpecification\",\"valueRequired\":true,\"valueName\":\"search_term_string\"}}],\"inLanguage\":\"pt-BR\"},{\"@type\":\"Organization\",\"@id\":\"https:\\\/\\\/www.notibras.com\\\/site\\\/#organization\",\"name\":\"Grupo Notibras de Comunica\u00e7\u00e3o\",\"url\":\"https:\\\/\\\/www.notibras.com\\\/site\\\/\",\"logo\":{\"@type\":\"ImageObject\",\"inLanguage\":\"pt-BR\",\"@id\":\"https:\\\/\\\/www.notibras.com\\\/site\\\/#\\\/schema\\\/logo\\\/image\\\/\",\"url\":\"https:\\\/\\\/www.notibras.com\\\/site\\\/wp-content\\\/uploads\\\/2023\\\/01\\\/notibras23.png\",\"contentUrl\":\"https:\\\/\\\/www.notibras.com\\\/site\\\/wp-content\\\/uploads\\\/2023\\\/01\\\/notibras23.png\",\"width\":350,\"height\":87,\"caption\":\"Grupo Notibras de Comunica\u00e7\u00e3o\"},\"image\":{\"@id\":\"https:\\\/\\\/www.notibras.com\\\/site\\\/#\\\/schema\\\/logo\\\/image\\\/\"},\"sameAs\":[\"https:\\\/\\\/www.facebook.com\\\/notibras\\\/\",\"https:\\\/\\\/x.com\\\/Notibras\",\"https:\\\/\\\/www.instagram.com\\\/notibras\\\/\"]},{\"@type\":\"Person\",\"@id\":\"https:\\\/\\\/www.notibras.com\\\/site\\\/#\\\/schema\\\/person\\\/36ab0979449956132d3e5b517ea76ac8\",\"name\":\"Reda\u00e7\u00e3o\",\"image\":{\"@type\":\"ImageObject\",\"inLanguage\":\"pt-BR\",\"@id\":\"https:\\\/\\\/secure.gravatar.com\\\/avatar\\\/e0a867bdedb85fd243eadf09663511f96fc81e0720a4a42581f334ad4303aa6b?s=96&d=mm&r=g\",\"url\":\"https:\\\/\\\/secure.gravatar.com\\\/avatar\\\/e0a867bdedb85fd243eadf09663511f96fc81e0720a4a42581f334ad4303aa6b?s=96&d=mm&r=g\",\"contentUrl\":\"https:\\\/\\\/secure.gravatar.com\\\/avatar\\\/e0a867bdedb85fd243eadf09663511f96fc81e0720a4a42581f334ad4303aa6b?s=96&d=mm&r=g\",\"caption\":\"Reda\u00e7\u00e3o\"}}]}<\/script>\n<!-- \/ Yoast SEO plugin. -->","yoast_head_json":{"title":"Um freio nos pastores para que as pastorinhas possam viver - Notibras","robots":{"index":"index","follow":"follow","max-snippet":"max-snippet:-1","max-image-preview":"max-image-preview:large","max-video-preview":"max-video-preview:-1"},"canonical":"https:\/\/www.notibras.com\/site\/um-freio-nos-pastores-ara-que-as-pastorinhas-possam-viver\/","og_locale":"pt_BR","og_type":"article","og_title":"Um freio nos pastores para que as pastorinhas possam viver - Notibras","og_description":"A intoler\u00e2ncia religiosa e os preconceitos em rela\u00e7\u00f5es ao candombl\u00e9 e \u00e0 umbanda sempre infiltraram os poderes da Rep\u00fablica e as institui\u00e7\u00f5es do Estado que se pretende laico. E talvez pelo fato de essa infiltra\u00e7\u00e3o ter sido sempre negligenciada, apesar dos seus efeitos nocivos, ela tenha feito desabar um c\u00f4modo do Judici\u00e1rio: a Justi\u00e7a Federal [&hellip;]","og_url":"https:\/\/www.notibras.com\/site\/um-freio-nos-pastores-ara-que-as-pastorinhas-possam-viver\/","og_site_name":"Notibras","article_publisher":"https:\/\/www.facebook.com\/notibras\/","article_published_time":"2014-05-20T14:51:11+00:00","article_modified_time":"2014-05-20T14:51:36+00:00","og_image":[{"width":650,"height":425,"url":"https:\/\/www.notibras.com\/site\/wp-content\/uploads\/2014\/05\/candomble-bahia-x.jpg","type":"image\/jpeg"}],"author":"Reda\u00e7\u00e3o","twitter_card":"summary_large_image","twitter_creator":"@Notibras","twitter_site":"@Notibras","twitter_misc":{"Escrito por":"Reda\u00e7\u00e3o","Est. tempo de leitura":"5 minutos"},"schema":{"@context":"https:\/\/schema.org","@graph":[{"@type":"Article","@id":"https:\/\/www.notibras.com\/site\/um-freio-nos-pastores-ara-que-as-pastorinhas-possam-viver\/#article","isPartOf":{"@id":"https:\/\/www.notibras.com\/site\/um-freio-nos-pastores-ara-que-as-pastorinhas-possam-viver\/"},"author":{"name":"Reda\u00e7\u00e3o","@id":"https:\/\/www.notibras.com\/site\/#\/schema\/person\/36ab0979449956132d3e5b517ea76ac8"},"headline":"Um freio nos pastores para que as pastorinhas possam viver","datePublished":"2014-05-20T14:51:11+00:00","dateModified":"2014-05-20T14:51:36+00:00","mainEntityOfPage":{"@id":"https:\/\/www.notibras.com\/site\/um-freio-nos-pastores-ara-que-as-pastorinhas-possam-viver\/"},"wordCount":1021,"commentCount":0,"publisher":{"@id":"https:\/\/www.notibras.com\/site\/#organization"},"image":{"@id":"https:\/\/www.notibras.com\/site\/um-freio-nos-pastores-ara-que-as-pastorinhas-possam-viver\/#primaryimage"},"thumbnailUrl":"https:\/\/www.notibras.com\/site\/wp-content\/uploads\/2014\/05\/candomble-bahia-x.jpg","articleSection":["Opina a\u00ed"],"inLanguage":"pt-BR","potentialAction":[{"@type":"CommentAction","name":"Comment","target":["https:\/\/www.notibras.com\/site\/um-freio-nos-pastores-ara-que-as-pastorinhas-possam-viver\/#respond"]}]},{"@type":"WebPage","@id":"https:\/\/www.notibras.com\/site\/um-freio-nos-pastores-ara-que-as-pastorinhas-possam-viver\/","url":"https:\/\/www.notibras.com\/site\/um-freio-nos-pastores-ara-que-as-pastorinhas-possam-viver\/","name":"Um freio nos pastores para que as pastorinhas possam viver - Notibras","isPartOf":{"@id":"https:\/\/www.notibras.com\/site\/#website"},"primaryImageOfPage":{"@id":"https:\/\/www.notibras.com\/site\/um-freio-nos-pastores-ara-que-as-pastorinhas-possam-viver\/#primaryimage"},"image":{"@id":"https:\/\/www.notibras.com\/site\/um-freio-nos-pastores-ara-que-as-pastorinhas-possam-viver\/#primaryimage"},"thumbnailUrl":"https:\/\/www.notibras.com\/site\/wp-content\/uploads\/2014\/05\/candomble-bahia-x.jpg","datePublished":"2014-05-20T14:51:11+00:00","dateModified":"2014-05-20T14:51:36+00:00","breadcrumb":{"@id":"https:\/\/www.notibras.com\/site\/um-freio-nos-pastores-ara-que-as-pastorinhas-possam-viver\/#breadcrumb"},"inLanguage":"pt-BR","potentialAction":[{"@type":"ReadAction","target":["https:\/\/www.notibras.com\/site\/um-freio-nos-pastores-ara-que-as-pastorinhas-possam-viver\/"]}]},{"@type":"ImageObject","inLanguage":"pt-BR","@id":"https:\/\/www.notibras.com\/site\/um-freio-nos-pastores-ara-que-as-pastorinhas-possam-viver\/#primaryimage","url":"https:\/\/www.notibras.com\/site\/wp-content\/uploads\/2014\/05\/candomble-bahia-x.jpg","contentUrl":"https:\/\/www.notibras.com\/site\/wp-content\/uploads\/2014\/05\/candomble-bahia-x.jpg","width":650,"height":425},{"@type":"BreadcrumbList","@id":"https:\/\/www.notibras.com\/site\/um-freio-nos-pastores-ara-que-as-pastorinhas-possam-viver\/#breadcrumb","itemListElement":[{"@type":"ListItem","position":1,"name":"In\u00edcio","item":"https:\/\/www.notibras.com\/site\/"},{"@type":"ListItem","position":2,"name":"Um freio nos pastores para que as pastorinhas possam viver"}]},{"@type":"WebSite","@id":"https:\/\/www.notibras.com\/site\/#website","url":"https:\/\/www.notibras.com\/site\/","name":"Notibras","description":"Not\u00edcias de Bras\u00edlia, do Brasil e do Mundo","publisher":{"@id":"https:\/\/www.notibras.com\/site\/#organization"},"potentialAction":[{"@type":"SearchAction","target":{"@type":"EntryPoint","urlTemplate":"https:\/\/www.notibras.com\/site\/?s={search_term_string}"},"query-input":{"@type":"PropertyValueSpecification","valueRequired":true,"valueName":"search_term_string"}}],"inLanguage":"pt-BR"},{"@type":"Organization","@id":"https:\/\/www.notibras.com\/site\/#organization","name":"Grupo Notibras de Comunica\u00e7\u00e3o","url":"https:\/\/www.notibras.com\/site\/","logo":{"@type":"ImageObject","inLanguage":"pt-BR","@id":"https:\/\/www.notibras.com\/site\/#\/schema\/logo\/image\/","url":"https:\/\/www.notibras.com\/site\/wp-content\/uploads\/2023\/01\/notibras23.png","contentUrl":"https:\/\/www.notibras.com\/site\/wp-content\/uploads\/2023\/01\/notibras23.png","width":350,"height":87,"caption":"Grupo Notibras de Comunica\u00e7\u00e3o"},"image":{"@id":"https:\/\/www.notibras.com\/site\/#\/schema\/logo\/image\/"},"sameAs":["https:\/\/www.facebook.com\/notibras\/","https:\/\/x.com\/Notibras","https:\/\/www.instagram.com\/notibras\/"]},{"@type":"Person","@id":"https:\/\/www.notibras.com\/site\/#\/schema\/person\/36ab0979449956132d3e5b517ea76ac8","name":"Reda\u00e7\u00e3o","image":{"@type":"ImageObject","inLanguage":"pt-BR","@id":"https:\/\/secure.gravatar.com\/avatar\/e0a867bdedb85fd243eadf09663511f96fc81e0720a4a42581f334ad4303aa6b?s=96&d=mm&r=g","url":"https:\/\/secure.gravatar.com\/avatar\/e0a867bdedb85fd243eadf09663511f96fc81e0720a4a42581f334ad4303aa6b?s=96&d=mm&r=g","contentUrl":"https:\/\/secure.gravatar.com\/avatar\/e0a867bdedb85fd243eadf09663511f96fc81e0720a4a42581f334ad4303aa6b?s=96&d=mm&r=g","caption":"Reda\u00e7\u00e3o"}}]}},"amp_enabled":true,"_links":{"self":[{"href":"https:\/\/www.notibras.com\/site\/wp-json\/wp\/v2\/posts\/10185","targetHints":{"allow":["GET"]}}],"collection":[{"href":"https:\/\/www.notibras.com\/site\/wp-json\/wp\/v2\/posts"}],"about":[{"href":"https:\/\/www.notibras.com\/site\/wp-json\/wp\/v2\/types\/post"}],"author":[{"embeddable":true,"href":"https:\/\/www.notibras.com\/site\/wp-json\/wp\/v2\/users\/2"}],"replies":[{"embeddable":true,"href":"https:\/\/www.notibras.com\/site\/wp-json\/wp\/v2\/comments?post=10185"}],"version-history":[{"count":0,"href":"https:\/\/www.notibras.com\/site\/wp-json\/wp\/v2\/posts\/10185\/revisions"}],"wp:featuredmedia":[{"embeddable":true,"href":"https:\/\/www.notibras.com\/site\/wp-json\/wp\/v2\/media\/10186"}],"wp:attachment":[{"href":"https:\/\/www.notibras.com\/site\/wp-json\/wp\/v2\/media?parent=10185"}],"wp:term":[{"taxonomy":"category","embeddable":true,"href":"https:\/\/www.notibras.com\/site\/wp-json\/wp\/v2\/categories?post=10185"},{"taxonomy":"post_tag","embeddable":true,"href":"https:\/\/www.notibras.com\/site\/wp-json\/wp\/v2\/tags?post=10185"}],"curies":[{"name":"wp","href":"https:\/\/api.w.org\/{rel}","templated":true}]}}