{"id":101872,"date":"2016-05-18T08:38:27","date_gmt":"2016-05-18T11:38:27","guid":{"rendered":"http:\/\/www.notibras.com\/site\/?p=101872"},"modified":"2016-05-18T08:38:27","modified_gmt":"2016-05-18T11:38:27","slug":"de-crise-em-crise-brasil-cresce-para-adotar-o-parlamentarismo","status":"publish","type":"post","link":"https:\/\/www.notibras.com\/site\/de-crise-em-crise-brasil-cresce-para-adotar-o-parlamentarismo\/","title":{"rendered":"De crise em crise, Brasil cresce para adotar o parlamentarismo"},"content":{"rendered":"<p><strong>Luiz Antonio Sampaio Gouveia<\/strong><\/p>\n<p>Na quinta-feira (12), data em que o Senado aprovou a admissibilidade do processo de impeachment da presidente Dilma Rousseff, o ministro do STF Gilmar Mendes \u2014 que acaba de assumir a presid\u00eancia do Tribunal Superior Eleitoral \u2014, declarou que, entendendo n\u00e3o ser excepcional o uso do instituto do impeachment em nossa vida institucional, seria necess\u00e1ria uma nova lei para disciplinar o tema \u2013 em substitui\u00e7\u00e3o \u00e0 atual, que \u00e9 a Lei n\u00ba 1.079, de 10 de abril de 1950.<\/p>\n<p>N\u00e3o \u00e9 que n\u00e3o se deva ter um diploma legal atualizado para adequar o instituto do impeachment ao contexto contempor\u00e2neo do Brasil, mas o ministro n\u00e3o pode estar certo quando admite ser corriqueiro o impeachment na vida institucional brasileira.<\/p>\n<p>Em princ\u00edpio, n\u00e3o se deve trocar um presidente da Rep\u00fablica como se muda de camisa, de um dia para o outro. Muito embora n\u00e3o se possa ser partid\u00e1rio de um constitucionalismo m\u00edtico, o respeito \u00e9 devido ao supremo mandat\u00e1rio da na\u00e7\u00e3o. N\u00e3o \u00e9 pr\u00f3prio ver-se o presidente como algu\u00e9m submetido \u00e0s vicissitudes de um banco de reservas. O presidente da Rep\u00fablica, seja quem for ou tenha sido, merece respeito.<\/p>\n<p>Assim, vem a prop\u00f3sito outra reflex\u00e3o, esta sobre o parlamentarismo. No sistema parlamentarista, o presidente da Rep\u00fablica \u00e9 o chefe de Estado, enquanto o chefe de governo \u00e9 o primeiro-ministro. Logo, em uma situa\u00e7\u00e3o de desgoverno, como se deu no caso do governo Dilma, quem teria sido apeado seria o primeiro-ministro, que teria conduzido mal a gest\u00e3o do pa\u00eds. Jamais o presidente da Rep\u00fablica, que seria o representante da na\u00e7\u00e3o e express\u00e3o de sua identidade pol\u00edtica, jur\u00eddica e \u00e9tica.<\/p>\n<p>Efetivamente, nenhum momento em que se propugna o impeachment de um presidente da Rep\u00fablica \u00e9 absolutamente salutar para qualquer comunidade nacional. Os que temem o parlamentarismo carecem de reflex\u00e3o pela maioridade pol\u00edtica que o Brasil est\u00e1 resgatando com esta crise atual.<\/p>\n<p>Alguns o viveram na malfadada experi\u00eancia de 1961. Outros, tamb\u00e9m traumatizados, no esp\u00edrito, pela s\u00e9rie de rupturas institucionais do passado, em que as For\u00e7as Armadas foram o grande \u00e1rbitro das diverg\u00eancias pol\u00edticas brasileiras \u2013desde a abdica\u00e7\u00e3o de Pedro I, passando pela Proclama\u00e7\u00e3o da Rep\u00fablica, pela Revolu\u00e7\u00e3o de 1930, pela deposi\u00e7\u00e3o de Vargas, pelo golpe de 55, em prol da democracia e pelo movimento de 64.<\/p>\n<p>De fato, o parto da crise atual est\u00e1 se encaminhando para solucionar os impasses vividos, sem afetar a funcionalidade das institui\u00e7\u00f5es. Isso demonstra que o pa\u00eds est\u00e1 pronto para a pr\u00e1tica do parlamentarismo.<\/p>\n<p>N\u00e3o h\u00e1 mais aquilo que desequilibra as gera\u00e7\u00f5es que viveram a experi\u00eancia traum\u00e1tica, porque fraudat\u00f3ria, do Parlamentarismo de 1961. Cada dia uma crise, e a cada momento um novo governo a abalar a seguran\u00e7a jur\u00eddica, fiscal e econ\u00f4mica.<\/p>\n<p>O pa\u00eds, gra\u00e7as \u00e0 Constitui\u00e7\u00e3o de 1988, est\u00e1 pronto para viver a experi\u00eancia parlamentarista. Como a vivem civilizadamente, os pa\u00edses da OCDE (Organiza\u00e7\u00e3o para Coopera\u00e7\u00e3o e Desenvolvimento Econ\u00f4mico), paradigmas dos mais expressivos avan\u00e7os sociais que dignificam a humanidade.<\/p>\n","protected":false},"excerpt":{"rendered":"<p>Luiz Antonio Sampaio Gouveia Na quinta-feira (12), data em que o Senado aprovou a admissibilidade do processo de impeachment da presidente Dilma Rousseff, o ministro do STF Gilmar Mendes \u2014 que acaba de assumir a presid\u00eancia do Tribunal Superior Eleitoral \u2014, declarou que, entendendo n\u00e3o ser excepcional o uso do instituto do impeachment em nossa [&hellip;]<\/p>\n","protected":false},"author":2,"featured_media":101873,"comment_status":"open","ping_status":"closed","sticky":false,"template":"","format":"standard","meta":{"_acf_changed":false,"footnotes":""},"categories":[25],"tags":[],"class_list":["post-101872","post","type-post","status-publish","format-standard","has-post-thumbnail","hentry","category-opina-ai"],"acf":[],"yoast_head":"<!-- This site is optimized with the Yoast SEO plugin v27.5 - https:\/\/yoast.com\/product\/yoast-seo-wordpress\/ -->\n<title>De crise em crise, Brasil cresce para adotar o parlamentarismo - Notibras<\/title>\n<meta name=\"robots\" content=\"index, follow, max-snippet:-1, max-image-preview:large, max-video-preview:-1\" \/>\n<link rel=\"canonical\" href=\"https:\/\/www.notibras.com\/site\/de-crise-em-crise-brasil-cresce-para-adotar-o-parlamentarismo\/\" \/>\n<meta property=\"og:locale\" content=\"pt_BR\" \/>\n<meta property=\"og:type\" content=\"article\" \/>\n<meta property=\"og:title\" content=\"De crise em crise, Brasil cresce para adotar o parlamentarismo - Notibras\" \/>\n<meta property=\"og:description\" content=\"Luiz Antonio Sampaio Gouveia Na quinta-feira (12), data em que o Senado aprovou a admissibilidade do processo de impeachment da presidente Dilma Rousseff, o ministro do STF Gilmar Mendes \u2014 que acaba de assumir a presid\u00eancia do Tribunal Superior Eleitoral \u2014, declarou que, entendendo n\u00e3o ser excepcional o uso do instituto do impeachment em nossa [&hellip;]\" \/>\n<meta property=\"og:url\" content=\"https:\/\/www.notibras.com\/site\/de-crise-em-crise-brasil-cresce-para-adotar-o-parlamentarismo\/\" \/>\n<meta property=\"og:site_name\" content=\"Notibras\" \/>\n<meta property=\"article:publisher\" content=\"https:\/\/www.facebook.com\/notibras\/\" \/>\n<meta property=\"article:published_time\" content=\"2016-05-18T11:38:27+00:00\" \/>\n<meta property=\"og:image\" content=\"https:\/\/www.notibras.com\/site\/wp-content\/uploads\/2016\/05\/Congresso_Nacional_-_Bras\u00edlia.jpg\" \/>\n\t<meta property=\"og:image:width\" content=\"1728\" \/>\n\t<meta property=\"og:image:height\" content=\"1152\" \/>\n\t<meta property=\"og:image:type\" content=\"image\/jpeg\" \/>\n<meta name=\"author\" content=\"Reda\u00e7\u00e3o\" \/>\n<meta name=\"twitter:card\" content=\"summary_large_image\" \/>\n<meta name=\"twitter:creator\" content=\"@Notibras\" \/>\n<meta name=\"twitter:site\" content=\"@Notibras\" \/>\n<meta name=\"twitter:label1\" content=\"Escrito por\" \/>\n\t<meta name=\"twitter:data1\" content=\"Reda\u00e7\u00e3o\" \/>\n\t<meta name=\"twitter:label2\" content=\"Est. tempo de leitura\" \/>\n\t<meta name=\"twitter:data2\" content=\"3 minutos\" \/>\n<script type=\"application\/ld+json\" class=\"yoast-schema-graph\">{\"@context\":\"https:\\\/\\\/schema.org\",\"@graph\":[{\"@type\":\"Article\",\"@id\":\"https:\\\/\\\/www.notibras.com\\\/site\\\/de-crise-em-crise-brasil-cresce-para-adotar-o-parlamentarismo\\\/#article\",\"isPartOf\":{\"@id\":\"https:\\\/\\\/www.notibras.com\\\/site\\\/de-crise-em-crise-brasil-cresce-para-adotar-o-parlamentarismo\\\/\"},\"author\":{\"name\":\"Reda\u00e7\u00e3o\",\"@id\":\"https:\\\/\\\/www.notibras.com\\\/site\\\/#\\\/schema\\\/person\\\/36ab0979449956132d3e5b517ea76ac8\"},\"headline\":\"De crise em crise, Brasil cresce para adotar o parlamentarismo\",\"datePublished\":\"2016-05-18T11:38:27+00:00\",\"mainEntityOfPage\":{\"@id\":\"https:\\\/\\\/www.notibras.com\\\/site\\\/de-crise-em-crise-brasil-cresce-para-adotar-o-parlamentarismo\\\/\"},\"wordCount\":539,\"commentCount\":0,\"publisher\":{\"@id\":\"https:\\\/\\\/www.notibras.com\\\/site\\\/#organization\"},\"image\":{\"@id\":\"https:\\\/\\\/www.notibras.com\\\/site\\\/de-crise-em-crise-brasil-cresce-para-adotar-o-parlamentarismo\\\/#primaryimage\"},\"thumbnailUrl\":\"https:\\\/\\\/www.notibras.com\\\/site\\\/wp-content\\\/uploads\\\/2016\\\/05\\\/Congresso_Nacional_-_Bras\u00edlia.jpg\",\"articleSection\":[\"Opina a\u00ed\"],\"inLanguage\":\"pt-BR\",\"potentialAction\":[{\"@type\":\"CommentAction\",\"name\":\"Comment\",\"target\":[\"https:\\\/\\\/www.notibras.com\\\/site\\\/de-crise-em-crise-brasil-cresce-para-adotar-o-parlamentarismo\\\/#respond\"]}]},{\"@type\":\"WebPage\",\"@id\":\"https:\\\/\\\/www.notibras.com\\\/site\\\/de-crise-em-crise-brasil-cresce-para-adotar-o-parlamentarismo\\\/\",\"url\":\"https:\\\/\\\/www.notibras.com\\\/site\\\/de-crise-em-crise-brasil-cresce-para-adotar-o-parlamentarismo\\\/\",\"name\":\"De crise em crise, Brasil cresce para adotar o parlamentarismo - Notibras\",\"isPartOf\":{\"@id\":\"https:\\\/\\\/www.notibras.com\\\/site\\\/#website\"},\"primaryImageOfPage\":{\"@id\":\"https:\\\/\\\/www.notibras.com\\\/site\\\/de-crise-em-crise-brasil-cresce-para-adotar-o-parlamentarismo\\\/#primaryimage\"},\"image\":{\"@id\":\"https:\\\/\\\/www.notibras.com\\\/site\\\/de-crise-em-crise-brasil-cresce-para-adotar-o-parlamentarismo\\\/#primaryimage\"},\"thumbnailUrl\":\"https:\\\/\\\/www.notibras.com\\\/site\\\/wp-content\\\/uploads\\\/2016\\\/05\\\/Congresso_Nacional_-_Bras\u00edlia.jpg\",\"datePublished\":\"2016-05-18T11:38:27+00:00\",\"breadcrumb\":{\"@id\":\"https:\\\/\\\/www.notibras.com\\\/site\\\/de-crise-em-crise-brasil-cresce-para-adotar-o-parlamentarismo\\\/#breadcrumb\"},\"inLanguage\":\"pt-BR\",\"potentialAction\":[{\"@type\":\"ReadAction\",\"target\":[\"https:\\\/\\\/www.notibras.com\\\/site\\\/de-crise-em-crise-brasil-cresce-para-adotar-o-parlamentarismo\\\/\"]}]},{\"@type\":\"ImageObject\",\"inLanguage\":\"pt-BR\",\"@id\":\"https:\\\/\\\/www.notibras.com\\\/site\\\/de-crise-em-crise-brasil-cresce-para-adotar-o-parlamentarismo\\\/#primaryimage\",\"url\":\"https:\\\/\\\/www.notibras.com\\\/site\\\/wp-content\\\/uploads\\\/2016\\\/05\\\/Congresso_Nacional_-_Bras\u00edlia.jpg\",\"contentUrl\":\"https:\\\/\\\/www.notibras.com\\\/site\\\/wp-content\\\/uploads\\\/2016\\\/05\\\/Congresso_Nacional_-_Bras\u00edlia.jpg\",\"width\":1728,\"height\":1152},{\"@type\":\"BreadcrumbList\",\"@id\":\"https:\\\/\\\/www.notibras.com\\\/site\\\/de-crise-em-crise-brasil-cresce-para-adotar-o-parlamentarismo\\\/#breadcrumb\",\"itemListElement\":[{\"@type\":\"ListItem\",\"position\":1,\"name\":\"In\u00edcio\",\"item\":\"https:\\\/\\\/www.notibras.com\\\/site\\\/\"},{\"@type\":\"ListItem\",\"position\":2,\"name\":\"De crise em crise, Brasil cresce para adotar o parlamentarismo\"}]},{\"@type\":\"WebSite\",\"@id\":\"https:\\\/\\\/www.notibras.com\\\/site\\\/#website\",\"url\":\"https:\\\/\\\/www.notibras.com\\\/site\\\/\",\"name\":\"Notibras\",\"description\":\"Not\u00edcias de Bras\u00edlia, do Brasil e do Mundo\",\"publisher\":{\"@id\":\"https:\\\/\\\/www.notibras.com\\\/site\\\/#organization\"},\"potentialAction\":[{\"@type\":\"SearchAction\",\"target\":{\"@type\":\"EntryPoint\",\"urlTemplate\":\"https:\\\/\\\/www.notibras.com\\\/site\\\/?s={search_term_string}\"},\"query-input\":{\"@type\":\"PropertyValueSpecification\",\"valueRequired\":true,\"valueName\":\"search_term_string\"}}],\"inLanguage\":\"pt-BR\"},{\"@type\":\"Organization\",\"@id\":\"https:\\\/\\\/www.notibras.com\\\/site\\\/#organization\",\"name\":\"Grupo Notibras de Comunica\u00e7\u00e3o\",\"url\":\"https:\\\/\\\/www.notibras.com\\\/site\\\/\",\"logo\":{\"@type\":\"ImageObject\",\"inLanguage\":\"pt-BR\",\"@id\":\"https:\\\/\\\/www.notibras.com\\\/site\\\/#\\\/schema\\\/logo\\\/image\\\/\",\"url\":\"https:\\\/\\\/www.notibras.com\\\/site\\\/wp-content\\\/uploads\\\/2023\\\/01\\\/notibras23.png\",\"contentUrl\":\"https:\\\/\\\/www.notibras.com\\\/site\\\/wp-content\\\/uploads\\\/2023\\\/01\\\/notibras23.png\",\"width\":350,\"height\":87,\"caption\":\"Grupo Notibras de Comunica\u00e7\u00e3o\"},\"image\":{\"@id\":\"https:\\\/\\\/www.notibras.com\\\/site\\\/#\\\/schema\\\/logo\\\/image\\\/\"},\"sameAs\":[\"https:\\\/\\\/www.facebook.com\\\/notibras\\\/\",\"https:\\\/\\\/x.com\\\/Notibras\",\"https:\\\/\\\/www.instagram.com\\\/notibras\\\/\"]},{\"@type\":\"Person\",\"@id\":\"https:\\\/\\\/www.notibras.com\\\/site\\\/#\\\/schema\\\/person\\\/36ab0979449956132d3e5b517ea76ac8\",\"name\":\"Reda\u00e7\u00e3o\",\"image\":{\"@type\":\"ImageObject\",\"inLanguage\":\"pt-BR\",\"@id\":\"https:\\\/\\\/secure.gravatar.com\\\/avatar\\\/e0a867bdedb85fd243eadf09663511f96fc81e0720a4a42581f334ad4303aa6b?s=96&d=mm&r=g\",\"url\":\"https:\\\/\\\/secure.gravatar.com\\\/avatar\\\/e0a867bdedb85fd243eadf09663511f96fc81e0720a4a42581f334ad4303aa6b?s=96&d=mm&r=g\",\"contentUrl\":\"https:\\\/\\\/secure.gravatar.com\\\/avatar\\\/e0a867bdedb85fd243eadf09663511f96fc81e0720a4a42581f334ad4303aa6b?s=96&d=mm&r=g\",\"caption\":\"Reda\u00e7\u00e3o\"}}]}<\/script>\n<!-- \/ Yoast SEO plugin. -->","yoast_head_json":{"title":"De crise em crise, Brasil cresce para adotar o parlamentarismo - Notibras","robots":{"index":"index","follow":"follow","max-snippet":"max-snippet:-1","max-image-preview":"max-image-preview:large","max-video-preview":"max-video-preview:-1"},"canonical":"https:\/\/www.notibras.com\/site\/de-crise-em-crise-brasil-cresce-para-adotar-o-parlamentarismo\/","og_locale":"pt_BR","og_type":"article","og_title":"De crise em crise, Brasil cresce para adotar o parlamentarismo - Notibras","og_description":"Luiz Antonio Sampaio Gouveia Na quinta-feira (12), data em que o Senado aprovou a admissibilidade do processo de impeachment da presidente Dilma Rousseff, o ministro do STF Gilmar Mendes \u2014 que acaba de assumir a presid\u00eancia do Tribunal Superior Eleitoral \u2014, declarou que, entendendo n\u00e3o ser excepcional o uso do instituto do impeachment em nossa [&hellip;]","og_url":"https:\/\/www.notibras.com\/site\/de-crise-em-crise-brasil-cresce-para-adotar-o-parlamentarismo\/","og_site_name":"Notibras","article_publisher":"https:\/\/www.facebook.com\/notibras\/","article_published_time":"2016-05-18T11:38:27+00:00","og_image":[{"width":1728,"height":1152,"url":"https:\/\/www.notibras.com\/site\/wp-content\/uploads\/2016\/05\/Congresso_Nacional_-_Bras\u00edlia.jpg","type":"image\/jpeg"}],"author":"Reda\u00e7\u00e3o","twitter_card":"summary_large_image","twitter_creator":"@Notibras","twitter_site":"@Notibras","twitter_misc":{"Escrito por":"Reda\u00e7\u00e3o","Est. tempo de leitura":"3 minutos"},"schema":{"@context":"https:\/\/schema.org","@graph":[{"@type":"Article","@id":"https:\/\/www.notibras.com\/site\/de-crise-em-crise-brasil-cresce-para-adotar-o-parlamentarismo\/#article","isPartOf":{"@id":"https:\/\/www.notibras.com\/site\/de-crise-em-crise-brasil-cresce-para-adotar-o-parlamentarismo\/"},"author":{"name":"Reda\u00e7\u00e3o","@id":"https:\/\/www.notibras.com\/site\/#\/schema\/person\/36ab0979449956132d3e5b517ea76ac8"},"headline":"De crise em crise, Brasil cresce para adotar o parlamentarismo","datePublished":"2016-05-18T11:38:27+00:00","mainEntityOfPage":{"@id":"https:\/\/www.notibras.com\/site\/de-crise-em-crise-brasil-cresce-para-adotar-o-parlamentarismo\/"},"wordCount":539,"commentCount":0,"publisher":{"@id":"https:\/\/www.notibras.com\/site\/#organization"},"image":{"@id":"https:\/\/www.notibras.com\/site\/de-crise-em-crise-brasil-cresce-para-adotar-o-parlamentarismo\/#primaryimage"},"thumbnailUrl":"https:\/\/www.notibras.com\/site\/wp-content\/uploads\/2016\/05\/Congresso_Nacional_-_Bras\u00edlia.jpg","articleSection":["Opina a\u00ed"],"inLanguage":"pt-BR","potentialAction":[{"@type":"CommentAction","name":"Comment","target":["https:\/\/www.notibras.com\/site\/de-crise-em-crise-brasil-cresce-para-adotar-o-parlamentarismo\/#respond"]}]},{"@type":"WebPage","@id":"https:\/\/www.notibras.com\/site\/de-crise-em-crise-brasil-cresce-para-adotar-o-parlamentarismo\/","url":"https:\/\/www.notibras.com\/site\/de-crise-em-crise-brasil-cresce-para-adotar-o-parlamentarismo\/","name":"De crise em crise, Brasil cresce para adotar o parlamentarismo - Notibras","isPartOf":{"@id":"https:\/\/www.notibras.com\/site\/#website"},"primaryImageOfPage":{"@id":"https:\/\/www.notibras.com\/site\/de-crise-em-crise-brasil-cresce-para-adotar-o-parlamentarismo\/#primaryimage"},"image":{"@id":"https:\/\/www.notibras.com\/site\/de-crise-em-crise-brasil-cresce-para-adotar-o-parlamentarismo\/#primaryimage"},"thumbnailUrl":"https:\/\/www.notibras.com\/site\/wp-content\/uploads\/2016\/05\/Congresso_Nacional_-_Bras\u00edlia.jpg","datePublished":"2016-05-18T11:38:27+00:00","breadcrumb":{"@id":"https:\/\/www.notibras.com\/site\/de-crise-em-crise-brasil-cresce-para-adotar-o-parlamentarismo\/#breadcrumb"},"inLanguage":"pt-BR","potentialAction":[{"@type":"ReadAction","target":["https:\/\/www.notibras.com\/site\/de-crise-em-crise-brasil-cresce-para-adotar-o-parlamentarismo\/"]}]},{"@type":"ImageObject","inLanguage":"pt-BR","@id":"https:\/\/www.notibras.com\/site\/de-crise-em-crise-brasil-cresce-para-adotar-o-parlamentarismo\/#primaryimage","url":"https:\/\/www.notibras.com\/site\/wp-content\/uploads\/2016\/05\/Congresso_Nacional_-_Bras\u00edlia.jpg","contentUrl":"https:\/\/www.notibras.com\/site\/wp-content\/uploads\/2016\/05\/Congresso_Nacional_-_Bras\u00edlia.jpg","width":1728,"height":1152},{"@type":"BreadcrumbList","@id":"https:\/\/www.notibras.com\/site\/de-crise-em-crise-brasil-cresce-para-adotar-o-parlamentarismo\/#breadcrumb","itemListElement":[{"@type":"ListItem","position":1,"name":"In\u00edcio","item":"https:\/\/www.notibras.com\/site\/"},{"@type":"ListItem","position":2,"name":"De crise em crise, Brasil cresce para adotar o parlamentarismo"}]},{"@type":"WebSite","@id":"https:\/\/www.notibras.com\/site\/#website","url":"https:\/\/www.notibras.com\/site\/","name":"Notibras","description":"Not\u00edcias de Bras\u00edlia, do Brasil e do Mundo","publisher":{"@id":"https:\/\/www.notibras.com\/site\/#organization"},"potentialAction":[{"@type":"SearchAction","target":{"@type":"EntryPoint","urlTemplate":"https:\/\/www.notibras.com\/site\/?s={search_term_string}"},"query-input":{"@type":"PropertyValueSpecification","valueRequired":true,"valueName":"search_term_string"}}],"inLanguage":"pt-BR"},{"@type":"Organization","@id":"https:\/\/www.notibras.com\/site\/#organization","name":"Grupo Notibras de Comunica\u00e7\u00e3o","url":"https:\/\/www.notibras.com\/site\/","logo":{"@type":"ImageObject","inLanguage":"pt-BR","@id":"https:\/\/www.notibras.com\/site\/#\/schema\/logo\/image\/","url":"https:\/\/www.notibras.com\/site\/wp-content\/uploads\/2023\/01\/notibras23.png","contentUrl":"https:\/\/www.notibras.com\/site\/wp-content\/uploads\/2023\/01\/notibras23.png","width":350,"height":87,"caption":"Grupo Notibras de Comunica\u00e7\u00e3o"},"image":{"@id":"https:\/\/www.notibras.com\/site\/#\/schema\/logo\/image\/"},"sameAs":["https:\/\/www.facebook.com\/notibras\/","https:\/\/x.com\/Notibras","https:\/\/www.instagram.com\/notibras\/"]},{"@type":"Person","@id":"https:\/\/www.notibras.com\/site\/#\/schema\/person\/36ab0979449956132d3e5b517ea76ac8","name":"Reda\u00e7\u00e3o","image":{"@type":"ImageObject","inLanguage":"pt-BR","@id":"https:\/\/secure.gravatar.com\/avatar\/e0a867bdedb85fd243eadf09663511f96fc81e0720a4a42581f334ad4303aa6b?s=96&d=mm&r=g","url":"https:\/\/secure.gravatar.com\/avatar\/e0a867bdedb85fd243eadf09663511f96fc81e0720a4a42581f334ad4303aa6b?s=96&d=mm&r=g","contentUrl":"https:\/\/secure.gravatar.com\/avatar\/e0a867bdedb85fd243eadf09663511f96fc81e0720a4a42581f334ad4303aa6b?s=96&d=mm&r=g","caption":"Reda\u00e7\u00e3o"}}]}},"amp_enabled":true,"_links":{"self":[{"href":"https:\/\/www.notibras.com\/site\/wp-json\/wp\/v2\/posts\/101872","targetHints":{"allow":["GET"]}}],"collection":[{"href":"https:\/\/www.notibras.com\/site\/wp-json\/wp\/v2\/posts"}],"about":[{"href":"https:\/\/www.notibras.com\/site\/wp-json\/wp\/v2\/types\/post"}],"author":[{"embeddable":true,"href":"https:\/\/www.notibras.com\/site\/wp-json\/wp\/v2\/users\/2"}],"replies":[{"embeddable":true,"href":"https:\/\/www.notibras.com\/site\/wp-json\/wp\/v2\/comments?post=101872"}],"version-history":[{"count":1,"href":"https:\/\/www.notibras.com\/site\/wp-json\/wp\/v2\/posts\/101872\/revisions"}],"predecessor-version":[{"id":101874,"href":"https:\/\/www.notibras.com\/site\/wp-json\/wp\/v2\/posts\/101872\/revisions\/101874"}],"wp:featuredmedia":[{"embeddable":true,"href":"https:\/\/www.notibras.com\/site\/wp-json\/wp\/v2\/media\/101873"}],"wp:attachment":[{"href":"https:\/\/www.notibras.com\/site\/wp-json\/wp\/v2\/media?parent=101872"}],"wp:term":[{"taxonomy":"category","embeddable":true,"href":"https:\/\/www.notibras.com\/site\/wp-json\/wp\/v2\/categories?post=101872"},{"taxonomy":"post_tag","embeddable":true,"href":"https:\/\/www.notibras.com\/site\/wp-json\/wp\/v2\/tags?post=101872"}],"curies":[{"name":"wp","href":"https:\/\/api.w.org\/{rel}","templated":true}]}}