{"id":10217,"date":"2014-05-20T15:38:58","date_gmt":"2014-05-20T18:38:58","guid":{"rendered":"http:\/\/www.notibras.com\/site\/?p=10217"},"modified":"2014-05-20T17:23:18","modified_gmt":"2014-05-20T20:23:18","slug":"zavascki-recua-e-deixa-turma-da-lava-jato-na-cadeia-menos-o-da-petrobras","status":"publish","type":"post","link":"https:\/\/www.notibras.com\/site\/zavascki-recua-e-deixa-turma-da-lava-jato-na-cadeia-menos-o-da-petrobras\/","title":{"rendered":"Zavascki recua e turma da Lava Jato fica presa (menos ex-diretor da Petrobras&#8230;)"},"content":{"rendered":"<p>Um dia ap\u00f3s decidir pela soltura de todos os investigados na Opera\u00e7\u00e3o Lava Jato, o ministro do Supremo Tribunal Federal (STF) Teori Zavascki reviu nesta ter\u00e7a 20 a medida e ordenou a manuten\u00e7\u00e3o de 11 presos. Entre eles est\u00e1 o doleiro Alberto Youssef &#8211; suspeito de comandar um esquema de lavagem de dinheiro que teria movimentado R$ 10 bilh\u00f5es.<\/p>\n<p>Somente o ex-diretor da Petrobras Paulo Roberto Costa, suspeito de participar do mesmo esquema &#8211; e que foi solto ontem (19), est\u00e1 autorizado a permanecer em liberdade. A decis\u00e3o do ministro foi comunicada \u00e0 Justi\u00e7a Federal no Paran\u00e1 em despacho expedido como resposta \u00e0 advert\u00eancia do juiz federal S\u00e9rgio Moro sobre a possibilidade de fuga ao exterior dos presos, caso fossem soltos.<\/p>\n<p>\u201cEm face das raz\u00f5es e fatos destacados nas informa\u00e7\u00f5es complementares, autorizo, cautelarmente, que se mantenham os atos decis\u00f3rios, inclusive no que se refere aos decretos de pris\u00e3o\u201d, diz Zavascki.<\/p>\n<p>Ontem (19), al\u00e9m de determinar a soltura dos 12 presos na Opera\u00e7\u00e3o Lava Jato, da Pol\u00edcia Federal, e que eles entregassem os passaportes em 24 horas ao STF, Zavascki suspendeu oito a\u00e7\u00f5es penais abertas pelo juiz S\u00e9rgio Moro, da 13\u00aa Vara Federal de Curitiba, para investigar as den\u00fancias apuradas na opera\u00e7\u00e3o.<\/p>\n<p>O ministro entendeu que, em fun\u00e7\u00e3o da presen\u00e7a de parlamentares citados nas investiga\u00e7\u00f5es, o juizado de primeira inst\u00e2ncia n\u00e3o poderia continuar com a relatoria dos processos. Por isso, deveria enviar todos os processos ao Supremo, para que os ministros decidam quem ser\u00e1 investigado pela Corte.<\/p>\n<p>Na decis\u00e3o, Zavascki afirma que \u201co plen\u00e1rio da Suprema Corte, mais de uma vez, decidiu que \u00e9 de ser tido por afrontoso \u00e0 compet\u00eancia do STF o ato da autoridade reclamada que desmembrou o inqu\u00e9rito, deslocando o julgamento do parlamentar e prosseguindo quanto aos demais\u201d, argumentou o ministro.<\/p>\n<p>Zavascki se manifestou ap\u00f3s o juiz S\u00e9rgio Moro enviar ao ministro, na sexta-feira (16), parte da investiga\u00e7\u00e3o da Opera\u00e7\u00e3o Lava Jato, na qual o deputado federal Andr\u00e9 Vargas (sem partido-PR) \u00e9 citado. Moro remeteu as investiga\u00e7\u00f5es ao STF por entender que cabe ao Supremo apurar a rela\u00e7\u00e3o entre Vargas e o doleiro Alberto Youssef. O deputado Luiz Arg\u00f4lo (SDD-BA) tamb\u00e9m \u00e9 citado como envolvido com o doleiro.<\/p>\n<p><strong>Ivan Richard, ABr<\/strong><\/p>\n","protected":false},"excerpt":{"rendered":"<p>Um dia ap\u00f3s decidir pela soltura de todos os investigados na Opera\u00e7\u00e3o Lava Jato, o ministro do Supremo Tribunal Federal (STF) Teori Zavascki reviu nesta ter\u00e7a 20 a medida e ordenou a manuten\u00e7\u00e3o de 11 presos. Entre eles est\u00e1 o doleiro Alberto Youssef &#8211; suspeito de comandar um esquema de lavagem de dinheiro que teria [&hellip;]<\/p>\n","protected":false},"author":2,"featured_media":10218,"comment_status":"open","ping_status":"closed","sticky":false,"template":"","format":"standard","meta":{"_acf_changed":false,"footnotes":""},"categories":[16],"tags":[],"class_list":["post-10217","post","type-post","status-publish","format-standard","has-post-thumbnail","hentry","category-brasil"],"acf":[],"yoast_head":"<!-- This site is optimized with the Yoast SEO plugin v27.2 - https:\/\/yoast.com\/product\/yoast-seo-wordpress\/ -->\n<title>Zavascki recua e turma da Lava Jato fica presa (menos ex-diretor da Petrobras...) - Notibras<\/title>\n<meta name=\"robots\" content=\"index, follow, max-snippet:-1, max-image-preview:large, max-video-preview:-1\" \/>\n<link rel=\"canonical\" href=\"https:\/\/www.notibras.com\/site\/zavascki-recua-e-deixa-turma-da-lava-jato-na-cadeia-menos-o-da-petrobras\/\" \/>\n<meta property=\"og:locale\" content=\"pt_BR\" \/>\n<meta property=\"og:type\" content=\"article\" \/>\n<meta property=\"og:title\" content=\"Zavascki recua e turma da Lava Jato fica presa (menos ex-diretor da Petrobras...) - Notibras\" \/>\n<meta property=\"og:description\" content=\"Um dia ap\u00f3s decidir pela soltura de todos os investigados na Opera\u00e7\u00e3o Lava Jato, o ministro do Supremo Tribunal Federal (STF) Teori Zavascki reviu nesta ter\u00e7a 20 a medida e ordenou a manuten\u00e7\u00e3o de 11 presos. Entre eles est\u00e1 o doleiro Alberto Youssef &#8211; suspeito de comandar um esquema de lavagem de dinheiro que teria [&hellip;]\" \/>\n<meta property=\"og:url\" content=\"https:\/\/www.notibras.com\/site\/zavascki-recua-e-deixa-turma-da-lava-jato-na-cadeia-menos-o-da-petrobras\/\" \/>\n<meta property=\"og:site_name\" content=\"Notibras\" \/>\n<meta property=\"article:publisher\" content=\"https:\/\/www.facebook.com\/notibras\/\" \/>\n<meta property=\"article:published_time\" content=\"2014-05-20T18:38:58+00:00\" \/>\n<meta property=\"article:modified_time\" content=\"2014-05-20T20:23:18+00:00\" \/>\n<meta property=\"og:image\" content=\"https:\/\/www.notibras.com\/site\/wp-content\/uploads\/2014\/05\/20121101165615730358i.jpg\" \/>\n\t<meta property=\"og:image:width\" content=\"500\" \/>\n\t<meta property=\"og:image:height\" content=\"300\" \/>\n\t<meta property=\"og:image:type\" content=\"image\/jpeg\" \/>\n<meta name=\"author\" content=\"Reda\u00e7\u00e3o\" \/>\n<meta name=\"twitter:card\" content=\"summary_large_image\" \/>\n<meta name=\"twitter:creator\" content=\"@Notibras\" \/>\n<meta name=\"twitter:site\" content=\"@Notibras\" \/>\n<meta name=\"twitter:label1\" content=\"Escrito por\" \/>\n\t<meta name=\"twitter:data1\" content=\"Reda\u00e7\u00e3o\" \/>\n\t<meta name=\"twitter:label2\" content=\"Est. tempo de leitura\" \/>\n\t<meta name=\"twitter:data2\" content=\"2 minutos\" \/>\n<script type=\"application\/ld+json\" class=\"yoast-schema-graph\">{\"@context\":\"https:\/\/schema.org\",\"@graph\":[{\"@type\":\"Article\",\"@id\":\"https:\/\/www.notibras.com\/site\/zavascki-recua-e-deixa-turma-da-lava-jato-na-cadeia-menos-o-da-petrobras\/#article\",\"isPartOf\":{\"@id\":\"https:\/\/www.notibras.com\/site\/zavascki-recua-e-deixa-turma-da-lava-jato-na-cadeia-menos-o-da-petrobras\/\"},\"author\":{\"name\":\"Reda\u00e7\u00e3o\",\"@id\":\"https:\/\/www.notibras.com\/site\/#\/schema\/person\/36ab0979449956132d3e5b517ea76ac8\"},\"headline\":\"Zavascki recua e turma da Lava Jato fica presa (menos ex-diretor da Petrobras&#8230;)\",\"datePublished\":\"2014-05-20T18:38:58+00:00\",\"dateModified\":\"2014-05-20T20:23:18+00:00\",\"mainEntityOfPage\":{\"@id\":\"https:\/\/www.notibras.com\/site\/zavascki-recua-e-deixa-turma-da-lava-jato-na-cadeia-menos-o-da-petrobras\/\"},\"wordCount\":399,\"commentCount\":0,\"publisher\":{\"@id\":\"https:\/\/www.notibras.com\/site\/#organization\"},\"image\":{\"@id\":\"https:\/\/www.notibras.com\/site\/zavascki-recua-e-deixa-turma-da-lava-jato-na-cadeia-menos-o-da-petrobras\/#primaryimage\"},\"thumbnailUrl\":\"https:\/\/www.notibras.com\/site\/wp-content\/uploads\/2014\/05\/20121101165615730358i.jpg\",\"articleSection\":[\"Brasil\"],\"inLanguage\":\"pt-BR\",\"potentialAction\":[{\"@type\":\"CommentAction\",\"name\":\"Comment\",\"target\":[\"https:\/\/www.notibras.com\/site\/zavascki-recua-e-deixa-turma-da-lava-jato-na-cadeia-menos-o-da-petrobras\/#respond\"]}]},{\"@type\":\"WebPage\",\"@id\":\"https:\/\/www.notibras.com\/site\/zavascki-recua-e-deixa-turma-da-lava-jato-na-cadeia-menos-o-da-petrobras\/\",\"url\":\"https:\/\/www.notibras.com\/site\/zavascki-recua-e-deixa-turma-da-lava-jato-na-cadeia-menos-o-da-petrobras\/\",\"name\":\"Zavascki recua e turma da Lava Jato fica presa (menos ex-diretor da Petrobras...) - Notibras\",\"isPartOf\":{\"@id\":\"https:\/\/www.notibras.com\/site\/#website\"},\"primaryImageOfPage\":{\"@id\":\"https:\/\/www.notibras.com\/site\/zavascki-recua-e-deixa-turma-da-lava-jato-na-cadeia-menos-o-da-petrobras\/#primaryimage\"},\"image\":{\"@id\":\"https:\/\/www.notibras.com\/site\/zavascki-recua-e-deixa-turma-da-lava-jato-na-cadeia-menos-o-da-petrobras\/#primaryimage\"},\"thumbnailUrl\":\"https:\/\/www.notibras.com\/site\/wp-content\/uploads\/2014\/05\/20121101165615730358i.jpg\",\"datePublished\":\"2014-05-20T18:38:58+00:00\",\"dateModified\":\"2014-05-20T20:23:18+00:00\",\"breadcrumb\":{\"@id\":\"https:\/\/www.notibras.com\/site\/zavascki-recua-e-deixa-turma-da-lava-jato-na-cadeia-menos-o-da-petrobras\/#breadcrumb\"},\"inLanguage\":\"pt-BR\",\"potentialAction\":[{\"@type\":\"ReadAction\",\"target\":[\"https:\/\/www.notibras.com\/site\/zavascki-recua-e-deixa-turma-da-lava-jato-na-cadeia-menos-o-da-petrobras\/\"]}]},{\"@type\":\"ImageObject\",\"inLanguage\":\"pt-BR\",\"@id\":\"https:\/\/www.notibras.com\/site\/zavascki-recua-e-deixa-turma-da-lava-jato-na-cadeia-menos-o-da-petrobras\/#primaryimage\",\"url\":\"https:\/\/www.notibras.com\/site\/wp-content\/uploads\/2014\/05\/20121101165615730358i.jpg\",\"contentUrl\":\"https:\/\/www.notibras.com\/site\/wp-content\/uploads\/2014\/05\/20121101165615730358i.jpg\",\"width\":500,\"height\":300},{\"@type\":\"BreadcrumbList\",\"@id\":\"https:\/\/www.notibras.com\/site\/zavascki-recua-e-deixa-turma-da-lava-jato-na-cadeia-menos-o-da-petrobras\/#breadcrumb\",\"itemListElement\":[{\"@type\":\"ListItem\",\"position\":1,\"name\":\"In\u00edcio\",\"item\":\"https:\/\/www.notibras.com\/site\/\"},{\"@type\":\"ListItem\",\"position\":2,\"name\":\"Zavascki recua e turma da Lava Jato fica presa (menos ex-diretor da Petrobras&#8230;)\"}]},{\"@type\":\"WebSite\",\"@id\":\"https:\/\/www.notibras.com\/site\/#website\",\"url\":\"https:\/\/www.notibras.com\/site\/\",\"name\":\"Notibras\",\"description\":\"Not\u00edcias de Bras\u00edlia, do Brasil e do Mundo\",\"publisher\":{\"@id\":\"https:\/\/www.notibras.com\/site\/#organization\"},\"potentialAction\":[{\"@type\":\"SearchAction\",\"target\":{\"@type\":\"EntryPoint\",\"urlTemplate\":\"https:\/\/www.notibras.com\/site\/?s={search_term_string}\"},\"query-input\":{\"@type\":\"PropertyValueSpecification\",\"valueRequired\":true,\"valueName\":\"search_term_string\"}}],\"inLanguage\":\"pt-BR\"},{\"@type\":\"Organization\",\"@id\":\"https:\/\/www.notibras.com\/site\/#organization\",\"name\":\"Grupo Notibras de Comunica\u00e7\u00e3o\",\"url\":\"https:\/\/www.notibras.com\/site\/\",\"logo\":{\"@type\":\"ImageObject\",\"inLanguage\":\"pt-BR\",\"@id\":\"https:\/\/www.notibras.com\/site\/#\/schema\/logo\/image\/\",\"url\":\"https:\/\/www.notibras.com\/site\/wp-content\/uploads\/2023\/01\/notibras23.png\",\"contentUrl\":\"https:\/\/www.notibras.com\/site\/wp-content\/uploads\/2023\/01\/notibras23.png\",\"width\":350,\"height\":87,\"caption\":\"Grupo Notibras de Comunica\u00e7\u00e3o\"},\"image\":{\"@id\":\"https:\/\/www.notibras.com\/site\/#\/schema\/logo\/image\/\"},\"sameAs\":[\"https:\/\/www.facebook.com\/notibras\/\",\"https:\/\/x.com\/Notibras\",\"https:\/\/www.instagram.com\/notibras\/\"]},{\"@type\":\"Person\",\"@id\":\"https:\/\/www.notibras.com\/site\/#\/schema\/person\/36ab0979449956132d3e5b517ea76ac8\",\"name\":\"Reda\u00e7\u00e3o\",\"image\":{\"@type\":\"ImageObject\",\"inLanguage\":\"pt-BR\",\"@id\":\"https:\/\/secure.gravatar.com\/avatar\/e0a867bdedb85fd243eadf09663511f96fc81e0720a4a42581f334ad4303aa6b?s=96&d=mm&r=g\",\"url\":\"https:\/\/secure.gravatar.com\/avatar\/e0a867bdedb85fd243eadf09663511f96fc81e0720a4a42581f334ad4303aa6b?s=96&d=mm&r=g\",\"contentUrl\":\"https:\/\/secure.gravatar.com\/avatar\/e0a867bdedb85fd243eadf09663511f96fc81e0720a4a42581f334ad4303aa6b?s=96&d=mm&r=g\",\"caption\":\"Reda\u00e7\u00e3o\"}}]}<\/script>\n<!-- \/ Yoast SEO plugin. -->","yoast_head_json":{"title":"Zavascki recua e turma da Lava Jato fica presa (menos ex-diretor da Petrobras...) - Notibras","robots":{"index":"index","follow":"follow","max-snippet":"max-snippet:-1","max-image-preview":"max-image-preview:large","max-video-preview":"max-video-preview:-1"},"canonical":"https:\/\/www.notibras.com\/site\/zavascki-recua-e-deixa-turma-da-lava-jato-na-cadeia-menos-o-da-petrobras\/","og_locale":"pt_BR","og_type":"article","og_title":"Zavascki recua e turma da Lava Jato fica presa (menos ex-diretor da Petrobras...) - Notibras","og_description":"Um dia ap\u00f3s decidir pela soltura de todos os investigados na Opera\u00e7\u00e3o Lava Jato, o ministro do Supremo Tribunal Federal (STF) Teori Zavascki reviu nesta ter\u00e7a 20 a medida e ordenou a manuten\u00e7\u00e3o de 11 presos. Entre eles est\u00e1 o doleiro Alberto Youssef &#8211; suspeito de comandar um esquema de lavagem de dinheiro que teria [&hellip;]","og_url":"https:\/\/www.notibras.com\/site\/zavascki-recua-e-deixa-turma-da-lava-jato-na-cadeia-menos-o-da-petrobras\/","og_site_name":"Notibras","article_publisher":"https:\/\/www.facebook.com\/notibras\/","article_published_time":"2014-05-20T18:38:58+00:00","article_modified_time":"2014-05-20T20:23:18+00:00","og_image":[{"width":500,"height":300,"url":"https:\/\/www.notibras.com\/site\/wp-content\/uploads\/2014\/05\/20121101165615730358i.jpg","type":"image\/jpeg"}],"author":"Reda\u00e7\u00e3o","twitter_card":"summary_large_image","twitter_creator":"@Notibras","twitter_site":"@Notibras","twitter_misc":{"Escrito por":"Reda\u00e7\u00e3o","Est. tempo de leitura":"2 minutos"},"schema":{"@context":"https:\/\/schema.org","@graph":[{"@type":"Article","@id":"https:\/\/www.notibras.com\/site\/zavascki-recua-e-deixa-turma-da-lava-jato-na-cadeia-menos-o-da-petrobras\/#article","isPartOf":{"@id":"https:\/\/www.notibras.com\/site\/zavascki-recua-e-deixa-turma-da-lava-jato-na-cadeia-menos-o-da-petrobras\/"},"author":{"name":"Reda\u00e7\u00e3o","@id":"https:\/\/www.notibras.com\/site\/#\/schema\/person\/36ab0979449956132d3e5b517ea76ac8"},"headline":"Zavascki recua e turma da Lava Jato fica presa (menos ex-diretor da Petrobras&#8230;)","datePublished":"2014-05-20T18:38:58+00:00","dateModified":"2014-05-20T20:23:18+00:00","mainEntityOfPage":{"@id":"https:\/\/www.notibras.com\/site\/zavascki-recua-e-deixa-turma-da-lava-jato-na-cadeia-menos-o-da-petrobras\/"},"wordCount":399,"commentCount":0,"publisher":{"@id":"https:\/\/www.notibras.com\/site\/#organization"},"image":{"@id":"https:\/\/www.notibras.com\/site\/zavascki-recua-e-deixa-turma-da-lava-jato-na-cadeia-menos-o-da-petrobras\/#primaryimage"},"thumbnailUrl":"https:\/\/www.notibras.com\/site\/wp-content\/uploads\/2014\/05\/20121101165615730358i.jpg","articleSection":["Brasil"],"inLanguage":"pt-BR","potentialAction":[{"@type":"CommentAction","name":"Comment","target":["https:\/\/www.notibras.com\/site\/zavascki-recua-e-deixa-turma-da-lava-jato-na-cadeia-menos-o-da-petrobras\/#respond"]}]},{"@type":"WebPage","@id":"https:\/\/www.notibras.com\/site\/zavascki-recua-e-deixa-turma-da-lava-jato-na-cadeia-menos-o-da-petrobras\/","url":"https:\/\/www.notibras.com\/site\/zavascki-recua-e-deixa-turma-da-lava-jato-na-cadeia-menos-o-da-petrobras\/","name":"Zavascki recua e turma da Lava Jato fica presa (menos ex-diretor da Petrobras...) - Notibras","isPartOf":{"@id":"https:\/\/www.notibras.com\/site\/#website"},"primaryImageOfPage":{"@id":"https:\/\/www.notibras.com\/site\/zavascki-recua-e-deixa-turma-da-lava-jato-na-cadeia-menos-o-da-petrobras\/#primaryimage"},"image":{"@id":"https:\/\/www.notibras.com\/site\/zavascki-recua-e-deixa-turma-da-lava-jato-na-cadeia-menos-o-da-petrobras\/#primaryimage"},"thumbnailUrl":"https:\/\/www.notibras.com\/site\/wp-content\/uploads\/2014\/05\/20121101165615730358i.jpg","datePublished":"2014-05-20T18:38:58+00:00","dateModified":"2014-05-20T20:23:18+00:00","breadcrumb":{"@id":"https:\/\/www.notibras.com\/site\/zavascki-recua-e-deixa-turma-da-lava-jato-na-cadeia-menos-o-da-petrobras\/#breadcrumb"},"inLanguage":"pt-BR","potentialAction":[{"@type":"ReadAction","target":["https:\/\/www.notibras.com\/site\/zavascki-recua-e-deixa-turma-da-lava-jato-na-cadeia-menos-o-da-petrobras\/"]}]},{"@type":"ImageObject","inLanguage":"pt-BR","@id":"https:\/\/www.notibras.com\/site\/zavascki-recua-e-deixa-turma-da-lava-jato-na-cadeia-menos-o-da-petrobras\/#primaryimage","url":"https:\/\/www.notibras.com\/site\/wp-content\/uploads\/2014\/05\/20121101165615730358i.jpg","contentUrl":"https:\/\/www.notibras.com\/site\/wp-content\/uploads\/2014\/05\/20121101165615730358i.jpg","width":500,"height":300},{"@type":"BreadcrumbList","@id":"https:\/\/www.notibras.com\/site\/zavascki-recua-e-deixa-turma-da-lava-jato-na-cadeia-menos-o-da-petrobras\/#breadcrumb","itemListElement":[{"@type":"ListItem","position":1,"name":"In\u00edcio","item":"https:\/\/www.notibras.com\/site\/"},{"@type":"ListItem","position":2,"name":"Zavascki recua e turma da Lava Jato fica presa (menos ex-diretor da Petrobras&#8230;)"}]},{"@type":"WebSite","@id":"https:\/\/www.notibras.com\/site\/#website","url":"https:\/\/www.notibras.com\/site\/","name":"Notibras","description":"Not\u00edcias de Bras\u00edlia, do Brasil e do Mundo","publisher":{"@id":"https:\/\/www.notibras.com\/site\/#organization"},"potentialAction":[{"@type":"SearchAction","target":{"@type":"EntryPoint","urlTemplate":"https:\/\/www.notibras.com\/site\/?s={search_term_string}"},"query-input":{"@type":"PropertyValueSpecification","valueRequired":true,"valueName":"search_term_string"}}],"inLanguage":"pt-BR"},{"@type":"Organization","@id":"https:\/\/www.notibras.com\/site\/#organization","name":"Grupo Notibras de Comunica\u00e7\u00e3o","url":"https:\/\/www.notibras.com\/site\/","logo":{"@type":"ImageObject","inLanguage":"pt-BR","@id":"https:\/\/www.notibras.com\/site\/#\/schema\/logo\/image\/","url":"https:\/\/www.notibras.com\/site\/wp-content\/uploads\/2023\/01\/notibras23.png","contentUrl":"https:\/\/www.notibras.com\/site\/wp-content\/uploads\/2023\/01\/notibras23.png","width":350,"height":87,"caption":"Grupo Notibras de Comunica\u00e7\u00e3o"},"image":{"@id":"https:\/\/www.notibras.com\/site\/#\/schema\/logo\/image\/"},"sameAs":["https:\/\/www.facebook.com\/notibras\/","https:\/\/x.com\/Notibras","https:\/\/www.instagram.com\/notibras\/"]},{"@type":"Person","@id":"https:\/\/www.notibras.com\/site\/#\/schema\/person\/36ab0979449956132d3e5b517ea76ac8","name":"Reda\u00e7\u00e3o","image":{"@type":"ImageObject","inLanguage":"pt-BR","@id":"https:\/\/secure.gravatar.com\/avatar\/e0a867bdedb85fd243eadf09663511f96fc81e0720a4a42581f334ad4303aa6b?s=96&d=mm&r=g","url":"https:\/\/secure.gravatar.com\/avatar\/e0a867bdedb85fd243eadf09663511f96fc81e0720a4a42581f334ad4303aa6b?s=96&d=mm&r=g","contentUrl":"https:\/\/secure.gravatar.com\/avatar\/e0a867bdedb85fd243eadf09663511f96fc81e0720a4a42581f334ad4303aa6b?s=96&d=mm&r=g","caption":"Reda\u00e7\u00e3o"}}]}},"amp_enabled":true,"_links":{"self":[{"href":"https:\/\/www.notibras.com\/site\/wp-json\/wp\/v2\/posts\/10217","targetHints":{"allow":["GET"]}}],"collection":[{"href":"https:\/\/www.notibras.com\/site\/wp-json\/wp\/v2\/posts"}],"about":[{"href":"https:\/\/www.notibras.com\/site\/wp-json\/wp\/v2\/types\/post"}],"author":[{"embeddable":true,"href":"https:\/\/www.notibras.com\/site\/wp-json\/wp\/v2\/users\/2"}],"replies":[{"embeddable":true,"href":"https:\/\/www.notibras.com\/site\/wp-json\/wp\/v2\/comments?post=10217"}],"version-history":[{"count":0,"href":"https:\/\/www.notibras.com\/site\/wp-json\/wp\/v2\/posts\/10217\/revisions"}],"wp:featuredmedia":[{"embeddable":true,"href":"https:\/\/www.notibras.com\/site\/wp-json\/wp\/v2\/media\/10218"}],"wp:attachment":[{"href":"https:\/\/www.notibras.com\/site\/wp-json\/wp\/v2\/media?parent=10217"}],"wp:term":[{"taxonomy":"category","embeddable":true,"href":"https:\/\/www.notibras.com\/site\/wp-json\/wp\/v2\/categories?post=10217"},{"taxonomy":"post_tag","embeddable":true,"href":"https:\/\/www.notibras.com\/site\/wp-json\/wp\/v2\/tags?post=10217"}],"curies":[{"name":"wp","href":"https:\/\/api.w.org\/{rel}","templated":true}]}}