{"id":102243,"date":"2016-05-22T16:07:14","date_gmt":"2016-05-22T19:07:14","guid":{"rendered":"http:\/\/www.notibras.com\/site\/?p=102243"},"modified":"2016-05-22T16:07:14","modified_gmt":"2016-05-22T19:07:14","slug":"proibicao-de-revistas-intimas-deve-ser-estendida-para-os-homens","status":"publish","type":"post","link":"https:\/\/www.notibras.com\/site\/proibicao-de-revistas-intimas-deve-ser-estendida-para-os-homens\/","title":{"rendered":"Proibi\u00e7\u00e3o de revistas \u00edntimas deve ser estendida para os homens"},"content":{"rendered":"<p><strong>Gustavo Filipe Barbosa Garcia<\/strong><\/p>\n<p>Discute-se a respeito da possibilidade de o empregador realizar revistas em seus funcion\u00e1rios. Na Consolida\u00e7\u00e3o das Leis do Trabalho, a lei n\u00b0 9.799\/99, no art. 373A, j\u00e1 prev\u00ea ser vedado ao empregador ou ao seu preposto realizar revistas \u00edntimas nas &#8220;empregadas ou funcion\u00e1rias&#8221;.<\/p>\n<p>Apesar dessa previs\u00e3o mais restrita \u2013que faz refer\u00eancia apenas \u00e0s trabalhadoras\u2013, em raz\u00e3o do princ\u00edpio constitucional de igualdade, entende-se que a mencionada proibi\u00e7\u00e3o tamb\u00e9m se estende aos empregados, ou seja, ao sexo masculino.<\/p>\n<p>Mesmo porque a intimidade, conforme determina\u00e7\u00e3o constitucional, \u00e9 um direito fundamental assegurado a todas as pessoas como exig\u00eancia b\u00e1sica para a garantia da pr\u00f3pria dignidade humana.<\/p>\n<p>Assim sendo, a revista \u00edntima \u00e9 vedada, justamente, porque agride a dignidade e a intimidade do empregado, ainda que, segundo a jurisprud\u00eancia, ela n\u00e3o se confunda com a revista pessoal (sem contato f\u00edsico), por exemplo, em bolsas e pertences, exercida de modo impessoal, generalizado e n\u00e3o abusivo.<\/p>\n<p>Mais recentemente, a lei n\u00b0 13.271\/16 passou a prever que &#8220;as empresas privadas, os \u00f3rg\u00e3os e entidades da administra\u00e7\u00e3o p\u00fablica, direta e indireta, ficam proibidos de adotar qualquer pr\u00e1tica de revista \u00edntima de suas funcion\u00e1rias e de clientes do sexo feminino&#8221;.<\/p>\n<p>Em caso de descumprimento dessa proibi\u00e7\u00e3o, os infratores ficam sujeitos a uma multa de R$ 20 mil, que ser\u00e1 revertida aos \u00f3rg\u00e3os de prote\u00e7\u00e3o dos direitos da mulher. Tal quantia dobra de valor em caso de reincid\u00eancia, independente de j\u00e1 ter havido uma indeniza\u00e7\u00e3o por danos morais e materiais e san\u00e7\u00f5es de ordem penal.<\/p>\n<p>Cabe o registro de que foi vetado, pela presid\u00eancia da Rep\u00fablica, o dispositivo com a previs\u00e3o de que &#8220;nos casos previstos em lei, para revistas em ambientes prisionais e sob investiga\u00e7\u00e3o policial, a revista ser\u00e1 unicamente realizada por funcion\u00e1rios servidores femininos&#8221;.<\/p>\n<p>Como se pode notar, no \u00e2mbito das rela\u00e7\u00f5es de trabalho, a proibi\u00e7\u00e3o da revista \u00edntima no referido diploma legal ficou restrita \u00e0s funcion\u00e1rias, enquanto, na esfera das rela\u00e7\u00f5es de consumo, ficou limitada \u00e0s &#8220;clientes do sexo feminino&#8221;.<\/p>\n<p>Entretanto, a inviolabilidade da intimidade \u00e9 garantida n\u00e3o apenas \u00e0s mulheres, mas tamb\u00e9m aos homens, n\u00e3o se admitindo qualquer tratamento que possa resultar em discrimina\u00e7\u00e3o negativa.<\/p>\n<p>Portanto, em verdade, deve-se considerar proibida a revista \u00edntima em todas as pessoas, independente do sexo.<\/p>\n<p>De todo modo, \u00e9 necess\u00e1rio que haja maior precis\u00e3o e maior t\u00e9cnica nas leis aprovadas, exigindo-se o aperfei\u00e7oamento legislativo quanto ao relevante tema.<\/p>\n","protected":false},"excerpt":{"rendered":"<p>Gustavo Filipe Barbosa Garcia Discute-se a respeito da possibilidade de o empregador realizar revistas em seus funcion\u00e1rios. Na Consolida\u00e7\u00e3o das Leis do Trabalho, a lei n\u00b0 9.799\/99, no art. 373A, j\u00e1 prev\u00ea ser vedado ao empregador ou ao seu preposto realizar revistas \u00edntimas nas &#8220;empregadas ou funcion\u00e1rias&#8221;. Apesar dessa previs\u00e3o mais restrita \u2013que faz refer\u00eancia [&hellip;]<\/p>\n","protected":false},"author":2,"featured_media":102244,"comment_status":"open","ping_status":"closed","sticky":false,"template":"","format":"standard","meta":{"_acf_changed":false,"footnotes":""},"categories":[25],"tags":[],"class_list":["post-102243","post","type-post","status-publish","format-standard","has-post-thumbnail","hentry","category-opina-ai"],"acf":[],"yoast_head":"<!-- This site is optimized with the Yoast SEO plugin v27.5 - https:\/\/yoast.com\/product\/yoast-seo-wordpress\/ -->\n<title>Proibi\u00e7\u00e3o de revistas \u00edntimas deve ser estendida para os homens - Notibras<\/title>\n<meta name=\"robots\" content=\"index, follow, max-snippet:-1, max-image-preview:large, max-video-preview:-1\" \/>\n<link rel=\"canonical\" href=\"https:\/\/www.notibras.com\/site\/proibicao-de-revistas-intimas-deve-ser-estendida-para-os-homens\/\" \/>\n<meta property=\"og:locale\" content=\"pt_BR\" \/>\n<meta property=\"og:type\" content=\"article\" \/>\n<meta property=\"og:title\" content=\"Proibi\u00e7\u00e3o de revistas \u00edntimas deve ser estendida para os homens - Notibras\" \/>\n<meta property=\"og:description\" content=\"Gustavo Filipe Barbosa Garcia Discute-se a respeito da possibilidade de o empregador realizar revistas em seus funcion\u00e1rios. Na Consolida\u00e7\u00e3o das Leis do Trabalho, a lei n\u00b0 9.799\/99, no art. 373A, j\u00e1 prev\u00ea ser vedado ao empregador ou ao seu preposto realizar revistas \u00edntimas nas &#8220;empregadas ou funcion\u00e1rias&#8221;. Apesar dessa previs\u00e3o mais restrita \u2013que faz refer\u00eancia [&hellip;]\" \/>\n<meta property=\"og:url\" content=\"https:\/\/www.notibras.com\/site\/proibicao-de-revistas-intimas-deve-ser-estendida-para-os-homens\/\" \/>\n<meta property=\"og:site_name\" content=\"Notibras\" \/>\n<meta property=\"article:publisher\" content=\"https:\/\/www.facebook.com\/notibras\/\" \/>\n<meta property=\"article:published_time\" content=\"2016-05-22T19:07:14+00:00\" \/>\n<meta property=\"og:image\" content=\"https:\/\/www.notibras.com\/site\/wp-content\/uploads\/2016\/05\/revista-intima.jpg\" \/>\n\t<meta property=\"og:image:width\" content=\"640\" \/>\n\t<meta property=\"og:image:height\" content=\"480\" \/>\n\t<meta property=\"og:image:type\" content=\"image\/jpeg\" \/>\n<meta name=\"author\" content=\"Reda\u00e7\u00e3o\" \/>\n<meta name=\"twitter:card\" content=\"summary_large_image\" \/>\n<meta name=\"twitter:creator\" content=\"@Notibras\" \/>\n<meta name=\"twitter:site\" content=\"@Notibras\" \/>\n<meta name=\"twitter:label1\" content=\"Escrito por\" \/>\n\t<meta name=\"twitter:data1\" content=\"Reda\u00e7\u00e3o\" \/>\n\t<meta name=\"twitter:label2\" content=\"Est. tempo de leitura\" \/>\n\t<meta name=\"twitter:data2\" content=\"2 minutos\" \/>\n<script type=\"application\/ld+json\" class=\"yoast-schema-graph\">{\"@context\":\"https:\\\/\\\/schema.org\",\"@graph\":[{\"@type\":\"Article\",\"@id\":\"https:\\\/\\\/www.notibras.com\\\/site\\\/proibicao-de-revistas-intimas-deve-ser-estendida-para-os-homens\\\/#article\",\"isPartOf\":{\"@id\":\"https:\\\/\\\/www.notibras.com\\\/site\\\/proibicao-de-revistas-intimas-deve-ser-estendida-para-os-homens\\\/\"},\"author\":{\"name\":\"Reda\u00e7\u00e3o\",\"@id\":\"https:\\\/\\\/www.notibras.com\\\/site\\\/#\\\/schema\\\/person\\\/36ab0979449956132d3e5b517ea76ac8\"},\"headline\":\"Proibi\u00e7\u00e3o de revistas \u00edntimas deve ser estendida para os homens\",\"datePublished\":\"2016-05-22T19:07:14+00:00\",\"mainEntityOfPage\":{\"@id\":\"https:\\\/\\\/www.notibras.com\\\/site\\\/proibicao-de-revistas-intimas-deve-ser-estendida-para-os-homens\\\/\"},\"wordCount\":440,\"commentCount\":0,\"publisher\":{\"@id\":\"https:\\\/\\\/www.notibras.com\\\/site\\\/#organization\"},\"image\":{\"@id\":\"https:\\\/\\\/www.notibras.com\\\/site\\\/proibicao-de-revistas-intimas-deve-ser-estendida-para-os-homens\\\/#primaryimage\"},\"thumbnailUrl\":\"https:\\\/\\\/www.notibras.com\\\/site\\\/wp-content\\\/uploads\\\/2016\\\/05\\\/revista-intima.jpg\",\"articleSection\":[\"Opina a\u00ed\"],\"inLanguage\":\"pt-BR\",\"potentialAction\":[{\"@type\":\"CommentAction\",\"name\":\"Comment\",\"target\":[\"https:\\\/\\\/www.notibras.com\\\/site\\\/proibicao-de-revistas-intimas-deve-ser-estendida-para-os-homens\\\/#respond\"]}]},{\"@type\":\"WebPage\",\"@id\":\"https:\\\/\\\/www.notibras.com\\\/site\\\/proibicao-de-revistas-intimas-deve-ser-estendida-para-os-homens\\\/\",\"url\":\"https:\\\/\\\/www.notibras.com\\\/site\\\/proibicao-de-revistas-intimas-deve-ser-estendida-para-os-homens\\\/\",\"name\":\"Proibi\u00e7\u00e3o de revistas \u00edntimas deve ser estendida para os homens - Notibras\",\"isPartOf\":{\"@id\":\"https:\\\/\\\/www.notibras.com\\\/site\\\/#website\"},\"primaryImageOfPage\":{\"@id\":\"https:\\\/\\\/www.notibras.com\\\/site\\\/proibicao-de-revistas-intimas-deve-ser-estendida-para-os-homens\\\/#primaryimage\"},\"image\":{\"@id\":\"https:\\\/\\\/www.notibras.com\\\/site\\\/proibicao-de-revistas-intimas-deve-ser-estendida-para-os-homens\\\/#primaryimage\"},\"thumbnailUrl\":\"https:\\\/\\\/www.notibras.com\\\/site\\\/wp-content\\\/uploads\\\/2016\\\/05\\\/revista-intima.jpg\",\"datePublished\":\"2016-05-22T19:07:14+00:00\",\"breadcrumb\":{\"@id\":\"https:\\\/\\\/www.notibras.com\\\/site\\\/proibicao-de-revistas-intimas-deve-ser-estendida-para-os-homens\\\/#breadcrumb\"},\"inLanguage\":\"pt-BR\",\"potentialAction\":[{\"@type\":\"ReadAction\",\"target\":[\"https:\\\/\\\/www.notibras.com\\\/site\\\/proibicao-de-revistas-intimas-deve-ser-estendida-para-os-homens\\\/\"]}]},{\"@type\":\"ImageObject\",\"inLanguage\":\"pt-BR\",\"@id\":\"https:\\\/\\\/www.notibras.com\\\/site\\\/proibicao-de-revistas-intimas-deve-ser-estendida-para-os-homens\\\/#primaryimage\",\"url\":\"https:\\\/\\\/www.notibras.com\\\/site\\\/wp-content\\\/uploads\\\/2016\\\/05\\\/revista-intima.jpg\",\"contentUrl\":\"https:\\\/\\\/www.notibras.com\\\/site\\\/wp-content\\\/uploads\\\/2016\\\/05\\\/revista-intima.jpg\",\"width\":640,\"height\":480},{\"@type\":\"BreadcrumbList\",\"@id\":\"https:\\\/\\\/www.notibras.com\\\/site\\\/proibicao-de-revistas-intimas-deve-ser-estendida-para-os-homens\\\/#breadcrumb\",\"itemListElement\":[{\"@type\":\"ListItem\",\"position\":1,\"name\":\"In\u00edcio\",\"item\":\"https:\\\/\\\/www.notibras.com\\\/site\\\/\"},{\"@type\":\"ListItem\",\"position\":2,\"name\":\"Proibi\u00e7\u00e3o de revistas \u00edntimas deve ser estendida para os homens\"}]},{\"@type\":\"WebSite\",\"@id\":\"https:\\\/\\\/www.notibras.com\\\/site\\\/#website\",\"url\":\"https:\\\/\\\/www.notibras.com\\\/site\\\/\",\"name\":\"Notibras\",\"description\":\"Not\u00edcias de Bras\u00edlia, do Brasil e do Mundo\",\"publisher\":{\"@id\":\"https:\\\/\\\/www.notibras.com\\\/site\\\/#organization\"},\"potentialAction\":[{\"@type\":\"SearchAction\",\"target\":{\"@type\":\"EntryPoint\",\"urlTemplate\":\"https:\\\/\\\/www.notibras.com\\\/site\\\/?s={search_term_string}\"},\"query-input\":{\"@type\":\"PropertyValueSpecification\",\"valueRequired\":true,\"valueName\":\"search_term_string\"}}],\"inLanguage\":\"pt-BR\"},{\"@type\":\"Organization\",\"@id\":\"https:\\\/\\\/www.notibras.com\\\/site\\\/#organization\",\"name\":\"Grupo Notibras de Comunica\u00e7\u00e3o\",\"url\":\"https:\\\/\\\/www.notibras.com\\\/site\\\/\",\"logo\":{\"@type\":\"ImageObject\",\"inLanguage\":\"pt-BR\",\"@id\":\"https:\\\/\\\/www.notibras.com\\\/site\\\/#\\\/schema\\\/logo\\\/image\\\/\",\"url\":\"https:\\\/\\\/www.notibras.com\\\/site\\\/wp-content\\\/uploads\\\/2023\\\/01\\\/notibras23.png\",\"contentUrl\":\"https:\\\/\\\/www.notibras.com\\\/site\\\/wp-content\\\/uploads\\\/2023\\\/01\\\/notibras23.png\",\"width\":350,\"height\":87,\"caption\":\"Grupo Notibras de Comunica\u00e7\u00e3o\"},\"image\":{\"@id\":\"https:\\\/\\\/www.notibras.com\\\/site\\\/#\\\/schema\\\/logo\\\/image\\\/\"},\"sameAs\":[\"https:\\\/\\\/www.facebook.com\\\/notibras\\\/\",\"https:\\\/\\\/x.com\\\/Notibras\",\"https:\\\/\\\/www.instagram.com\\\/notibras\\\/\"]},{\"@type\":\"Person\",\"@id\":\"https:\\\/\\\/www.notibras.com\\\/site\\\/#\\\/schema\\\/person\\\/36ab0979449956132d3e5b517ea76ac8\",\"name\":\"Reda\u00e7\u00e3o\",\"image\":{\"@type\":\"ImageObject\",\"inLanguage\":\"pt-BR\",\"@id\":\"https:\\\/\\\/secure.gravatar.com\\\/avatar\\\/e0a867bdedb85fd243eadf09663511f96fc81e0720a4a42581f334ad4303aa6b?s=96&d=mm&r=g\",\"url\":\"https:\\\/\\\/secure.gravatar.com\\\/avatar\\\/e0a867bdedb85fd243eadf09663511f96fc81e0720a4a42581f334ad4303aa6b?s=96&d=mm&r=g\",\"contentUrl\":\"https:\\\/\\\/secure.gravatar.com\\\/avatar\\\/e0a867bdedb85fd243eadf09663511f96fc81e0720a4a42581f334ad4303aa6b?s=96&d=mm&r=g\",\"caption\":\"Reda\u00e7\u00e3o\"}}]}<\/script>\n<!-- \/ Yoast SEO plugin. -->","yoast_head_json":{"title":"Proibi\u00e7\u00e3o de revistas \u00edntimas deve ser estendida para os homens - Notibras","robots":{"index":"index","follow":"follow","max-snippet":"max-snippet:-1","max-image-preview":"max-image-preview:large","max-video-preview":"max-video-preview:-1"},"canonical":"https:\/\/www.notibras.com\/site\/proibicao-de-revistas-intimas-deve-ser-estendida-para-os-homens\/","og_locale":"pt_BR","og_type":"article","og_title":"Proibi\u00e7\u00e3o de revistas \u00edntimas deve ser estendida para os homens - Notibras","og_description":"Gustavo Filipe Barbosa Garcia Discute-se a respeito da possibilidade de o empregador realizar revistas em seus funcion\u00e1rios. Na Consolida\u00e7\u00e3o das Leis do Trabalho, a lei n\u00b0 9.799\/99, no art. 373A, j\u00e1 prev\u00ea ser vedado ao empregador ou ao seu preposto realizar revistas \u00edntimas nas &#8220;empregadas ou funcion\u00e1rias&#8221;. Apesar dessa previs\u00e3o mais restrita \u2013que faz refer\u00eancia [&hellip;]","og_url":"https:\/\/www.notibras.com\/site\/proibicao-de-revistas-intimas-deve-ser-estendida-para-os-homens\/","og_site_name":"Notibras","article_publisher":"https:\/\/www.facebook.com\/notibras\/","article_published_time":"2016-05-22T19:07:14+00:00","og_image":[{"width":640,"height":480,"url":"https:\/\/www.notibras.com\/site\/wp-content\/uploads\/2016\/05\/revista-intima.jpg","type":"image\/jpeg"}],"author":"Reda\u00e7\u00e3o","twitter_card":"summary_large_image","twitter_creator":"@Notibras","twitter_site":"@Notibras","twitter_misc":{"Escrito por":"Reda\u00e7\u00e3o","Est. tempo de leitura":"2 minutos"},"schema":{"@context":"https:\/\/schema.org","@graph":[{"@type":"Article","@id":"https:\/\/www.notibras.com\/site\/proibicao-de-revistas-intimas-deve-ser-estendida-para-os-homens\/#article","isPartOf":{"@id":"https:\/\/www.notibras.com\/site\/proibicao-de-revistas-intimas-deve-ser-estendida-para-os-homens\/"},"author":{"name":"Reda\u00e7\u00e3o","@id":"https:\/\/www.notibras.com\/site\/#\/schema\/person\/36ab0979449956132d3e5b517ea76ac8"},"headline":"Proibi\u00e7\u00e3o de revistas \u00edntimas deve ser estendida para os homens","datePublished":"2016-05-22T19:07:14+00:00","mainEntityOfPage":{"@id":"https:\/\/www.notibras.com\/site\/proibicao-de-revistas-intimas-deve-ser-estendida-para-os-homens\/"},"wordCount":440,"commentCount":0,"publisher":{"@id":"https:\/\/www.notibras.com\/site\/#organization"},"image":{"@id":"https:\/\/www.notibras.com\/site\/proibicao-de-revistas-intimas-deve-ser-estendida-para-os-homens\/#primaryimage"},"thumbnailUrl":"https:\/\/www.notibras.com\/site\/wp-content\/uploads\/2016\/05\/revista-intima.jpg","articleSection":["Opina a\u00ed"],"inLanguage":"pt-BR","potentialAction":[{"@type":"CommentAction","name":"Comment","target":["https:\/\/www.notibras.com\/site\/proibicao-de-revistas-intimas-deve-ser-estendida-para-os-homens\/#respond"]}]},{"@type":"WebPage","@id":"https:\/\/www.notibras.com\/site\/proibicao-de-revistas-intimas-deve-ser-estendida-para-os-homens\/","url":"https:\/\/www.notibras.com\/site\/proibicao-de-revistas-intimas-deve-ser-estendida-para-os-homens\/","name":"Proibi\u00e7\u00e3o de revistas \u00edntimas deve ser estendida para os homens - Notibras","isPartOf":{"@id":"https:\/\/www.notibras.com\/site\/#website"},"primaryImageOfPage":{"@id":"https:\/\/www.notibras.com\/site\/proibicao-de-revistas-intimas-deve-ser-estendida-para-os-homens\/#primaryimage"},"image":{"@id":"https:\/\/www.notibras.com\/site\/proibicao-de-revistas-intimas-deve-ser-estendida-para-os-homens\/#primaryimage"},"thumbnailUrl":"https:\/\/www.notibras.com\/site\/wp-content\/uploads\/2016\/05\/revista-intima.jpg","datePublished":"2016-05-22T19:07:14+00:00","breadcrumb":{"@id":"https:\/\/www.notibras.com\/site\/proibicao-de-revistas-intimas-deve-ser-estendida-para-os-homens\/#breadcrumb"},"inLanguage":"pt-BR","potentialAction":[{"@type":"ReadAction","target":["https:\/\/www.notibras.com\/site\/proibicao-de-revistas-intimas-deve-ser-estendida-para-os-homens\/"]}]},{"@type":"ImageObject","inLanguage":"pt-BR","@id":"https:\/\/www.notibras.com\/site\/proibicao-de-revistas-intimas-deve-ser-estendida-para-os-homens\/#primaryimage","url":"https:\/\/www.notibras.com\/site\/wp-content\/uploads\/2016\/05\/revista-intima.jpg","contentUrl":"https:\/\/www.notibras.com\/site\/wp-content\/uploads\/2016\/05\/revista-intima.jpg","width":640,"height":480},{"@type":"BreadcrumbList","@id":"https:\/\/www.notibras.com\/site\/proibicao-de-revistas-intimas-deve-ser-estendida-para-os-homens\/#breadcrumb","itemListElement":[{"@type":"ListItem","position":1,"name":"In\u00edcio","item":"https:\/\/www.notibras.com\/site\/"},{"@type":"ListItem","position":2,"name":"Proibi\u00e7\u00e3o de revistas \u00edntimas deve ser estendida para os homens"}]},{"@type":"WebSite","@id":"https:\/\/www.notibras.com\/site\/#website","url":"https:\/\/www.notibras.com\/site\/","name":"Notibras","description":"Not\u00edcias de Bras\u00edlia, do Brasil e do Mundo","publisher":{"@id":"https:\/\/www.notibras.com\/site\/#organization"},"potentialAction":[{"@type":"SearchAction","target":{"@type":"EntryPoint","urlTemplate":"https:\/\/www.notibras.com\/site\/?s={search_term_string}"},"query-input":{"@type":"PropertyValueSpecification","valueRequired":true,"valueName":"search_term_string"}}],"inLanguage":"pt-BR"},{"@type":"Organization","@id":"https:\/\/www.notibras.com\/site\/#organization","name":"Grupo Notibras de Comunica\u00e7\u00e3o","url":"https:\/\/www.notibras.com\/site\/","logo":{"@type":"ImageObject","inLanguage":"pt-BR","@id":"https:\/\/www.notibras.com\/site\/#\/schema\/logo\/image\/","url":"https:\/\/www.notibras.com\/site\/wp-content\/uploads\/2023\/01\/notibras23.png","contentUrl":"https:\/\/www.notibras.com\/site\/wp-content\/uploads\/2023\/01\/notibras23.png","width":350,"height":87,"caption":"Grupo Notibras de Comunica\u00e7\u00e3o"},"image":{"@id":"https:\/\/www.notibras.com\/site\/#\/schema\/logo\/image\/"},"sameAs":["https:\/\/www.facebook.com\/notibras\/","https:\/\/x.com\/Notibras","https:\/\/www.instagram.com\/notibras\/"]},{"@type":"Person","@id":"https:\/\/www.notibras.com\/site\/#\/schema\/person\/36ab0979449956132d3e5b517ea76ac8","name":"Reda\u00e7\u00e3o","image":{"@type":"ImageObject","inLanguage":"pt-BR","@id":"https:\/\/secure.gravatar.com\/avatar\/e0a867bdedb85fd243eadf09663511f96fc81e0720a4a42581f334ad4303aa6b?s=96&d=mm&r=g","url":"https:\/\/secure.gravatar.com\/avatar\/e0a867bdedb85fd243eadf09663511f96fc81e0720a4a42581f334ad4303aa6b?s=96&d=mm&r=g","contentUrl":"https:\/\/secure.gravatar.com\/avatar\/e0a867bdedb85fd243eadf09663511f96fc81e0720a4a42581f334ad4303aa6b?s=96&d=mm&r=g","caption":"Reda\u00e7\u00e3o"}}]}},"amp_enabled":true,"_links":{"self":[{"href":"https:\/\/www.notibras.com\/site\/wp-json\/wp\/v2\/posts\/102243","targetHints":{"allow":["GET"]}}],"collection":[{"href":"https:\/\/www.notibras.com\/site\/wp-json\/wp\/v2\/posts"}],"about":[{"href":"https:\/\/www.notibras.com\/site\/wp-json\/wp\/v2\/types\/post"}],"author":[{"embeddable":true,"href":"https:\/\/www.notibras.com\/site\/wp-json\/wp\/v2\/users\/2"}],"replies":[{"embeddable":true,"href":"https:\/\/www.notibras.com\/site\/wp-json\/wp\/v2\/comments?post=102243"}],"version-history":[{"count":1,"href":"https:\/\/www.notibras.com\/site\/wp-json\/wp\/v2\/posts\/102243\/revisions"}],"predecessor-version":[{"id":102245,"href":"https:\/\/www.notibras.com\/site\/wp-json\/wp\/v2\/posts\/102243\/revisions\/102245"}],"wp:featuredmedia":[{"embeddable":true,"href":"https:\/\/www.notibras.com\/site\/wp-json\/wp\/v2\/media\/102244"}],"wp:attachment":[{"href":"https:\/\/www.notibras.com\/site\/wp-json\/wp\/v2\/media?parent=102243"}],"wp:term":[{"taxonomy":"category","embeddable":true,"href":"https:\/\/www.notibras.com\/site\/wp-json\/wp\/v2\/categories?post=102243"},{"taxonomy":"post_tag","embeddable":true,"href":"https:\/\/www.notibras.com\/site\/wp-json\/wp\/v2\/tags?post=102243"}],"curies":[{"name":"wp","href":"https:\/\/api.w.org\/{rel}","templated":true}]}}