{"id":10255,"date":"2014-05-20T23:19:17","date_gmt":"2014-05-21T02:19:17","guid":{"rendered":"http:\/\/www.notibras.com\/site\/?p=10255"},"modified":"2014-05-21T12:23:04","modified_gmt":"2014-05-21T15:23:04","slug":"vandalo-brasileiro-de-16-anos-picha-monumento-e-e-preso-na-italia","status":"publish","type":"post","link":"https:\/\/www.notibras.com\/site\/vandalo-brasileiro-de-16-anos-picha-monumento-e-e-preso-na-italia\/","title":{"rendered":"Brasileiro picha monumento e \u00e9 detido pela pol\u00edcia da It\u00e1lia"},"content":{"rendered":"<p>Um adolescente brasileiro de 16 anos que estava em uma excurs\u00e3o escolar escreveu a letra &#8220;M&#8221; no muro do terra\u00e7o Valadier, um mirante do s\u00e9culo XIX localizado em frente ao Coliseu de Roma, mas foi pego pela equipe que faz a seguran\u00e7a do monumento. Os vigilantes chamaram imediatamente a pol\u00edcia, que identificou o jovem e o levou para uma delegacia. As informa\u00e7\u00f5es s\u00e3o da ag\u00eancia Ansa.<\/p>\n<p class=\"text\">Agora o jovem corre o risco de ser denunciado na Justi\u00e7a por danos ao patrim\u00f4nio cultural. &#8220;Mais uma vez o pessoal da vigil\u00e2ncia do Coliseu agiu rapidamente, reduzindo inclusive a gravidade do dano&#8221;, disse Mariarosaria Barbera, superintendente para os bens arqueol\u00f3gicos da capital italiana.<\/p>\n<p class=\"text\">Esse foi o terceiro epis\u00f3dio de vandalismo em 2014 por parte de turistas no anfiteatro romano. No dia 17 de mar\u00e7o, um canadense de 15 anos, tamb\u00e9m em excurs\u00e3o do seu col\u00e9gio, retirou um tijolo de uma das paredes do monumento e escondeu na sua mochila, junto com um fragmento cer\u00e2mico. Contudo, outro visitante tirou uma foto do ato e mostrou para a equipe de seguran\u00e7a, que recuperou os objetos.<\/p>\n<p class=\"text\">Em 11 de janeiro, um pai e um filho australianos, de 45 e 12 anos, tentaram eternizar sua visita a Roma inscrevendo os seus nomes no Coliseu. O jovem j\u00e1 tinha conseguido escrever duas letras com uma pequena pedra quando foi descoberto. &#8220;Estamos conscientes de que, entre os milhares de turistas corretos, existem sujeitos capazes de comportamentos que podem traduzir-se em riscos para o monumento&#8221;, disse a diretora do anfiteatro, Rossella Rea.<\/p>\n","protected":false},"excerpt":{"rendered":"<p>Um adolescente brasileiro de 16 anos que estava em uma excurs\u00e3o escolar escreveu a letra &#8220;M&#8221; no muro do terra\u00e7o Valadier, um mirante do s\u00e9culo XIX localizado em frente ao Coliseu de Roma, mas foi pego pela equipe que faz a seguran\u00e7a do monumento. Os vigilantes chamaram imediatamente a pol\u00edcia, que identificou o jovem e [&hellip;]<\/p>\n","protected":false},"author":2,"featured_media":10256,"comment_status":"open","ping_status":"closed","sticky":false,"template":"","format":"standard","meta":{"_acf_changed":false,"footnotes":""},"categories":[16],"tags":[],"class_list":["post-10255","post","type-post","status-publish","format-standard","has-post-thumbnail","hentry","category-brasil"],"acf":[],"yoast_head":"<!-- This site is optimized with the Yoast SEO plugin v27.2 - https:\/\/yoast.com\/product\/yoast-seo-wordpress\/ -->\n<title>Brasileiro picha monumento e \u00e9 detido pela pol\u00edcia da It\u00e1lia - Notibras<\/title>\n<meta name=\"robots\" content=\"index, follow, max-snippet:-1, max-image-preview:large, max-video-preview:-1\" \/>\n<link rel=\"canonical\" href=\"https:\/\/www.notibras.com\/site\/vandalo-brasileiro-de-16-anos-picha-monumento-e-e-preso-na-italia\/\" \/>\n<meta property=\"og:locale\" content=\"pt_BR\" \/>\n<meta property=\"og:type\" content=\"article\" \/>\n<meta property=\"og:title\" content=\"Brasileiro picha monumento e \u00e9 detido pela pol\u00edcia da It\u00e1lia - Notibras\" \/>\n<meta property=\"og:description\" content=\"Um adolescente brasileiro de 16 anos que estava em uma excurs\u00e3o escolar escreveu a letra &#8220;M&#8221; no muro do terra\u00e7o Valadier, um mirante do s\u00e9culo XIX localizado em frente ao Coliseu de Roma, mas foi pego pela equipe que faz a seguran\u00e7a do monumento. Os vigilantes chamaram imediatamente a pol\u00edcia, que identificou o jovem e [&hellip;]\" \/>\n<meta property=\"og:url\" content=\"https:\/\/www.notibras.com\/site\/vandalo-brasileiro-de-16-anos-picha-monumento-e-e-preso-na-italia\/\" \/>\n<meta property=\"og:site_name\" content=\"Notibras\" \/>\n<meta property=\"article:publisher\" content=\"https:\/\/www.facebook.com\/notibras\/\" \/>\n<meta property=\"article:published_time\" content=\"2014-05-21T02:19:17+00:00\" \/>\n<meta property=\"article:modified_time\" content=\"2014-05-21T15:23:04+00:00\" \/>\n<meta property=\"og:image\" content=\"https:\/\/www.notibras.com\/site\/wp-content\/uploads\/2014\/05\/coliseugetty.jpg\" \/>\n\t<meta property=\"og:image:width\" content=\"460\" \/>\n\t<meta property=\"og:image:height\" content=\"340\" \/>\n\t<meta property=\"og:image:type\" content=\"image\/jpeg\" \/>\n<meta name=\"author\" content=\"Reda\u00e7\u00e3o\" \/>\n<meta name=\"twitter:card\" content=\"summary_large_image\" \/>\n<meta name=\"twitter:creator\" content=\"@Notibras\" \/>\n<meta name=\"twitter:site\" content=\"@Notibras\" \/>\n<meta name=\"twitter:label1\" content=\"Escrito por\" \/>\n\t<meta name=\"twitter:data1\" content=\"Reda\u00e7\u00e3o\" \/>\n\t<meta name=\"twitter:label2\" content=\"Est. tempo de leitura\" \/>\n\t<meta name=\"twitter:data2\" content=\"1 minuto\" \/>\n<script type=\"application\/ld+json\" class=\"yoast-schema-graph\">{\"@context\":\"https:\/\/schema.org\",\"@graph\":[{\"@type\":\"Article\",\"@id\":\"https:\/\/www.notibras.com\/site\/vandalo-brasileiro-de-16-anos-picha-monumento-e-e-preso-na-italia\/#article\",\"isPartOf\":{\"@id\":\"https:\/\/www.notibras.com\/site\/vandalo-brasileiro-de-16-anos-picha-monumento-e-e-preso-na-italia\/\"},\"author\":{\"name\":\"Reda\u00e7\u00e3o\",\"@id\":\"https:\/\/www.notibras.com\/site\/#\/schema\/person\/36ab0979449956132d3e5b517ea76ac8\"},\"headline\":\"Brasileiro picha monumento e \u00e9 detido pela pol\u00edcia da It\u00e1lia\",\"datePublished\":\"2014-05-21T02:19:17+00:00\",\"dateModified\":\"2014-05-21T15:23:04+00:00\",\"mainEntityOfPage\":{\"@id\":\"https:\/\/www.notibras.com\/site\/vandalo-brasileiro-de-16-anos-picha-monumento-e-e-preso-na-italia\/\"},\"wordCount\":275,\"commentCount\":0,\"publisher\":{\"@id\":\"https:\/\/www.notibras.com\/site\/#organization\"},\"image\":{\"@id\":\"https:\/\/www.notibras.com\/site\/vandalo-brasileiro-de-16-anos-picha-monumento-e-e-preso-na-italia\/#primaryimage\"},\"thumbnailUrl\":\"https:\/\/www.notibras.com\/site\/wp-content\/uploads\/2014\/05\/coliseugetty.jpg\",\"articleSection\":[\"Brasil\"],\"inLanguage\":\"pt-BR\",\"potentialAction\":[{\"@type\":\"CommentAction\",\"name\":\"Comment\",\"target\":[\"https:\/\/www.notibras.com\/site\/vandalo-brasileiro-de-16-anos-picha-monumento-e-e-preso-na-italia\/#respond\"]}]},{\"@type\":\"WebPage\",\"@id\":\"https:\/\/www.notibras.com\/site\/vandalo-brasileiro-de-16-anos-picha-monumento-e-e-preso-na-italia\/\",\"url\":\"https:\/\/www.notibras.com\/site\/vandalo-brasileiro-de-16-anos-picha-monumento-e-e-preso-na-italia\/\",\"name\":\"Brasileiro picha monumento e \u00e9 detido pela pol\u00edcia da It\u00e1lia - Notibras\",\"isPartOf\":{\"@id\":\"https:\/\/www.notibras.com\/site\/#website\"},\"primaryImageOfPage\":{\"@id\":\"https:\/\/www.notibras.com\/site\/vandalo-brasileiro-de-16-anos-picha-monumento-e-e-preso-na-italia\/#primaryimage\"},\"image\":{\"@id\":\"https:\/\/www.notibras.com\/site\/vandalo-brasileiro-de-16-anos-picha-monumento-e-e-preso-na-italia\/#primaryimage\"},\"thumbnailUrl\":\"https:\/\/www.notibras.com\/site\/wp-content\/uploads\/2014\/05\/coliseugetty.jpg\",\"datePublished\":\"2014-05-21T02:19:17+00:00\",\"dateModified\":\"2014-05-21T15:23:04+00:00\",\"breadcrumb\":{\"@id\":\"https:\/\/www.notibras.com\/site\/vandalo-brasileiro-de-16-anos-picha-monumento-e-e-preso-na-italia\/#breadcrumb\"},\"inLanguage\":\"pt-BR\",\"potentialAction\":[{\"@type\":\"ReadAction\",\"target\":[\"https:\/\/www.notibras.com\/site\/vandalo-brasileiro-de-16-anos-picha-monumento-e-e-preso-na-italia\/\"]}]},{\"@type\":\"ImageObject\",\"inLanguage\":\"pt-BR\",\"@id\":\"https:\/\/www.notibras.com\/site\/vandalo-brasileiro-de-16-anos-picha-monumento-e-e-preso-na-italia\/#primaryimage\",\"url\":\"https:\/\/www.notibras.com\/site\/wp-content\/uploads\/2014\/05\/coliseugetty.jpg\",\"contentUrl\":\"https:\/\/www.notibras.com\/site\/wp-content\/uploads\/2014\/05\/coliseugetty.jpg\",\"width\":460,\"height\":340},{\"@type\":\"BreadcrumbList\",\"@id\":\"https:\/\/www.notibras.com\/site\/vandalo-brasileiro-de-16-anos-picha-monumento-e-e-preso-na-italia\/#breadcrumb\",\"itemListElement\":[{\"@type\":\"ListItem\",\"position\":1,\"name\":\"In\u00edcio\",\"item\":\"https:\/\/www.notibras.com\/site\/\"},{\"@type\":\"ListItem\",\"position\":2,\"name\":\"Brasileiro picha monumento e \u00e9 detido pela pol\u00edcia da It\u00e1lia\"}]},{\"@type\":\"WebSite\",\"@id\":\"https:\/\/www.notibras.com\/site\/#website\",\"url\":\"https:\/\/www.notibras.com\/site\/\",\"name\":\"Notibras\",\"description\":\"Not\u00edcias de Bras\u00edlia, do Brasil e do Mundo\",\"publisher\":{\"@id\":\"https:\/\/www.notibras.com\/site\/#organization\"},\"potentialAction\":[{\"@type\":\"SearchAction\",\"target\":{\"@type\":\"EntryPoint\",\"urlTemplate\":\"https:\/\/www.notibras.com\/site\/?s={search_term_string}\"},\"query-input\":{\"@type\":\"PropertyValueSpecification\",\"valueRequired\":true,\"valueName\":\"search_term_string\"}}],\"inLanguage\":\"pt-BR\"},{\"@type\":\"Organization\",\"@id\":\"https:\/\/www.notibras.com\/site\/#organization\",\"name\":\"Grupo Notibras de Comunica\u00e7\u00e3o\",\"url\":\"https:\/\/www.notibras.com\/site\/\",\"logo\":{\"@type\":\"ImageObject\",\"inLanguage\":\"pt-BR\",\"@id\":\"https:\/\/www.notibras.com\/site\/#\/schema\/logo\/image\/\",\"url\":\"https:\/\/www.notibras.com\/site\/wp-content\/uploads\/2023\/01\/notibras23.png\",\"contentUrl\":\"https:\/\/www.notibras.com\/site\/wp-content\/uploads\/2023\/01\/notibras23.png\",\"width\":350,\"height\":87,\"caption\":\"Grupo Notibras de Comunica\u00e7\u00e3o\"},\"image\":{\"@id\":\"https:\/\/www.notibras.com\/site\/#\/schema\/logo\/image\/\"},\"sameAs\":[\"https:\/\/www.facebook.com\/notibras\/\",\"https:\/\/x.com\/Notibras\",\"https:\/\/www.instagram.com\/notibras\/\"]},{\"@type\":\"Person\",\"@id\":\"https:\/\/www.notibras.com\/site\/#\/schema\/person\/36ab0979449956132d3e5b517ea76ac8\",\"name\":\"Reda\u00e7\u00e3o\",\"image\":{\"@type\":\"ImageObject\",\"inLanguage\":\"pt-BR\",\"@id\":\"https:\/\/secure.gravatar.com\/avatar\/e0a867bdedb85fd243eadf09663511f96fc81e0720a4a42581f334ad4303aa6b?s=96&d=mm&r=g\",\"url\":\"https:\/\/secure.gravatar.com\/avatar\/e0a867bdedb85fd243eadf09663511f96fc81e0720a4a42581f334ad4303aa6b?s=96&d=mm&r=g\",\"contentUrl\":\"https:\/\/secure.gravatar.com\/avatar\/e0a867bdedb85fd243eadf09663511f96fc81e0720a4a42581f334ad4303aa6b?s=96&d=mm&r=g\",\"caption\":\"Reda\u00e7\u00e3o\"}}]}<\/script>\n<!-- \/ Yoast SEO plugin. -->","yoast_head_json":{"title":"Brasileiro picha monumento e \u00e9 detido pela pol\u00edcia da It\u00e1lia - Notibras","robots":{"index":"index","follow":"follow","max-snippet":"max-snippet:-1","max-image-preview":"max-image-preview:large","max-video-preview":"max-video-preview:-1"},"canonical":"https:\/\/www.notibras.com\/site\/vandalo-brasileiro-de-16-anos-picha-monumento-e-e-preso-na-italia\/","og_locale":"pt_BR","og_type":"article","og_title":"Brasileiro picha monumento e \u00e9 detido pela pol\u00edcia da It\u00e1lia - Notibras","og_description":"Um adolescente brasileiro de 16 anos que estava em uma excurs\u00e3o escolar escreveu a letra &#8220;M&#8221; no muro do terra\u00e7o Valadier, um mirante do s\u00e9culo XIX localizado em frente ao Coliseu de Roma, mas foi pego pela equipe que faz a seguran\u00e7a do monumento. Os vigilantes chamaram imediatamente a pol\u00edcia, que identificou o jovem e [&hellip;]","og_url":"https:\/\/www.notibras.com\/site\/vandalo-brasileiro-de-16-anos-picha-monumento-e-e-preso-na-italia\/","og_site_name":"Notibras","article_publisher":"https:\/\/www.facebook.com\/notibras\/","article_published_time":"2014-05-21T02:19:17+00:00","article_modified_time":"2014-05-21T15:23:04+00:00","og_image":[{"width":460,"height":340,"url":"https:\/\/www.notibras.com\/site\/wp-content\/uploads\/2014\/05\/coliseugetty.jpg","type":"image\/jpeg"}],"author":"Reda\u00e7\u00e3o","twitter_card":"summary_large_image","twitter_creator":"@Notibras","twitter_site":"@Notibras","twitter_misc":{"Escrito por":"Reda\u00e7\u00e3o","Est. tempo de leitura":"1 minuto"},"schema":{"@context":"https:\/\/schema.org","@graph":[{"@type":"Article","@id":"https:\/\/www.notibras.com\/site\/vandalo-brasileiro-de-16-anos-picha-monumento-e-e-preso-na-italia\/#article","isPartOf":{"@id":"https:\/\/www.notibras.com\/site\/vandalo-brasileiro-de-16-anos-picha-monumento-e-e-preso-na-italia\/"},"author":{"name":"Reda\u00e7\u00e3o","@id":"https:\/\/www.notibras.com\/site\/#\/schema\/person\/36ab0979449956132d3e5b517ea76ac8"},"headline":"Brasileiro picha monumento e \u00e9 detido pela pol\u00edcia da It\u00e1lia","datePublished":"2014-05-21T02:19:17+00:00","dateModified":"2014-05-21T15:23:04+00:00","mainEntityOfPage":{"@id":"https:\/\/www.notibras.com\/site\/vandalo-brasileiro-de-16-anos-picha-monumento-e-e-preso-na-italia\/"},"wordCount":275,"commentCount":0,"publisher":{"@id":"https:\/\/www.notibras.com\/site\/#organization"},"image":{"@id":"https:\/\/www.notibras.com\/site\/vandalo-brasileiro-de-16-anos-picha-monumento-e-e-preso-na-italia\/#primaryimage"},"thumbnailUrl":"https:\/\/www.notibras.com\/site\/wp-content\/uploads\/2014\/05\/coliseugetty.jpg","articleSection":["Brasil"],"inLanguage":"pt-BR","potentialAction":[{"@type":"CommentAction","name":"Comment","target":["https:\/\/www.notibras.com\/site\/vandalo-brasileiro-de-16-anos-picha-monumento-e-e-preso-na-italia\/#respond"]}]},{"@type":"WebPage","@id":"https:\/\/www.notibras.com\/site\/vandalo-brasileiro-de-16-anos-picha-monumento-e-e-preso-na-italia\/","url":"https:\/\/www.notibras.com\/site\/vandalo-brasileiro-de-16-anos-picha-monumento-e-e-preso-na-italia\/","name":"Brasileiro picha monumento e \u00e9 detido pela pol\u00edcia da It\u00e1lia - Notibras","isPartOf":{"@id":"https:\/\/www.notibras.com\/site\/#website"},"primaryImageOfPage":{"@id":"https:\/\/www.notibras.com\/site\/vandalo-brasileiro-de-16-anos-picha-monumento-e-e-preso-na-italia\/#primaryimage"},"image":{"@id":"https:\/\/www.notibras.com\/site\/vandalo-brasileiro-de-16-anos-picha-monumento-e-e-preso-na-italia\/#primaryimage"},"thumbnailUrl":"https:\/\/www.notibras.com\/site\/wp-content\/uploads\/2014\/05\/coliseugetty.jpg","datePublished":"2014-05-21T02:19:17+00:00","dateModified":"2014-05-21T15:23:04+00:00","breadcrumb":{"@id":"https:\/\/www.notibras.com\/site\/vandalo-brasileiro-de-16-anos-picha-monumento-e-e-preso-na-italia\/#breadcrumb"},"inLanguage":"pt-BR","potentialAction":[{"@type":"ReadAction","target":["https:\/\/www.notibras.com\/site\/vandalo-brasileiro-de-16-anos-picha-monumento-e-e-preso-na-italia\/"]}]},{"@type":"ImageObject","inLanguage":"pt-BR","@id":"https:\/\/www.notibras.com\/site\/vandalo-brasileiro-de-16-anos-picha-monumento-e-e-preso-na-italia\/#primaryimage","url":"https:\/\/www.notibras.com\/site\/wp-content\/uploads\/2014\/05\/coliseugetty.jpg","contentUrl":"https:\/\/www.notibras.com\/site\/wp-content\/uploads\/2014\/05\/coliseugetty.jpg","width":460,"height":340},{"@type":"BreadcrumbList","@id":"https:\/\/www.notibras.com\/site\/vandalo-brasileiro-de-16-anos-picha-monumento-e-e-preso-na-italia\/#breadcrumb","itemListElement":[{"@type":"ListItem","position":1,"name":"In\u00edcio","item":"https:\/\/www.notibras.com\/site\/"},{"@type":"ListItem","position":2,"name":"Brasileiro picha monumento e \u00e9 detido pela pol\u00edcia da It\u00e1lia"}]},{"@type":"WebSite","@id":"https:\/\/www.notibras.com\/site\/#website","url":"https:\/\/www.notibras.com\/site\/","name":"Notibras","description":"Not\u00edcias de Bras\u00edlia, do Brasil e do Mundo","publisher":{"@id":"https:\/\/www.notibras.com\/site\/#organization"},"potentialAction":[{"@type":"SearchAction","target":{"@type":"EntryPoint","urlTemplate":"https:\/\/www.notibras.com\/site\/?s={search_term_string}"},"query-input":{"@type":"PropertyValueSpecification","valueRequired":true,"valueName":"search_term_string"}}],"inLanguage":"pt-BR"},{"@type":"Organization","@id":"https:\/\/www.notibras.com\/site\/#organization","name":"Grupo Notibras de Comunica\u00e7\u00e3o","url":"https:\/\/www.notibras.com\/site\/","logo":{"@type":"ImageObject","inLanguage":"pt-BR","@id":"https:\/\/www.notibras.com\/site\/#\/schema\/logo\/image\/","url":"https:\/\/www.notibras.com\/site\/wp-content\/uploads\/2023\/01\/notibras23.png","contentUrl":"https:\/\/www.notibras.com\/site\/wp-content\/uploads\/2023\/01\/notibras23.png","width":350,"height":87,"caption":"Grupo Notibras de Comunica\u00e7\u00e3o"},"image":{"@id":"https:\/\/www.notibras.com\/site\/#\/schema\/logo\/image\/"},"sameAs":["https:\/\/www.facebook.com\/notibras\/","https:\/\/x.com\/Notibras","https:\/\/www.instagram.com\/notibras\/"]},{"@type":"Person","@id":"https:\/\/www.notibras.com\/site\/#\/schema\/person\/36ab0979449956132d3e5b517ea76ac8","name":"Reda\u00e7\u00e3o","image":{"@type":"ImageObject","inLanguage":"pt-BR","@id":"https:\/\/secure.gravatar.com\/avatar\/e0a867bdedb85fd243eadf09663511f96fc81e0720a4a42581f334ad4303aa6b?s=96&d=mm&r=g","url":"https:\/\/secure.gravatar.com\/avatar\/e0a867bdedb85fd243eadf09663511f96fc81e0720a4a42581f334ad4303aa6b?s=96&d=mm&r=g","contentUrl":"https:\/\/secure.gravatar.com\/avatar\/e0a867bdedb85fd243eadf09663511f96fc81e0720a4a42581f334ad4303aa6b?s=96&d=mm&r=g","caption":"Reda\u00e7\u00e3o"}}]}},"amp_enabled":true,"_links":{"self":[{"href":"https:\/\/www.notibras.com\/site\/wp-json\/wp\/v2\/posts\/10255","targetHints":{"allow":["GET"]}}],"collection":[{"href":"https:\/\/www.notibras.com\/site\/wp-json\/wp\/v2\/posts"}],"about":[{"href":"https:\/\/www.notibras.com\/site\/wp-json\/wp\/v2\/types\/post"}],"author":[{"embeddable":true,"href":"https:\/\/www.notibras.com\/site\/wp-json\/wp\/v2\/users\/2"}],"replies":[{"embeddable":true,"href":"https:\/\/www.notibras.com\/site\/wp-json\/wp\/v2\/comments?post=10255"}],"version-history":[{"count":0,"href":"https:\/\/www.notibras.com\/site\/wp-json\/wp\/v2\/posts\/10255\/revisions"}],"wp:featuredmedia":[{"embeddable":true,"href":"https:\/\/www.notibras.com\/site\/wp-json\/wp\/v2\/media\/10256"}],"wp:attachment":[{"href":"https:\/\/www.notibras.com\/site\/wp-json\/wp\/v2\/media?parent=10255"}],"wp:term":[{"taxonomy":"category","embeddable":true,"href":"https:\/\/www.notibras.com\/site\/wp-json\/wp\/v2\/categories?post=10255"},{"taxonomy":"post_tag","embeddable":true,"href":"https:\/\/www.notibras.com\/site\/wp-json\/wp\/v2\/tags?post=10255"}],"curies":[{"name":"wp","href":"https:\/\/api.w.org\/{rel}","templated":true}]}}