{"id":10317,"date":"2014-05-20T23:12:15","date_gmt":"2014-05-21T02:12:15","guid":{"rendered":"http:\/\/www.notibras.com\/site\/?p=10317"},"modified":"2014-05-21T00:13:28","modified_gmt":"2014-05-21T03:13:28","slug":"nautico-vira-no-fim-e-afunda-a-portuguesa-na-vice-lanterna","status":"publish","type":"post","link":"https:\/\/www.notibras.com\/site\/nautico-vira-no-fim-e-afunda-a-portuguesa-na-vice-lanterna\/","title":{"rendered":"N\u00e1utico vira no fim e afunda a Portuguesa na vice-lanterna"},"content":{"rendered":"<p>A Portuguesa segue sem vencer na S\u00e9rie B 2014. De t\u00e9cnico interino, j\u00e1 que Argel pediu as contas no final de semana, a equipe rubro-verde at\u00e9 saiu na frente na Arena Pernambuco, em duelo disputado na noite desta ter\u00e7a-feira, mas voltou pior para o segundo tempo e, j\u00e1 aos 42min, viu o N\u00e1utico- que estreava o t\u00e9cnico Sidney Moraes \u2013 virar a partida para 2 a 1.<\/p>\n<p>Com o resultado, a Lusa segue com dois pontos, na vice-lanterna da tabela, \u00e0 frente apenas do Vila Nova, que tem um e ainda n\u00e3o balan\u00e7ou as redes nesta S\u00e9rie B. O N\u00e1utico, por sua vez, chega a oito e termina esta sexta rodada na s\u00e9tima coloca\u00e7\u00e3o.<\/p>\n<p>Quem abriu o placar na Arena Pernambuco foi a Portuguesa, logo aos 6min. Rudnei aproveitou indecis\u00e3o entre Fl\u00e1vio e Alessandro, adiantou a bola e acabou derrubado pelo goleiro. P\u00eanalti, que Rom\u00e3o bateu com categoria no canto esquerdo e converteu. 1 a 0 Lusa.<\/p>\n<p>Por\u00e9m, na segunda etapa, veio a virada. Aos 12min, William Alves aproveitou escanteio da direita, subiu mais que a defesa rubro-verde e cabeceou para o ch\u00e3o, mandando no canto direito do goleiro Gl\u00e9dson. Tudo igual na Arena Pernambuco.<\/p>\n<p>O gol da vit\u00f3ria saiu j\u00e1 no final da partida, aos 42min. Careca recebeu de Leleu, fintou Gl\u00e9dson e cruzou para tr\u00e1s. Vin\u00edcius voltou a aproveitou uma falha da defesa da Portuguesa e, de cabe\u00e7a, garantiu os tr\u00eas pontos para o time rubro-verde.<\/p>\n","protected":false},"excerpt":{"rendered":"<p>A Portuguesa segue sem vencer na S\u00e9rie B 2014. De t\u00e9cnico interino, j\u00e1 que Argel pediu as contas no final de semana, a equipe rubro-verde at\u00e9 saiu na frente na Arena Pernambuco, em duelo disputado na noite desta ter\u00e7a-feira, mas voltou pior para o segundo tempo e, j\u00e1 aos 42min, viu o N\u00e1utico- que estreava [&hellip;]<\/p>\n","protected":false},"author":2,"featured_media":10318,"comment_status":"open","ping_status":"closed","sticky":false,"template":"","format":"standard","meta":{"_acf_changed":false,"footnotes":""},"categories":[19,29],"tags":[],"class_list":["post-10317","post","type-post","status-publish","format-standard","has-post-thumbnail","hentry","category-esportes","category-futebol"],"acf":[],"yoast_head":"<!-- This site is optimized with the Yoast SEO plugin v27.2 - https:\/\/yoast.com\/product\/yoast-seo-wordpress\/ -->\n<title>N\u00e1utico vira no fim e afunda a Portuguesa na vice-lanterna - Notibras<\/title>\n<meta name=\"robots\" content=\"index, follow, max-snippet:-1, max-image-preview:large, max-video-preview:-1\" \/>\n<link rel=\"canonical\" href=\"https:\/\/www.notibras.com\/site\/nautico-vira-no-fim-e-afunda-a-portuguesa-na-vice-lanterna\/\" \/>\n<meta property=\"og:locale\" content=\"pt_BR\" \/>\n<meta property=\"og:type\" content=\"article\" \/>\n<meta property=\"og:title\" content=\"N\u00e1utico vira no fim e afunda a Portuguesa na vice-lanterna - Notibras\" \/>\n<meta property=\"og:description\" content=\"A Portuguesa segue sem vencer na S\u00e9rie B 2014. De t\u00e9cnico interino, j\u00e1 que Argel pediu as contas no final de semana, a equipe rubro-verde at\u00e9 saiu na frente na Arena Pernambuco, em duelo disputado na noite desta ter\u00e7a-feira, mas voltou pior para o segundo tempo e, j\u00e1 aos 42min, viu o N\u00e1utico- que estreava [&hellip;]\" \/>\n<meta property=\"og:url\" content=\"https:\/\/www.notibras.com\/site\/nautico-vira-no-fim-e-afunda-a-portuguesa-na-vice-lanterna\/\" \/>\n<meta property=\"og:site_name\" content=\"Notibras\" \/>\n<meta property=\"article:publisher\" content=\"https:\/\/www.facebook.com\/notibras\/\" \/>\n<meta property=\"article:published_time\" content=\"2014-05-21T02:12:15+00:00\" \/>\n<meta property=\"article:modified_time\" content=\"2014-05-21T03:13:28+00:00\" \/>\n<meta property=\"og:image\" content=\"https:\/\/www.notibras.com\/site\/wp-content\/uploads\/2014\/05\/nau.jpg\" \/>\n\t<meta property=\"og:image:width\" content=\"259\" \/>\n\t<meta property=\"og:image:height\" content=\"194\" \/>\n\t<meta property=\"og:image:type\" content=\"image\/jpeg\" \/>\n<meta name=\"author\" content=\"Reda\u00e7\u00e3o\" \/>\n<meta name=\"twitter:card\" content=\"summary_large_image\" \/>\n<meta name=\"twitter:creator\" content=\"@Notibras\" \/>\n<meta name=\"twitter:site\" content=\"@Notibras\" \/>\n<meta name=\"twitter:label1\" content=\"Escrito por\" \/>\n\t<meta name=\"twitter:data1\" content=\"Reda\u00e7\u00e3o\" \/>\n\t<meta name=\"twitter:label2\" content=\"Est. tempo de leitura\" \/>\n\t<meta name=\"twitter:data2\" content=\"1 minuto\" \/>\n<script type=\"application\/ld+json\" class=\"yoast-schema-graph\">{\"@context\":\"https:\/\/schema.org\",\"@graph\":[{\"@type\":\"Article\",\"@id\":\"https:\/\/www.notibras.com\/site\/nautico-vira-no-fim-e-afunda-a-portuguesa-na-vice-lanterna\/#article\",\"isPartOf\":{\"@id\":\"https:\/\/www.notibras.com\/site\/nautico-vira-no-fim-e-afunda-a-portuguesa-na-vice-lanterna\/\"},\"author\":{\"name\":\"Reda\u00e7\u00e3o\",\"@id\":\"https:\/\/www.notibras.com\/site\/#\/schema\/person\/36ab0979449956132d3e5b517ea76ac8\"},\"headline\":\"N\u00e1utico vira no fim e afunda a Portuguesa na vice-lanterna\",\"datePublished\":\"2014-05-21T02:12:15+00:00\",\"dateModified\":\"2014-05-21T03:13:28+00:00\",\"mainEntityOfPage\":{\"@id\":\"https:\/\/www.notibras.com\/site\/nautico-vira-no-fim-e-afunda-a-portuguesa-na-vice-lanterna\/\"},\"wordCount\":266,\"commentCount\":0,\"publisher\":{\"@id\":\"https:\/\/www.notibras.com\/site\/#organization\"},\"image\":{\"@id\":\"https:\/\/www.notibras.com\/site\/nautico-vira-no-fim-e-afunda-a-portuguesa-na-vice-lanterna\/#primaryimage\"},\"thumbnailUrl\":\"https:\/\/www.notibras.com\/site\/wp-content\/uploads\/2014\/05\/nau.jpg\",\"articleSection\":[\"Esportes\",\"Futebol\"],\"inLanguage\":\"pt-BR\",\"potentialAction\":[{\"@type\":\"CommentAction\",\"name\":\"Comment\",\"target\":[\"https:\/\/www.notibras.com\/site\/nautico-vira-no-fim-e-afunda-a-portuguesa-na-vice-lanterna\/#respond\"]}]},{\"@type\":\"WebPage\",\"@id\":\"https:\/\/www.notibras.com\/site\/nautico-vira-no-fim-e-afunda-a-portuguesa-na-vice-lanterna\/\",\"url\":\"https:\/\/www.notibras.com\/site\/nautico-vira-no-fim-e-afunda-a-portuguesa-na-vice-lanterna\/\",\"name\":\"N\u00e1utico vira no fim e afunda a Portuguesa na vice-lanterna - Notibras\",\"isPartOf\":{\"@id\":\"https:\/\/www.notibras.com\/site\/#website\"},\"primaryImageOfPage\":{\"@id\":\"https:\/\/www.notibras.com\/site\/nautico-vira-no-fim-e-afunda-a-portuguesa-na-vice-lanterna\/#primaryimage\"},\"image\":{\"@id\":\"https:\/\/www.notibras.com\/site\/nautico-vira-no-fim-e-afunda-a-portuguesa-na-vice-lanterna\/#primaryimage\"},\"thumbnailUrl\":\"https:\/\/www.notibras.com\/site\/wp-content\/uploads\/2014\/05\/nau.jpg\",\"datePublished\":\"2014-05-21T02:12:15+00:00\",\"dateModified\":\"2014-05-21T03:13:28+00:00\",\"breadcrumb\":{\"@id\":\"https:\/\/www.notibras.com\/site\/nautico-vira-no-fim-e-afunda-a-portuguesa-na-vice-lanterna\/#breadcrumb\"},\"inLanguage\":\"pt-BR\",\"potentialAction\":[{\"@type\":\"ReadAction\",\"target\":[\"https:\/\/www.notibras.com\/site\/nautico-vira-no-fim-e-afunda-a-portuguesa-na-vice-lanterna\/\"]}]},{\"@type\":\"ImageObject\",\"inLanguage\":\"pt-BR\",\"@id\":\"https:\/\/www.notibras.com\/site\/nautico-vira-no-fim-e-afunda-a-portuguesa-na-vice-lanterna\/#primaryimage\",\"url\":\"https:\/\/www.notibras.com\/site\/wp-content\/uploads\/2014\/05\/nau.jpg\",\"contentUrl\":\"https:\/\/www.notibras.com\/site\/wp-content\/uploads\/2014\/05\/nau.jpg\",\"width\":259,\"height\":194},{\"@type\":\"BreadcrumbList\",\"@id\":\"https:\/\/www.notibras.com\/site\/nautico-vira-no-fim-e-afunda-a-portuguesa-na-vice-lanterna\/#breadcrumb\",\"itemListElement\":[{\"@type\":\"ListItem\",\"position\":1,\"name\":\"In\u00edcio\",\"item\":\"https:\/\/www.notibras.com\/site\/\"},{\"@type\":\"ListItem\",\"position\":2,\"name\":\"N\u00e1utico vira no fim e afunda a Portuguesa na vice-lanterna\"}]},{\"@type\":\"WebSite\",\"@id\":\"https:\/\/www.notibras.com\/site\/#website\",\"url\":\"https:\/\/www.notibras.com\/site\/\",\"name\":\"Notibras\",\"description\":\"Not\u00edcias de Bras\u00edlia, do Brasil e do Mundo\",\"publisher\":{\"@id\":\"https:\/\/www.notibras.com\/site\/#organization\"},\"potentialAction\":[{\"@type\":\"SearchAction\",\"target\":{\"@type\":\"EntryPoint\",\"urlTemplate\":\"https:\/\/www.notibras.com\/site\/?s={search_term_string}\"},\"query-input\":{\"@type\":\"PropertyValueSpecification\",\"valueRequired\":true,\"valueName\":\"search_term_string\"}}],\"inLanguage\":\"pt-BR\"},{\"@type\":\"Organization\",\"@id\":\"https:\/\/www.notibras.com\/site\/#organization\",\"name\":\"Grupo Notibras de Comunica\u00e7\u00e3o\",\"url\":\"https:\/\/www.notibras.com\/site\/\",\"logo\":{\"@type\":\"ImageObject\",\"inLanguage\":\"pt-BR\",\"@id\":\"https:\/\/www.notibras.com\/site\/#\/schema\/logo\/image\/\",\"url\":\"https:\/\/www.notibras.com\/site\/wp-content\/uploads\/2023\/01\/notibras23.png\",\"contentUrl\":\"https:\/\/www.notibras.com\/site\/wp-content\/uploads\/2023\/01\/notibras23.png\",\"width\":350,\"height\":87,\"caption\":\"Grupo Notibras de Comunica\u00e7\u00e3o\"},\"image\":{\"@id\":\"https:\/\/www.notibras.com\/site\/#\/schema\/logo\/image\/\"},\"sameAs\":[\"https:\/\/www.facebook.com\/notibras\/\",\"https:\/\/x.com\/Notibras\",\"https:\/\/www.instagram.com\/notibras\/\"]},{\"@type\":\"Person\",\"@id\":\"https:\/\/www.notibras.com\/site\/#\/schema\/person\/36ab0979449956132d3e5b517ea76ac8\",\"name\":\"Reda\u00e7\u00e3o\",\"image\":{\"@type\":\"ImageObject\",\"inLanguage\":\"pt-BR\",\"@id\":\"https:\/\/secure.gravatar.com\/avatar\/e0a867bdedb85fd243eadf09663511f96fc81e0720a4a42581f334ad4303aa6b?s=96&d=mm&r=g\",\"url\":\"https:\/\/secure.gravatar.com\/avatar\/e0a867bdedb85fd243eadf09663511f96fc81e0720a4a42581f334ad4303aa6b?s=96&d=mm&r=g\",\"contentUrl\":\"https:\/\/secure.gravatar.com\/avatar\/e0a867bdedb85fd243eadf09663511f96fc81e0720a4a42581f334ad4303aa6b?s=96&d=mm&r=g\",\"caption\":\"Reda\u00e7\u00e3o\"}}]}<\/script>\n<!-- \/ Yoast SEO plugin. -->","yoast_head_json":{"title":"N\u00e1utico vira no fim e afunda a Portuguesa na vice-lanterna - Notibras","robots":{"index":"index","follow":"follow","max-snippet":"max-snippet:-1","max-image-preview":"max-image-preview:large","max-video-preview":"max-video-preview:-1"},"canonical":"https:\/\/www.notibras.com\/site\/nautico-vira-no-fim-e-afunda-a-portuguesa-na-vice-lanterna\/","og_locale":"pt_BR","og_type":"article","og_title":"N\u00e1utico vira no fim e afunda a Portuguesa na vice-lanterna - Notibras","og_description":"A Portuguesa segue sem vencer na S\u00e9rie B 2014. De t\u00e9cnico interino, j\u00e1 que Argel pediu as contas no final de semana, a equipe rubro-verde at\u00e9 saiu na frente na Arena Pernambuco, em duelo disputado na noite desta ter\u00e7a-feira, mas voltou pior para o segundo tempo e, j\u00e1 aos 42min, viu o N\u00e1utico- que estreava [&hellip;]","og_url":"https:\/\/www.notibras.com\/site\/nautico-vira-no-fim-e-afunda-a-portuguesa-na-vice-lanterna\/","og_site_name":"Notibras","article_publisher":"https:\/\/www.facebook.com\/notibras\/","article_published_time":"2014-05-21T02:12:15+00:00","article_modified_time":"2014-05-21T03:13:28+00:00","og_image":[{"width":259,"height":194,"url":"https:\/\/www.notibras.com\/site\/wp-content\/uploads\/2014\/05\/nau.jpg","type":"image\/jpeg"}],"author":"Reda\u00e7\u00e3o","twitter_card":"summary_large_image","twitter_creator":"@Notibras","twitter_site":"@Notibras","twitter_misc":{"Escrito por":"Reda\u00e7\u00e3o","Est. tempo de leitura":"1 minuto"},"schema":{"@context":"https:\/\/schema.org","@graph":[{"@type":"Article","@id":"https:\/\/www.notibras.com\/site\/nautico-vira-no-fim-e-afunda-a-portuguesa-na-vice-lanterna\/#article","isPartOf":{"@id":"https:\/\/www.notibras.com\/site\/nautico-vira-no-fim-e-afunda-a-portuguesa-na-vice-lanterna\/"},"author":{"name":"Reda\u00e7\u00e3o","@id":"https:\/\/www.notibras.com\/site\/#\/schema\/person\/36ab0979449956132d3e5b517ea76ac8"},"headline":"N\u00e1utico vira no fim e afunda a Portuguesa na vice-lanterna","datePublished":"2014-05-21T02:12:15+00:00","dateModified":"2014-05-21T03:13:28+00:00","mainEntityOfPage":{"@id":"https:\/\/www.notibras.com\/site\/nautico-vira-no-fim-e-afunda-a-portuguesa-na-vice-lanterna\/"},"wordCount":266,"commentCount":0,"publisher":{"@id":"https:\/\/www.notibras.com\/site\/#organization"},"image":{"@id":"https:\/\/www.notibras.com\/site\/nautico-vira-no-fim-e-afunda-a-portuguesa-na-vice-lanterna\/#primaryimage"},"thumbnailUrl":"https:\/\/www.notibras.com\/site\/wp-content\/uploads\/2014\/05\/nau.jpg","articleSection":["Esportes","Futebol"],"inLanguage":"pt-BR","potentialAction":[{"@type":"CommentAction","name":"Comment","target":["https:\/\/www.notibras.com\/site\/nautico-vira-no-fim-e-afunda-a-portuguesa-na-vice-lanterna\/#respond"]}]},{"@type":"WebPage","@id":"https:\/\/www.notibras.com\/site\/nautico-vira-no-fim-e-afunda-a-portuguesa-na-vice-lanterna\/","url":"https:\/\/www.notibras.com\/site\/nautico-vira-no-fim-e-afunda-a-portuguesa-na-vice-lanterna\/","name":"N\u00e1utico vira no fim e afunda a Portuguesa na vice-lanterna - Notibras","isPartOf":{"@id":"https:\/\/www.notibras.com\/site\/#website"},"primaryImageOfPage":{"@id":"https:\/\/www.notibras.com\/site\/nautico-vira-no-fim-e-afunda-a-portuguesa-na-vice-lanterna\/#primaryimage"},"image":{"@id":"https:\/\/www.notibras.com\/site\/nautico-vira-no-fim-e-afunda-a-portuguesa-na-vice-lanterna\/#primaryimage"},"thumbnailUrl":"https:\/\/www.notibras.com\/site\/wp-content\/uploads\/2014\/05\/nau.jpg","datePublished":"2014-05-21T02:12:15+00:00","dateModified":"2014-05-21T03:13:28+00:00","breadcrumb":{"@id":"https:\/\/www.notibras.com\/site\/nautico-vira-no-fim-e-afunda-a-portuguesa-na-vice-lanterna\/#breadcrumb"},"inLanguage":"pt-BR","potentialAction":[{"@type":"ReadAction","target":["https:\/\/www.notibras.com\/site\/nautico-vira-no-fim-e-afunda-a-portuguesa-na-vice-lanterna\/"]}]},{"@type":"ImageObject","inLanguage":"pt-BR","@id":"https:\/\/www.notibras.com\/site\/nautico-vira-no-fim-e-afunda-a-portuguesa-na-vice-lanterna\/#primaryimage","url":"https:\/\/www.notibras.com\/site\/wp-content\/uploads\/2014\/05\/nau.jpg","contentUrl":"https:\/\/www.notibras.com\/site\/wp-content\/uploads\/2014\/05\/nau.jpg","width":259,"height":194},{"@type":"BreadcrumbList","@id":"https:\/\/www.notibras.com\/site\/nautico-vira-no-fim-e-afunda-a-portuguesa-na-vice-lanterna\/#breadcrumb","itemListElement":[{"@type":"ListItem","position":1,"name":"In\u00edcio","item":"https:\/\/www.notibras.com\/site\/"},{"@type":"ListItem","position":2,"name":"N\u00e1utico vira no fim e afunda a Portuguesa na vice-lanterna"}]},{"@type":"WebSite","@id":"https:\/\/www.notibras.com\/site\/#website","url":"https:\/\/www.notibras.com\/site\/","name":"Notibras","description":"Not\u00edcias de Bras\u00edlia, do Brasil e do Mundo","publisher":{"@id":"https:\/\/www.notibras.com\/site\/#organization"},"potentialAction":[{"@type":"SearchAction","target":{"@type":"EntryPoint","urlTemplate":"https:\/\/www.notibras.com\/site\/?s={search_term_string}"},"query-input":{"@type":"PropertyValueSpecification","valueRequired":true,"valueName":"search_term_string"}}],"inLanguage":"pt-BR"},{"@type":"Organization","@id":"https:\/\/www.notibras.com\/site\/#organization","name":"Grupo Notibras de Comunica\u00e7\u00e3o","url":"https:\/\/www.notibras.com\/site\/","logo":{"@type":"ImageObject","inLanguage":"pt-BR","@id":"https:\/\/www.notibras.com\/site\/#\/schema\/logo\/image\/","url":"https:\/\/www.notibras.com\/site\/wp-content\/uploads\/2023\/01\/notibras23.png","contentUrl":"https:\/\/www.notibras.com\/site\/wp-content\/uploads\/2023\/01\/notibras23.png","width":350,"height":87,"caption":"Grupo Notibras de Comunica\u00e7\u00e3o"},"image":{"@id":"https:\/\/www.notibras.com\/site\/#\/schema\/logo\/image\/"},"sameAs":["https:\/\/www.facebook.com\/notibras\/","https:\/\/x.com\/Notibras","https:\/\/www.instagram.com\/notibras\/"]},{"@type":"Person","@id":"https:\/\/www.notibras.com\/site\/#\/schema\/person\/36ab0979449956132d3e5b517ea76ac8","name":"Reda\u00e7\u00e3o","image":{"@type":"ImageObject","inLanguage":"pt-BR","@id":"https:\/\/secure.gravatar.com\/avatar\/e0a867bdedb85fd243eadf09663511f96fc81e0720a4a42581f334ad4303aa6b?s=96&d=mm&r=g","url":"https:\/\/secure.gravatar.com\/avatar\/e0a867bdedb85fd243eadf09663511f96fc81e0720a4a42581f334ad4303aa6b?s=96&d=mm&r=g","contentUrl":"https:\/\/secure.gravatar.com\/avatar\/e0a867bdedb85fd243eadf09663511f96fc81e0720a4a42581f334ad4303aa6b?s=96&d=mm&r=g","caption":"Reda\u00e7\u00e3o"}}]}},"amp_enabled":true,"_links":{"self":[{"href":"https:\/\/www.notibras.com\/site\/wp-json\/wp\/v2\/posts\/10317","targetHints":{"allow":["GET"]}}],"collection":[{"href":"https:\/\/www.notibras.com\/site\/wp-json\/wp\/v2\/posts"}],"about":[{"href":"https:\/\/www.notibras.com\/site\/wp-json\/wp\/v2\/types\/post"}],"author":[{"embeddable":true,"href":"https:\/\/www.notibras.com\/site\/wp-json\/wp\/v2\/users\/2"}],"replies":[{"embeddable":true,"href":"https:\/\/www.notibras.com\/site\/wp-json\/wp\/v2\/comments?post=10317"}],"version-history":[{"count":0,"href":"https:\/\/www.notibras.com\/site\/wp-json\/wp\/v2\/posts\/10317\/revisions"}],"wp:featuredmedia":[{"embeddable":true,"href":"https:\/\/www.notibras.com\/site\/wp-json\/wp\/v2\/media\/10318"}],"wp:attachment":[{"href":"https:\/\/www.notibras.com\/site\/wp-json\/wp\/v2\/media?parent=10317"}],"wp:term":[{"taxonomy":"category","embeddable":true,"href":"https:\/\/www.notibras.com\/site\/wp-json\/wp\/v2\/categories?post=10317"},{"taxonomy":"post_tag","embeddable":true,"href":"https:\/\/www.notibras.com\/site\/wp-json\/wp\/v2\/tags?post=10317"}],"curies":[{"name":"wp","href":"https:\/\/api.w.org\/{rel}","templated":true}]}}