{"id":10381,"date":"2014-05-21T19:12:54","date_gmt":"2014-05-21T22:12:54","guid":{"rendered":"http:\/\/www.notibras.com\/site\/?p=10381"},"modified":"2014-05-21T21:40:51","modified_gmt":"2014-05-22T00:40:51","slug":"bancos-perdem-batalha-de-340-bi-da-poupanca-mas-a-guerra-nao-acabou","status":"publish","type":"post","link":"https:\/\/www.notibras.com\/site\/bancos-perdem-batalha-de-340-bi-da-poupanca-mas-a-guerra-nao-acabou\/","title":{"rendered":"Bancos perdem batalha de 340 bilh\u00f5es da poupan\u00e7a, mas a guerra ainda n\u00e3o acabou"},"content":{"rendered":"<p>Os ministros do Superior Tribunal de Justi\u00e7a decidiram nesta quarta 21, que os bancos dever\u00e3o contabilizar juros no pagamento a poupadores prejudicados por planos econ\u00f4micos passados (anos 80 e 90, como os planos Bresser, Ver\u00e3o e Collor 1 e 2), desde a cita\u00e7\u00e3o em a\u00e7\u00e3o civil p\u00fablica (ACT) movida em 1993.<\/p>\n<p>Agora \u00e9 aguardada uma manifesta\u00e7\u00e3o do STF, que deve acontecer na pr\u00f3xima semana. Se os ministros do Supremo seguirem o mesmo caminho dos colegas do STJ, os banqueiros ter\u00e3o de desembolsar mais de 340 bilh\u00f5es de reais.<\/p>\n<p>A vota\u00e7\u00e3o foi apertada, dividindo a corte. O voto do presidente Felix Fisher decidiu o julgamento. Com o resultado, os juros de mora \u2013 ou seja, de atraso de pagamento \u2013 come\u00e7am a ser contados desde a A\u00e7\u00e3o Civil P\u00fablica movida pelo Instituto Brasileiro de Defesa do Consumidor (Idec), ganha em 1993. Com a decis\u00e3o, os bancos ter\u00e3o que calcular os juros de mora desde esse per\u00edodo.<\/p>\n<p>O debate envolveu ainda a quest\u00e3o da efic\u00e1cia da a\u00e7\u00e3o civil, uma vez que os bancos defendem que os juros s\u00f3 sejam contados quando um indiv\u00edduo entre com uma a\u00e7\u00e3o, balizando-se na vit\u00f3ria j\u00e1 obtida pela ACP. Defensores dos poupadores entendem que o sucesso da a\u00e7\u00e3o j\u00e1 serve para iniciar a contagem dos juros de mora, uma vez que os bancos, a partir da\u00ed, j\u00e1 conhecem a d\u00edvida.<\/p>\n<p>A decis\u00e3o balizar\u00e1 outros tipos de a\u00e7\u00f5es, como reajustes de planos de sa\u00fade, cobran\u00e7as indevidas ou perdas ocorridas em outros planos econ\u00f4micos.<\/p>\n","protected":false},"excerpt":{"rendered":"<p>Os ministros do Superior Tribunal de Justi\u00e7a decidiram nesta quarta 21, que os bancos dever\u00e3o contabilizar juros no pagamento a poupadores prejudicados por planos econ\u00f4micos passados (anos 80 e 90, como os planos Bresser, Ver\u00e3o e Collor 1 e 2), desde a cita\u00e7\u00e3o em a\u00e7\u00e3o civil p\u00fablica (ACT) movida em 1993. Agora \u00e9 aguardada uma [&hellip;]<\/p>\n","protected":false},"author":2,"featured_media":10382,"comment_status":"open","ping_status":"closed","sticky":false,"template":"","format":"standard","meta":{"_acf_changed":false,"footnotes":""},"categories":[16],"tags":[],"class_list":["post-10381","post","type-post","status-publish","format-standard","has-post-thumbnail","hentry","category-brasil"],"acf":[],"yoast_head":"<!-- This site is optimized with the Yoast SEO plugin v27.2 - https:\/\/yoast.com\/product\/yoast-seo-wordpress\/ -->\n<title>Bancos perdem batalha de 340 bilh\u00f5es da poupan\u00e7a, mas a guerra ainda n\u00e3o acabou - Notibras<\/title>\n<meta name=\"robots\" content=\"index, follow, max-snippet:-1, max-image-preview:large, max-video-preview:-1\" \/>\n<link rel=\"canonical\" href=\"https:\/\/www.notibras.com\/site\/bancos-perdem-batalha-de-340-bi-da-poupanca-mas-a-guerra-nao-acabou\/\" \/>\n<meta property=\"og:locale\" content=\"pt_BR\" \/>\n<meta property=\"og:type\" content=\"article\" \/>\n<meta property=\"og:title\" content=\"Bancos perdem batalha de 340 bilh\u00f5es da poupan\u00e7a, mas a guerra ainda n\u00e3o acabou - Notibras\" \/>\n<meta property=\"og:description\" content=\"Os ministros do Superior Tribunal de Justi\u00e7a decidiram nesta quarta 21, que os bancos dever\u00e3o contabilizar juros no pagamento a poupadores prejudicados por planos econ\u00f4micos passados (anos 80 e 90, como os planos Bresser, Ver\u00e3o e Collor 1 e 2), desde a cita\u00e7\u00e3o em a\u00e7\u00e3o civil p\u00fablica (ACT) movida em 1993. Agora \u00e9 aguardada uma [&hellip;]\" \/>\n<meta property=\"og:url\" content=\"https:\/\/www.notibras.com\/site\/bancos-perdem-batalha-de-340-bi-da-poupanca-mas-a-guerra-nao-acabou\/\" \/>\n<meta property=\"og:site_name\" content=\"Notibras\" \/>\n<meta property=\"article:publisher\" content=\"https:\/\/www.facebook.com\/notibras\/\" \/>\n<meta property=\"article:published_time\" content=\"2014-05-21T22:12:54+00:00\" \/>\n<meta property=\"article:modified_time\" content=\"2014-05-22T00:40:51+00:00\" \/>\n<meta property=\"og:image\" content=\"https:\/\/www.notibras.com\/site\/wp-content\/uploads\/2014\/05\/dinheirama1.jpg\" \/>\n\t<meta property=\"og:image:width\" content=\"448\" \/>\n\t<meta property=\"og:image:height\" content=\"328\" \/>\n\t<meta property=\"og:image:type\" content=\"image\/jpeg\" \/>\n<meta name=\"author\" content=\"Reda\u00e7\u00e3o\" \/>\n<meta name=\"twitter:card\" content=\"summary_large_image\" \/>\n<meta name=\"twitter:creator\" content=\"@Notibras\" \/>\n<meta name=\"twitter:site\" content=\"@Notibras\" \/>\n<meta name=\"twitter:label1\" content=\"Escrito por\" \/>\n\t<meta name=\"twitter:data1\" content=\"Reda\u00e7\u00e3o\" \/>\n\t<meta name=\"twitter:label2\" content=\"Est. tempo de leitura\" \/>\n\t<meta name=\"twitter:data2\" content=\"1 minuto\" \/>\n<script type=\"application\/ld+json\" class=\"yoast-schema-graph\">{\"@context\":\"https:\/\/schema.org\",\"@graph\":[{\"@type\":\"Article\",\"@id\":\"https:\/\/www.notibras.com\/site\/bancos-perdem-batalha-de-340-bi-da-poupanca-mas-a-guerra-nao-acabou\/#article\",\"isPartOf\":{\"@id\":\"https:\/\/www.notibras.com\/site\/bancos-perdem-batalha-de-340-bi-da-poupanca-mas-a-guerra-nao-acabou\/\"},\"author\":{\"name\":\"Reda\u00e7\u00e3o\",\"@id\":\"https:\/\/www.notibras.com\/site\/#\/schema\/person\/36ab0979449956132d3e5b517ea76ac8\"},\"headline\":\"Bancos perdem batalha de 340 bilh\u00f5es da poupan\u00e7a, mas a guerra ainda n\u00e3o acabou\",\"datePublished\":\"2014-05-21T22:12:54+00:00\",\"dateModified\":\"2014-05-22T00:40:51+00:00\",\"mainEntityOfPage\":{\"@id\":\"https:\/\/www.notibras.com\/site\/bancos-perdem-batalha-de-340-bi-da-poupanca-mas-a-guerra-nao-acabou\/\"},\"wordCount\":281,\"commentCount\":0,\"publisher\":{\"@id\":\"https:\/\/www.notibras.com\/site\/#organization\"},\"image\":{\"@id\":\"https:\/\/www.notibras.com\/site\/bancos-perdem-batalha-de-340-bi-da-poupanca-mas-a-guerra-nao-acabou\/#primaryimage\"},\"thumbnailUrl\":\"https:\/\/www.notibras.com\/site\/wp-content\/uploads\/2014\/05\/dinheirama1.jpg\",\"articleSection\":[\"Brasil\"],\"inLanguage\":\"pt-BR\",\"potentialAction\":[{\"@type\":\"CommentAction\",\"name\":\"Comment\",\"target\":[\"https:\/\/www.notibras.com\/site\/bancos-perdem-batalha-de-340-bi-da-poupanca-mas-a-guerra-nao-acabou\/#respond\"]}]},{\"@type\":\"WebPage\",\"@id\":\"https:\/\/www.notibras.com\/site\/bancos-perdem-batalha-de-340-bi-da-poupanca-mas-a-guerra-nao-acabou\/\",\"url\":\"https:\/\/www.notibras.com\/site\/bancos-perdem-batalha-de-340-bi-da-poupanca-mas-a-guerra-nao-acabou\/\",\"name\":\"Bancos perdem batalha de 340 bilh\u00f5es da poupan\u00e7a, mas a guerra ainda n\u00e3o acabou - Notibras\",\"isPartOf\":{\"@id\":\"https:\/\/www.notibras.com\/site\/#website\"},\"primaryImageOfPage\":{\"@id\":\"https:\/\/www.notibras.com\/site\/bancos-perdem-batalha-de-340-bi-da-poupanca-mas-a-guerra-nao-acabou\/#primaryimage\"},\"image\":{\"@id\":\"https:\/\/www.notibras.com\/site\/bancos-perdem-batalha-de-340-bi-da-poupanca-mas-a-guerra-nao-acabou\/#primaryimage\"},\"thumbnailUrl\":\"https:\/\/www.notibras.com\/site\/wp-content\/uploads\/2014\/05\/dinheirama1.jpg\",\"datePublished\":\"2014-05-21T22:12:54+00:00\",\"dateModified\":\"2014-05-22T00:40:51+00:00\",\"breadcrumb\":{\"@id\":\"https:\/\/www.notibras.com\/site\/bancos-perdem-batalha-de-340-bi-da-poupanca-mas-a-guerra-nao-acabou\/#breadcrumb\"},\"inLanguage\":\"pt-BR\",\"potentialAction\":[{\"@type\":\"ReadAction\",\"target\":[\"https:\/\/www.notibras.com\/site\/bancos-perdem-batalha-de-340-bi-da-poupanca-mas-a-guerra-nao-acabou\/\"]}]},{\"@type\":\"ImageObject\",\"inLanguage\":\"pt-BR\",\"@id\":\"https:\/\/www.notibras.com\/site\/bancos-perdem-batalha-de-340-bi-da-poupanca-mas-a-guerra-nao-acabou\/#primaryimage\",\"url\":\"https:\/\/www.notibras.com\/site\/wp-content\/uploads\/2014\/05\/dinheirama1.jpg\",\"contentUrl\":\"https:\/\/www.notibras.com\/site\/wp-content\/uploads\/2014\/05\/dinheirama1.jpg\",\"width\":448,\"height\":328},{\"@type\":\"BreadcrumbList\",\"@id\":\"https:\/\/www.notibras.com\/site\/bancos-perdem-batalha-de-340-bi-da-poupanca-mas-a-guerra-nao-acabou\/#breadcrumb\",\"itemListElement\":[{\"@type\":\"ListItem\",\"position\":1,\"name\":\"In\u00edcio\",\"item\":\"https:\/\/www.notibras.com\/site\/\"},{\"@type\":\"ListItem\",\"position\":2,\"name\":\"Bancos perdem batalha de 340 bilh\u00f5es da poupan\u00e7a, mas a guerra ainda n\u00e3o acabou\"}]},{\"@type\":\"WebSite\",\"@id\":\"https:\/\/www.notibras.com\/site\/#website\",\"url\":\"https:\/\/www.notibras.com\/site\/\",\"name\":\"Notibras\",\"description\":\"Not\u00edcias de Bras\u00edlia, do Brasil e do Mundo\",\"publisher\":{\"@id\":\"https:\/\/www.notibras.com\/site\/#organization\"},\"potentialAction\":[{\"@type\":\"SearchAction\",\"target\":{\"@type\":\"EntryPoint\",\"urlTemplate\":\"https:\/\/www.notibras.com\/site\/?s={search_term_string}\"},\"query-input\":{\"@type\":\"PropertyValueSpecification\",\"valueRequired\":true,\"valueName\":\"search_term_string\"}}],\"inLanguage\":\"pt-BR\"},{\"@type\":\"Organization\",\"@id\":\"https:\/\/www.notibras.com\/site\/#organization\",\"name\":\"Grupo Notibras de Comunica\u00e7\u00e3o\",\"url\":\"https:\/\/www.notibras.com\/site\/\",\"logo\":{\"@type\":\"ImageObject\",\"inLanguage\":\"pt-BR\",\"@id\":\"https:\/\/www.notibras.com\/site\/#\/schema\/logo\/image\/\",\"url\":\"https:\/\/www.notibras.com\/site\/wp-content\/uploads\/2023\/01\/notibras23.png\",\"contentUrl\":\"https:\/\/www.notibras.com\/site\/wp-content\/uploads\/2023\/01\/notibras23.png\",\"width\":350,\"height\":87,\"caption\":\"Grupo Notibras de Comunica\u00e7\u00e3o\"},\"image\":{\"@id\":\"https:\/\/www.notibras.com\/site\/#\/schema\/logo\/image\/\"},\"sameAs\":[\"https:\/\/www.facebook.com\/notibras\/\",\"https:\/\/x.com\/Notibras\",\"https:\/\/www.instagram.com\/notibras\/\"]},{\"@type\":\"Person\",\"@id\":\"https:\/\/www.notibras.com\/site\/#\/schema\/person\/36ab0979449956132d3e5b517ea76ac8\",\"name\":\"Reda\u00e7\u00e3o\",\"image\":{\"@type\":\"ImageObject\",\"inLanguage\":\"pt-BR\",\"@id\":\"https:\/\/secure.gravatar.com\/avatar\/e0a867bdedb85fd243eadf09663511f96fc81e0720a4a42581f334ad4303aa6b?s=96&d=mm&r=g\",\"url\":\"https:\/\/secure.gravatar.com\/avatar\/e0a867bdedb85fd243eadf09663511f96fc81e0720a4a42581f334ad4303aa6b?s=96&d=mm&r=g\",\"contentUrl\":\"https:\/\/secure.gravatar.com\/avatar\/e0a867bdedb85fd243eadf09663511f96fc81e0720a4a42581f334ad4303aa6b?s=96&d=mm&r=g\",\"caption\":\"Reda\u00e7\u00e3o\"}}]}<\/script>\n<!-- \/ Yoast SEO plugin. -->","yoast_head_json":{"title":"Bancos perdem batalha de 340 bilh\u00f5es da poupan\u00e7a, mas a guerra ainda n\u00e3o acabou - Notibras","robots":{"index":"index","follow":"follow","max-snippet":"max-snippet:-1","max-image-preview":"max-image-preview:large","max-video-preview":"max-video-preview:-1"},"canonical":"https:\/\/www.notibras.com\/site\/bancos-perdem-batalha-de-340-bi-da-poupanca-mas-a-guerra-nao-acabou\/","og_locale":"pt_BR","og_type":"article","og_title":"Bancos perdem batalha de 340 bilh\u00f5es da poupan\u00e7a, mas a guerra ainda n\u00e3o acabou - Notibras","og_description":"Os ministros do Superior Tribunal de Justi\u00e7a decidiram nesta quarta 21, que os bancos dever\u00e3o contabilizar juros no pagamento a poupadores prejudicados por planos econ\u00f4micos passados (anos 80 e 90, como os planos Bresser, Ver\u00e3o e Collor 1 e 2), desde a cita\u00e7\u00e3o em a\u00e7\u00e3o civil p\u00fablica (ACT) movida em 1993. Agora \u00e9 aguardada uma [&hellip;]","og_url":"https:\/\/www.notibras.com\/site\/bancos-perdem-batalha-de-340-bi-da-poupanca-mas-a-guerra-nao-acabou\/","og_site_name":"Notibras","article_publisher":"https:\/\/www.facebook.com\/notibras\/","article_published_time":"2014-05-21T22:12:54+00:00","article_modified_time":"2014-05-22T00:40:51+00:00","og_image":[{"width":448,"height":328,"url":"https:\/\/www.notibras.com\/site\/wp-content\/uploads\/2014\/05\/dinheirama1.jpg","type":"image\/jpeg"}],"author":"Reda\u00e7\u00e3o","twitter_card":"summary_large_image","twitter_creator":"@Notibras","twitter_site":"@Notibras","twitter_misc":{"Escrito por":"Reda\u00e7\u00e3o","Est. tempo de leitura":"1 minuto"},"schema":{"@context":"https:\/\/schema.org","@graph":[{"@type":"Article","@id":"https:\/\/www.notibras.com\/site\/bancos-perdem-batalha-de-340-bi-da-poupanca-mas-a-guerra-nao-acabou\/#article","isPartOf":{"@id":"https:\/\/www.notibras.com\/site\/bancos-perdem-batalha-de-340-bi-da-poupanca-mas-a-guerra-nao-acabou\/"},"author":{"name":"Reda\u00e7\u00e3o","@id":"https:\/\/www.notibras.com\/site\/#\/schema\/person\/36ab0979449956132d3e5b517ea76ac8"},"headline":"Bancos perdem batalha de 340 bilh\u00f5es da poupan\u00e7a, mas a guerra ainda n\u00e3o acabou","datePublished":"2014-05-21T22:12:54+00:00","dateModified":"2014-05-22T00:40:51+00:00","mainEntityOfPage":{"@id":"https:\/\/www.notibras.com\/site\/bancos-perdem-batalha-de-340-bi-da-poupanca-mas-a-guerra-nao-acabou\/"},"wordCount":281,"commentCount":0,"publisher":{"@id":"https:\/\/www.notibras.com\/site\/#organization"},"image":{"@id":"https:\/\/www.notibras.com\/site\/bancos-perdem-batalha-de-340-bi-da-poupanca-mas-a-guerra-nao-acabou\/#primaryimage"},"thumbnailUrl":"https:\/\/www.notibras.com\/site\/wp-content\/uploads\/2014\/05\/dinheirama1.jpg","articleSection":["Brasil"],"inLanguage":"pt-BR","potentialAction":[{"@type":"CommentAction","name":"Comment","target":["https:\/\/www.notibras.com\/site\/bancos-perdem-batalha-de-340-bi-da-poupanca-mas-a-guerra-nao-acabou\/#respond"]}]},{"@type":"WebPage","@id":"https:\/\/www.notibras.com\/site\/bancos-perdem-batalha-de-340-bi-da-poupanca-mas-a-guerra-nao-acabou\/","url":"https:\/\/www.notibras.com\/site\/bancos-perdem-batalha-de-340-bi-da-poupanca-mas-a-guerra-nao-acabou\/","name":"Bancos perdem batalha de 340 bilh\u00f5es da poupan\u00e7a, mas a guerra ainda n\u00e3o acabou - Notibras","isPartOf":{"@id":"https:\/\/www.notibras.com\/site\/#website"},"primaryImageOfPage":{"@id":"https:\/\/www.notibras.com\/site\/bancos-perdem-batalha-de-340-bi-da-poupanca-mas-a-guerra-nao-acabou\/#primaryimage"},"image":{"@id":"https:\/\/www.notibras.com\/site\/bancos-perdem-batalha-de-340-bi-da-poupanca-mas-a-guerra-nao-acabou\/#primaryimage"},"thumbnailUrl":"https:\/\/www.notibras.com\/site\/wp-content\/uploads\/2014\/05\/dinheirama1.jpg","datePublished":"2014-05-21T22:12:54+00:00","dateModified":"2014-05-22T00:40:51+00:00","breadcrumb":{"@id":"https:\/\/www.notibras.com\/site\/bancos-perdem-batalha-de-340-bi-da-poupanca-mas-a-guerra-nao-acabou\/#breadcrumb"},"inLanguage":"pt-BR","potentialAction":[{"@type":"ReadAction","target":["https:\/\/www.notibras.com\/site\/bancos-perdem-batalha-de-340-bi-da-poupanca-mas-a-guerra-nao-acabou\/"]}]},{"@type":"ImageObject","inLanguage":"pt-BR","@id":"https:\/\/www.notibras.com\/site\/bancos-perdem-batalha-de-340-bi-da-poupanca-mas-a-guerra-nao-acabou\/#primaryimage","url":"https:\/\/www.notibras.com\/site\/wp-content\/uploads\/2014\/05\/dinheirama1.jpg","contentUrl":"https:\/\/www.notibras.com\/site\/wp-content\/uploads\/2014\/05\/dinheirama1.jpg","width":448,"height":328},{"@type":"BreadcrumbList","@id":"https:\/\/www.notibras.com\/site\/bancos-perdem-batalha-de-340-bi-da-poupanca-mas-a-guerra-nao-acabou\/#breadcrumb","itemListElement":[{"@type":"ListItem","position":1,"name":"In\u00edcio","item":"https:\/\/www.notibras.com\/site\/"},{"@type":"ListItem","position":2,"name":"Bancos perdem batalha de 340 bilh\u00f5es da poupan\u00e7a, mas a guerra ainda n\u00e3o acabou"}]},{"@type":"WebSite","@id":"https:\/\/www.notibras.com\/site\/#website","url":"https:\/\/www.notibras.com\/site\/","name":"Notibras","description":"Not\u00edcias de Bras\u00edlia, do Brasil e do Mundo","publisher":{"@id":"https:\/\/www.notibras.com\/site\/#organization"},"potentialAction":[{"@type":"SearchAction","target":{"@type":"EntryPoint","urlTemplate":"https:\/\/www.notibras.com\/site\/?s={search_term_string}"},"query-input":{"@type":"PropertyValueSpecification","valueRequired":true,"valueName":"search_term_string"}}],"inLanguage":"pt-BR"},{"@type":"Organization","@id":"https:\/\/www.notibras.com\/site\/#organization","name":"Grupo Notibras de Comunica\u00e7\u00e3o","url":"https:\/\/www.notibras.com\/site\/","logo":{"@type":"ImageObject","inLanguage":"pt-BR","@id":"https:\/\/www.notibras.com\/site\/#\/schema\/logo\/image\/","url":"https:\/\/www.notibras.com\/site\/wp-content\/uploads\/2023\/01\/notibras23.png","contentUrl":"https:\/\/www.notibras.com\/site\/wp-content\/uploads\/2023\/01\/notibras23.png","width":350,"height":87,"caption":"Grupo Notibras de Comunica\u00e7\u00e3o"},"image":{"@id":"https:\/\/www.notibras.com\/site\/#\/schema\/logo\/image\/"},"sameAs":["https:\/\/www.facebook.com\/notibras\/","https:\/\/x.com\/Notibras","https:\/\/www.instagram.com\/notibras\/"]},{"@type":"Person","@id":"https:\/\/www.notibras.com\/site\/#\/schema\/person\/36ab0979449956132d3e5b517ea76ac8","name":"Reda\u00e7\u00e3o","image":{"@type":"ImageObject","inLanguage":"pt-BR","@id":"https:\/\/secure.gravatar.com\/avatar\/e0a867bdedb85fd243eadf09663511f96fc81e0720a4a42581f334ad4303aa6b?s=96&d=mm&r=g","url":"https:\/\/secure.gravatar.com\/avatar\/e0a867bdedb85fd243eadf09663511f96fc81e0720a4a42581f334ad4303aa6b?s=96&d=mm&r=g","contentUrl":"https:\/\/secure.gravatar.com\/avatar\/e0a867bdedb85fd243eadf09663511f96fc81e0720a4a42581f334ad4303aa6b?s=96&d=mm&r=g","caption":"Reda\u00e7\u00e3o"}}]}},"amp_enabled":true,"_links":{"self":[{"href":"https:\/\/www.notibras.com\/site\/wp-json\/wp\/v2\/posts\/10381","targetHints":{"allow":["GET"]}}],"collection":[{"href":"https:\/\/www.notibras.com\/site\/wp-json\/wp\/v2\/posts"}],"about":[{"href":"https:\/\/www.notibras.com\/site\/wp-json\/wp\/v2\/types\/post"}],"author":[{"embeddable":true,"href":"https:\/\/www.notibras.com\/site\/wp-json\/wp\/v2\/users\/2"}],"replies":[{"embeddable":true,"href":"https:\/\/www.notibras.com\/site\/wp-json\/wp\/v2\/comments?post=10381"}],"version-history":[{"count":0,"href":"https:\/\/www.notibras.com\/site\/wp-json\/wp\/v2\/posts\/10381\/revisions"}],"wp:featuredmedia":[{"embeddable":true,"href":"https:\/\/www.notibras.com\/site\/wp-json\/wp\/v2\/media\/10382"}],"wp:attachment":[{"href":"https:\/\/www.notibras.com\/site\/wp-json\/wp\/v2\/media?parent=10381"}],"wp:term":[{"taxonomy":"category","embeddable":true,"href":"https:\/\/www.notibras.com\/site\/wp-json\/wp\/v2\/categories?post=10381"},{"taxonomy":"post_tag","embeddable":true,"href":"https:\/\/www.notibras.com\/site\/wp-json\/wp\/v2\/tags?post=10381"}],"curies":[{"name":"wp","href":"https:\/\/api.w.org\/{rel}","templated":true}]}}