{"id":10403,"date":"2014-05-21T21:31:23","date_gmt":"2014-05-22T00:31:23","guid":{"rendered":"http:\/\/www.notibras.com\/site\/?p=10403"},"modified":"2014-05-22T00:01:56","modified_gmt":"2014-05-22T03:01:56","slug":"inter-belisca-a-primeira-vitoria-fora-mas-cede-empate-ao-coritiba","status":"publish","type":"post","link":"https:\/\/www.notibras.com\/site\/inter-belisca-a-primeira-vitoria-fora-mas-cede-empate-ao-coritiba\/","title":{"rendered":"Inter belisca primeira vit\u00f3ria fora mas cede empate ao Coxa"},"content":{"rendered":"<p>O Internacional chegou perto da primeira vit\u00f3ria como visitante no Campeonato Brasileiro, mas cedeu o resultado para o Coritiba, nesta quarta-feira, no est\u00e1dio Couto Pereira. Mesmo com sete desfalques desde o in\u00edcio, o Colorado saiu na frente com um gol de sorte de Wellington Paulista. Por\u00e9m Alex, de p\u00eanalti no segundo tempo, salvou o time da casa de uma nova derrota: 1 a 1.<\/p>\n<p>Com o resultado, o Inter chega aos 12 pontos e depende de resultados paralelos para seguir na lideran\u00e7a do Brasileir\u00e3o. O Coritiba continua sem vencer no campeonato e soma quatro pontos.<\/p>\n<p>Para o Colorado, o escore n\u00e3o \u00e9 de todo ruim. A equipe arrancou a partida sem sete titular e com a bola rolando ainda perdeu outros dois por les\u00e3o. O time dirigido por Abel Braga segue sem ganhar fora do Beira-Rio, mas se mant\u00e9m invicto. Para o Coritiba o empate foi o menos pior, depois de sair perdendo, mas deixa escapar mais uma chance de vit\u00f3ria em casa.<\/p>\n<p>O primeiro tempo apresentou um Coritiba criando e errando muito. A equipe capitaneada por Alex chegou a perder um gol quase em cima da linha. Foi com Z\u00e9 Love, que n\u00e3o aproveitou a sobra de um corte errado dentro da pequena \u00e1rea.<\/p>\n<p>Cheio de desfalques, o Colorado teve in\u00fameras dificuldades para manter a posse de bola e criar chances de ataque. Em meio \u00e0 press\u00e3o dos donos da casa, o Inter foi o que podia ser. Efetivo. Na primeira chegada contundente, marcou com uma boa dose de sorte.<\/p>\n<p>Alan Patrick arriscou o chute da intermedi\u00e1ria e Wellington Paulista enfiou o p\u00e9 no meio do caminho. O pequeno desvio liquidou com o goleiro Vanderlei e deu origem ao placar improv\u00e1vel naquele momento \u2013 pela circunst\u00e2ncia de sete desfalques e atua\u00e7\u00e3o do Coritiba.&#8221;O toque foi por querer, o problema \u00e9 que eu n\u00e3o sabia onde ela ia. Eu botei o p\u00e9 para ela desviar e dei sorte&#8221;, contou Wellington Paulista no intervalo.<\/p>\n<p>Ainda no primeiro tempo a equipe do Paran\u00e1 teve outras duas chances, mas n\u00e3o foi competente para marcar. O Inter respondeu com Ot\u00e1vio, que por pouco n\u00e3o ampliou.<\/p>\n<p>No segundo tempo o Coritiba foi mais para cima ainda, com Keirrison na vaga de Z\u00e9 Love. E o Inter perdeu outros dois jogadores por les\u00e3o. Alex foi o primeiro a deixar o campo, com dores na coxa esquerda. \u00cdndio foi depois, reclamando da panturrilha.<\/p>\n<p>Victor Ferraz, Jaj\u00e1 e Alex obrigaram Dida a trabalhar com chutes de fora da \u00e1rea. Mas foi de p\u00eanalti que o empate saiu. O goleiro do Inter deu rebote e dividiu com Keirrison. O \u00e1rbitro viu falta e marcou. Na cobran\u00e7a, o camisa 10 do Coritiba deixou tudo igual.<\/p>\n<p>At\u00e9 o final o Coritiba pressionou atr\u00e1s da virada, mas sem sucesso. O Inter focou suas for\u00e7as no contra-ataque, na velocidade de Ot\u00e1vio e Vald\u00edvia, contudo tamb\u00e9m n\u00e3o conseguiu mais nada.<\/p>\n","protected":false},"excerpt":{"rendered":"<p>O Internacional chegou perto da primeira vit\u00f3ria como visitante no Campeonato Brasileiro, mas cedeu o resultado para o Coritiba, nesta quarta-feira, no est\u00e1dio Couto Pereira. Mesmo com sete desfalques desde o in\u00edcio, o Colorado saiu na frente com um gol de sorte de Wellington Paulista. Por\u00e9m Alex, de p\u00eanalti no segundo tempo, salvou o time [&hellip;]<\/p>\n","protected":false},"author":2,"featured_media":10417,"comment_status":"open","ping_status":"closed","sticky":false,"template":"","format":"standard","meta":{"_acf_changed":false,"footnotes":""},"categories":[29],"tags":[],"class_list":["post-10403","post","type-post","status-publish","format-standard","has-post-thumbnail","hentry","category-futebol"],"acf":[],"yoast_head":"<!-- This site is optimized with the Yoast SEO plugin v27.2 - https:\/\/yoast.com\/product\/yoast-seo-wordpress\/ -->\n<title>Inter belisca primeira vit\u00f3ria fora mas cede empate ao Coxa - Notibras<\/title>\n<meta name=\"robots\" content=\"index, follow, max-snippet:-1, max-image-preview:large, max-video-preview:-1\" \/>\n<link rel=\"canonical\" href=\"https:\/\/www.notibras.com\/site\/inter-belisca-a-primeira-vitoria-fora-mas-cede-empate-ao-coritiba\/\" \/>\n<meta property=\"og:locale\" content=\"pt_BR\" \/>\n<meta property=\"og:type\" content=\"article\" \/>\n<meta property=\"og:title\" content=\"Inter belisca primeira vit\u00f3ria fora mas cede empate ao Coxa - Notibras\" \/>\n<meta property=\"og:description\" content=\"O Internacional chegou perto da primeira vit\u00f3ria como visitante no Campeonato Brasileiro, mas cedeu o resultado para o Coritiba, nesta quarta-feira, no est\u00e1dio Couto Pereira. Mesmo com sete desfalques desde o in\u00edcio, o Colorado saiu na frente com um gol de sorte de Wellington Paulista. Por\u00e9m Alex, de p\u00eanalti no segundo tempo, salvou o time [&hellip;]\" \/>\n<meta property=\"og:url\" content=\"https:\/\/www.notibras.com\/site\/inter-belisca-a-primeira-vitoria-fora-mas-cede-empate-ao-coritiba\/\" \/>\n<meta property=\"og:site_name\" content=\"Notibras\" \/>\n<meta property=\"article:publisher\" content=\"https:\/\/www.facebook.com\/notibras\/\" \/>\n<meta property=\"article:published_time\" content=\"2014-05-22T00:31:23+00:00\" \/>\n<meta property=\"article:modified_time\" content=\"2014-05-22T03:01:56+00:00\" \/>\n<meta property=\"og:image\" content=\"https:\/\/www.notibras.com\/site\/wp-content\/uploads\/2014\/05\/Sem-t\u00edtulo-116.jpg\" \/>\n\t<meta property=\"og:image:width\" content=\"741\" \/>\n\t<meta property=\"og:image:height\" content=\"500\" \/>\n\t<meta property=\"og:image:type\" content=\"image\/jpeg\" \/>\n<meta name=\"author\" content=\"Reda\u00e7\u00e3o\" \/>\n<meta name=\"twitter:card\" content=\"summary_large_image\" \/>\n<meta name=\"twitter:creator\" content=\"@Notibras\" \/>\n<meta name=\"twitter:site\" content=\"@Notibras\" \/>\n<meta name=\"twitter:label1\" content=\"Escrito por\" \/>\n\t<meta name=\"twitter:data1\" content=\"Reda\u00e7\u00e3o\" \/>\n\t<meta name=\"twitter:label2\" content=\"Est. tempo de leitura\" \/>\n\t<meta name=\"twitter:data2\" content=\"3 minutos\" \/>\n<script type=\"application\/ld+json\" class=\"yoast-schema-graph\">{\"@context\":\"https:\/\/schema.org\",\"@graph\":[{\"@type\":\"Article\",\"@id\":\"https:\/\/www.notibras.com\/site\/inter-belisca-a-primeira-vitoria-fora-mas-cede-empate-ao-coritiba\/#article\",\"isPartOf\":{\"@id\":\"https:\/\/www.notibras.com\/site\/inter-belisca-a-primeira-vitoria-fora-mas-cede-empate-ao-coritiba\/\"},\"author\":{\"name\":\"Reda\u00e7\u00e3o\",\"@id\":\"https:\/\/www.notibras.com\/site\/#\/schema\/person\/36ab0979449956132d3e5b517ea76ac8\"},\"headline\":\"Inter belisca primeira vit\u00f3ria fora mas cede empate ao Coxa\",\"datePublished\":\"2014-05-22T00:31:23+00:00\",\"dateModified\":\"2014-05-22T03:01:56+00:00\",\"mainEntityOfPage\":{\"@id\":\"https:\/\/www.notibras.com\/site\/inter-belisca-a-primeira-vitoria-fora-mas-cede-empate-ao-coritiba\/\"},\"wordCount\":511,\"commentCount\":0,\"publisher\":{\"@id\":\"https:\/\/www.notibras.com\/site\/#organization\"},\"image\":{\"@id\":\"https:\/\/www.notibras.com\/site\/inter-belisca-a-primeira-vitoria-fora-mas-cede-empate-ao-coritiba\/#primaryimage\"},\"thumbnailUrl\":\"https:\/\/www.notibras.com\/site\/wp-content\/uploads\/2014\/05\/Sem-t\u00edtulo-116.jpg\",\"articleSection\":[\"Futebol\"],\"inLanguage\":\"pt-BR\",\"potentialAction\":[{\"@type\":\"CommentAction\",\"name\":\"Comment\",\"target\":[\"https:\/\/www.notibras.com\/site\/inter-belisca-a-primeira-vitoria-fora-mas-cede-empate-ao-coritiba\/#respond\"]}]},{\"@type\":\"WebPage\",\"@id\":\"https:\/\/www.notibras.com\/site\/inter-belisca-a-primeira-vitoria-fora-mas-cede-empate-ao-coritiba\/\",\"url\":\"https:\/\/www.notibras.com\/site\/inter-belisca-a-primeira-vitoria-fora-mas-cede-empate-ao-coritiba\/\",\"name\":\"Inter belisca primeira vit\u00f3ria fora mas cede empate ao Coxa - Notibras\",\"isPartOf\":{\"@id\":\"https:\/\/www.notibras.com\/site\/#website\"},\"primaryImageOfPage\":{\"@id\":\"https:\/\/www.notibras.com\/site\/inter-belisca-a-primeira-vitoria-fora-mas-cede-empate-ao-coritiba\/#primaryimage\"},\"image\":{\"@id\":\"https:\/\/www.notibras.com\/site\/inter-belisca-a-primeira-vitoria-fora-mas-cede-empate-ao-coritiba\/#primaryimage\"},\"thumbnailUrl\":\"https:\/\/www.notibras.com\/site\/wp-content\/uploads\/2014\/05\/Sem-t\u00edtulo-116.jpg\",\"datePublished\":\"2014-05-22T00:31:23+00:00\",\"dateModified\":\"2014-05-22T03:01:56+00:00\",\"breadcrumb\":{\"@id\":\"https:\/\/www.notibras.com\/site\/inter-belisca-a-primeira-vitoria-fora-mas-cede-empate-ao-coritiba\/#breadcrumb\"},\"inLanguage\":\"pt-BR\",\"potentialAction\":[{\"@type\":\"ReadAction\",\"target\":[\"https:\/\/www.notibras.com\/site\/inter-belisca-a-primeira-vitoria-fora-mas-cede-empate-ao-coritiba\/\"]}]},{\"@type\":\"ImageObject\",\"inLanguage\":\"pt-BR\",\"@id\":\"https:\/\/www.notibras.com\/site\/inter-belisca-a-primeira-vitoria-fora-mas-cede-empate-ao-coritiba\/#primaryimage\",\"url\":\"https:\/\/www.notibras.com\/site\/wp-content\/uploads\/2014\/05\/Sem-t\u00edtulo-116.jpg\",\"contentUrl\":\"https:\/\/www.notibras.com\/site\/wp-content\/uploads\/2014\/05\/Sem-t\u00edtulo-116.jpg\",\"width\":741,\"height\":500},{\"@type\":\"BreadcrumbList\",\"@id\":\"https:\/\/www.notibras.com\/site\/inter-belisca-a-primeira-vitoria-fora-mas-cede-empate-ao-coritiba\/#breadcrumb\",\"itemListElement\":[{\"@type\":\"ListItem\",\"position\":1,\"name\":\"In\u00edcio\",\"item\":\"https:\/\/www.notibras.com\/site\/\"},{\"@type\":\"ListItem\",\"position\":2,\"name\":\"Inter belisca primeira vit\u00f3ria fora mas cede empate ao Coxa\"}]},{\"@type\":\"WebSite\",\"@id\":\"https:\/\/www.notibras.com\/site\/#website\",\"url\":\"https:\/\/www.notibras.com\/site\/\",\"name\":\"Notibras\",\"description\":\"Not\u00edcias de Bras\u00edlia, do Brasil e do Mundo\",\"publisher\":{\"@id\":\"https:\/\/www.notibras.com\/site\/#organization\"},\"potentialAction\":[{\"@type\":\"SearchAction\",\"target\":{\"@type\":\"EntryPoint\",\"urlTemplate\":\"https:\/\/www.notibras.com\/site\/?s={search_term_string}\"},\"query-input\":{\"@type\":\"PropertyValueSpecification\",\"valueRequired\":true,\"valueName\":\"search_term_string\"}}],\"inLanguage\":\"pt-BR\"},{\"@type\":\"Organization\",\"@id\":\"https:\/\/www.notibras.com\/site\/#organization\",\"name\":\"Grupo Notibras de Comunica\u00e7\u00e3o\",\"url\":\"https:\/\/www.notibras.com\/site\/\",\"logo\":{\"@type\":\"ImageObject\",\"inLanguage\":\"pt-BR\",\"@id\":\"https:\/\/www.notibras.com\/site\/#\/schema\/logo\/image\/\",\"url\":\"https:\/\/www.notibras.com\/site\/wp-content\/uploads\/2023\/01\/notibras23.png\",\"contentUrl\":\"https:\/\/www.notibras.com\/site\/wp-content\/uploads\/2023\/01\/notibras23.png\",\"width\":350,\"height\":87,\"caption\":\"Grupo Notibras de Comunica\u00e7\u00e3o\"},\"image\":{\"@id\":\"https:\/\/www.notibras.com\/site\/#\/schema\/logo\/image\/\"},\"sameAs\":[\"https:\/\/www.facebook.com\/notibras\/\",\"https:\/\/x.com\/Notibras\",\"https:\/\/www.instagram.com\/notibras\/\"]},{\"@type\":\"Person\",\"@id\":\"https:\/\/www.notibras.com\/site\/#\/schema\/person\/36ab0979449956132d3e5b517ea76ac8\",\"name\":\"Reda\u00e7\u00e3o\",\"image\":{\"@type\":\"ImageObject\",\"inLanguage\":\"pt-BR\",\"@id\":\"https:\/\/secure.gravatar.com\/avatar\/e0a867bdedb85fd243eadf09663511f96fc81e0720a4a42581f334ad4303aa6b?s=96&d=mm&r=g\",\"url\":\"https:\/\/secure.gravatar.com\/avatar\/e0a867bdedb85fd243eadf09663511f96fc81e0720a4a42581f334ad4303aa6b?s=96&d=mm&r=g\",\"contentUrl\":\"https:\/\/secure.gravatar.com\/avatar\/e0a867bdedb85fd243eadf09663511f96fc81e0720a4a42581f334ad4303aa6b?s=96&d=mm&r=g\",\"caption\":\"Reda\u00e7\u00e3o\"}}]}<\/script>\n<!-- \/ Yoast SEO plugin. -->","yoast_head_json":{"title":"Inter belisca primeira vit\u00f3ria fora mas cede empate ao Coxa - Notibras","robots":{"index":"index","follow":"follow","max-snippet":"max-snippet:-1","max-image-preview":"max-image-preview:large","max-video-preview":"max-video-preview:-1"},"canonical":"https:\/\/www.notibras.com\/site\/inter-belisca-a-primeira-vitoria-fora-mas-cede-empate-ao-coritiba\/","og_locale":"pt_BR","og_type":"article","og_title":"Inter belisca primeira vit\u00f3ria fora mas cede empate ao Coxa - Notibras","og_description":"O Internacional chegou perto da primeira vit\u00f3ria como visitante no Campeonato Brasileiro, mas cedeu o resultado para o Coritiba, nesta quarta-feira, no est\u00e1dio Couto Pereira. Mesmo com sete desfalques desde o in\u00edcio, o Colorado saiu na frente com um gol de sorte de Wellington Paulista. Por\u00e9m Alex, de p\u00eanalti no segundo tempo, salvou o time [&hellip;]","og_url":"https:\/\/www.notibras.com\/site\/inter-belisca-a-primeira-vitoria-fora-mas-cede-empate-ao-coritiba\/","og_site_name":"Notibras","article_publisher":"https:\/\/www.facebook.com\/notibras\/","article_published_time":"2014-05-22T00:31:23+00:00","article_modified_time":"2014-05-22T03:01:56+00:00","og_image":[{"width":741,"height":500,"url":"https:\/\/www.notibras.com\/site\/wp-content\/uploads\/2014\/05\/Sem-t\u00edtulo-116.jpg","type":"image\/jpeg"}],"author":"Reda\u00e7\u00e3o","twitter_card":"summary_large_image","twitter_creator":"@Notibras","twitter_site":"@Notibras","twitter_misc":{"Escrito por":"Reda\u00e7\u00e3o","Est. tempo de leitura":"3 minutos"},"schema":{"@context":"https:\/\/schema.org","@graph":[{"@type":"Article","@id":"https:\/\/www.notibras.com\/site\/inter-belisca-a-primeira-vitoria-fora-mas-cede-empate-ao-coritiba\/#article","isPartOf":{"@id":"https:\/\/www.notibras.com\/site\/inter-belisca-a-primeira-vitoria-fora-mas-cede-empate-ao-coritiba\/"},"author":{"name":"Reda\u00e7\u00e3o","@id":"https:\/\/www.notibras.com\/site\/#\/schema\/person\/36ab0979449956132d3e5b517ea76ac8"},"headline":"Inter belisca primeira vit\u00f3ria fora mas cede empate ao Coxa","datePublished":"2014-05-22T00:31:23+00:00","dateModified":"2014-05-22T03:01:56+00:00","mainEntityOfPage":{"@id":"https:\/\/www.notibras.com\/site\/inter-belisca-a-primeira-vitoria-fora-mas-cede-empate-ao-coritiba\/"},"wordCount":511,"commentCount":0,"publisher":{"@id":"https:\/\/www.notibras.com\/site\/#organization"},"image":{"@id":"https:\/\/www.notibras.com\/site\/inter-belisca-a-primeira-vitoria-fora-mas-cede-empate-ao-coritiba\/#primaryimage"},"thumbnailUrl":"https:\/\/www.notibras.com\/site\/wp-content\/uploads\/2014\/05\/Sem-t\u00edtulo-116.jpg","articleSection":["Futebol"],"inLanguage":"pt-BR","potentialAction":[{"@type":"CommentAction","name":"Comment","target":["https:\/\/www.notibras.com\/site\/inter-belisca-a-primeira-vitoria-fora-mas-cede-empate-ao-coritiba\/#respond"]}]},{"@type":"WebPage","@id":"https:\/\/www.notibras.com\/site\/inter-belisca-a-primeira-vitoria-fora-mas-cede-empate-ao-coritiba\/","url":"https:\/\/www.notibras.com\/site\/inter-belisca-a-primeira-vitoria-fora-mas-cede-empate-ao-coritiba\/","name":"Inter belisca primeira vit\u00f3ria fora mas cede empate ao Coxa - Notibras","isPartOf":{"@id":"https:\/\/www.notibras.com\/site\/#website"},"primaryImageOfPage":{"@id":"https:\/\/www.notibras.com\/site\/inter-belisca-a-primeira-vitoria-fora-mas-cede-empate-ao-coritiba\/#primaryimage"},"image":{"@id":"https:\/\/www.notibras.com\/site\/inter-belisca-a-primeira-vitoria-fora-mas-cede-empate-ao-coritiba\/#primaryimage"},"thumbnailUrl":"https:\/\/www.notibras.com\/site\/wp-content\/uploads\/2014\/05\/Sem-t\u00edtulo-116.jpg","datePublished":"2014-05-22T00:31:23+00:00","dateModified":"2014-05-22T03:01:56+00:00","breadcrumb":{"@id":"https:\/\/www.notibras.com\/site\/inter-belisca-a-primeira-vitoria-fora-mas-cede-empate-ao-coritiba\/#breadcrumb"},"inLanguage":"pt-BR","potentialAction":[{"@type":"ReadAction","target":["https:\/\/www.notibras.com\/site\/inter-belisca-a-primeira-vitoria-fora-mas-cede-empate-ao-coritiba\/"]}]},{"@type":"ImageObject","inLanguage":"pt-BR","@id":"https:\/\/www.notibras.com\/site\/inter-belisca-a-primeira-vitoria-fora-mas-cede-empate-ao-coritiba\/#primaryimage","url":"https:\/\/www.notibras.com\/site\/wp-content\/uploads\/2014\/05\/Sem-t\u00edtulo-116.jpg","contentUrl":"https:\/\/www.notibras.com\/site\/wp-content\/uploads\/2014\/05\/Sem-t\u00edtulo-116.jpg","width":741,"height":500},{"@type":"BreadcrumbList","@id":"https:\/\/www.notibras.com\/site\/inter-belisca-a-primeira-vitoria-fora-mas-cede-empate-ao-coritiba\/#breadcrumb","itemListElement":[{"@type":"ListItem","position":1,"name":"In\u00edcio","item":"https:\/\/www.notibras.com\/site\/"},{"@type":"ListItem","position":2,"name":"Inter belisca primeira vit\u00f3ria fora mas cede empate ao Coxa"}]},{"@type":"WebSite","@id":"https:\/\/www.notibras.com\/site\/#website","url":"https:\/\/www.notibras.com\/site\/","name":"Notibras","description":"Not\u00edcias de Bras\u00edlia, do Brasil e do Mundo","publisher":{"@id":"https:\/\/www.notibras.com\/site\/#organization"},"potentialAction":[{"@type":"SearchAction","target":{"@type":"EntryPoint","urlTemplate":"https:\/\/www.notibras.com\/site\/?s={search_term_string}"},"query-input":{"@type":"PropertyValueSpecification","valueRequired":true,"valueName":"search_term_string"}}],"inLanguage":"pt-BR"},{"@type":"Organization","@id":"https:\/\/www.notibras.com\/site\/#organization","name":"Grupo Notibras de Comunica\u00e7\u00e3o","url":"https:\/\/www.notibras.com\/site\/","logo":{"@type":"ImageObject","inLanguage":"pt-BR","@id":"https:\/\/www.notibras.com\/site\/#\/schema\/logo\/image\/","url":"https:\/\/www.notibras.com\/site\/wp-content\/uploads\/2023\/01\/notibras23.png","contentUrl":"https:\/\/www.notibras.com\/site\/wp-content\/uploads\/2023\/01\/notibras23.png","width":350,"height":87,"caption":"Grupo Notibras de Comunica\u00e7\u00e3o"},"image":{"@id":"https:\/\/www.notibras.com\/site\/#\/schema\/logo\/image\/"},"sameAs":["https:\/\/www.facebook.com\/notibras\/","https:\/\/x.com\/Notibras","https:\/\/www.instagram.com\/notibras\/"]},{"@type":"Person","@id":"https:\/\/www.notibras.com\/site\/#\/schema\/person\/36ab0979449956132d3e5b517ea76ac8","name":"Reda\u00e7\u00e3o","image":{"@type":"ImageObject","inLanguage":"pt-BR","@id":"https:\/\/secure.gravatar.com\/avatar\/e0a867bdedb85fd243eadf09663511f96fc81e0720a4a42581f334ad4303aa6b?s=96&d=mm&r=g","url":"https:\/\/secure.gravatar.com\/avatar\/e0a867bdedb85fd243eadf09663511f96fc81e0720a4a42581f334ad4303aa6b?s=96&d=mm&r=g","contentUrl":"https:\/\/secure.gravatar.com\/avatar\/e0a867bdedb85fd243eadf09663511f96fc81e0720a4a42581f334ad4303aa6b?s=96&d=mm&r=g","caption":"Reda\u00e7\u00e3o"}}]}},"amp_enabled":true,"_links":{"self":[{"href":"https:\/\/www.notibras.com\/site\/wp-json\/wp\/v2\/posts\/10403","targetHints":{"allow":["GET"]}}],"collection":[{"href":"https:\/\/www.notibras.com\/site\/wp-json\/wp\/v2\/posts"}],"about":[{"href":"https:\/\/www.notibras.com\/site\/wp-json\/wp\/v2\/types\/post"}],"author":[{"embeddable":true,"href":"https:\/\/www.notibras.com\/site\/wp-json\/wp\/v2\/users\/2"}],"replies":[{"embeddable":true,"href":"https:\/\/www.notibras.com\/site\/wp-json\/wp\/v2\/comments?post=10403"}],"version-history":[{"count":0,"href":"https:\/\/www.notibras.com\/site\/wp-json\/wp\/v2\/posts\/10403\/revisions"}],"wp:featuredmedia":[{"embeddable":true,"href":"https:\/\/www.notibras.com\/site\/wp-json\/wp\/v2\/media\/10417"}],"wp:attachment":[{"href":"https:\/\/www.notibras.com\/site\/wp-json\/wp\/v2\/media?parent=10403"}],"wp:term":[{"taxonomy":"category","embeddable":true,"href":"https:\/\/www.notibras.com\/site\/wp-json\/wp\/v2\/categories?post=10403"},{"taxonomy":"post_tag","embeddable":true,"href":"https:\/\/www.notibras.com\/site\/wp-json\/wp\/v2\/tags?post=10403"}],"curies":[{"name":"wp","href":"https:\/\/api.w.org\/{rel}","templated":true}]}}