{"id":104160,"date":"2016-06-08T08:23:52","date_gmt":"2016-06-08T11:23:52","guid":{"rendered":"http:\/\/www.notibras.com\/site\/?p=104160"},"modified":"2016-06-12T16:40:33","modified_gmt":"2016-06-12T19:40:33","slug":"desmatamento-de-mera-utopia-a-uma-breve-realidade","status":"publish","type":"post","link":"https:\/\/www.notibras.com\/site\/desmatamento-de-mera-utopia-a-uma-breve-realidade\/","title":{"rendered":"Desmatamento, de mera utopia a uma breve realidade para nossas florestas"},"content":{"rendered":"<p><strong>Aline Trist\u00e3o Bernardes<\/strong><\/p>\n<p>O combate ao desmatamento \u00e9 tarefa sua. Minha. De todos n\u00f3s. Sociedade civil, iniciativa privada e governo precisam se unir para, juntos, dar conta desse recado. Durante s\u00e9culos, a floresta foi vista como um obst\u00e1culo ao desenvolvimento. Quem mantinha \u00e1reas verdes em suas propriedades era considerado improdutivo ou louco.<\/p>\n<p>Mas, felizmente, fazemos parte, agora, de um processo complicado e lento de mudan\u00e7a de mentalidade. Muita coisa boa est\u00e1 acontecendo e velhas pr\u00e1ticas est\u00e3o sendo substitu\u00eddas por outras melhores, mais sustent\u00e1veis, em todo o pa\u00eds. A floresta est\u00e1 deixando de ser entrave para ser fonte de possibilidades.<\/p>\n<p>Apesar da Amaz\u00f4nia ser a nossa maior estrela, temos aqui outros cinco biomas. Todos ricos em aspectos econ\u00f4micos, sociais e ambientais. No entanto, nosso grande reconhecimento de boas pr\u00e1ticas no mundo vem das planta\u00e7\u00f5es florestais, hoje entre as mais sustent\u00e1veis do planeta.<\/p>\n<p>\u00c9 incr\u00edvel que tenhamos alcan\u00e7ado esse marco com esp\u00e9cies ex\u00f3ticas, que n\u00e3o existiam no pa\u00eds, e n\u00e3o tenhamos (ainda!) conseguido fazer o mesmo com nossas matas nativas. Cerca de 70% dos 7,8 milh\u00f5es de hectares de florestas plantadas brasileiras s\u00e3o certificadas. Por\u00e9m, menos de 1% da Amaz\u00f4nia legal o \u00e9.<\/p>\n<p>A certifica\u00e7\u00e3o atesta que o manejo florestal \u00e9 conduzido de forma absolutamente respons\u00e1vel. Para as empresas, ela agrega valor ao produto, abre portas para novos mercados, minimiza riscos reputacionais e melhora a gest\u00e3o corporativa, j\u00e1 que s\u00e3o feitas auditorias rigorosas. Para o consumidor final, o selo \u00e9 um elo entre a produ\u00e7\u00e3o e o consumo respons\u00e1veis de produtos florestais e permite que se tome decis\u00f5es em prol das pessoas e do meio ambiente.<\/p>\n<p>Para que mais gente cobre a certifica\u00e7\u00e3o e mais empresas se certifiquem, \u00e9 preciso que o contexto os estimule e traga retorno para os investimentos. A economia florestal, que nunca recebeu a devida aten\u00e7\u00e3o dos governos brasileiros, precisa estar no centro do debate. Falta comando e controle, mas h\u00e1 outros problemas enraizados que precisam ser superados \u2013como a quest\u00e3o fundi\u00e1ria, o complexo sistema tribut\u00e1rio, a dificuldade de acesso ao cr\u00e9dito, a falta de mecanismos financeiros que estimulem a conserva\u00e7\u00e3o, como o pagamento por servi\u00e7os ambientais, e a inefici\u00eancia log\u00edstica.<\/p>\n<p>Voc\u00ea sabia que \u00e9 mais f\u00e1cil mandar uma tora de Manaus para a Holanda do que para S\u00e3o Paulo? Pois \u00e9. Ainda faltam pol\u00edticas p\u00fablicas que favore\u00e7am o consumo respons\u00e1vel de produtos de origem florestal no Brasil.<\/p>\n<p>A situa\u00e7\u00e3o, de fato, n\u00e3o \u00e9 das melhores. Mas h\u00e1 solu\u00e7\u00f5es. Ou, simplesmente, vamos nos resignar e esperar o fim? \u00c9 fundamental comunicar coisas boas, porque \u00e9 preciso acreditar e fazer por onde. Ent\u00e3o, saibam que na Amaz\u00f4nia h\u00e1 uma empresa que explora madeira h\u00e1 mais de vinte anos no mesmo lugar. E j\u00e1 h\u00e1 algum tempo, passou a abastecer com energia advinda dos res\u00edduos da sua produ\u00e7\u00e3o cerca de 70 mil pessoas. No Acre, uma comunidade extrativista atestou suas boas pr\u00e1ticas e refor\u00e7ou sua liga\u00e7\u00e3o hist\u00f3rica com a terra. No sul, uma ervateira certificada provou aos vizinhos que certifica\u00e7\u00e3o \u2013e sustentabilidade\u2013 n\u00e3o \u00e9 loucura. \u00d3leos naturais da Mata Atl\u00e2ntica s\u00e3o tidos como um excelente fixador de perfume, e, sim, d\u00e3o retorno financeiro.<\/p>\n<p>O desmatamento zero n\u00e3o \u00e9 uma utopia. Aumentar a \u00e1rea certificada, que respeita aspectos sociais e ambientais, passa pela valoriza\u00e7\u00e3o da economia florestal e do combate a ilegalidade. N\u00e3o \u00e9 poss\u00edvel concorrer com quem n\u00e3o paga impostos, n\u00e3o tem licenciamento ambiental, n\u00e3o oferece os m\u00ednimos direitos aos trabalhadores. Essa briga \u00e9 da sociedade brasileira. Antes de tudo \u00e9 preciso virar compromisso, porque \u00e9 s\u00f3 a partir deles que o discurso se consolida em pr\u00e1tica. Bom mesmo \u00e9 saber que h\u00e1 alternativas, mesmo que ainda haja muito trabalho pela frente.<\/p>\n","protected":false},"excerpt":{"rendered":"<p>Aline Trist\u00e3o Bernardes O combate ao desmatamento \u00e9 tarefa sua. Minha. De todos n\u00f3s. Sociedade civil, iniciativa privada e governo precisam se unir para, juntos, dar conta desse recado. Durante s\u00e9culos, a floresta foi vista como um obst\u00e1culo ao desenvolvimento. Quem mantinha \u00e1reas verdes em suas propriedades era considerado improdutivo ou louco. Mas, felizmente, fazemos [&hellip;]<\/p>\n","protected":false},"author":2,"featured_media":104161,"comment_status":"open","ping_status":"closed","sticky":false,"template":"","format":"standard","meta":{"_acf_changed":false,"footnotes":""},"categories":[25],"tags":[],"class_list":["post-104160","post","type-post","status-publish","format-standard","has-post-thumbnail","hentry","category-opina-ai"],"acf":[],"yoast_head":"<!-- This site is optimized with the Yoast SEO plugin v27.5 - https:\/\/yoast.com\/product\/yoast-seo-wordpress\/ -->\n<title>Desmatamento, de mera utopia a uma breve realidade para nossas florestas - Notibras<\/title>\n<meta name=\"robots\" content=\"index, follow, max-snippet:-1, max-image-preview:large, max-video-preview:-1\" \/>\n<link rel=\"canonical\" href=\"https:\/\/www.notibras.com\/site\/desmatamento-de-mera-utopia-a-uma-breve-realidade\/\" \/>\n<meta property=\"og:locale\" content=\"pt_BR\" \/>\n<meta property=\"og:type\" content=\"article\" \/>\n<meta property=\"og:title\" content=\"Desmatamento, de mera utopia a uma breve realidade para nossas florestas - Notibras\" \/>\n<meta property=\"og:description\" content=\"Aline Trist\u00e3o Bernardes O combate ao desmatamento \u00e9 tarefa sua. Minha. De todos n\u00f3s. Sociedade civil, iniciativa privada e governo precisam se unir para, juntos, dar conta desse recado. Durante s\u00e9culos, a floresta foi vista como um obst\u00e1culo ao desenvolvimento. Quem mantinha \u00e1reas verdes em suas propriedades era considerado improdutivo ou louco. Mas, felizmente, fazemos [&hellip;]\" \/>\n<meta property=\"og:url\" content=\"https:\/\/www.notibras.com\/site\/desmatamento-de-mera-utopia-a-uma-breve-realidade\/\" \/>\n<meta property=\"og:site_name\" content=\"Notibras\" \/>\n<meta property=\"article:publisher\" content=\"https:\/\/www.facebook.com\/notibras\/\" \/>\n<meta property=\"article:published_time\" content=\"2016-06-08T11:23:52+00:00\" \/>\n<meta property=\"article:modified_time\" content=\"2016-06-12T19:40:33+00:00\" \/>\n<meta property=\"og:image\" content=\"https:\/\/www.notibras.com\/site\/wp-content\/uploads\/2016\/06\/desmatamento.jpg\" \/>\n\t<meta property=\"og:image:width\" content=\"582\" \/>\n\t<meta property=\"og:image:height\" content=\"387\" \/>\n\t<meta property=\"og:image:type\" content=\"image\/jpeg\" \/>\n<meta name=\"author\" content=\"Reda\u00e7\u00e3o\" \/>\n<meta name=\"twitter:card\" content=\"summary_large_image\" \/>\n<meta name=\"twitter:creator\" content=\"@Notibras\" \/>\n<meta name=\"twitter:site\" content=\"@Notibras\" \/>\n<meta name=\"twitter:label1\" content=\"Escrito por\" \/>\n\t<meta name=\"twitter:data1\" content=\"Reda\u00e7\u00e3o\" \/>\n\t<meta name=\"twitter:label2\" content=\"Est. tempo de leitura\" \/>\n\t<meta name=\"twitter:data2\" content=\"3 minutos\" \/>\n<script type=\"application\/ld+json\" class=\"yoast-schema-graph\">{\"@context\":\"https:\\\/\\\/schema.org\",\"@graph\":[{\"@type\":\"Article\",\"@id\":\"https:\\\/\\\/www.notibras.com\\\/site\\\/desmatamento-de-mera-utopia-a-uma-breve-realidade\\\/#article\",\"isPartOf\":{\"@id\":\"https:\\\/\\\/www.notibras.com\\\/site\\\/desmatamento-de-mera-utopia-a-uma-breve-realidade\\\/\"},\"author\":{\"name\":\"Reda\u00e7\u00e3o\",\"@id\":\"https:\\\/\\\/www.notibras.com\\\/site\\\/#\\\/schema\\\/person\\\/36ab0979449956132d3e5b517ea76ac8\"},\"headline\":\"Desmatamento, de mera utopia a uma breve realidade para nossas florestas\",\"datePublished\":\"2016-06-08T11:23:52+00:00\",\"dateModified\":\"2016-06-12T19:40:33+00:00\",\"mainEntityOfPage\":{\"@id\":\"https:\\\/\\\/www.notibras.com\\\/site\\\/desmatamento-de-mera-utopia-a-uma-breve-realidade\\\/\"},\"wordCount\":665,\"commentCount\":0,\"publisher\":{\"@id\":\"https:\\\/\\\/www.notibras.com\\\/site\\\/#organization\"},\"image\":{\"@id\":\"https:\\\/\\\/www.notibras.com\\\/site\\\/desmatamento-de-mera-utopia-a-uma-breve-realidade\\\/#primaryimage\"},\"thumbnailUrl\":\"https:\\\/\\\/www.notibras.com\\\/site\\\/wp-content\\\/uploads\\\/2016\\\/06\\\/desmatamento.jpg\",\"articleSection\":[\"Opina a\u00ed\"],\"inLanguage\":\"pt-BR\",\"potentialAction\":[{\"@type\":\"CommentAction\",\"name\":\"Comment\",\"target\":[\"https:\\\/\\\/www.notibras.com\\\/site\\\/desmatamento-de-mera-utopia-a-uma-breve-realidade\\\/#respond\"]}]},{\"@type\":\"WebPage\",\"@id\":\"https:\\\/\\\/www.notibras.com\\\/site\\\/desmatamento-de-mera-utopia-a-uma-breve-realidade\\\/\",\"url\":\"https:\\\/\\\/www.notibras.com\\\/site\\\/desmatamento-de-mera-utopia-a-uma-breve-realidade\\\/\",\"name\":\"Desmatamento, de mera utopia a uma breve realidade para nossas florestas - Notibras\",\"isPartOf\":{\"@id\":\"https:\\\/\\\/www.notibras.com\\\/site\\\/#website\"},\"primaryImageOfPage\":{\"@id\":\"https:\\\/\\\/www.notibras.com\\\/site\\\/desmatamento-de-mera-utopia-a-uma-breve-realidade\\\/#primaryimage\"},\"image\":{\"@id\":\"https:\\\/\\\/www.notibras.com\\\/site\\\/desmatamento-de-mera-utopia-a-uma-breve-realidade\\\/#primaryimage\"},\"thumbnailUrl\":\"https:\\\/\\\/www.notibras.com\\\/site\\\/wp-content\\\/uploads\\\/2016\\\/06\\\/desmatamento.jpg\",\"datePublished\":\"2016-06-08T11:23:52+00:00\",\"dateModified\":\"2016-06-12T19:40:33+00:00\",\"breadcrumb\":{\"@id\":\"https:\\\/\\\/www.notibras.com\\\/site\\\/desmatamento-de-mera-utopia-a-uma-breve-realidade\\\/#breadcrumb\"},\"inLanguage\":\"pt-BR\",\"potentialAction\":[{\"@type\":\"ReadAction\",\"target\":[\"https:\\\/\\\/www.notibras.com\\\/site\\\/desmatamento-de-mera-utopia-a-uma-breve-realidade\\\/\"]}]},{\"@type\":\"ImageObject\",\"inLanguage\":\"pt-BR\",\"@id\":\"https:\\\/\\\/www.notibras.com\\\/site\\\/desmatamento-de-mera-utopia-a-uma-breve-realidade\\\/#primaryimage\",\"url\":\"https:\\\/\\\/www.notibras.com\\\/site\\\/wp-content\\\/uploads\\\/2016\\\/06\\\/desmatamento.jpg\",\"contentUrl\":\"https:\\\/\\\/www.notibras.com\\\/site\\\/wp-content\\\/uploads\\\/2016\\\/06\\\/desmatamento.jpg\",\"width\":582,\"height\":387},{\"@type\":\"BreadcrumbList\",\"@id\":\"https:\\\/\\\/www.notibras.com\\\/site\\\/desmatamento-de-mera-utopia-a-uma-breve-realidade\\\/#breadcrumb\",\"itemListElement\":[{\"@type\":\"ListItem\",\"position\":1,\"name\":\"In\u00edcio\",\"item\":\"https:\\\/\\\/www.notibras.com\\\/site\\\/\"},{\"@type\":\"ListItem\",\"position\":2,\"name\":\"Desmatamento, de mera utopia a uma breve realidade para nossas florestas\"}]},{\"@type\":\"WebSite\",\"@id\":\"https:\\\/\\\/www.notibras.com\\\/site\\\/#website\",\"url\":\"https:\\\/\\\/www.notibras.com\\\/site\\\/\",\"name\":\"Notibras\",\"description\":\"Not\u00edcias de Bras\u00edlia, do Brasil e do Mundo\",\"publisher\":{\"@id\":\"https:\\\/\\\/www.notibras.com\\\/site\\\/#organization\"},\"potentialAction\":[{\"@type\":\"SearchAction\",\"target\":{\"@type\":\"EntryPoint\",\"urlTemplate\":\"https:\\\/\\\/www.notibras.com\\\/site\\\/?s={search_term_string}\"},\"query-input\":{\"@type\":\"PropertyValueSpecification\",\"valueRequired\":true,\"valueName\":\"search_term_string\"}}],\"inLanguage\":\"pt-BR\"},{\"@type\":\"Organization\",\"@id\":\"https:\\\/\\\/www.notibras.com\\\/site\\\/#organization\",\"name\":\"Grupo Notibras de Comunica\u00e7\u00e3o\",\"url\":\"https:\\\/\\\/www.notibras.com\\\/site\\\/\",\"logo\":{\"@type\":\"ImageObject\",\"inLanguage\":\"pt-BR\",\"@id\":\"https:\\\/\\\/www.notibras.com\\\/site\\\/#\\\/schema\\\/logo\\\/image\\\/\",\"url\":\"https:\\\/\\\/www.notibras.com\\\/site\\\/wp-content\\\/uploads\\\/2023\\\/01\\\/notibras23.png\",\"contentUrl\":\"https:\\\/\\\/www.notibras.com\\\/site\\\/wp-content\\\/uploads\\\/2023\\\/01\\\/notibras23.png\",\"width\":350,\"height\":87,\"caption\":\"Grupo Notibras de Comunica\u00e7\u00e3o\"},\"image\":{\"@id\":\"https:\\\/\\\/www.notibras.com\\\/site\\\/#\\\/schema\\\/logo\\\/image\\\/\"},\"sameAs\":[\"https:\\\/\\\/www.facebook.com\\\/notibras\\\/\",\"https:\\\/\\\/x.com\\\/Notibras\",\"https:\\\/\\\/www.instagram.com\\\/notibras\\\/\"]},{\"@type\":\"Person\",\"@id\":\"https:\\\/\\\/www.notibras.com\\\/site\\\/#\\\/schema\\\/person\\\/36ab0979449956132d3e5b517ea76ac8\",\"name\":\"Reda\u00e7\u00e3o\",\"image\":{\"@type\":\"ImageObject\",\"inLanguage\":\"pt-BR\",\"@id\":\"https:\\\/\\\/secure.gravatar.com\\\/avatar\\\/e0a867bdedb85fd243eadf09663511f96fc81e0720a4a42581f334ad4303aa6b?s=96&d=mm&r=g\",\"url\":\"https:\\\/\\\/secure.gravatar.com\\\/avatar\\\/e0a867bdedb85fd243eadf09663511f96fc81e0720a4a42581f334ad4303aa6b?s=96&d=mm&r=g\",\"contentUrl\":\"https:\\\/\\\/secure.gravatar.com\\\/avatar\\\/e0a867bdedb85fd243eadf09663511f96fc81e0720a4a42581f334ad4303aa6b?s=96&d=mm&r=g\",\"caption\":\"Reda\u00e7\u00e3o\"}}]}<\/script>\n<!-- \/ Yoast SEO plugin. -->","yoast_head_json":{"title":"Desmatamento, de mera utopia a uma breve realidade para nossas florestas - Notibras","robots":{"index":"index","follow":"follow","max-snippet":"max-snippet:-1","max-image-preview":"max-image-preview:large","max-video-preview":"max-video-preview:-1"},"canonical":"https:\/\/www.notibras.com\/site\/desmatamento-de-mera-utopia-a-uma-breve-realidade\/","og_locale":"pt_BR","og_type":"article","og_title":"Desmatamento, de mera utopia a uma breve realidade para nossas florestas - Notibras","og_description":"Aline Trist\u00e3o Bernardes O combate ao desmatamento \u00e9 tarefa sua. Minha. De todos n\u00f3s. Sociedade civil, iniciativa privada e governo precisam se unir para, juntos, dar conta desse recado. Durante s\u00e9culos, a floresta foi vista como um obst\u00e1culo ao desenvolvimento. Quem mantinha \u00e1reas verdes em suas propriedades era considerado improdutivo ou louco. Mas, felizmente, fazemos [&hellip;]","og_url":"https:\/\/www.notibras.com\/site\/desmatamento-de-mera-utopia-a-uma-breve-realidade\/","og_site_name":"Notibras","article_publisher":"https:\/\/www.facebook.com\/notibras\/","article_published_time":"2016-06-08T11:23:52+00:00","article_modified_time":"2016-06-12T19:40:33+00:00","og_image":[{"width":582,"height":387,"url":"https:\/\/www.notibras.com\/site\/wp-content\/uploads\/2016\/06\/desmatamento.jpg","type":"image\/jpeg"}],"author":"Reda\u00e7\u00e3o","twitter_card":"summary_large_image","twitter_creator":"@Notibras","twitter_site":"@Notibras","twitter_misc":{"Escrito por":"Reda\u00e7\u00e3o","Est. tempo de leitura":"3 minutos"},"schema":{"@context":"https:\/\/schema.org","@graph":[{"@type":"Article","@id":"https:\/\/www.notibras.com\/site\/desmatamento-de-mera-utopia-a-uma-breve-realidade\/#article","isPartOf":{"@id":"https:\/\/www.notibras.com\/site\/desmatamento-de-mera-utopia-a-uma-breve-realidade\/"},"author":{"name":"Reda\u00e7\u00e3o","@id":"https:\/\/www.notibras.com\/site\/#\/schema\/person\/36ab0979449956132d3e5b517ea76ac8"},"headline":"Desmatamento, de mera utopia a uma breve realidade para nossas florestas","datePublished":"2016-06-08T11:23:52+00:00","dateModified":"2016-06-12T19:40:33+00:00","mainEntityOfPage":{"@id":"https:\/\/www.notibras.com\/site\/desmatamento-de-mera-utopia-a-uma-breve-realidade\/"},"wordCount":665,"commentCount":0,"publisher":{"@id":"https:\/\/www.notibras.com\/site\/#organization"},"image":{"@id":"https:\/\/www.notibras.com\/site\/desmatamento-de-mera-utopia-a-uma-breve-realidade\/#primaryimage"},"thumbnailUrl":"https:\/\/www.notibras.com\/site\/wp-content\/uploads\/2016\/06\/desmatamento.jpg","articleSection":["Opina a\u00ed"],"inLanguage":"pt-BR","potentialAction":[{"@type":"CommentAction","name":"Comment","target":["https:\/\/www.notibras.com\/site\/desmatamento-de-mera-utopia-a-uma-breve-realidade\/#respond"]}]},{"@type":"WebPage","@id":"https:\/\/www.notibras.com\/site\/desmatamento-de-mera-utopia-a-uma-breve-realidade\/","url":"https:\/\/www.notibras.com\/site\/desmatamento-de-mera-utopia-a-uma-breve-realidade\/","name":"Desmatamento, de mera utopia a uma breve realidade para nossas florestas - Notibras","isPartOf":{"@id":"https:\/\/www.notibras.com\/site\/#website"},"primaryImageOfPage":{"@id":"https:\/\/www.notibras.com\/site\/desmatamento-de-mera-utopia-a-uma-breve-realidade\/#primaryimage"},"image":{"@id":"https:\/\/www.notibras.com\/site\/desmatamento-de-mera-utopia-a-uma-breve-realidade\/#primaryimage"},"thumbnailUrl":"https:\/\/www.notibras.com\/site\/wp-content\/uploads\/2016\/06\/desmatamento.jpg","datePublished":"2016-06-08T11:23:52+00:00","dateModified":"2016-06-12T19:40:33+00:00","breadcrumb":{"@id":"https:\/\/www.notibras.com\/site\/desmatamento-de-mera-utopia-a-uma-breve-realidade\/#breadcrumb"},"inLanguage":"pt-BR","potentialAction":[{"@type":"ReadAction","target":["https:\/\/www.notibras.com\/site\/desmatamento-de-mera-utopia-a-uma-breve-realidade\/"]}]},{"@type":"ImageObject","inLanguage":"pt-BR","@id":"https:\/\/www.notibras.com\/site\/desmatamento-de-mera-utopia-a-uma-breve-realidade\/#primaryimage","url":"https:\/\/www.notibras.com\/site\/wp-content\/uploads\/2016\/06\/desmatamento.jpg","contentUrl":"https:\/\/www.notibras.com\/site\/wp-content\/uploads\/2016\/06\/desmatamento.jpg","width":582,"height":387},{"@type":"BreadcrumbList","@id":"https:\/\/www.notibras.com\/site\/desmatamento-de-mera-utopia-a-uma-breve-realidade\/#breadcrumb","itemListElement":[{"@type":"ListItem","position":1,"name":"In\u00edcio","item":"https:\/\/www.notibras.com\/site\/"},{"@type":"ListItem","position":2,"name":"Desmatamento, de mera utopia a uma breve realidade para nossas florestas"}]},{"@type":"WebSite","@id":"https:\/\/www.notibras.com\/site\/#website","url":"https:\/\/www.notibras.com\/site\/","name":"Notibras","description":"Not\u00edcias de Bras\u00edlia, do Brasil e do Mundo","publisher":{"@id":"https:\/\/www.notibras.com\/site\/#organization"},"potentialAction":[{"@type":"SearchAction","target":{"@type":"EntryPoint","urlTemplate":"https:\/\/www.notibras.com\/site\/?s={search_term_string}"},"query-input":{"@type":"PropertyValueSpecification","valueRequired":true,"valueName":"search_term_string"}}],"inLanguage":"pt-BR"},{"@type":"Organization","@id":"https:\/\/www.notibras.com\/site\/#organization","name":"Grupo Notibras de Comunica\u00e7\u00e3o","url":"https:\/\/www.notibras.com\/site\/","logo":{"@type":"ImageObject","inLanguage":"pt-BR","@id":"https:\/\/www.notibras.com\/site\/#\/schema\/logo\/image\/","url":"https:\/\/www.notibras.com\/site\/wp-content\/uploads\/2023\/01\/notibras23.png","contentUrl":"https:\/\/www.notibras.com\/site\/wp-content\/uploads\/2023\/01\/notibras23.png","width":350,"height":87,"caption":"Grupo Notibras de Comunica\u00e7\u00e3o"},"image":{"@id":"https:\/\/www.notibras.com\/site\/#\/schema\/logo\/image\/"},"sameAs":["https:\/\/www.facebook.com\/notibras\/","https:\/\/x.com\/Notibras","https:\/\/www.instagram.com\/notibras\/"]},{"@type":"Person","@id":"https:\/\/www.notibras.com\/site\/#\/schema\/person\/36ab0979449956132d3e5b517ea76ac8","name":"Reda\u00e7\u00e3o","image":{"@type":"ImageObject","inLanguage":"pt-BR","@id":"https:\/\/secure.gravatar.com\/avatar\/e0a867bdedb85fd243eadf09663511f96fc81e0720a4a42581f334ad4303aa6b?s=96&d=mm&r=g","url":"https:\/\/secure.gravatar.com\/avatar\/e0a867bdedb85fd243eadf09663511f96fc81e0720a4a42581f334ad4303aa6b?s=96&d=mm&r=g","contentUrl":"https:\/\/secure.gravatar.com\/avatar\/e0a867bdedb85fd243eadf09663511f96fc81e0720a4a42581f334ad4303aa6b?s=96&d=mm&r=g","caption":"Reda\u00e7\u00e3o"}}]}},"amp_enabled":true,"_links":{"self":[{"href":"https:\/\/www.notibras.com\/site\/wp-json\/wp\/v2\/posts\/104160","targetHints":{"allow":["GET"]}}],"collection":[{"href":"https:\/\/www.notibras.com\/site\/wp-json\/wp\/v2\/posts"}],"about":[{"href":"https:\/\/www.notibras.com\/site\/wp-json\/wp\/v2\/types\/post"}],"author":[{"embeddable":true,"href":"https:\/\/www.notibras.com\/site\/wp-json\/wp\/v2\/users\/2"}],"replies":[{"embeddable":true,"href":"https:\/\/www.notibras.com\/site\/wp-json\/wp\/v2\/comments?post=104160"}],"version-history":[{"count":2,"href":"https:\/\/www.notibras.com\/site\/wp-json\/wp\/v2\/posts\/104160\/revisions"}],"predecessor-version":[{"id":104648,"href":"https:\/\/www.notibras.com\/site\/wp-json\/wp\/v2\/posts\/104160\/revisions\/104648"}],"wp:featuredmedia":[{"embeddable":true,"href":"https:\/\/www.notibras.com\/site\/wp-json\/wp\/v2\/media\/104161"}],"wp:attachment":[{"href":"https:\/\/www.notibras.com\/site\/wp-json\/wp\/v2\/media?parent=104160"}],"wp:term":[{"taxonomy":"category","embeddable":true,"href":"https:\/\/www.notibras.com\/site\/wp-json\/wp\/v2\/categories?post=104160"},{"taxonomy":"post_tag","embeddable":true,"href":"https:\/\/www.notibras.com\/site\/wp-json\/wp\/v2\/tags?post=104160"}],"curies":[{"name":"wp","href":"https:\/\/api.w.org\/{rel}","templated":true}]}}