{"id":10422,"date":"2014-05-21T22:56:06","date_gmt":"2014-05-22T01:56:06","guid":{"rendered":"http:\/\/www.notibras.com\/site\/?p=10422"},"modified":"2014-05-21T22:56:06","modified_gmt":"2014-05-22T01:56:06","slug":"cruzeiro-bate-sport-em-despedida-do-mineirao-e-assume-lideranca","status":"publish","type":"post","link":"https:\/\/www.notibras.com\/site\/cruzeiro-bate-sport-em-despedida-do-mineirao-e-assume-lideranca\/","title":{"rendered":"Cruzeiro bate Sport em despedida do Mineir\u00e3o e assume lideran\u00e7a"},"content":{"rendered":"<p>O Cruzeiro se despediu provisoriamente do Mineir\u00e3o nesta quarta-feira com uma vit\u00f3ria. Na \u00faltima partida antes de entregar o est\u00e1dio \u00e0 Fifa para a Copa do Mundo, o time mineiro derrotou o Sport por 2 a 0 em duelo v\u00e1lido pela sexta rodada do Campeonato Brasileiro. Ricardo Goulart e Marcelo Moreno marcaram para os donos da casa, que chegaram a ser vaiados pela pr\u00f3pria torcida no intervalo, quando as equipes empatavam sem gols.<\/p>\n<p>O resultado leva os comandados de Marcelo Oliveira \u00e0 lideran\u00e7a do torneio nacional, com 13 pontos, um a mais que o Internacional, que empatou com o Coritiba mais cedo. Com sete pontos, o Sport caiu para a 11\u00aa posi\u00e7\u00e3o.<\/p>\n<p>Com o Mineir\u00e3o entregue para Fifa, o Cruzeiro jogar\u00e1 sua \u00faltima partida com mando de jogo antes do Mundial &#8211; nona rodada, contra o Flamengo &#8211; no Parque do Sabi\u00e1. A equipe celeste s\u00f3 retornar\u00e1 ao seu est\u00e1dio no dia 16 de julho, na d\u00e9cima rodada.<\/p>\n<p>Diante do seu torcedor em Belo Horizonte, o clube mineiro inicou a partida com tudo e por pouco n\u00e3o fez o primeiro logo aos 3min, quando Marcelo Moreno foi lan\u00e7ado pela esquerda e bateu torto para fora, mesmo sem marca\u00e7\u00e3o. Apesar da press\u00e3o inicial, o Cruzeiro n\u00e3o conseguiu manter o ritmo e o Sport passou a ficar com a bola mais tempo nos p\u00e9s, embora n\u00e3o tenha conseguido produzir boas jogadas al\u00e9m de uma finaliza\u00e7\u00e3o de Rithely, que pegou a sobra na entrada da \u00e1rea e chutou firme, no meio, em lance defendido com seguran\u00e7a por F\u00e1bio aos 18min.<\/p>\n<p>O Cruzeiro reagiu no minuto seguinte com \u00c9verton Ribeiro, que soltou o p\u00e9 de longe para boa defesa de Magr\u00e3o. O time pernambucano comemorou em oportunidade criada aos 30min, quando Durval mandou para a \u00e1rea, Ferr\u00f3n subiu com a m\u00e3o sobre os ombros de L\u00e9o e Leonardo completou para o fundo das redes ap\u00f3s ficar com a sobra. Atento ao lance, o \u00e1rbitro Felipe Gomes da Silva assinalou a infra\u00e7\u00e3o sobre o zagueiro do Cruzeiro e anulou o gol.<\/p>\n<p>Assim como foi na primeira etapa, o Cruzeiro come\u00e7ou pressionando no segundo tempo, mas desta vez conseguiu abrir o marcador. Aos 6min, Dagoberto cruzou para Ricardo Goulart, de joelho, mandar \u00e0 direita de Magr\u00e3o, que n\u00e3o conseguiu alcan\u00e7ar. Os donos da casa mantiveram o bom n\u00edvel dentro de campo e acertaram o travess\u00e3o do advers\u00e1rio dez minutos depois, em cruzamento preciso de \u00c9verton Ribeiro para cabe\u00e7ada de Marcelo Moreno.<\/p>\n<p>Uma falha de L\u00e9o, no entanto, por pouco n\u00e3o mandou o bom desempenho por \u00e1gua abaixo. O zagueiro furou uma bola f\u00e1cil na intermedi\u00e1ria e o artilheiro Neto Baiano ficou com a sobra. De primeira, o centroavante emendou de p\u00e9 esquerdo e exigiu \u00f3tima defesa de F\u00e1bio, que salvou a equipe mineira.<\/p>\n<p>Depois de perder um gol ao cabecear no travess\u00e3o, Marcelo Moreno utilizou a trave superior aos 30min para marcar o segundo cruzeirense na partida, concluindo cruzamento de Willian no \u00e2ngulo de Magr\u00e3o.<\/p>\n<p>Na s\u00e9tima rodada, o Cruzeiro viaja ao Rio Grande do Sul para enfrentar o Internacional no Est\u00e1dio Centen\u00e1rio, \u00e0s 18h30 (de Bras\u00edlia) do pr\u00f3ximo domingo. O Sport recebe no mesmo dia, \u00e0s 16h, o Corinthians na Ilha do Retiro.<\/p>\n","protected":false},"excerpt":{"rendered":"<p>O Cruzeiro se despediu provisoriamente do Mineir\u00e3o nesta quarta-feira com uma vit\u00f3ria. Na \u00faltima partida antes de entregar o est\u00e1dio \u00e0 Fifa para a Copa do Mundo, o time mineiro derrotou o Sport por 2 a 0 em duelo v\u00e1lido pela sexta rodada do Campeonato Brasileiro. Ricardo Goulart e Marcelo Moreno marcaram para os donos [&hellip;]<\/p>\n","protected":false},"author":1,"featured_media":10423,"comment_status":"open","ping_status":"closed","sticky":false,"template":"","format":"standard","meta":{"_acf_changed":false,"footnotes":""},"categories":[29],"tags":[],"class_list":["post-10422","post","type-post","status-publish","format-standard","has-post-thumbnail","hentry","category-futebol"],"acf":[],"yoast_head":"<!-- This site is optimized with the Yoast SEO plugin v27.2 - https:\/\/yoast.com\/product\/yoast-seo-wordpress\/ -->\n<title>Cruzeiro bate Sport em despedida do Mineir\u00e3o e assume lideran\u00e7a - Notibras<\/title>\n<meta name=\"robots\" content=\"index, follow, max-snippet:-1, max-image-preview:large, max-video-preview:-1\" \/>\n<link rel=\"canonical\" href=\"https:\/\/www.notibras.com\/site\/cruzeiro-bate-sport-em-despedida-do-mineirao-e-assume-lideranca\/\" \/>\n<meta property=\"og:locale\" content=\"pt_BR\" \/>\n<meta property=\"og:type\" content=\"article\" \/>\n<meta property=\"og:title\" content=\"Cruzeiro bate Sport em despedida do Mineir\u00e3o e assume lideran\u00e7a - Notibras\" \/>\n<meta property=\"og:description\" content=\"O Cruzeiro se despediu provisoriamente do Mineir\u00e3o nesta quarta-feira com uma vit\u00f3ria. Na \u00faltima partida antes de entregar o est\u00e1dio \u00e0 Fifa para a Copa do Mundo, o time mineiro derrotou o Sport por 2 a 0 em duelo v\u00e1lido pela sexta rodada do Campeonato Brasileiro. Ricardo Goulart e Marcelo Moreno marcaram para os donos [&hellip;]\" \/>\n<meta property=\"og:url\" content=\"https:\/\/www.notibras.com\/site\/cruzeiro-bate-sport-em-despedida-do-mineirao-e-assume-lideranca\/\" \/>\n<meta property=\"og:site_name\" content=\"Notibras\" \/>\n<meta property=\"article:publisher\" content=\"https:\/\/www.facebook.com\/notibras\/\" \/>\n<meta property=\"article:published_time\" content=\"2014-05-22T01:56:06+00:00\" \/>\n<meta property=\"og:image\" content=\"https:\/\/www.notibras.com\/site\/wp-content\/uploads\/2014\/05\/Sem-t\u00edtulo-117.jpg\" \/>\n\t<meta property=\"og:image:width\" content=\"460\" \/>\n\t<meta property=\"og:image:height\" content=\"340\" \/>\n\t<meta property=\"og:image:type\" content=\"image\/jpeg\" \/>\n<meta name=\"author\" content=\"Reda\u00e7\u00e3o\" \/>\n<meta name=\"twitter:card\" content=\"summary_large_image\" \/>\n<meta name=\"twitter:creator\" content=\"@Notibras\" \/>\n<meta name=\"twitter:site\" content=\"@Notibras\" \/>\n<meta name=\"twitter:label1\" content=\"Escrito por\" \/>\n\t<meta name=\"twitter:data1\" content=\"Reda\u00e7\u00e3o\" \/>\n\t<meta name=\"twitter:label2\" content=\"Est. tempo de leitura\" \/>\n\t<meta name=\"twitter:data2\" content=\"3 minutos\" \/>\n<script type=\"application\/ld+json\" class=\"yoast-schema-graph\">{\"@context\":\"https:\/\/schema.org\",\"@graph\":[{\"@type\":\"Article\",\"@id\":\"https:\/\/www.notibras.com\/site\/cruzeiro-bate-sport-em-despedida-do-mineirao-e-assume-lideranca\/#article\",\"isPartOf\":{\"@id\":\"https:\/\/www.notibras.com\/site\/cruzeiro-bate-sport-em-despedida-do-mineirao-e-assume-lideranca\/\"},\"author\":{\"name\":\"Reda\u00e7\u00e3o\",\"@id\":\"https:\/\/www.notibras.com\/site\/#\/schema\/person\/00b8e1aa08f9ef6563e878c5159d01cf\"},\"headline\":\"Cruzeiro bate Sport em despedida do Mineir\u00e3o e assume lideran\u00e7a\",\"datePublished\":\"2014-05-22T01:56:06+00:00\",\"mainEntityOfPage\":{\"@id\":\"https:\/\/www.notibras.com\/site\/cruzeiro-bate-sport-em-despedida-do-mineirao-e-assume-lideranca\/\"},\"wordCount\":579,\"commentCount\":0,\"publisher\":{\"@id\":\"https:\/\/www.notibras.com\/site\/#organization\"},\"image\":{\"@id\":\"https:\/\/www.notibras.com\/site\/cruzeiro-bate-sport-em-despedida-do-mineirao-e-assume-lideranca\/#primaryimage\"},\"thumbnailUrl\":\"https:\/\/www.notibras.com\/site\/wp-content\/uploads\/2014\/05\/Sem-t\u00edtulo-117.jpg\",\"articleSection\":[\"Futebol\"],\"inLanguage\":\"pt-BR\",\"potentialAction\":[{\"@type\":\"CommentAction\",\"name\":\"Comment\",\"target\":[\"https:\/\/www.notibras.com\/site\/cruzeiro-bate-sport-em-despedida-do-mineirao-e-assume-lideranca\/#respond\"]}]},{\"@type\":\"WebPage\",\"@id\":\"https:\/\/www.notibras.com\/site\/cruzeiro-bate-sport-em-despedida-do-mineirao-e-assume-lideranca\/\",\"url\":\"https:\/\/www.notibras.com\/site\/cruzeiro-bate-sport-em-despedida-do-mineirao-e-assume-lideranca\/\",\"name\":\"Cruzeiro bate Sport em despedida do Mineir\u00e3o e assume lideran\u00e7a - Notibras\",\"isPartOf\":{\"@id\":\"https:\/\/www.notibras.com\/site\/#website\"},\"primaryImageOfPage\":{\"@id\":\"https:\/\/www.notibras.com\/site\/cruzeiro-bate-sport-em-despedida-do-mineirao-e-assume-lideranca\/#primaryimage\"},\"image\":{\"@id\":\"https:\/\/www.notibras.com\/site\/cruzeiro-bate-sport-em-despedida-do-mineirao-e-assume-lideranca\/#primaryimage\"},\"thumbnailUrl\":\"https:\/\/www.notibras.com\/site\/wp-content\/uploads\/2014\/05\/Sem-t\u00edtulo-117.jpg\",\"datePublished\":\"2014-05-22T01:56:06+00:00\",\"breadcrumb\":{\"@id\":\"https:\/\/www.notibras.com\/site\/cruzeiro-bate-sport-em-despedida-do-mineirao-e-assume-lideranca\/#breadcrumb\"},\"inLanguage\":\"pt-BR\",\"potentialAction\":[{\"@type\":\"ReadAction\",\"target\":[\"https:\/\/www.notibras.com\/site\/cruzeiro-bate-sport-em-despedida-do-mineirao-e-assume-lideranca\/\"]}]},{\"@type\":\"ImageObject\",\"inLanguage\":\"pt-BR\",\"@id\":\"https:\/\/www.notibras.com\/site\/cruzeiro-bate-sport-em-despedida-do-mineirao-e-assume-lideranca\/#primaryimage\",\"url\":\"https:\/\/www.notibras.com\/site\/wp-content\/uploads\/2014\/05\/Sem-t\u00edtulo-117.jpg\",\"contentUrl\":\"https:\/\/www.notibras.com\/site\/wp-content\/uploads\/2014\/05\/Sem-t\u00edtulo-117.jpg\",\"width\":460,\"height\":340},{\"@type\":\"BreadcrumbList\",\"@id\":\"https:\/\/www.notibras.com\/site\/cruzeiro-bate-sport-em-despedida-do-mineirao-e-assume-lideranca\/#breadcrumb\",\"itemListElement\":[{\"@type\":\"ListItem\",\"position\":1,\"name\":\"In\u00edcio\",\"item\":\"https:\/\/www.notibras.com\/site\/\"},{\"@type\":\"ListItem\",\"position\":2,\"name\":\"Cruzeiro bate Sport em despedida do Mineir\u00e3o e assume lideran\u00e7a\"}]},{\"@type\":\"WebSite\",\"@id\":\"https:\/\/www.notibras.com\/site\/#website\",\"url\":\"https:\/\/www.notibras.com\/site\/\",\"name\":\"Notibras\",\"description\":\"Not\u00edcias de Bras\u00edlia, do Brasil e do Mundo\",\"publisher\":{\"@id\":\"https:\/\/www.notibras.com\/site\/#organization\"},\"potentialAction\":[{\"@type\":\"SearchAction\",\"target\":{\"@type\":\"EntryPoint\",\"urlTemplate\":\"https:\/\/www.notibras.com\/site\/?s={search_term_string}\"},\"query-input\":{\"@type\":\"PropertyValueSpecification\",\"valueRequired\":true,\"valueName\":\"search_term_string\"}}],\"inLanguage\":\"pt-BR\"},{\"@type\":\"Organization\",\"@id\":\"https:\/\/www.notibras.com\/site\/#organization\",\"name\":\"Grupo Notibras de Comunica\u00e7\u00e3o\",\"url\":\"https:\/\/www.notibras.com\/site\/\",\"logo\":{\"@type\":\"ImageObject\",\"inLanguage\":\"pt-BR\",\"@id\":\"https:\/\/www.notibras.com\/site\/#\/schema\/logo\/image\/\",\"url\":\"https:\/\/www.notibras.com\/site\/wp-content\/uploads\/2023\/01\/notibras23.png\",\"contentUrl\":\"https:\/\/www.notibras.com\/site\/wp-content\/uploads\/2023\/01\/notibras23.png\",\"width\":350,\"height\":87,\"caption\":\"Grupo Notibras de Comunica\u00e7\u00e3o\"},\"image\":{\"@id\":\"https:\/\/www.notibras.com\/site\/#\/schema\/logo\/image\/\"},\"sameAs\":[\"https:\/\/www.facebook.com\/notibras\/\",\"https:\/\/x.com\/Notibras\",\"https:\/\/www.instagram.com\/notibras\/\"]},{\"@type\":\"Person\",\"@id\":\"https:\/\/www.notibras.com\/site\/#\/schema\/person\/00b8e1aa08f9ef6563e878c5159d01cf\",\"name\":\"Reda\u00e7\u00e3o\",\"image\":{\"@type\":\"ImageObject\",\"inLanguage\":\"pt-BR\",\"@id\":\"https:\/\/secure.gravatar.com\/avatar\/ac5a707d5b47784a5ed426c6e213e201423c750890f64e4c379114dade67dfb9?s=96&d=mm&r=g\",\"url\":\"https:\/\/secure.gravatar.com\/avatar\/ac5a707d5b47784a5ed426c6e213e201423c750890f64e4c379114dade67dfb9?s=96&d=mm&r=g\",\"contentUrl\":\"https:\/\/secure.gravatar.com\/avatar\/ac5a707d5b47784a5ed426c6e213e201423c750890f64e4c379114dade67dfb9?s=96&d=mm&r=g\",\"caption\":\"Reda\u00e7\u00e3o\"}}]}<\/script>\n<!-- \/ Yoast SEO plugin. -->","yoast_head_json":{"title":"Cruzeiro bate Sport em despedida do Mineir\u00e3o e assume lideran\u00e7a - Notibras","robots":{"index":"index","follow":"follow","max-snippet":"max-snippet:-1","max-image-preview":"max-image-preview:large","max-video-preview":"max-video-preview:-1"},"canonical":"https:\/\/www.notibras.com\/site\/cruzeiro-bate-sport-em-despedida-do-mineirao-e-assume-lideranca\/","og_locale":"pt_BR","og_type":"article","og_title":"Cruzeiro bate Sport em despedida do Mineir\u00e3o e assume lideran\u00e7a - Notibras","og_description":"O Cruzeiro se despediu provisoriamente do Mineir\u00e3o nesta quarta-feira com uma vit\u00f3ria. Na \u00faltima partida antes de entregar o est\u00e1dio \u00e0 Fifa para a Copa do Mundo, o time mineiro derrotou o Sport por 2 a 0 em duelo v\u00e1lido pela sexta rodada do Campeonato Brasileiro. Ricardo Goulart e Marcelo Moreno marcaram para os donos [&hellip;]","og_url":"https:\/\/www.notibras.com\/site\/cruzeiro-bate-sport-em-despedida-do-mineirao-e-assume-lideranca\/","og_site_name":"Notibras","article_publisher":"https:\/\/www.facebook.com\/notibras\/","article_published_time":"2014-05-22T01:56:06+00:00","og_image":[{"width":460,"height":340,"url":"https:\/\/www.notibras.com\/site\/wp-content\/uploads\/2014\/05\/Sem-t\u00edtulo-117.jpg","type":"image\/jpeg"}],"author":"Reda\u00e7\u00e3o","twitter_card":"summary_large_image","twitter_creator":"@Notibras","twitter_site":"@Notibras","twitter_misc":{"Escrito por":"Reda\u00e7\u00e3o","Est. tempo de leitura":"3 minutos"},"schema":{"@context":"https:\/\/schema.org","@graph":[{"@type":"Article","@id":"https:\/\/www.notibras.com\/site\/cruzeiro-bate-sport-em-despedida-do-mineirao-e-assume-lideranca\/#article","isPartOf":{"@id":"https:\/\/www.notibras.com\/site\/cruzeiro-bate-sport-em-despedida-do-mineirao-e-assume-lideranca\/"},"author":{"name":"Reda\u00e7\u00e3o","@id":"https:\/\/www.notibras.com\/site\/#\/schema\/person\/00b8e1aa08f9ef6563e878c5159d01cf"},"headline":"Cruzeiro bate Sport em despedida do Mineir\u00e3o e assume lideran\u00e7a","datePublished":"2014-05-22T01:56:06+00:00","mainEntityOfPage":{"@id":"https:\/\/www.notibras.com\/site\/cruzeiro-bate-sport-em-despedida-do-mineirao-e-assume-lideranca\/"},"wordCount":579,"commentCount":0,"publisher":{"@id":"https:\/\/www.notibras.com\/site\/#organization"},"image":{"@id":"https:\/\/www.notibras.com\/site\/cruzeiro-bate-sport-em-despedida-do-mineirao-e-assume-lideranca\/#primaryimage"},"thumbnailUrl":"https:\/\/www.notibras.com\/site\/wp-content\/uploads\/2014\/05\/Sem-t\u00edtulo-117.jpg","articleSection":["Futebol"],"inLanguage":"pt-BR","potentialAction":[{"@type":"CommentAction","name":"Comment","target":["https:\/\/www.notibras.com\/site\/cruzeiro-bate-sport-em-despedida-do-mineirao-e-assume-lideranca\/#respond"]}]},{"@type":"WebPage","@id":"https:\/\/www.notibras.com\/site\/cruzeiro-bate-sport-em-despedida-do-mineirao-e-assume-lideranca\/","url":"https:\/\/www.notibras.com\/site\/cruzeiro-bate-sport-em-despedida-do-mineirao-e-assume-lideranca\/","name":"Cruzeiro bate Sport em despedida do Mineir\u00e3o e assume lideran\u00e7a - Notibras","isPartOf":{"@id":"https:\/\/www.notibras.com\/site\/#website"},"primaryImageOfPage":{"@id":"https:\/\/www.notibras.com\/site\/cruzeiro-bate-sport-em-despedida-do-mineirao-e-assume-lideranca\/#primaryimage"},"image":{"@id":"https:\/\/www.notibras.com\/site\/cruzeiro-bate-sport-em-despedida-do-mineirao-e-assume-lideranca\/#primaryimage"},"thumbnailUrl":"https:\/\/www.notibras.com\/site\/wp-content\/uploads\/2014\/05\/Sem-t\u00edtulo-117.jpg","datePublished":"2014-05-22T01:56:06+00:00","breadcrumb":{"@id":"https:\/\/www.notibras.com\/site\/cruzeiro-bate-sport-em-despedida-do-mineirao-e-assume-lideranca\/#breadcrumb"},"inLanguage":"pt-BR","potentialAction":[{"@type":"ReadAction","target":["https:\/\/www.notibras.com\/site\/cruzeiro-bate-sport-em-despedida-do-mineirao-e-assume-lideranca\/"]}]},{"@type":"ImageObject","inLanguage":"pt-BR","@id":"https:\/\/www.notibras.com\/site\/cruzeiro-bate-sport-em-despedida-do-mineirao-e-assume-lideranca\/#primaryimage","url":"https:\/\/www.notibras.com\/site\/wp-content\/uploads\/2014\/05\/Sem-t\u00edtulo-117.jpg","contentUrl":"https:\/\/www.notibras.com\/site\/wp-content\/uploads\/2014\/05\/Sem-t\u00edtulo-117.jpg","width":460,"height":340},{"@type":"BreadcrumbList","@id":"https:\/\/www.notibras.com\/site\/cruzeiro-bate-sport-em-despedida-do-mineirao-e-assume-lideranca\/#breadcrumb","itemListElement":[{"@type":"ListItem","position":1,"name":"In\u00edcio","item":"https:\/\/www.notibras.com\/site\/"},{"@type":"ListItem","position":2,"name":"Cruzeiro bate Sport em despedida do Mineir\u00e3o e assume lideran\u00e7a"}]},{"@type":"WebSite","@id":"https:\/\/www.notibras.com\/site\/#website","url":"https:\/\/www.notibras.com\/site\/","name":"Notibras","description":"Not\u00edcias de Bras\u00edlia, do Brasil e do Mundo","publisher":{"@id":"https:\/\/www.notibras.com\/site\/#organization"},"potentialAction":[{"@type":"SearchAction","target":{"@type":"EntryPoint","urlTemplate":"https:\/\/www.notibras.com\/site\/?s={search_term_string}"},"query-input":{"@type":"PropertyValueSpecification","valueRequired":true,"valueName":"search_term_string"}}],"inLanguage":"pt-BR"},{"@type":"Organization","@id":"https:\/\/www.notibras.com\/site\/#organization","name":"Grupo Notibras de Comunica\u00e7\u00e3o","url":"https:\/\/www.notibras.com\/site\/","logo":{"@type":"ImageObject","inLanguage":"pt-BR","@id":"https:\/\/www.notibras.com\/site\/#\/schema\/logo\/image\/","url":"https:\/\/www.notibras.com\/site\/wp-content\/uploads\/2023\/01\/notibras23.png","contentUrl":"https:\/\/www.notibras.com\/site\/wp-content\/uploads\/2023\/01\/notibras23.png","width":350,"height":87,"caption":"Grupo Notibras de Comunica\u00e7\u00e3o"},"image":{"@id":"https:\/\/www.notibras.com\/site\/#\/schema\/logo\/image\/"},"sameAs":["https:\/\/www.facebook.com\/notibras\/","https:\/\/x.com\/Notibras","https:\/\/www.instagram.com\/notibras\/"]},{"@type":"Person","@id":"https:\/\/www.notibras.com\/site\/#\/schema\/person\/00b8e1aa08f9ef6563e878c5159d01cf","name":"Reda\u00e7\u00e3o","image":{"@type":"ImageObject","inLanguage":"pt-BR","@id":"https:\/\/secure.gravatar.com\/avatar\/ac5a707d5b47784a5ed426c6e213e201423c750890f64e4c379114dade67dfb9?s=96&d=mm&r=g","url":"https:\/\/secure.gravatar.com\/avatar\/ac5a707d5b47784a5ed426c6e213e201423c750890f64e4c379114dade67dfb9?s=96&d=mm&r=g","contentUrl":"https:\/\/secure.gravatar.com\/avatar\/ac5a707d5b47784a5ed426c6e213e201423c750890f64e4c379114dade67dfb9?s=96&d=mm&r=g","caption":"Reda\u00e7\u00e3o"}}]}},"amp_enabled":true,"_links":{"self":[{"href":"https:\/\/www.notibras.com\/site\/wp-json\/wp\/v2\/posts\/10422","targetHints":{"allow":["GET"]}}],"collection":[{"href":"https:\/\/www.notibras.com\/site\/wp-json\/wp\/v2\/posts"}],"about":[{"href":"https:\/\/www.notibras.com\/site\/wp-json\/wp\/v2\/types\/post"}],"author":[{"embeddable":true,"href":"https:\/\/www.notibras.com\/site\/wp-json\/wp\/v2\/users\/1"}],"replies":[{"embeddable":true,"href":"https:\/\/www.notibras.com\/site\/wp-json\/wp\/v2\/comments?post=10422"}],"version-history":[{"count":0,"href":"https:\/\/www.notibras.com\/site\/wp-json\/wp\/v2\/posts\/10422\/revisions"}],"wp:featuredmedia":[{"embeddable":true,"href":"https:\/\/www.notibras.com\/site\/wp-json\/wp\/v2\/media\/10423"}],"wp:attachment":[{"href":"https:\/\/www.notibras.com\/site\/wp-json\/wp\/v2\/media?parent=10422"}],"wp:term":[{"taxonomy":"category","embeddable":true,"href":"https:\/\/www.notibras.com\/site\/wp-json\/wp\/v2\/categories?post=10422"},{"taxonomy":"post_tag","embeddable":true,"href":"https:\/\/www.notibras.com\/site\/wp-json\/wp\/v2\/tags?post=10422"}],"curies":[{"name":"wp","href":"https:\/\/api.w.org\/{rel}","templated":true}]}}