{"id":10450,"date":"2014-05-21T23:48:37","date_gmt":"2014-05-22T02:48:37","guid":{"rendered":"http:\/\/www.notibras.com\/site\/?p=10450"},"modified":"2014-05-21T23:48:37","modified_gmt":"2014-05-22T02:48:37","slug":"energia-nuclear-no-brasil-e-os-pre-candidatos-presidenciais","status":"publish","type":"post","link":"https:\/\/www.notibras.com\/site\/energia-nuclear-no-brasil-e-os-pre-candidatos-presidenciais\/","title":{"rendered":"Energia nuclear no Brasil e os pr\u00e9-candidatos presidenciais"},"content":{"rendered":"<p>Ano de elei\u00e7\u00f5es presidenciais. Espera-se que os pr\u00e9-candidatos se posicionem sobre os diferentes temas de interesse da popula\u00e7\u00e3o. E um dos mais importantes temas \u00e9 sobre a quest\u00e3o energ\u00e9tica.<\/p>\n<p>At\u00e9 o momento, o quadro eleitoral apresenta sete pr\u00e9-candidaturas. As tr\u00eas dos partidos que ter\u00e3o mais tempo na televis\u00e3o e quatro dos \u201cpequenos\u201d. Estes em alguns casos fisiol\u00f3gicos, somente lan\u00e7aram pr\u00e9-candidaturas para negociar seus tempos de televis\u00e3o, tendo tamb\u00e9m aqueles mais ideol\u00f3gicos, com posi\u00e7\u00f5es bem definidas.<\/p>\n<p>Neste espa\u00e7o, sucintamente comentarei o que fizeram e o que prop\u00f5em os pr\u00e9-candidatos mais expostos na m\u00eddia com rela\u00e7\u00e3o ao tema pol\u00eamico: energia nuclear.<\/p>\n<p>O que predomina em comum nas tr\u00eas pr\u00e9-candidaturas \u00e9 a vis\u00e3o tradicional de associar desenvolvimento a aumento de consumo, consequentemente \u00e0 produ\u00e7\u00e3o sempre crescente, necessitando mais e mais de mat\u00e9ria prima e energia. Portanto, s\u00e3o pr\u00e9-candidaturas que defendem a constru\u00e7\u00e3o crescente de usinas de energia, dentre elas as nucleares.<\/p>\n<p>Outro aspecto comum \u00e9 modelo de gest\u00e3o publica que adotaram nos cargos executivos que ocuparam, lan\u00e7ando m\u00e3o de privatiza\u00e7\u00f5es, concess\u00f5es, terceiriza\u00e7\u00f5es e parcerias p\u00fablico-privadas. Esses instrumentos s\u00e3o orientados para viabilizar o maior lucro para as respectivas operadoras, mesmo sacrificando o interesse publico e as necessidades b\u00e1sicas dos cidad\u00e3os. Nesse modelo, o Estado \u00e9 capturado pelos interesses econ\u00f4micos (privados) e atua em favor deles. O caso da energia \u00e9 um exemplo claro, evidente.<\/p>\n<p>A presta\u00e7\u00e3o dos servi\u00e7os el\u00e9tricos, essencial ao bem estar e \u00e0 soberania do pa\u00eds, tem sofrido nos \u00faltimos anos\u00a0 trope\u00e7os causados por pol\u00edticas publicas contrarias aos anseios da popula\u00e7\u00e3o, que s\u00e3o a seguran\u00e7a energ\u00e9tica com tarifas m\u00f3dicas e qualidade no fornecimento.<\/p>\n<p>O ex-ministro de Ci\u00eancia e Tecnologia, ex-governador de Pernambuco e pr\u00e9-candidato pelo PSB, teve papel de destaque no renascimento do programa nuclear brasileiro, prevendo no Plano Nacional de Energia 2030 a constru\u00e7\u00e3o de quatro novas usinas nucleares no pa\u00eds. Quando governador, defendeu a vinda de uma dessas usinas para Pernambuco.<\/p>\n<p>Enquanto governador, priorizou em trazer para Pernambuco termoel\u00e9tricas movidas a combust\u00edveis altamente poluentes, como o \u00f3leo combust\u00edvel. Foi o pai da absurda proposta de patrocinar a instala\u00e7\u00e3o em Pernambuco da \u201cmaior termoel\u00e9trica do mundo\u201d, com 1.300 MW de potencia instalada, movida a \u00f3leo combust\u00edvel. Projeto que acabou sendo abortado pela press\u00e3o popular. O que n\u00e3o foi poss\u00edvel impedir foi \u00e0 instala\u00e7\u00e3o de outra termoel\u00e9trica a \u00f3leo combust\u00edvel, esta de 320 MW, em territ\u00f3rio pernambucano.<\/p>\n<p>O pr\u00e9-candidato do PSDB, na quest\u00e3o nuclear, n\u00e3o precisa (n\u00e3o falou ainda) dizer muita coisa, pois se conhece a posi\u00e7\u00e3o desse partido e de seus membros de apoio \u00e0 instala\u00e7\u00e3o de usinas nucleares no pa\u00eds. O mais recente episodio nessa \u00e1rea est\u00e1 sendo protagonizado por um deputado paranaense, que apresentou em 2007 a Proposta de Emenda \u00e0 Constitui\u00e7\u00e3o \u2013 PEC no 122, que visa modificar os arts. 21 e 177 da Constitui\u00e7\u00e3o Federal para excluir do monop\u00f3lio da Uni\u00e3o a constru\u00e7\u00e3o e opera\u00e7\u00e3o de reatores nucleares para fins de gera\u00e7\u00e3o de energia el\u00e9trica. Hoje, s\u00f3 a empresa estatal Eletronuclear constr\u00f3i e opera no setor. Caso seja aprovada, aquela PEC permitir\u00e1 a entrada de empresas estrangeiras na gera\u00e7\u00e3o nucleoel\u00e9trica. Esta proposta est\u00e1 preste para ser submetida \u00e0 vota\u00e7\u00e3o em plen\u00e1rio.<\/p>\n<p>Quanto \u00e0 vis\u00e3o estrat\u00e9gica em rela\u00e7\u00e3o \u00e0 energia el\u00e9trica, n\u00e3o se pode esquecer que, quando estava no poder, o PSDB levou o pa\u00eds ao desabastecimento e racionamento energ\u00e9tico em 2000\/2001. N\u00e3o precisa falar muita coisa mais sobre o que nos espera com o retorno desse partido pol\u00edtico ao Executivo nacional.<\/p>\n<p>E o PT, esses 12 anos em que esteve no poder, n\u00e3o somente fez renascer o Programa Nuclear Brasileiro, com a constru\u00e7\u00e3o de Angra III, que estava havia mais de 20 anos parada, como, por meio da aprova\u00e7\u00e3o do Plano Nacional de Energia 2030, prop\u00f4s a instala\u00e7\u00e3o de mais quatro novas usinas nucleares no pa\u00eds, sendo duas no Nordeste e duas no Sul\/Sudeste. A contradi\u00e7\u00e3o \u00e9 evidente, pois v\u00e1rios de seus membros eram totalmente contr\u00e1rios ao uso da fonte nuclear. Mas, ao chegarem no poder&#8230;<\/p>\n<p>Al\u00e9m, \u00e9 claro, da \u201cmaior especialista em energia\u201d, a ex-Ministra das Minas e Energias e atual Presidente da Rep\u00fablica, ter desarranjado por completo o sistema el\u00e9trico nacional, submetendo os consumidores a tarifas \u201cpadr\u00e3o Fifa\u201d, e trazer de volta o risco do desabastecimento el\u00e9trico.<\/p>\n<p>Bem, esta \u00e9 uma realidade nada alvissareira para quem em 2014 ir\u00e1 votar e escolher o Presidente do pa\u00eds.\u00a0 Temos tamb\u00e9m outras pr\u00e9-candidaturas que merecem aten\u00e7\u00e3o sobre esta tem\u00e1tica. Duas delas, a do PV e da PSol, posicionam-se contrarias \u00e0 instala\u00e7\u00e3o de usinas nucleares.<\/p>\n<p><strong>Heitor Scalambrini Costa<\/strong><\/p>\n","protected":false},"excerpt":{"rendered":"<p>Ano de elei\u00e7\u00f5es presidenciais. Espera-se que os pr\u00e9-candidatos se posicionem sobre os diferentes temas de interesse da popula\u00e7\u00e3o. E um dos mais importantes temas \u00e9 sobre a quest\u00e3o energ\u00e9tica. At\u00e9 o momento, o quadro eleitoral apresenta sete pr\u00e9-candidaturas. As tr\u00eas dos partidos que ter\u00e3o mais tempo na televis\u00e3o e quatro dos \u201cpequenos\u201d. Estes em alguns [&hellip;]<\/p>\n","protected":false},"author":2,"featured_media":10451,"comment_status":"open","ping_status":"closed","sticky":false,"template":"","format":"standard","meta":{"_acf_changed":false,"footnotes":""},"categories":[25],"tags":[],"class_list":["post-10450","post","type-post","status-publish","format-standard","has-post-thumbnail","hentry","category-opina-ai"],"acf":[],"yoast_head":"<!-- This site is optimized with the Yoast SEO plugin v27.5 - https:\/\/yoast.com\/product\/yoast-seo-wordpress\/ -->\n<title>Energia nuclear no Brasil e os pr\u00e9-candidatos presidenciais - Notibras<\/title>\n<meta name=\"robots\" content=\"index, follow, max-snippet:-1, max-image-preview:large, max-video-preview:-1\" \/>\n<link rel=\"canonical\" href=\"https:\/\/www.notibras.com\/site\/energia-nuclear-no-brasil-e-os-pre-candidatos-presidenciais\/\" \/>\n<meta property=\"og:locale\" content=\"pt_BR\" \/>\n<meta property=\"og:type\" content=\"article\" \/>\n<meta property=\"og:title\" content=\"Energia nuclear no Brasil e os pr\u00e9-candidatos presidenciais - Notibras\" \/>\n<meta property=\"og:description\" content=\"Ano de elei\u00e7\u00f5es presidenciais. Espera-se que os pr\u00e9-candidatos se posicionem sobre os diferentes temas de interesse da popula\u00e7\u00e3o. E um dos mais importantes temas \u00e9 sobre a quest\u00e3o energ\u00e9tica. At\u00e9 o momento, o quadro eleitoral apresenta sete pr\u00e9-candidaturas. As tr\u00eas dos partidos que ter\u00e3o mais tempo na televis\u00e3o e quatro dos \u201cpequenos\u201d. Estes em alguns [&hellip;]\" \/>\n<meta property=\"og:url\" content=\"https:\/\/www.notibras.com\/site\/energia-nuclear-no-brasil-e-os-pre-candidatos-presidenciais\/\" \/>\n<meta property=\"og:site_name\" content=\"Notibras\" \/>\n<meta property=\"article:publisher\" content=\"https:\/\/www.facebook.com\/notibras\/\" \/>\n<meta property=\"article:published_time\" content=\"2014-05-22T02:48:37+00:00\" \/>\n<meta property=\"og:image\" content=\"https:\/\/www.notibras.com\/site\/wp-content\/uploads\/2014\/05\/Angra-Capa-tl.jpg\" \/>\n\t<meta property=\"og:image:width\" content=\"700\" \/>\n\t<meta property=\"og:image:height\" content=\"525\" \/>\n\t<meta property=\"og:image:type\" content=\"image\/jpeg\" \/>\n<meta name=\"author\" content=\"Reda\u00e7\u00e3o\" \/>\n<meta name=\"twitter:card\" content=\"summary_large_image\" \/>\n<meta name=\"twitter:creator\" content=\"@Notibras\" \/>\n<meta name=\"twitter:site\" content=\"@Notibras\" \/>\n<meta name=\"twitter:label1\" content=\"Escrito por\" \/>\n\t<meta name=\"twitter:data1\" content=\"Reda\u00e7\u00e3o\" \/>\n\t<meta name=\"twitter:label2\" content=\"Est. tempo de leitura\" \/>\n\t<meta name=\"twitter:data2\" content=\"4 minutos\" \/>\n<script type=\"application\/ld+json\" class=\"yoast-schema-graph\">{\"@context\":\"https:\\\/\\\/schema.org\",\"@graph\":[{\"@type\":\"Article\",\"@id\":\"https:\\\/\\\/www.notibras.com\\\/site\\\/energia-nuclear-no-brasil-e-os-pre-candidatos-presidenciais\\\/#article\",\"isPartOf\":{\"@id\":\"https:\\\/\\\/www.notibras.com\\\/site\\\/energia-nuclear-no-brasil-e-os-pre-candidatos-presidenciais\\\/\"},\"author\":{\"name\":\"Reda\u00e7\u00e3o\",\"@id\":\"https:\\\/\\\/www.notibras.com\\\/site\\\/#\\\/schema\\\/person\\\/36ab0979449956132d3e5b517ea76ac8\"},\"headline\":\"Energia nuclear no Brasil e os pr\u00e9-candidatos presidenciais\",\"datePublished\":\"2014-05-22T02:48:37+00:00\",\"mainEntityOfPage\":{\"@id\":\"https:\\\/\\\/www.notibras.com\\\/site\\\/energia-nuclear-no-brasil-e-os-pre-candidatos-presidenciais\\\/\"},\"wordCount\":837,\"commentCount\":0,\"publisher\":{\"@id\":\"https:\\\/\\\/www.notibras.com\\\/site\\\/#organization\"},\"image\":{\"@id\":\"https:\\\/\\\/www.notibras.com\\\/site\\\/energia-nuclear-no-brasil-e-os-pre-candidatos-presidenciais\\\/#primaryimage\"},\"thumbnailUrl\":\"https:\\\/\\\/www.notibras.com\\\/site\\\/wp-content\\\/uploads\\\/2014\\\/05\\\/Angra-Capa-tl.jpg\",\"articleSection\":[\"Opina a\u00ed\"],\"inLanguage\":\"pt-BR\",\"potentialAction\":[{\"@type\":\"CommentAction\",\"name\":\"Comment\",\"target\":[\"https:\\\/\\\/www.notibras.com\\\/site\\\/energia-nuclear-no-brasil-e-os-pre-candidatos-presidenciais\\\/#respond\"]}]},{\"@type\":\"WebPage\",\"@id\":\"https:\\\/\\\/www.notibras.com\\\/site\\\/energia-nuclear-no-brasil-e-os-pre-candidatos-presidenciais\\\/\",\"url\":\"https:\\\/\\\/www.notibras.com\\\/site\\\/energia-nuclear-no-brasil-e-os-pre-candidatos-presidenciais\\\/\",\"name\":\"Energia nuclear no Brasil e os pr\u00e9-candidatos presidenciais - Notibras\",\"isPartOf\":{\"@id\":\"https:\\\/\\\/www.notibras.com\\\/site\\\/#website\"},\"primaryImageOfPage\":{\"@id\":\"https:\\\/\\\/www.notibras.com\\\/site\\\/energia-nuclear-no-brasil-e-os-pre-candidatos-presidenciais\\\/#primaryimage\"},\"image\":{\"@id\":\"https:\\\/\\\/www.notibras.com\\\/site\\\/energia-nuclear-no-brasil-e-os-pre-candidatos-presidenciais\\\/#primaryimage\"},\"thumbnailUrl\":\"https:\\\/\\\/www.notibras.com\\\/site\\\/wp-content\\\/uploads\\\/2014\\\/05\\\/Angra-Capa-tl.jpg\",\"datePublished\":\"2014-05-22T02:48:37+00:00\",\"breadcrumb\":{\"@id\":\"https:\\\/\\\/www.notibras.com\\\/site\\\/energia-nuclear-no-brasil-e-os-pre-candidatos-presidenciais\\\/#breadcrumb\"},\"inLanguage\":\"pt-BR\",\"potentialAction\":[{\"@type\":\"ReadAction\",\"target\":[\"https:\\\/\\\/www.notibras.com\\\/site\\\/energia-nuclear-no-brasil-e-os-pre-candidatos-presidenciais\\\/\"]}]},{\"@type\":\"ImageObject\",\"inLanguage\":\"pt-BR\",\"@id\":\"https:\\\/\\\/www.notibras.com\\\/site\\\/energia-nuclear-no-brasil-e-os-pre-candidatos-presidenciais\\\/#primaryimage\",\"url\":\"https:\\\/\\\/www.notibras.com\\\/site\\\/wp-content\\\/uploads\\\/2014\\\/05\\\/Angra-Capa-tl.jpg\",\"contentUrl\":\"https:\\\/\\\/www.notibras.com\\\/site\\\/wp-content\\\/uploads\\\/2014\\\/05\\\/Angra-Capa-tl.jpg\",\"width\":700,\"height\":525},{\"@type\":\"BreadcrumbList\",\"@id\":\"https:\\\/\\\/www.notibras.com\\\/site\\\/energia-nuclear-no-brasil-e-os-pre-candidatos-presidenciais\\\/#breadcrumb\",\"itemListElement\":[{\"@type\":\"ListItem\",\"position\":1,\"name\":\"In\u00edcio\",\"item\":\"https:\\\/\\\/www.notibras.com\\\/site\\\/\"},{\"@type\":\"ListItem\",\"position\":2,\"name\":\"Energia nuclear no Brasil e os pr\u00e9-candidatos presidenciais\"}]},{\"@type\":\"WebSite\",\"@id\":\"https:\\\/\\\/www.notibras.com\\\/site\\\/#website\",\"url\":\"https:\\\/\\\/www.notibras.com\\\/site\\\/\",\"name\":\"Notibras\",\"description\":\"Not\u00edcias de Bras\u00edlia, do Brasil e do Mundo\",\"publisher\":{\"@id\":\"https:\\\/\\\/www.notibras.com\\\/site\\\/#organization\"},\"potentialAction\":[{\"@type\":\"SearchAction\",\"target\":{\"@type\":\"EntryPoint\",\"urlTemplate\":\"https:\\\/\\\/www.notibras.com\\\/site\\\/?s={search_term_string}\"},\"query-input\":{\"@type\":\"PropertyValueSpecification\",\"valueRequired\":true,\"valueName\":\"search_term_string\"}}],\"inLanguage\":\"pt-BR\"},{\"@type\":\"Organization\",\"@id\":\"https:\\\/\\\/www.notibras.com\\\/site\\\/#organization\",\"name\":\"Grupo Notibras de Comunica\u00e7\u00e3o\",\"url\":\"https:\\\/\\\/www.notibras.com\\\/site\\\/\",\"logo\":{\"@type\":\"ImageObject\",\"inLanguage\":\"pt-BR\",\"@id\":\"https:\\\/\\\/www.notibras.com\\\/site\\\/#\\\/schema\\\/logo\\\/image\\\/\",\"url\":\"https:\\\/\\\/www.notibras.com\\\/site\\\/wp-content\\\/uploads\\\/2023\\\/01\\\/notibras23.png\",\"contentUrl\":\"https:\\\/\\\/www.notibras.com\\\/site\\\/wp-content\\\/uploads\\\/2023\\\/01\\\/notibras23.png\",\"width\":350,\"height\":87,\"caption\":\"Grupo Notibras de Comunica\u00e7\u00e3o\"},\"image\":{\"@id\":\"https:\\\/\\\/www.notibras.com\\\/site\\\/#\\\/schema\\\/logo\\\/image\\\/\"},\"sameAs\":[\"https:\\\/\\\/www.facebook.com\\\/notibras\\\/\",\"https:\\\/\\\/x.com\\\/Notibras\",\"https:\\\/\\\/www.instagram.com\\\/notibras\\\/\"]},{\"@type\":\"Person\",\"@id\":\"https:\\\/\\\/www.notibras.com\\\/site\\\/#\\\/schema\\\/person\\\/36ab0979449956132d3e5b517ea76ac8\",\"name\":\"Reda\u00e7\u00e3o\",\"image\":{\"@type\":\"ImageObject\",\"inLanguage\":\"pt-BR\",\"@id\":\"https:\\\/\\\/secure.gravatar.com\\\/avatar\\\/e0a867bdedb85fd243eadf09663511f96fc81e0720a4a42581f334ad4303aa6b?s=96&d=mm&r=g\",\"url\":\"https:\\\/\\\/secure.gravatar.com\\\/avatar\\\/e0a867bdedb85fd243eadf09663511f96fc81e0720a4a42581f334ad4303aa6b?s=96&d=mm&r=g\",\"contentUrl\":\"https:\\\/\\\/secure.gravatar.com\\\/avatar\\\/e0a867bdedb85fd243eadf09663511f96fc81e0720a4a42581f334ad4303aa6b?s=96&d=mm&r=g\",\"caption\":\"Reda\u00e7\u00e3o\"}}]}<\/script>\n<!-- \/ Yoast SEO plugin. -->","yoast_head_json":{"title":"Energia nuclear no Brasil e os pr\u00e9-candidatos presidenciais - Notibras","robots":{"index":"index","follow":"follow","max-snippet":"max-snippet:-1","max-image-preview":"max-image-preview:large","max-video-preview":"max-video-preview:-1"},"canonical":"https:\/\/www.notibras.com\/site\/energia-nuclear-no-brasil-e-os-pre-candidatos-presidenciais\/","og_locale":"pt_BR","og_type":"article","og_title":"Energia nuclear no Brasil e os pr\u00e9-candidatos presidenciais - Notibras","og_description":"Ano de elei\u00e7\u00f5es presidenciais. Espera-se que os pr\u00e9-candidatos se posicionem sobre os diferentes temas de interesse da popula\u00e7\u00e3o. E um dos mais importantes temas \u00e9 sobre a quest\u00e3o energ\u00e9tica. At\u00e9 o momento, o quadro eleitoral apresenta sete pr\u00e9-candidaturas. As tr\u00eas dos partidos que ter\u00e3o mais tempo na televis\u00e3o e quatro dos \u201cpequenos\u201d. Estes em alguns [&hellip;]","og_url":"https:\/\/www.notibras.com\/site\/energia-nuclear-no-brasil-e-os-pre-candidatos-presidenciais\/","og_site_name":"Notibras","article_publisher":"https:\/\/www.facebook.com\/notibras\/","article_published_time":"2014-05-22T02:48:37+00:00","og_image":[{"width":700,"height":525,"url":"https:\/\/www.notibras.com\/site\/wp-content\/uploads\/2014\/05\/Angra-Capa-tl.jpg","type":"image\/jpeg"}],"author":"Reda\u00e7\u00e3o","twitter_card":"summary_large_image","twitter_creator":"@Notibras","twitter_site":"@Notibras","twitter_misc":{"Escrito por":"Reda\u00e7\u00e3o","Est. tempo de leitura":"4 minutos"},"schema":{"@context":"https:\/\/schema.org","@graph":[{"@type":"Article","@id":"https:\/\/www.notibras.com\/site\/energia-nuclear-no-brasil-e-os-pre-candidatos-presidenciais\/#article","isPartOf":{"@id":"https:\/\/www.notibras.com\/site\/energia-nuclear-no-brasil-e-os-pre-candidatos-presidenciais\/"},"author":{"name":"Reda\u00e7\u00e3o","@id":"https:\/\/www.notibras.com\/site\/#\/schema\/person\/36ab0979449956132d3e5b517ea76ac8"},"headline":"Energia nuclear no Brasil e os pr\u00e9-candidatos presidenciais","datePublished":"2014-05-22T02:48:37+00:00","mainEntityOfPage":{"@id":"https:\/\/www.notibras.com\/site\/energia-nuclear-no-brasil-e-os-pre-candidatos-presidenciais\/"},"wordCount":837,"commentCount":0,"publisher":{"@id":"https:\/\/www.notibras.com\/site\/#organization"},"image":{"@id":"https:\/\/www.notibras.com\/site\/energia-nuclear-no-brasil-e-os-pre-candidatos-presidenciais\/#primaryimage"},"thumbnailUrl":"https:\/\/www.notibras.com\/site\/wp-content\/uploads\/2014\/05\/Angra-Capa-tl.jpg","articleSection":["Opina a\u00ed"],"inLanguage":"pt-BR","potentialAction":[{"@type":"CommentAction","name":"Comment","target":["https:\/\/www.notibras.com\/site\/energia-nuclear-no-brasil-e-os-pre-candidatos-presidenciais\/#respond"]}]},{"@type":"WebPage","@id":"https:\/\/www.notibras.com\/site\/energia-nuclear-no-brasil-e-os-pre-candidatos-presidenciais\/","url":"https:\/\/www.notibras.com\/site\/energia-nuclear-no-brasil-e-os-pre-candidatos-presidenciais\/","name":"Energia nuclear no Brasil e os pr\u00e9-candidatos presidenciais - Notibras","isPartOf":{"@id":"https:\/\/www.notibras.com\/site\/#website"},"primaryImageOfPage":{"@id":"https:\/\/www.notibras.com\/site\/energia-nuclear-no-brasil-e-os-pre-candidatos-presidenciais\/#primaryimage"},"image":{"@id":"https:\/\/www.notibras.com\/site\/energia-nuclear-no-brasil-e-os-pre-candidatos-presidenciais\/#primaryimage"},"thumbnailUrl":"https:\/\/www.notibras.com\/site\/wp-content\/uploads\/2014\/05\/Angra-Capa-tl.jpg","datePublished":"2014-05-22T02:48:37+00:00","breadcrumb":{"@id":"https:\/\/www.notibras.com\/site\/energia-nuclear-no-brasil-e-os-pre-candidatos-presidenciais\/#breadcrumb"},"inLanguage":"pt-BR","potentialAction":[{"@type":"ReadAction","target":["https:\/\/www.notibras.com\/site\/energia-nuclear-no-brasil-e-os-pre-candidatos-presidenciais\/"]}]},{"@type":"ImageObject","inLanguage":"pt-BR","@id":"https:\/\/www.notibras.com\/site\/energia-nuclear-no-brasil-e-os-pre-candidatos-presidenciais\/#primaryimage","url":"https:\/\/www.notibras.com\/site\/wp-content\/uploads\/2014\/05\/Angra-Capa-tl.jpg","contentUrl":"https:\/\/www.notibras.com\/site\/wp-content\/uploads\/2014\/05\/Angra-Capa-tl.jpg","width":700,"height":525},{"@type":"BreadcrumbList","@id":"https:\/\/www.notibras.com\/site\/energia-nuclear-no-brasil-e-os-pre-candidatos-presidenciais\/#breadcrumb","itemListElement":[{"@type":"ListItem","position":1,"name":"In\u00edcio","item":"https:\/\/www.notibras.com\/site\/"},{"@type":"ListItem","position":2,"name":"Energia nuclear no Brasil e os pr\u00e9-candidatos presidenciais"}]},{"@type":"WebSite","@id":"https:\/\/www.notibras.com\/site\/#website","url":"https:\/\/www.notibras.com\/site\/","name":"Notibras","description":"Not\u00edcias de Bras\u00edlia, do Brasil e do Mundo","publisher":{"@id":"https:\/\/www.notibras.com\/site\/#organization"},"potentialAction":[{"@type":"SearchAction","target":{"@type":"EntryPoint","urlTemplate":"https:\/\/www.notibras.com\/site\/?s={search_term_string}"},"query-input":{"@type":"PropertyValueSpecification","valueRequired":true,"valueName":"search_term_string"}}],"inLanguage":"pt-BR"},{"@type":"Organization","@id":"https:\/\/www.notibras.com\/site\/#organization","name":"Grupo Notibras de Comunica\u00e7\u00e3o","url":"https:\/\/www.notibras.com\/site\/","logo":{"@type":"ImageObject","inLanguage":"pt-BR","@id":"https:\/\/www.notibras.com\/site\/#\/schema\/logo\/image\/","url":"https:\/\/www.notibras.com\/site\/wp-content\/uploads\/2023\/01\/notibras23.png","contentUrl":"https:\/\/www.notibras.com\/site\/wp-content\/uploads\/2023\/01\/notibras23.png","width":350,"height":87,"caption":"Grupo Notibras de Comunica\u00e7\u00e3o"},"image":{"@id":"https:\/\/www.notibras.com\/site\/#\/schema\/logo\/image\/"},"sameAs":["https:\/\/www.facebook.com\/notibras\/","https:\/\/x.com\/Notibras","https:\/\/www.instagram.com\/notibras\/"]},{"@type":"Person","@id":"https:\/\/www.notibras.com\/site\/#\/schema\/person\/36ab0979449956132d3e5b517ea76ac8","name":"Reda\u00e7\u00e3o","image":{"@type":"ImageObject","inLanguage":"pt-BR","@id":"https:\/\/secure.gravatar.com\/avatar\/e0a867bdedb85fd243eadf09663511f96fc81e0720a4a42581f334ad4303aa6b?s=96&d=mm&r=g","url":"https:\/\/secure.gravatar.com\/avatar\/e0a867bdedb85fd243eadf09663511f96fc81e0720a4a42581f334ad4303aa6b?s=96&d=mm&r=g","contentUrl":"https:\/\/secure.gravatar.com\/avatar\/e0a867bdedb85fd243eadf09663511f96fc81e0720a4a42581f334ad4303aa6b?s=96&d=mm&r=g","caption":"Reda\u00e7\u00e3o"}}]}},"amp_enabled":true,"_links":{"self":[{"href":"https:\/\/www.notibras.com\/site\/wp-json\/wp\/v2\/posts\/10450","targetHints":{"allow":["GET"]}}],"collection":[{"href":"https:\/\/www.notibras.com\/site\/wp-json\/wp\/v2\/posts"}],"about":[{"href":"https:\/\/www.notibras.com\/site\/wp-json\/wp\/v2\/types\/post"}],"author":[{"embeddable":true,"href":"https:\/\/www.notibras.com\/site\/wp-json\/wp\/v2\/users\/2"}],"replies":[{"embeddable":true,"href":"https:\/\/www.notibras.com\/site\/wp-json\/wp\/v2\/comments?post=10450"}],"version-history":[{"count":0,"href":"https:\/\/www.notibras.com\/site\/wp-json\/wp\/v2\/posts\/10450\/revisions"}],"wp:featuredmedia":[{"embeddable":true,"href":"https:\/\/www.notibras.com\/site\/wp-json\/wp\/v2\/media\/10451"}],"wp:attachment":[{"href":"https:\/\/www.notibras.com\/site\/wp-json\/wp\/v2\/media?parent=10450"}],"wp:term":[{"taxonomy":"category","embeddable":true,"href":"https:\/\/www.notibras.com\/site\/wp-json\/wp\/v2\/categories?post=10450"},{"taxonomy":"post_tag","embeddable":true,"href":"https:\/\/www.notibras.com\/site\/wp-json\/wp\/v2\/tags?post=10450"}],"curies":[{"name":"wp","href":"https:\/\/api.w.org\/{rel}","templated":true}]}}