{"id":10457,"date":"2014-05-22T00:04:26","date_gmt":"2014-05-22T03:04:26","guid":{"rendered":"http:\/\/www.notibras.com\/site\/?p=10457"},"modified":"2014-05-22T00:04:26","modified_gmt":"2014-05-22T03:04:26","slug":"corinthians-volta-a-jogar-mal-e-sofre-empate-do-atletico-pr","status":"publish","type":"post","link":"https:\/\/www.notibras.com\/site\/corinthians-volta-a-jogar-mal-e-sofre-empate-do-atletico-pr\/","title":{"rendered":"Corinthians volta a jogar mal e sofre empate do Atl\u00e9tico-PR"},"content":{"rendered":"<p>O Corinthians voltou a irritar a sua torcida na noite desta quarta-feira. Ap\u00f3s dar vexame no primeiro jogo oficial da esperada Arena no \u00faltimo domingo, o time comandado por Mano Menezes teve nova atua\u00e7\u00e3o abaixo da m\u00e9dia e, apesar de sair na frente com gol de Jadson em p\u00eanalti contest\u00e1vel, sofreu empate do Atl\u00e9tico-PR no fim da partida para ficar no 1 a 1 pela sexta rodada do Campeonato Brasileiro.<\/p>\n<p>Sem vencer h\u00e1 tr\u00eas rodadas &#8211; tamb\u00e9m houve empate com o S\u00e3o Paulo -, o clube alvinegro encontra-se apenas na oitava coloca\u00e7\u00e3o com nove pontos, a quatro do l\u00edder Cruzeiro e a tr\u00eas da zona de classifica\u00e7\u00e3o para a Libertadores. A equipe rubro-negra, por sua vez, aparece em 14\u00ba com seis pontos.<\/p>\n<p>Ambas as equipes voltam a campo pelo Campeonato Brasileiro neste fim se semana. O Corinthians pega o Sport fora de casa, na Ilha do Retiro, \u00e0s 16h (de Bras\u00edlia) do domingo. J\u00e1 o Atl\u00e9tico-PR, que ainda procura um novo treinador ap\u00f3s a sa\u00edda do espanhol Miguel Angel Portugal, tem o cl\u00e1ssico contra o Coritiba, no mesmo dia e hor\u00e1rio, em Maring\u00e1.<\/p>\n<p>Previs\u00edvel, o Corinthians pouco criou no primeiro tempo. A equipe treinada por Mano Menezes mostrou falta de criatividade e mostrou claros problemas ofensivos. Sem conseguiu envolver com a bola no ch\u00e3o, o time alvinegro apelou para as bolas a\u00e9reas \u2013 o Atl\u00e9tico-PR tamb\u00e9m n\u00e3o cooperava para o bom futebol no Canind\u00e9 e pecava em erros de finaliza\u00e7\u00e3o de longe.<\/p>\n<p>As tr\u00eas chances corintianas no primeiro tempo foram criadas em lan\u00e7amentos altos para o meio da \u00e1rea. Na primeira delas, F\u00e1bio Santos cruzou para Guerrero ajeitar e Petros encher o p\u00e9 para grande defesa de Weverton. Em outro lance, foi a vez de Guerrero cabecear para defesa sensacional do ex-corintiano. A \u00faltima oportunidade foi em bate-rebate na \u00e1rea, que sobrou para Bruno Henrique chutar em cima da zaga.<\/p>\n<p>Com Romarinho no lugar de Renato Augusto, o Corinthians voltou para a etapa final com mais intensidade e passou a pressionar o advers\u00e1rio. A dificuldade em criar jogadas continuou, mas o time do Parque S\u00e3o Jorge abriu o placar aos 13min.\u00a0 Guerrero sofreu p\u00eanalti contest\u00e1vel, e Jadson cobrou bem para colocar os corintianos na frente.<\/p>\n<p>O gol acomodou o Corinthians, que passou a esperar o tempo passar no Canind\u00e9 e diminuiu ainda mais as chances j\u00e1 raras de gol. O Atl\u00e9tico-PR passou a criar chances no fim da partida e aos 39min Douglas Coutinho furou cabeceada na cara de C\u00e1ssio. No minuto seguinte, entretanto, o jogador acertou o cabeceio e deixou tudo igual. Douglas Coutinho ainda conseguiu acertar a trave de C\u00e1ssio aos 42min, antes do fim da partida.<\/p>\n","protected":false},"excerpt":{"rendered":"<p>O Corinthians voltou a irritar a sua torcida na noite desta quarta-feira. Ap\u00f3s dar vexame no primeiro jogo oficial da esperada Arena no \u00faltimo domingo, o time comandado por Mano Menezes teve nova atua\u00e7\u00e3o abaixo da m\u00e9dia e, apesar de sair na frente com gol de Jadson em p\u00eanalti contest\u00e1vel, sofreu empate do Atl\u00e9tico-PR no [&hellip;]<\/p>\n","protected":false},"author":1,"featured_media":10458,"comment_status":"open","ping_status":"closed","sticky":false,"template":"","format":"standard","meta":{"_acf_changed":false,"footnotes":""},"categories":[29],"tags":[],"class_list":["post-10457","post","type-post","status-publish","format-standard","has-post-thumbnail","hentry","category-futebol"],"acf":[],"yoast_head":"<!-- This site is optimized with the Yoast SEO plugin v27.2 - https:\/\/yoast.com\/product\/yoast-seo-wordpress\/ -->\n<title>Corinthians volta a jogar mal e sofre empate do Atl\u00e9tico-PR - Notibras<\/title>\n<meta name=\"robots\" content=\"index, follow, max-snippet:-1, max-image-preview:large, max-video-preview:-1\" \/>\n<link rel=\"canonical\" href=\"https:\/\/www.notibras.com\/site\/corinthians-volta-a-jogar-mal-e-sofre-empate-do-atletico-pr\/\" \/>\n<meta property=\"og:locale\" content=\"pt_BR\" \/>\n<meta property=\"og:type\" content=\"article\" \/>\n<meta property=\"og:title\" content=\"Corinthians volta a jogar mal e sofre empate do Atl\u00e9tico-PR - Notibras\" \/>\n<meta property=\"og:description\" content=\"O Corinthians voltou a irritar a sua torcida na noite desta quarta-feira. Ap\u00f3s dar vexame no primeiro jogo oficial da esperada Arena no \u00faltimo domingo, o time comandado por Mano Menezes teve nova atua\u00e7\u00e3o abaixo da m\u00e9dia e, apesar de sair na frente com gol de Jadson em p\u00eanalti contest\u00e1vel, sofreu empate do Atl\u00e9tico-PR no [&hellip;]\" \/>\n<meta property=\"og:url\" content=\"https:\/\/www.notibras.com\/site\/corinthians-volta-a-jogar-mal-e-sofre-empate-do-atletico-pr\/\" \/>\n<meta property=\"og:site_name\" content=\"Notibras\" \/>\n<meta property=\"article:publisher\" content=\"https:\/\/www.facebook.com\/notibras\/\" \/>\n<meta property=\"article:published_time\" content=\"2014-05-22T03:04:26+00:00\" \/>\n<meta property=\"og:image\" content=\"https:\/\/www.notibras.com\/site\/wp-content\/uploads\/2014\/05\/Sem-t\u00edtulo-121.jpg\" \/>\n\t<meta property=\"og:image:width\" content=\"460\" \/>\n\t<meta property=\"og:image:height\" content=\"340\" \/>\n\t<meta property=\"og:image:type\" content=\"image\/jpeg\" \/>\n<meta name=\"author\" content=\"Reda\u00e7\u00e3o\" \/>\n<meta name=\"twitter:card\" content=\"summary_large_image\" \/>\n<meta name=\"twitter:creator\" content=\"@Notibras\" \/>\n<meta name=\"twitter:site\" content=\"@Notibras\" \/>\n<meta name=\"twitter:label1\" content=\"Escrito por\" \/>\n\t<meta name=\"twitter:data1\" content=\"Reda\u00e7\u00e3o\" \/>\n\t<meta name=\"twitter:label2\" content=\"Est. tempo de leitura\" \/>\n\t<meta name=\"twitter:data2\" content=\"2 minutos\" \/>\n<script type=\"application\/ld+json\" class=\"yoast-schema-graph\">{\"@context\":\"https:\/\/schema.org\",\"@graph\":[{\"@type\":\"Article\",\"@id\":\"https:\/\/www.notibras.com\/site\/corinthians-volta-a-jogar-mal-e-sofre-empate-do-atletico-pr\/#article\",\"isPartOf\":{\"@id\":\"https:\/\/www.notibras.com\/site\/corinthians-volta-a-jogar-mal-e-sofre-empate-do-atletico-pr\/\"},\"author\":{\"name\":\"Reda\u00e7\u00e3o\",\"@id\":\"https:\/\/www.notibras.com\/site\/#\/schema\/person\/00b8e1aa08f9ef6563e878c5159d01cf\"},\"headline\":\"Corinthians volta a jogar mal e sofre empate do Atl\u00e9tico-PR\",\"datePublished\":\"2014-05-22T03:04:26+00:00\",\"mainEntityOfPage\":{\"@id\":\"https:\/\/www.notibras.com\/site\/corinthians-volta-a-jogar-mal-e-sofre-empate-do-atletico-pr\/\"},\"wordCount\":482,\"commentCount\":0,\"publisher\":{\"@id\":\"https:\/\/www.notibras.com\/site\/#organization\"},\"image\":{\"@id\":\"https:\/\/www.notibras.com\/site\/corinthians-volta-a-jogar-mal-e-sofre-empate-do-atletico-pr\/#primaryimage\"},\"thumbnailUrl\":\"https:\/\/www.notibras.com\/site\/wp-content\/uploads\/2014\/05\/Sem-t\u00edtulo-121.jpg\",\"articleSection\":[\"Futebol\"],\"inLanguage\":\"pt-BR\",\"potentialAction\":[{\"@type\":\"CommentAction\",\"name\":\"Comment\",\"target\":[\"https:\/\/www.notibras.com\/site\/corinthians-volta-a-jogar-mal-e-sofre-empate-do-atletico-pr\/#respond\"]}]},{\"@type\":\"WebPage\",\"@id\":\"https:\/\/www.notibras.com\/site\/corinthians-volta-a-jogar-mal-e-sofre-empate-do-atletico-pr\/\",\"url\":\"https:\/\/www.notibras.com\/site\/corinthians-volta-a-jogar-mal-e-sofre-empate-do-atletico-pr\/\",\"name\":\"Corinthians volta a jogar mal e sofre empate do Atl\u00e9tico-PR - Notibras\",\"isPartOf\":{\"@id\":\"https:\/\/www.notibras.com\/site\/#website\"},\"primaryImageOfPage\":{\"@id\":\"https:\/\/www.notibras.com\/site\/corinthians-volta-a-jogar-mal-e-sofre-empate-do-atletico-pr\/#primaryimage\"},\"image\":{\"@id\":\"https:\/\/www.notibras.com\/site\/corinthians-volta-a-jogar-mal-e-sofre-empate-do-atletico-pr\/#primaryimage\"},\"thumbnailUrl\":\"https:\/\/www.notibras.com\/site\/wp-content\/uploads\/2014\/05\/Sem-t\u00edtulo-121.jpg\",\"datePublished\":\"2014-05-22T03:04:26+00:00\",\"breadcrumb\":{\"@id\":\"https:\/\/www.notibras.com\/site\/corinthians-volta-a-jogar-mal-e-sofre-empate-do-atletico-pr\/#breadcrumb\"},\"inLanguage\":\"pt-BR\",\"potentialAction\":[{\"@type\":\"ReadAction\",\"target\":[\"https:\/\/www.notibras.com\/site\/corinthians-volta-a-jogar-mal-e-sofre-empate-do-atletico-pr\/\"]}]},{\"@type\":\"ImageObject\",\"inLanguage\":\"pt-BR\",\"@id\":\"https:\/\/www.notibras.com\/site\/corinthians-volta-a-jogar-mal-e-sofre-empate-do-atletico-pr\/#primaryimage\",\"url\":\"https:\/\/www.notibras.com\/site\/wp-content\/uploads\/2014\/05\/Sem-t\u00edtulo-121.jpg\",\"contentUrl\":\"https:\/\/www.notibras.com\/site\/wp-content\/uploads\/2014\/05\/Sem-t\u00edtulo-121.jpg\",\"width\":460,\"height\":340},{\"@type\":\"BreadcrumbList\",\"@id\":\"https:\/\/www.notibras.com\/site\/corinthians-volta-a-jogar-mal-e-sofre-empate-do-atletico-pr\/#breadcrumb\",\"itemListElement\":[{\"@type\":\"ListItem\",\"position\":1,\"name\":\"In\u00edcio\",\"item\":\"https:\/\/www.notibras.com\/site\/\"},{\"@type\":\"ListItem\",\"position\":2,\"name\":\"Corinthians volta a jogar mal e sofre empate do Atl\u00e9tico-PR\"}]},{\"@type\":\"WebSite\",\"@id\":\"https:\/\/www.notibras.com\/site\/#website\",\"url\":\"https:\/\/www.notibras.com\/site\/\",\"name\":\"Notibras\",\"description\":\"Not\u00edcias de Bras\u00edlia, do Brasil e do Mundo\",\"publisher\":{\"@id\":\"https:\/\/www.notibras.com\/site\/#organization\"},\"potentialAction\":[{\"@type\":\"SearchAction\",\"target\":{\"@type\":\"EntryPoint\",\"urlTemplate\":\"https:\/\/www.notibras.com\/site\/?s={search_term_string}\"},\"query-input\":{\"@type\":\"PropertyValueSpecification\",\"valueRequired\":true,\"valueName\":\"search_term_string\"}}],\"inLanguage\":\"pt-BR\"},{\"@type\":\"Organization\",\"@id\":\"https:\/\/www.notibras.com\/site\/#organization\",\"name\":\"Grupo Notibras de Comunica\u00e7\u00e3o\",\"url\":\"https:\/\/www.notibras.com\/site\/\",\"logo\":{\"@type\":\"ImageObject\",\"inLanguage\":\"pt-BR\",\"@id\":\"https:\/\/www.notibras.com\/site\/#\/schema\/logo\/image\/\",\"url\":\"https:\/\/www.notibras.com\/site\/wp-content\/uploads\/2023\/01\/notibras23.png\",\"contentUrl\":\"https:\/\/www.notibras.com\/site\/wp-content\/uploads\/2023\/01\/notibras23.png\",\"width\":350,\"height\":87,\"caption\":\"Grupo Notibras de Comunica\u00e7\u00e3o\"},\"image\":{\"@id\":\"https:\/\/www.notibras.com\/site\/#\/schema\/logo\/image\/\"},\"sameAs\":[\"https:\/\/www.facebook.com\/notibras\/\",\"https:\/\/x.com\/Notibras\",\"https:\/\/www.instagram.com\/notibras\/\"]},{\"@type\":\"Person\",\"@id\":\"https:\/\/www.notibras.com\/site\/#\/schema\/person\/00b8e1aa08f9ef6563e878c5159d01cf\",\"name\":\"Reda\u00e7\u00e3o\",\"image\":{\"@type\":\"ImageObject\",\"inLanguage\":\"pt-BR\",\"@id\":\"https:\/\/secure.gravatar.com\/avatar\/ac5a707d5b47784a5ed426c6e213e201423c750890f64e4c379114dade67dfb9?s=96&d=mm&r=g\",\"url\":\"https:\/\/secure.gravatar.com\/avatar\/ac5a707d5b47784a5ed426c6e213e201423c750890f64e4c379114dade67dfb9?s=96&d=mm&r=g\",\"contentUrl\":\"https:\/\/secure.gravatar.com\/avatar\/ac5a707d5b47784a5ed426c6e213e201423c750890f64e4c379114dade67dfb9?s=96&d=mm&r=g\",\"caption\":\"Reda\u00e7\u00e3o\"}}]}<\/script>\n<!-- \/ Yoast SEO plugin. -->","yoast_head_json":{"title":"Corinthians volta a jogar mal e sofre empate do Atl\u00e9tico-PR - Notibras","robots":{"index":"index","follow":"follow","max-snippet":"max-snippet:-1","max-image-preview":"max-image-preview:large","max-video-preview":"max-video-preview:-1"},"canonical":"https:\/\/www.notibras.com\/site\/corinthians-volta-a-jogar-mal-e-sofre-empate-do-atletico-pr\/","og_locale":"pt_BR","og_type":"article","og_title":"Corinthians volta a jogar mal e sofre empate do Atl\u00e9tico-PR - Notibras","og_description":"O Corinthians voltou a irritar a sua torcida na noite desta quarta-feira. Ap\u00f3s dar vexame no primeiro jogo oficial da esperada Arena no \u00faltimo domingo, o time comandado por Mano Menezes teve nova atua\u00e7\u00e3o abaixo da m\u00e9dia e, apesar de sair na frente com gol de Jadson em p\u00eanalti contest\u00e1vel, sofreu empate do Atl\u00e9tico-PR no [&hellip;]","og_url":"https:\/\/www.notibras.com\/site\/corinthians-volta-a-jogar-mal-e-sofre-empate-do-atletico-pr\/","og_site_name":"Notibras","article_publisher":"https:\/\/www.facebook.com\/notibras\/","article_published_time":"2014-05-22T03:04:26+00:00","og_image":[{"width":460,"height":340,"url":"https:\/\/www.notibras.com\/site\/wp-content\/uploads\/2014\/05\/Sem-t\u00edtulo-121.jpg","type":"image\/jpeg"}],"author":"Reda\u00e7\u00e3o","twitter_card":"summary_large_image","twitter_creator":"@Notibras","twitter_site":"@Notibras","twitter_misc":{"Escrito por":"Reda\u00e7\u00e3o","Est. tempo de leitura":"2 minutos"},"schema":{"@context":"https:\/\/schema.org","@graph":[{"@type":"Article","@id":"https:\/\/www.notibras.com\/site\/corinthians-volta-a-jogar-mal-e-sofre-empate-do-atletico-pr\/#article","isPartOf":{"@id":"https:\/\/www.notibras.com\/site\/corinthians-volta-a-jogar-mal-e-sofre-empate-do-atletico-pr\/"},"author":{"name":"Reda\u00e7\u00e3o","@id":"https:\/\/www.notibras.com\/site\/#\/schema\/person\/00b8e1aa08f9ef6563e878c5159d01cf"},"headline":"Corinthians volta a jogar mal e sofre empate do Atl\u00e9tico-PR","datePublished":"2014-05-22T03:04:26+00:00","mainEntityOfPage":{"@id":"https:\/\/www.notibras.com\/site\/corinthians-volta-a-jogar-mal-e-sofre-empate-do-atletico-pr\/"},"wordCount":482,"commentCount":0,"publisher":{"@id":"https:\/\/www.notibras.com\/site\/#organization"},"image":{"@id":"https:\/\/www.notibras.com\/site\/corinthians-volta-a-jogar-mal-e-sofre-empate-do-atletico-pr\/#primaryimage"},"thumbnailUrl":"https:\/\/www.notibras.com\/site\/wp-content\/uploads\/2014\/05\/Sem-t\u00edtulo-121.jpg","articleSection":["Futebol"],"inLanguage":"pt-BR","potentialAction":[{"@type":"CommentAction","name":"Comment","target":["https:\/\/www.notibras.com\/site\/corinthians-volta-a-jogar-mal-e-sofre-empate-do-atletico-pr\/#respond"]}]},{"@type":"WebPage","@id":"https:\/\/www.notibras.com\/site\/corinthians-volta-a-jogar-mal-e-sofre-empate-do-atletico-pr\/","url":"https:\/\/www.notibras.com\/site\/corinthians-volta-a-jogar-mal-e-sofre-empate-do-atletico-pr\/","name":"Corinthians volta a jogar mal e sofre empate do Atl\u00e9tico-PR - Notibras","isPartOf":{"@id":"https:\/\/www.notibras.com\/site\/#website"},"primaryImageOfPage":{"@id":"https:\/\/www.notibras.com\/site\/corinthians-volta-a-jogar-mal-e-sofre-empate-do-atletico-pr\/#primaryimage"},"image":{"@id":"https:\/\/www.notibras.com\/site\/corinthians-volta-a-jogar-mal-e-sofre-empate-do-atletico-pr\/#primaryimage"},"thumbnailUrl":"https:\/\/www.notibras.com\/site\/wp-content\/uploads\/2014\/05\/Sem-t\u00edtulo-121.jpg","datePublished":"2014-05-22T03:04:26+00:00","breadcrumb":{"@id":"https:\/\/www.notibras.com\/site\/corinthians-volta-a-jogar-mal-e-sofre-empate-do-atletico-pr\/#breadcrumb"},"inLanguage":"pt-BR","potentialAction":[{"@type":"ReadAction","target":["https:\/\/www.notibras.com\/site\/corinthians-volta-a-jogar-mal-e-sofre-empate-do-atletico-pr\/"]}]},{"@type":"ImageObject","inLanguage":"pt-BR","@id":"https:\/\/www.notibras.com\/site\/corinthians-volta-a-jogar-mal-e-sofre-empate-do-atletico-pr\/#primaryimage","url":"https:\/\/www.notibras.com\/site\/wp-content\/uploads\/2014\/05\/Sem-t\u00edtulo-121.jpg","contentUrl":"https:\/\/www.notibras.com\/site\/wp-content\/uploads\/2014\/05\/Sem-t\u00edtulo-121.jpg","width":460,"height":340},{"@type":"BreadcrumbList","@id":"https:\/\/www.notibras.com\/site\/corinthians-volta-a-jogar-mal-e-sofre-empate-do-atletico-pr\/#breadcrumb","itemListElement":[{"@type":"ListItem","position":1,"name":"In\u00edcio","item":"https:\/\/www.notibras.com\/site\/"},{"@type":"ListItem","position":2,"name":"Corinthians volta a jogar mal e sofre empate do Atl\u00e9tico-PR"}]},{"@type":"WebSite","@id":"https:\/\/www.notibras.com\/site\/#website","url":"https:\/\/www.notibras.com\/site\/","name":"Notibras","description":"Not\u00edcias de Bras\u00edlia, do Brasil e do Mundo","publisher":{"@id":"https:\/\/www.notibras.com\/site\/#organization"},"potentialAction":[{"@type":"SearchAction","target":{"@type":"EntryPoint","urlTemplate":"https:\/\/www.notibras.com\/site\/?s={search_term_string}"},"query-input":{"@type":"PropertyValueSpecification","valueRequired":true,"valueName":"search_term_string"}}],"inLanguage":"pt-BR"},{"@type":"Organization","@id":"https:\/\/www.notibras.com\/site\/#organization","name":"Grupo Notibras de Comunica\u00e7\u00e3o","url":"https:\/\/www.notibras.com\/site\/","logo":{"@type":"ImageObject","inLanguage":"pt-BR","@id":"https:\/\/www.notibras.com\/site\/#\/schema\/logo\/image\/","url":"https:\/\/www.notibras.com\/site\/wp-content\/uploads\/2023\/01\/notibras23.png","contentUrl":"https:\/\/www.notibras.com\/site\/wp-content\/uploads\/2023\/01\/notibras23.png","width":350,"height":87,"caption":"Grupo Notibras de Comunica\u00e7\u00e3o"},"image":{"@id":"https:\/\/www.notibras.com\/site\/#\/schema\/logo\/image\/"},"sameAs":["https:\/\/www.facebook.com\/notibras\/","https:\/\/x.com\/Notibras","https:\/\/www.instagram.com\/notibras\/"]},{"@type":"Person","@id":"https:\/\/www.notibras.com\/site\/#\/schema\/person\/00b8e1aa08f9ef6563e878c5159d01cf","name":"Reda\u00e7\u00e3o","image":{"@type":"ImageObject","inLanguage":"pt-BR","@id":"https:\/\/secure.gravatar.com\/avatar\/ac5a707d5b47784a5ed426c6e213e201423c750890f64e4c379114dade67dfb9?s=96&d=mm&r=g","url":"https:\/\/secure.gravatar.com\/avatar\/ac5a707d5b47784a5ed426c6e213e201423c750890f64e4c379114dade67dfb9?s=96&d=mm&r=g","contentUrl":"https:\/\/secure.gravatar.com\/avatar\/ac5a707d5b47784a5ed426c6e213e201423c750890f64e4c379114dade67dfb9?s=96&d=mm&r=g","caption":"Reda\u00e7\u00e3o"}}]}},"amp_enabled":true,"_links":{"self":[{"href":"https:\/\/www.notibras.com\/site\/wp-json\/wp\/v2\/posts\/10457","targetHints":{"allow":["GET"]}}],"collection":[{"href":"https:\/\/www.notibras.com\/site\/wp-json\/wp\/v2\/posts"}],"about":[{"href":"https:\/\/www.notibras.com\/site\/wp-json\/wp\/v2\/types\/post"}],"author":[{"embeddable":true,"href":"https:\/\/www.notibras.com\/site\/wp-json\/wp\/v2\/users\/1"}],"replies":[{"embeddable":true,"href":"https:\/\/www.notibras.com\/site\/wp-json\/wp\/v2\/comments?post=10457"}],"version-history":[{"count":0,"href":"https:\/\/www.notibras.com\/site\/wp-json\/wp\/v2\/posts\/10457\/revisions"}],"wp:featuredmedia":[{"embeddable":true,"href":"https:\/\/www.notibras.com\/site\/wp-json\/wp\/v2\/media\/10458"}],"wp:attachment":[{"href":"https:\/\/www.notibras.com\/site\/wp-json\/wp\/v2\/media?parent=10457"}],"wp:term":[{"taxonomy":"category","embeddable":true,"href":"https:\/\/www.notibras.com\/site\/wp-json\/wp\/v2\/categories?post=10457"},{"taxonomy":"post_tag","embeddable":true,"href":"https:\/\/www.notibras.com\/site\/wp-json\/wp\/v2\/tags?post=10457"}],"curies":[{"name":"wp","href":"https:\/\/api.w.org\/{rel}","templated":true}]}}