{"id":10460,"date":"2014-05-22T00:09:00","date_gmt":"2014-05-22T03:09:00","guid":{"rendered":"http:\/\/www.notibras.com\/site\/?p=10460"},"modified":"2014-05-22T00:12:33","modified_gmt":"2014-05-22T03:12:33","slug":"gremio-vence-o-botafogo-de-virada-e-assume-a-vice-lideranca","status":"publish","type":"post","link":"https:\/\/www.notibras.com\/site\/gremio-vence-o-botafogo-de-virada-e-assume-a-vice-lideranca\/","title":{"rendered":"Gr\u00eamio vence o Botafogo de virada e assume a vice-lideran\u00e7a"},"content":{"rendered":"<p>Gr\u00eamio e Botafogo faziam um duelo muito equilibrado no Alfredo Jaconi, em Caxias, nesta quarta-feira, pelo Campeonato Brasileiro. As equipes empatavam por 1 a 1 at\u00e9 os 36min do segundo tempo, quando Z\u00e9 Roberto e Maxi Rodr\u00edguez, que tinham acabado de entrar, fizeram a jogada do gol da virada da equipe ga\u00facha. M\u00e9ritos para o t\u00e9cnico Enderson Moreira, que mexeu bem e conquistou os tr\u00eas pontos.<\/p>\n<p>O Gr\u00eamio mandou a partida no Alfredo Jaconi em raz\u00e3o da entrega da arena da equipe para a Fifa. O est\u00e1dio servir\u00e1 de campo de treinamento para sele\u00e7\u00f5es que jogarem a Copa do Mundo em Porto Alegre.<\/p>\n<p>V\u00e1gner Mancini teve dificuldade para escalar o Botafogo. Sem cinco titulares &#8211; Jefferson, D\u00f3ria, Marcelo Mattos, Daniel e Tanque Ferreyra -, o t\u00e9cnico precisou improvisar. A principal novidade da equipe era Carlos Alberto, que reestreou na equipe ap\u00f3s seis anos. E foi dele as principais jogadas dos cariocas no primeiro tempo. Logo aos 5min, o experiente jogador arrancou pelo meio-campo, passou por dois marcadores e deu \u00f3tima assist\u00eancia para Zeballos, que pegou de primeira e abriu o placar em Caxias.<\/p>\n<p>O Gr\u00eamio, que estava muito ap\u00e1tico no jogo, conseguiu o empate apenas aos 43min. Barcos faz o piv\u00f4 e ajeita para tr\u00e1s. Rodriguinho, ex-Corinthians, pegou de primeira e mandou no cantinho do goleiro Renan.<\/p>\n<p>No segundo tempo as equipe estavam iguais, sem muita criatividade. Foi a\u00ed que apareceu a estrela de Enderson Moreira. O t\u00e9cnico fez duas mudan\u00e7as, colocou os meias Z\u00e9 Roberto e Maxi Rodr\u00edguez e o time melhorou. Depois de cinco minutos, saiu a virada. Z\u00e9 Roberto passou para Maxi Rodr\u00edguez na entrada da \u00e1rea. O uruguaio dominou bem e, d\u00e1 meia-lua, mandou no canto esquerdo do goleiro do Botafogo. A equipe carioca esbo\u00e7ou uma rea\u00e7\u00e3o no fim do jogo, mas, sem organiza\u00e7\u00e3o no ataque, pouco assutou.<\/p>\n<p>Com o resultado, o Gr\u00eamio assume a vice-lideran\u00e7a do Campeonato Brasileiro, com 13 pontos, mesma n\u00famero do l\u00edder Cruzeiro. J\u00e1 o Botafogo continuou com quatro pontos e caiu para a 17\u00aa posi\u00e7\u00e3o, primeiro clube da zona de rebaixamento.<\/p>\n","protected":false},"excerpt":{"rendered":"<p>Gr\u00eamio e Botafogo faziam um duelo muito equilibrado no Alfredo Jaconi, em Caxias, nesta quarta-feira, pelo Campeonato Brasileiro. As equipes empatavam por 1 a 1 at\u00e9 os 36min do segundo tempo, quando Z\u00e9 Roberto e Maxi Rodr\u00edguez, que tinham acabado de entrar, fizeram a jogada do gol da virada da equipe ga\u00facha. M\u00e9ritos para o [&hellip;]<\/p>\n","protected":false},"author":1,"featured_media":10461,"comment_status":"open","ping_status":"closed","sticky":false,"template":"","format":"standard","meta":{"_acf_changed":false,"footnotes":""},"categories":[29],"tags":[],"class_list":["post-10460","post","type-post","status-publish","format-standard","has-post-thumbnail","hentry","category-futebol"],"acf":[],"yoast_head":"<!-- This site is optimized with the Yoast SEO plugin v27.2 - https:\/\/yoast.com\/product\/yoast-seo-wordpress\/ -->\n<title>Gr\u00eamio vence o Botafogo de virada e assume a vice-lideran\u00e7a - Notibras<\/title>\n<meta name=\"robots\" content=\"index, follow, max-snippet:-1, max-image-preview:large, max-video-preview:-1\" \/>\n<link rel=\"canonical\" href=\"https:\/\/www.notibras.com\/site\/gremio-vence-o-botafogo-de-virada-e-assume-a-vice-lideranca\/\" \/>\n<meta property=\"og:locale\" content=\"pt_BR\" \/>\n<meta property=\"og:type\" content=\"article\" \/>\n<meta property=\"og:title\" content=\"Gr\u00eamio vence o Botafogo de virada e assume a vice-lideran\u00e7a - Notibras\" \/>\n<meta property=\"og:description\" content=\"Gr\u00eamio e Botafogo faziam um duelo muito equilibrado no Alfredo Jaconi, em Caxias, nesta quarta-feira, pelo Campeonato Brasileiro. As equipes empatavam por 1 a 1 at\u00e9 os 36min do segundo tempo, quando Z\u00e9 Roberto e Maxi Rodr\u00edguez, que tinham acabado de entrar, fizeram a jogada do gol da virada da equipe ga\u00facha. M\u00e9ritos para o [&hellip;]\" \/>\n<meta property=\"og:url\" content=\"https:\/\/www.notibras.com\/site\/gremio-vence-o-botafogo-de-virada-e-assume-a-vice-lideranca\/\" \/>\n<meta property=\"og:site_name\" content=\"Notibras\" \/>\n<meta property=\"article:publisher\" content=\"https:\/\/www.facebook.com\/notibras\/\" \/>\n<meta property=\"article:published_time\" content=\"2014-05-22T03:09:00+00:00\" \/>\n<meta property=\"article:modified_time\" content=\"2014-05-22T03:12:33+00:00\" \/>\n<meta property=\"og:image\" content=\"https:\/\/www.notibras.com\/site\/wp-content\/uploads\/2014\/05\/Sem-t\u00edtulo-122.jpg\" \/>\n\t<meta property=\"og:image:width\" content=\"460\" \/>\n\t<meta property=\"og:image:height\" content=\"340\" \/>\n\t<meta property=\"og:image:type\" content=\"image\/jpeg\" \/>\n<meta name=\"author\" content=\"Reda\u00e7\u00e3o\" \/>\n<meta name=\"twitter:card\" content=\"summary_large_image\" \/>\n<meta name=\"twitter:creator\" content=\"@Notibras\" \/>\n<meta name=\"twitter:site\" content=\"@Notibras\" \/>\n<meta name=\"twitter:label1\" content=\"Escrito por\" \/>\n\t<meta name=\"twitter:data1\" content=\"Reda\u00e7\u00e3o\" \/>\n\t<meta name=\"twitter:label2\" content=\"Est. tempo de leitura\" \/>\n\t<meta name=\"twitter:data2\" content=\"2 minutos\" \/>\n<script type=\"application\/ld+json\" class=\"yoast-schema-graph\">{\"@context\":\"https:\/\/schema.org\",\"@graph\":[{\"@type\":\"Article\",\"@id\":\"https:\/\/www.notibras.com\/site\/gremio-vence-o-botafogo-de-virada-e-assume-a-vice-lideranca\/#article\",\"isPartOf\":{\"@id\":\"https:\/\/www.notibras.com\/site\/gremio-vence-o-botafogo-de-virada-e-assume-a-vice-lideranca\/\"},\"author\":{\"name\":\"Reda\u00e7\u00e3o\",\"@id\":\"https:\/\/www.notibras.com\/site\/#\/schema\/person\/00b8e1aa08f9ef6563e878c5159d01cf\"},\"headline\":\"Gr\u00eamio vence o Botafogo de virada e assume a vice-lideran\u00e7a\",\"datePublished\":\"2014-05-22T03:09:00+00:00\",\"dateModified\":\"2014-05-22T03:12:33+00:00\",\"mainEntityOfPage\":{\"@id\":\"https:\/\/www.notibras.com\/site\/gremio-vence-o-botafogo-de-virada-e-assume-a-vice-lideranca\/\"},\"wordCount\":378,\"commentCount\":0,\"publisher\":{\"@id\":\"https:\/\/www.notibras.com\/site\/#organization\"},\"image\":{\"@id\":\"https:\/\/www.notibras.com\/site\/gremio-vence-o-botafogo-de-virada-e-assume-a-vice-lideranca\/#primaryimage\"},\"thumbnailUrl\":\"https:\/\/www.notibras.com\/site\/wp-content\/uploads\/2014\/05\/Sem-t\u00edtulo-122.jpg\",\"articleSection\":[\"Futebol\"],\"inLanguage\":\"pt-BR\",\"potentialAction\":[{\"@type\":\"CommentAction\",\"name\":\"Comment\",\"target\":[\"https:\/\/www.notibras.com\/site\/gremio-vence-o-botafogo-de-virada-e-assume-a-vice-lideranca\/#respond\"]}]},{\"@type\":\"WebPage\",\"@id\":\"https:\/\/www.notibras.com\/site\/gremio-vence-o-botafogo-de-virada-e-assume-a-vice-lideranca\/\",\"url\":\"https:\/\/www.notibras.com\/site\/gremio-vence-o-botafogo-de-virada-e-assume-a-vice-lideranca\/\",\"name\":\"Gr\u00eamio vence o Botafogo de virada e assume a vice-lideran\u00e7a - Notibras\",\"isPartOf\":{\"@id\":\"https:\/\/www.notibras.com\/site\/#website\"},\"primaryImageOfPage\":{\"@id\":\"https:\/\/www.notibras.com\/site\/gremio-vence-o-botafogo-de-virada-e-assume-a-vice-lideranca\/#primaryimage\"},\"image\":{\"@id\":\"https:\/\/www.notibras.com\/site\/gremio-vence-o-botafogo-de-virada-e-assume-a-vice-lideranca\/#primaryimage\"},\"thumbnailUrl\":\"https:\/\/www.notibras.com\/site\/wp-content\/uploads\/2014\/05\/Sem-t\u00edtulo-122.jpg\",\"datePublished\":\"2014-05-22T03:09:00+00:00\",\"dateModified\":\"2014-05-22T03:12:33+00:00\",\"breadcrumb\":{\"@id\":\"https:\/\/www.notibras.com\/site\/gremio-vence-o-botafogo-de-virada-e-assume-a-vice-lideranca\/#breadcrumb\"},\"inLanguage\":\"pt-BR\",\"potentialAction\":[{\"@type\":\"ReadAction\",\"target\":[\"https:\/\/www.notibras.com\/site\/gremio-vence-o-botafogo-de-virada-e-assume-a-vice-lideranca\/\"]}]},{\"@type\":\"ImageObject\",\"inLanguage\":\"pt-BR\",\"@id\":\"https:\/\/www.notibras.com\/site\/gremio-vence-o-botafogo-de-virada-e-assume-a-vice-lideranca\/#primaryimage\",\"url\":\"https:\/\/www.notibras.com\/site\/wp-content\/uploads\/2014\/05\/Sem-t\u00edtulo-122.jpg\",\"contentUrl\":\"https:\/\/www.notibras.com\/site\/wp-content\/uploads\/2014\/05\/Sem-t\u00edtulo-122.jpg\",\"width\":460,\"height\":340},{\"@type\":\"BreadcrumbList\",\"@id\":\"https:\/\/www.notibras.com\/site\/gremio-vence-o-botafogo-de-virada-e-assume-a-vice-lideranca\/#breadcrumb\",\"itemListElement\":[{\"@type\":\"ListItem\",\"position\":1,\"name\":\"In\u00edcio\",\"item\":\"https:\/\/www.notibras.com\/site\/\"},{\"@type\":\"ListItem\",\"position\":2,\"name\":\"Gr\u00eamio vence o Botafogo de virada e assume a vice-lideran\u00e7a\"}]},{\"@type\":\"WebSite\",\"@id\":\"https:\/\/www.notibras.com\/site\/#website\",\"url\":\"https:\/\/www.notibras.com\/site\/\",\"name\":\"Notibras\",\"description\":\"Not\u00edcias de Bras\u00edlia, do Brasil e do Mundo\",\"publisher\":{\"@id\":\"https:\/\/www.notibras.com\/site\/#organization\"},\"potentialAction\":[{\"@type\":\"SearchAction\",\"target\":{\"@type\":\"EntryPoint\",\"urlTemplate\":\"https:\/\/www.notibras.com\/site\/?s={search_term_string}\"},\"query-input\":{\"@type\":\"PropertyValueSpecification\",\"valueRequired\":true,\"valueName\":\"search_term_string\"}}],\"inLanguage\":\"pt-BR\"},{\"@type\":\"Organization\",\"@id\":\"https:\/\/www.notibras.com\/site\/#organization\",\"name\":\"Grupo Notibras de Comunica\u00e7\u00e3o\",\"url\":\"https:\/\/www.notibras.com\/site\/\",\"logo\":{\"@type\":\"ImageObject\",\"inLanguage\":\"pt-BR\",\"@id\":\"https:\/\/www.notibras.com\/site\/#\/schema\/logo\/image\/\",\"url\":\"https:\/\/www.notibras.com\/site\/wp-content\/uploads\/2023\/01\/notibras23.png\",\"contentUrl\":\"https:\/\/www.notibras.com\/site\/wp-content\/uploads\/2023\/01\/notibras23.png\",\"width\":350,\"height\":87,\"caption\":\"Grupo Notibras de Comunica\u00e7\u00e3o\"},\"image\":{\"@id\":\"https:\/\/www.notibras.com\/site\/#\/schema\/logo\/image\/\"},\"sameAs\":[\"https:\/\/www.facebook.com\/notibras\/\",\"https:\/\/x.com\/Notibras\",\"https:\/\/www.instagram.com\/notibras\/\"]},{\"@type\":\"Person\",\"@id\":\"https:\/\/www.notibras.com\/site\/#\/schema\/person\/00b8e1aa08f9ef6563e878c5159d01cf\",\"name\":\"Reda\u00e7\u00e3o\",\"image\":{\"@type\":\"ImageObject\",\"inLanguage\":\"pt-BR\",\"@id\":\"https:\/\/secure.gravatar.com\/avatar\/ac5a707d5b47784a5ed426c6e213e201423c750890f64e4c379114dade67dfb9?s=96&d=mm&r=g\",\"url\":\"https:\/\/secure.gravatar.com\/avatar\/ac5a707d5b47784a5ed426c6e213e201423c750890f64e4c379114dade67dfb9?s=96&d=mm&r=g\",\"contentUrl\":\"https:\/\/secure.gravatar.com\/avatar\/ac5a707d5b47784a5ed426c6e213e201423c750890f64e4c379114dade67dfb9?s=96&d=mm&r=g\",\"caption\":\"Reda\u00e7\u00e3o\"}}]}<\/script>\n<!-- \/ Yoast SEO plugin. -->","yoast_head_json":{"title":"Gr\u00eamio vence o Botafogo de virada e assume a vice-lideran\u00e7a - Notibras","robots":{"index":"index","follow":"follow","max-snippet":"max-snippet:-1","max-image-preview":"max-image-preview:large","max-video-preview":"max-video-preview:-1"},"canonical":"https:\/\/www.notibras.com\/site\/gremio-vence-o-botafogo-de-virada-e-assume-a-vice-lideranca\/","og_locale":"pt_BR","og_type":"article","og_title":"Gr\u00eamio vence o Botafogo de virada e assume a vice-lideran\u00e7a - Notibras","og_description":"Gr\u00eamio e Botafogo faziam um duelo muito equilibrado no Alfredo Jaconi, em Caxias, nesta quarta-feira, pelo Campeonato Brasileiro. As equipes empatavam por 1 a 1 at\u00e9 os 36min do segundo tempo, quando Z\u00e9 Roberto e Maxi Rodr\u00edguez, que tinham acabado de entrar, fizeram a jogada do gol da virada da equipe ga\u00facha. M\u00e9ritos para o [&hellip;]","og_url":"https:\/\/www.notibras.com\/site\/gremio-vence-o-botafogo-de-virada-e-assume-a-vice-lideranca\/","og_site_name":"Notibras","article_publisher":"https:\/\/www.facebook.com\/notibras\/","article_published_time":"2014-05-22T03:09:00+00:00","article_modified_time":"2014-05-22T03:12:33+00:00","og_image":[{"width":460,"height":340,"url":"https:\/\/www.notibras.com\/site\/wp-content\/uploads\/2014\/05\/Sem-t\u00edtulo-122.jpg","type":"image\/jpeg"}],"author":"Reda\u00e7\u00e3o","twitter_card":"summary_large_image","twitter_creator":"@Notibras","twitter_site":"@Notibras","twitter_misc":{"Escrito por":"Reda\u00e7\u00e3o","Est. tempo de leitura":"2 minutos"},"schema":{"@context":"https:\/\/schema.org","@graph":[{"@type":"Article","@id":"https:\/\/www.notibras.com\/site\/gremio-vence-o-botafogo-de-virada-e-assume-a-vice-lideranca\/#article","isPartOf":{"@id":"https:\/\/www.notibras.com\/site\/gremio-vence-o-botafogo-de-virada-e-assume-a-vice-lideranca\/"},"author":{"name":"Reda\u00e7\u00e3o","@id":"https:\/\/www.notibras.com\/site\/#\/schema\/person\/00b8e1aa08f9ef6563e878c5159d01cf"},"headline":"Gr\u00eamio vence o Botafogo de virada e assume a vice-lideran\u00e7a","datePublished":"2014-05-22T03:09:00+00:00","dateModified":"2014-05-22T03:12:33+00:00","mainEntityOfPage":{"@id":"https:\/\/www.notibras.com\/site\/gremio-vence-o-botafogo-de-virada-e-assume-a-vice-lideranca\/"},"wordCount":378,"commentCount":0,"publisher":{"@id":"https:\/\/www.notibras.com\/site\/#organization"},"image":{"@id":"https:\/\/www.notibras.com\/site\/gremio-vence-o-botafogo-de-virada-e-assume-a-vice-lideranca\/#primaryimage"},"thumbnailUrl":"https:\/\/www.notibras.com\/site\/wp-content\/uploads\/2014\/05\/Sem-t\u00edtulo-122.jpg","articleSection":["Futebol"],"inLanguage":"pt-BR","potentialAction":[{"@type":"CommentAction","name":"Comment","target":["https:\/\/www.notibras.com\/site\/gremio-vence-o-botafogo-de-virada-e-assume-a-vice-lideranca\/#respond"]}]},{"@type":"WebPage","@id":"https:\/\/www.notibras.com\/site\/gremio-vence-o-botafogo-de-virada-e-assume-a-vice-lideranca\/","url":"https:\/\/www.notibras.com\/site\/gremio-vence-o-botafogo-de-virada-e-assume-a-vice-lideranca\/","name":"Gr\u00eamio vence o Botafogo de virada e assume a vice-lideran\u00e7a - Notibras","isPartOf":{"@id":"https:\/\/www.notibras.com\/site\/#website"},"primaryImageOfPage":{"@id":"https:\/\/www.notibras.com\/site\/gremio-vence-o-botafogo-de-virada-e-assume-a-vice-lideranca\/#primaryimage"},"image":{"@id":"https:\/\/www.notibras.com\/site\/gremio-vence-o-botafogo-de-virada-e-assume-a-vice-lideranca\/#primaryimage"},"thumbnailUrl":"https:\/\/www.notibras.com\/site\/wp-content\/uploads\/2014\/05\/Sem-t\u00edtulo-122.jpg","datePublished":"2014-05-22T03:09:00+00:00","dateModified":"2014-05-22T03:12:33+00:00","breadcrumb":{"@id":"https:\/\/www.notibras.com\/site\/gremio-vence-o-botafogo-de-virada-e-assume-a-vice-lideranca\/#breadcrumb"},"inLanguage":"pt-BR","potentialAction":[{"@type":"ReadAction","target":["https:\/\/www.notibras.com\/site\/gremio-vence-o-botafogo-de-virada-e-assume-a-vice-lideranca\/"]}]},{"@type":"ImageObject","inLanguage":"pt-BR","@id":"https:\/\/www.notibras.com\/site\/gremio-vence-o-botafogo-de-virada-e-assume-a-vice-lideranca\/#primaryimage","url":"https:\/\/www.notibras.com\/site\/wp-content\/uploads\/2014\/05\/Sem-t\u00edtulo-122.jpg","contentUrl":"https:\/\/www.notibras.com\/site\/wp-content\/uploads\/2014\/05\/Sem-t\u00edtulo-122.jpg","width":460,"height":340},{"@type":"BreadcrumbList","@id":"https:\/\/www.notibras.com\/site\/gremio-vence-o-botafogo-de-virada-e-assume-a-vice-lideranca\/#breadcrumb","itemListElement":[{"@type":"ListItem","position":1,"name":"In\u00edcio","item":"https:\/\/www.notibras.com\/site\/"},{"@type":"ListItem","position":2,"name":"Gr\u00eamio vence o Botafogo de virada e assume a vice-lideran\u00e7a"}]},{"@type":"WebSite","@id":"https:\/\/www.notibras.com\/site\/#website","url":"https:\/\/www.notibras.com\/site\/","name":"Notibras","description":"Not\u00edcias de Bras\u00edlia, do Brasil e do Mundo","publisher":{"@id":"https:\/\/www.notibras.com\/site\/#organization"},"potentialAction":[{"@type":"SearchAction","target":{"@type":"EntryPoint","urlTemplate":"https:\/\/www.notibras.com\/site\/?s={search_term_string}"},"query-input":{"@type":"PropertyValueSpecification","valueRequired":true,"valueName":"search_term_string"}}],"inLanguage":"pt-BR"},{"@type":"Organization","@id":"https:\/\/www.notibras.com\/site\/#organization","name":"Grupo Notibras de Comunica\u00e7\u00e3o","url":"https:\/\/www.notibras.com\/site\/","logo":{"@type":"ImageObject","inLanguage":"pt-BR","@id":"https:\/\/www.notibras.com\/site\/#\/schema\/logo\/image\/","url":"https:\/\/www.notibras.com\/site\/wp-content\/uploads\/2023\/01\/notibras23.png","contentUrl":"https:\/\/www.notibras.com\/site\/wp-content\/uploads\/2023\/01\/notibras23.png","width":350,"height":87,"caption":"Grupo Notibras de Comunica\u00e7\u00e3o"},"image":{"@id":"https:\/\/www.notibras.com\/site\/#\/schema\/logo\/image\/"},"sameAs":["https:\/\/www.facebook.com\/notibras\/","https:\/\/x.com\/Notibras","https:\/\/www.instagram.com\/notibras\/"]},{"@type":"Person","@id":"https:\/\/www.notibras.com\/site\/#\/schema\/person\/00b8e1aa08f9ef6563e878c5159d01cf","name":"Reda\u00e7\u00e3o","image":{"@type":"ImageObject","inLanguage":"pt-BR","@id":"https:\/\/secure.gravatar.com\/avatar\/ac5a707d5b47784a5ed426c6e213e201423c750890f64e4c379114dade67dfb9?s=96&d=mm&r=g","url":"https:\/\/secure.gravatar.com\/avatar\/ac5a707d5b47784a5ed426c6e213e201423c750890f64e4c379114dade67dfb9?s=96&d=mm&r=g","contentUrl":"https:\/\/secure.gravatar.com\/avatar\/ac5a707d5b47784a5ed426c6e213e201423c750890f64e4c379114dade67dfb9?s=96&d=mm&r=g","caption":"Reda\u00e7\u00e3o"}}]}},"amp_enabled":true,"_links":{"self":[{"href":"https:\/\/www.notibras.com\/site\/wp-json\/wp\/v2\/posts\/10460","targetHints":{"allow":["GET"]}}],"collection":[{"href":"https:\/\/www.notibras.com\/site\/wp-json\/wp\/v2\/posts"}],"about":[{"href":"https:\/\/www.notibras.com\/site\/wp-json\/wp\/v2\/types\/post"}],"author":[{"embeddable":true,"href":"https:\/\/www.notibras.com\/site\/wp-json\/wp\/v2\/users\/1"}],"replies":[{"embeddable":true,"href":"https:\/\/www.notibras.com\/site\/wp-json\/wp\/v2\/comments?post=10460"}],"version-history":[{"count":0,"href":"https:\/\/www.notibras.com\/site\/wp-json\/wp\/v2\/posts\/10460\/revisions"}],"wp:featuredmedia":[{"embeddable":true,"href":"https:\/\/www.notibras.com\/site\/wp-json\/wp\/v2\/media\/10461"}],"wp:attachment":[{"href":"https:\/\/www.notibras.com\/site\/wp-json\/wp\/v2\/media?parent=10460"}],"wp:term":[{"taxonomy":"category","embeddable":true,"href":"https:\/\/www.notibras.com\/site\/wp-json\/wp\/v2\/categories?post=10460"},{"taxonomy":"post_tag","embeddable":true,"href":"https:\/\/www.notibras.com\/site\/wp-json\/wp\/v2\/tags?post=10460"}],"curies":[{"name":"wp","href":"https:\/\/api.w.org\/{rel}","templated":true}]}}