{"id":104700,"date":"2016-06-13T06:22:09","date_gmt":"2016-06-13T09:22:09","guid":{"rendered":"http:\/\/www.notibras.com\/site\/?p=104700"},"modified":"2016-06-13T06:22:09","modified_gmt":"2016-06-13T09:22:09","slug":"voracidade-dos-aliados-de-temer-ameaca-enterrar-tese-do-impeachment","status":"publish","type":"post","link":"https:\/\/www.notibras.com\/site\/voracidade-dos-aliados-de-temer-ameaca-enterrar-tese-do-impeachment\/","title":{"rendered":"Voracidade dos aliados de Temer amea\u00e7a enterrar tese do impeachment"},"content":{"rendered":"<p><strong>Cl\u00e1udio Gon\u00e7alves Couto<\/strong><\/p>\n<p>Devem estar desapontados muitos dos cidad\u00e3os que foram \u00e0s ruas de verde e amarelo, desde o in\u00edcio de 2015, clamando pelo afastamento de Dilma Rousseff \u2013e, consequentemente, do PT\u2013 do governo federal.<\/p>\n<p>A decep\u00e7\u00e3o deve ser sentida ao menos por aqueles que se mobilizaram ativados, mesmo que brevemente, pela cren\u00e7a de ser o partido de Lula o principal respons\u00e1vel pelos descalabros da corrup\u00e7\u00e3o que se abatem sobre nosso pa\u00eds. Afinal, a sucess\u00e3o de problemas envolvendo membros do atual partido presidencial \u2013bem como de muitos de seus aliados na nem t\u00e3o nova coaliz\u00e3o governista\u2013 demonstra que os problemas de corrup\u00e7\u00e3o do Estado brasileiro v\u00e3o muito al\u00e9m dos erros cometidos pelo PT.<\/p>\n<p>Os governos petistas, assim como os que lhes antecederam, tiveram que governar mediante a montagem de amplas coaliz\u00f5es congressuais. Essa \u00e9 a ess\u00eancia de nosso sistema de governo, que \u00e9 conhecido pela agora vulgarizada, mas nem por isso errada, express\u00e3o &#8220;presidencialismo de coaliz\u00e3o&#8221;.<\/p>\n<p>Contudo, h\u00e1 diferen\u00e7as quantitativas e qualitativas entre os Congressos Nacionais com que tiveram de lidar os presidentes que nos governaram desde 1988. Quantitativamente, a principal diferen\u00e7a diz respeito ao n\u00famero efetivo de partidos com assento nas duas casas do Congresso e, consequentemente, com o n\u00famero de partidos necess\u00e1rios para montar uma coaliz\u00e3o majorit\u00e1ria.<\/p>\n<p>Enquanto que Fernando Henrique Cardoso conseguia montar tal base parlamentar com algo entre 3 e 5 partidos na C\u00e2mara dos Deputados, Lula passou a operar com um n\u00famero entre 5 e 7, ao passo que Dilma precisou de ainda mais. Ou seja, para atingir os mesmos patamares de apoio legislativo, cada novo presidente precisava contar com um n\u00famero maior de aliados, coordenando-lhes e, claro, recompensando-lhes pelo apoio emprestado. A prolifera\u00e7\u00e3o de minist\u00e9rios foi o reflexo mais vis\u00edvel dessa necessidade de se recompensar um n\u00famero cada vez maior de parceiros para poder obter propor\u00e7\u00f5es similares de sustenta\u00e7\u00e3o legislativa.<\/p>\n<p>Qualitativamente, a diferen\u00e7a concerne a duas dimens\u00f5es: uma coletiva e outra das individualidades agregadas, sendo que esta diz respeito ao perfil dos parlamentares. Cada vez mais, os pol\u00edticos formadores de opini\u00e3o e os formuladores de pol\u00edticas p\u00fablicas cedem espa\u00e7o aos versados na arrecada\u00e7\u00e3o de fundos de campanha, seja para si mesmos, seja para outros, ou da forma que for. A eles se agregaram as celebridades e subcelebridades dos mundos midi\u00e1tico e religioso \u2013frequentemente, sendo de ambos.<\/p>\n<p>O antes chamado &#8220;alto clero&#8221; parlamentar foi, paulatinamente, substitu\u00eddo por um &#8220;lumpemparlamentariado&#8221;, para o qual at\u00e9 mesmo o termo &#8220;baixo clero&#8221; elucida pouco. Afinal, n\u00e3o se trata apenas do predom\u00ednio num\u00e9rico de parlamentares de menor envergadura intelectual, pol\u00edtica ou moral, mas sim da ocupa\u00e7\u00e3o feita por eles de postos-chave nas estruturas legislativa e partid\u00e1ria. Acima deles despontam os que, mesmo sem maiores preocupa\u00e7\u00f5es republicanas ou sem uma vis\u00e3o de pa\u00eds, s\u00e3o mais desenvoltos para liderar a arraia mi\u00fada e manejar estruturas institucionais.<\/p>\n<p>A dimens\u00e3o coletiva da mudan\u00e7a qualitativa diz respeito ao crescimento das bancadas dos partidos de ades\u00e3o, aqueles t\u00e3o atavicamente governistas que s\u00e3o incapazes de atuar na oposi\u00e7\u00e3o \u2013sen\u00e3o para barganhar maiores recompensas. \u00c9 essa incapacidade que lhes dificulta articular candidaturas presidenciais pr\u00f3prias e competitivas, j\u00e1 que n\u00e3o logram convencer o eleitorado de que s\u00e3o portadores de algum tipo de projeto minimamente compreens\u00edvel e dotado de sentido.<\/p>\n<p>Nesse campo, o PMDB se destaca por ser, ao mesmo tempo, o partido maior, mais capilarizado e mais dotado de lideran\u00e7as com capacidade de operar institucionalmente. Por esses atributos, funciona como um polo gravitacional do sistema, em torno do qual orbitam os demais partidos de ades\u00e3o.<\/p>\n<p>Eis que, por raz\u00f5es j\u00e1 conhecidas, tal partido conquista a Presid\u00eancia da Rep\u00fablica, guindando ao cargo um homem que, por anos, demonstrou habilidade para liderar essa geleia invertebrada e voraz. Inegavelmente, um homem do sistema.<\/p>\n<p>Por\u00e9m, uma coisa \u00e9 lider\u00e1-la em sua voracidade, outra \u2013bem diferente\u2013 \u00e9 satisfazer a ela e a seus sat\u00e9lites, que funcionam pela mesma l\u00f3gica. A tarefa n\u00e3o s\u00f3 \u00e9 dif\u00edcil, como apresenta forte risco de autofagia, e com perspectivas ainda mais sombrias quando as poucas lideran\u00e7as com capacidade de articular institucionalmente se veem acossadas por investiga\u00e7\u00f5es de corrup\u00e7\u00e3o. O sistema d\u00e1 sinais de fadiga.<\/p>\n","protected":false},"excerpt":{"rendered":"<p>Cl\u00e1udio Gon\u00e7alves Couto Devem estar desapontados muitos dos cidad\u00e3os que foram \u00e0s ruas de verde e amarelo, desde o in\u00edcio de 2015, clamando pelo afastamento de Dilma Rousseff \u2013e, consequentemente, do PT\u2013 do governo federal. A decep\u00e7\u00e3o deve ser sentida ao menos por aqueles que se mobilizaram ativados, mesmo que brevemente, pela cren\u00e7a de ser [&hellip;]<\/p>\n","protected":false},"author":2,"featured_media":104701,"comment_status":"open","ping_status":"closed","sticky":false,"template":"","format":"standard","meta":{"_acf_changed":false,"footnotes":""},"categories":[25],"tags":[],"class_list":["post-104700","post","type-post","status-publish","format-standard","has-post-thumbnail","hentry","category-opina-ai"],"acf":[],"yoast_head":"<!-- This site is optimized with the Yoast SEO plugin v27.5 - https:\/\/yoast.com\/product\/yoast-seo-wordpress\/ -->\n<title>Voracidade dos aliados de Temer amea\u00e7a enterrar tese do impeachment - Notibras<\/title>\n<meta name=\"robots\" content=\"index, follow, max-snippet:-1, max-image-preview:large, max-video-preview:-1\" \/>\n<link rel=\"canonical\" href=\"https:\/\/www.notibras.com\/site\/voracidade-dos-aliados-de-temer-ameaca-enterrar-tese-do-impeachment\/\" \/>\n<meta property=\"og:locale\" content=\"pt_BR\" \/>\n<meta property=\"og:type\" content=\"article\" \/>\n<meta property=\"og:title\" content=\"Voracidade dos aliados de Temer amea\u00e7a enterrar tese do impeachment - Notibras\" \/>\n<meta property=\"og:description\" content=\"Cl\u00e1udio Gon\u00e7alves Couto Devem estar desapontados muitos dos cidad\u00e3os que foram \u00e0s ruas de verde e amarelo, desde o in\u00edcio de 2015, clamando pelo afastamento de Dilma Rousseff \u2013e, consequentemente, do PT\u2013 do governo federal. A decep\u00e7\u00e3o deve ser sentida ao menos por aqueles que se mobilizaram ativados, mesmo que brevemente, pela cren\u00e7a de ser [&hellip;]\" \/>\n<meta property=\"og:url\" content=\"https:\/\/www.notibras.com\/site\/voracidade-dos-aliados-de-temer-ameaca-enterrar-tese-do-impeachment\/\" \/>\n<meta property=\"og:site_name\" content=\"Notibras\" \/>\n<meta property=\"article:publisher\" content=\"https:\/\/www.facebook.com\/notibras\/\" \/>\n<meta property=\"article:published_time\" content=\"2016-06-13T09:22:09+00:00\" \/>\n<meta property=\"og:image\" content=\"https:\/\/www.notibras.com\/site\/wp-content\/uploads\/2016\/06\/manifestacao-na-paulista-atrai-milhares-contra-governo-dilma.jpg\" \/>\n\t<meta property=\"og:image:width\" content=\"620\" \/>\n\t<meta property=\"og:image:height\" content=\"430\" \/>\n\t<meta property=\"og:image:type\" content=\"image\/jpeg\" \/>\n<meta name=\"author\" content=\"Reda\u00e7\u00e3o\" \/>\n<meta name=\"twitter:card\" content=\"summary_large_image\" \/>\n<meta name=\"twitter:creator\" content=\"@Notibras\" \/>\n<meta name=\"twitter:site\" content=\"@Notibras\" \/>\n<meta name=\"twitter:label1\" content=\"Escrito por\" \/>\n\t<meta name=\"twitter:data1\" content=\"Reda\u00e7\u00e3o\" \/>\n\t<meta name=\"twitter:label2\" content=\"Est. tempo de leitura\" \/>\n\t<meta name=\"twitter:data2\" content=\"4 minutos\" \/>\n<script type=\"application\/ld+json\" class=\"yoast-schema-graph\">{\"@context\":\"https:\\\/\\\/schema.org\",\"@graph\":[{\"@type\":\"Article\",\"@id\":\"https:\\\/\\\/www.notibras.com\\\/site\\\/voracidade-dos-aliados-de-temer-ameaca-enterrar-tese-do-impeachment\\\/#article\",\"isPartOf\":{\"@id\":\"https:\\\/\\\/www.notibras.com\\\/site\\\/voracidade-dos-aliados-de-temer-ameaca-enterrar-tese-do-impeachment\\\/\"},\"author\":{\"name\":\"Reda\u00e7\u00e3o\",\"@id\":\"https:\\\/\\\/www.notibras.com\\\/site\\\/#\\\/schema\\\/person\\\/36ab0979449956132d3e5b517ea76ac8\"},\"headline\":\"Voracidade dos aliados de Temer amea\u00e7a enterrar tese do impeachment\",\"datePublished\":\"2016-06-13T09:22:09+00:00\",\"mainEntityOfPage\":{\"@id\":\"https:\\\/\\\/www.notibras.com\\\/site\\\/voracidade-dos-aliados-de-temer-ameaca-enterrar-tese-do-impeachment\\\/\"},\"wordCount\":755,\"commentCount\":0,\"publisher\":{\"@id\":\"https:\\\/\\\/www.notibras.com\\\/site\\\/#organization\"},\"image\":{\"@id\":\"https:\\\/\\\/www.notibras.com\\\/site\\\/voracidade-dos-aliados-de-temer-ameaca-enterrar-tese-do-impeachment\\\/#primaryimage\"},\"thumbnailUrl\":\"https:\\\/\\\/www.notibras.com\\\/site\\\/wp-content\\\/uploads\\\/2016\\\/06\\\/manifestacao-na-paulista-atrai-milhares-contra-governo-dilma.jpg\",\"articleSection\":[\"Opina a\u00ed\"],\"inLanguage\":\"pt-BR\",\"potentialAction\":[{\"@type\":\"CommentAction\",\"name\":\"Comment\",\"target\":[\"https:\\\/\\\/www.notibras.com\\\/site\\\/voracidade-dos-aliados-de-temer-ameaca-enterrar-tese-do-impeachment\\\/#respond\"]}]},{\"@type\":\"WebPage\",\"@id\":\"https:\\\/\\\/www.notibras.com\\\/site\\\/voracidade-dos-aliados-de-temer-ameaca-enterrar-tese-do-impeachment\\\/\",\"url\":\"https:\\\/\\\/www.notibras.com\\\/site\\\/voracidade-dos-aliados-de-temer-ameaca-enterrar-tese-do-impeachment\\\/\",\"name\":\"Voracidade dos aliados de Temer amea\u00e7a enterrar tese do impeachment - Notibras\",\"isPartOf\":{\"@id\":\"https:\\\/\\\/www.notibras.com\\\/site\\\/#website\"},\"primaryImageOfPage\":{\"@id\":\"https:\\\/\\\/www.notibras.com\\\/site\\\/voracidade-dos-aliados-de-temer-ameaca-enterrar-tese-do-impeachment\\\/#primaryimage\"},\"image\":{\"@id\":\"https:\\\/\\\/www.notibras.com\\\/site\\\/voracidade-dos-aliados-de-temer-ameaca-enterrar-tese-do-impeachment\\\/#primaryimage\"},\"thumbnailUrl\":\"https:\\\/\\\/www.notibras.com\\\/site\\\/wp-content\\\/uploads\\\/2016\\\/06\\\/manifestacao-na-paulista-atrai-milhares-contra-governo-dilma.jpg\",\"datePublished\":\"2016-06-13T09:22:09+00:00\",\"breadcrumb\":{\"@id\":\"https:\\\/\\\/www.notibras.com\\\/site\\\/voracidade-dos-aliados-de-temer-ameaca-enterrar-tese-do-impeachment\\\/#breadcrumb\"},\"inLanguage\":\"pt-BR\",\"potentialAction\":[{\"@type\":\"ReadAction\",\"target\":[\"https:\\\/\\\/www.notibras.com\\\/site\\\/voracidade-dos-aliados-de-temer-ameaca-enterrar-tese-do-impeachment\\\/\"]}]},{\"@type\":\"ImageObject\",\"inLanguage\":\"pt-BR\",\"@id\":\"https:\\\/\\\/www.notibras.com\\\/site\\\/voracidade-dos-aliados-de-temer-ameaca-enterrar-tese-do-impeachment\\\/#primaryimage\",\"url\":\"https:\\\/\\\/www.notibras.com\\\/site\\\/wp-content\\\/uploads\\\/2016\\\/06\\\/manifestacao-na-paulista-atrai-milhares-contra-governo-dilma.jpg\",\"contentUrl\":\"https:\\\/\\\/www.notibras.com\\\/site\\\/wp-content\\\/uploads\\\/2016\\\/06\\\/manifestacao-na-paulista-atrai-milhares-contra-governo-dilma.jpg\",\"width\":620,\"height\":430},{\"@type\":\"BreadcrumbList\",\"@id\":\"https:\\\/\\\/www.notibras.com\\\/site\\\/voracidade-dos-aliados-de-temer-ameaca-enterrar-tese-do-impeachment\\\/#breadcrumb\",\"itemListElement\":[{\"@type\":\"ListItem\",\"position\":1,\"name\":\"In\u00edcio\",\"item\":\"https:\\\/\\\/www.notibras.com\\\/site\\\/\"},{\"@type\":\"ListItem\",\"position\":2,\"name\":\"Voracidade dos aliados de Temer amea\u00e7a enterrar tese do impeachment\"}]},{\"@type\":\"WebSite\",\"@id\":\"https:\\\/\\\/www.notibras.com\\\/site\\\/#website\",\"url\":\"https:\\\/\\\/www.notibras.com\\\/site\\\/\",\"name\":\"Notibras\",\"description\":\"Not\u00edcias de Bras\u00edlia, do Brasil e do Mundo\",\"publisher\":{\"@id\":\"https:\\\/\\\/www.notibras.com\\\/site\\\/#organization\"},\"potentialAction\":[{\"@type\":\"SearchAction\",\"target\":{\"@type\":\"EntryPoint\",\"urlTemplate\":\"https:\\\/\\\/www.notibras.com\\\/site\\\/?s={search_term_string}\"},\"query-input\":{\"@type\":\"PropertyValueSpecification\",\"valueRequired\":true,\"valueName\":\"search_term_string\"}}],\"inLanguage\":\"pt-BR\"},{\"@type\":\"Organization\",\"@id\":\"https:\\\/\\\/www.notibras.com\\\/site\\\/#organization\",\"name\":\"Grupo Notibras de Comunica\u00e7\u00e3o\",\"url\":\"https:\\\/\\\/www.notibras.com\\\/site\\\/\",\"logo\":{\"@type\":\"ImageObject\",\"inLanguage\":\"pt-BR\",\"@id\":\"https:\\\/\\\/www.notibras.com\\\/site\\\/#\\\/schema\\\/logo\\\/image\\\/\",\"url\":\"https:\\\/\\\/www.notibras.com\\\/site\\\/wp-content\\\/uploads\\\/2023\\\/01\\\/notibras23.png\",\"contentUrl\":\"https:\\\/\\\/www.notibras.com\\\/site\\\/wp-content\\\/uploads\\\/2023\\\/01\\\/notibras23.png\",\"width\":350,\"height\":87,\"caption\":\"Grupo Notibras de Comunica\u00e7\u00e3o\"},\"image\":{\"@id\":\"https:\\\/\\\/www.notibras.com\\\/site\\\/#\\\/schema\\\/logo\\\/image\\\/\"},\"sameAs\":[\"https:\\\/\\\/www.facebook.com\\\/notibras\\\/\",\"https:\\\/\\\/x.com\\\/Notibras\",\"https:\\\/\\\/www.instagram.com\\\/notibras\\\/\"]},{\"@type\":\"Person\",\"@id\":\"https:\\\/\\\/www.notibras.com\\\/site\\\/#\\\/schema\\\/person\\\/36ab0979449956132d3e5b517ea76ac8\",\"name\":\"Reda\u00e7\u00e3o\",\"image\":{\"@type\":\"ImageObject\",\"inLanguage\":\"pt-BR\",\"@id\":\"https:\\\/\\\/secure.gravatar.com\\\/avatar\\\/e0a867bdedb85fd243eadf09663511f96fc81e0720a4a42581f334ad4303aa6b?s=96&d=mm&r=g\",\"url\":\"https:\\\/\\\/secure.gravatar.com\\\/avatar\\\/e0a867bdedb85fd243eadf09663511f96fc81e0720a4a42581f334ad4303aa6b?s=96&d=mm&r=g\",\"contentUrl\":\"https:\\\/\\\/secure.gravatar.com\\\/avatar\\\/e0a867bdedb85fd243eadf09663511f96fc81e0720a4a42581f334ad4303aa6b?s=96&d=mm&r=g\",\"caption\":\"Reda\u00e7\u00e3o\"}}]}<\/script>\n<!-- \/ Yoast SEO plugin. -->","yoast_head_json":{"title":"Voracidade dos aliados de Temer amea\u00e7a enterrar tese do impeachment - Notibras","robots":{"index":"index","follow":"follow","max-snippet":"max-snippet:-1","max-image-preview":"max-image-preview:large","max-video-preview":"max-video-preview:-1"},"canonical":"https:\/\/www.notibras.com\/site\/voracidade-dos-aliados-de-temer-ameaca-enterrar-tese-do-impeachment\/","og_locale":"pt_BR","og_type":"article","og_title":"Voracidade dos aliados de Temer amea\u00e7a enterrar tese do impeachment - Notibras","og_description":"Cl\u00e1udio Gon\u00e7alves Couto Devem estar desapontados muitos dos cidad\u00e3os que foram \u00e0s ruas de verde e amarelo, desde o in\u00edcio de 2015, clamando pelo afastamento de Dilma Rousseff \u2013e, consequentemente, do PT\u2013 do governo federal. A decep\u00e7\u00e3o deve ser sentida ao menos por aqueles que se mobilizaram ativados, mesmo que brevemente, pela cren\u00e7a de ser [&hellip;]","og_url":"https:\/\/www.notibras.com\/site\/voracidade-dos-aliados-de-temer-ameaca-enterrar-tese-do-impeachment\/","og_site_name":"Notibras","article_publisher":"https:\/\/www.facebook.com\/notibras\/","article_published_time":"2016-06-13T09:22:09+00:00","og_image":[{"width":620,"height":430,"url":"https:\/\/www.notibras.com\/site\/wp-content\/uploads\/2016\/06\/manifestacao-na-paulista-atrai-milhares-contra-governo-dilma.jpg","type":"image\/jpeg"}],"author":"Reda\u00e7\u00e3o","twitter_card":"summary_large_image","twitter_creator":"@Notibras","twitter_site":"@Notibras","twitter_misc":{"Escrito por":"Reda\u00e7\u00e3o","Est. tempo de leitura":"4 minutos"},"schema":{"@context":"https:\/\/schema.org","@graph":[{"@type":"Article","@id":"https:\/\/www.notibras.com\/site\/voracidade-dos-aliados-de-temer-ameaca-enterrar-tese-do-impeachment\/#article","isPartOf":{"@id":"https:\/\/www.notibras.com\/site\/voracidade-dos-aliados-de-temer-ameaca-enterrar-tese-do-impeachment\/"},"author":{"name":"Reda\u00e7\u00e3o","@id":"https:\/\/www.notibras.com\/site\/#\/schema\/person\/36ab0979449956132d3e5b517ea76ac8"},"headline":"Voracidade dos aliados de Temer amea\u00e7a enterrar tese do impeachment","datePublished":"2016-06-13T09:22:09+00:00","mainEntityOfPage":{"@id":"https:\/\/www.notibras.com\/site\/voracidade-dos-aliados-de-temer-ameaca-enterrar-tese-do-impeachment\/"},"wordCount":755,"commentCount":0,"publisher":{"@id":"https:\/\/www.notibras.com\/site\/#organization"},"image":{"@id":"https:\/\/www.notibras.com\/site\/voracidade-dos-aliados-de-temer-ameaca-enterrar-tese-do-impeachment\/#primaryimage"},"thumbnailUrl":"https:\/\/www.notibras.com\/site\/wp-content\/uploads\/2016\/06\/manifestacao-na-paulista-atrai-milhares-contra-governo-dilma.jpg","articleSection":["Opina a\u00ed"],"inLanguage":"pt-BR","potentialAction":[{"@type":"CommentAction","name":"Comment","target":["https:\/\/www.notibras.com\/site\/voracidade-dos-aliados-de-temer-ameaca-enterrar-tese-do-impeachment\/#respond"]}]},{"@type":"WebPage","@id":"https:\/\/www.notibras.com\/site\/voracidade-dos-aliados-de-temer-ameaca-enterrar-tese-do-impeachment\/","url":"https:\/\/www.notibras.com\/site\/voracidade-dos-aliados-de-temer-ameaca-enterrar-tese-do-impeachment\/","name":"Voracidade dos aliados de Temer amea\u00e7a enterrar tese do impeachment - Notibras","isPartOf":{"@id":"https:\/\/www.notibras.com\/site\/#website"},"primaryImageOfPage":{"@id":"https:\/\/www.notibras.com\/site\/voracidade-dos-aliados-de-temer-ameaca-enterrar-tese-do-impeachment\/#primaryimage"},"image":{"@id":"https:\/\/www.notibras.com\/site\/voracidade-dos-aliados-de-temer-ameaca-enterrar-tese-do-impeachment\/#primaryimage"},"thumbnailUrl":"https:\/\/www.notibras.com\/site\/wp-content\/uploads\/2016\/06\/manifestacao-na-paulista-atrai-milhares-contra-governo-dilma.jpg","datePublished":"2016-06-13T09:22:09+00:00","breadcrumb":{"@id":"https:\/\/www.notibras.com\/site\/voracidade-dos-aliados-de-temer-ameaca-enterrar-tese-do-impeachment\/#breadcrumb"},"inLanguage":"pt-BR","potentialAction":[{"@type":"ReadAction","target":["https:\/\/www.notibras.com\/site\/voracidade-dos-aliados-de-temer-ameaca-enterrar-tese-do-impeachment\/"]}]},{"@type":"ImageObject","inLanguage":"pt-BR","@id":"https:\/\/www.notibras.com\/site\/voracidade-dos-aliados-de-temer-ameaca-enterrar-tese-do-impeachment\/#primaryimage","url":"https:\/\/www.notibras.com\/site\/wp-content\/uploads\/2016\/06\/manifestacao-na-paulista-atrai-milhares-contra-governo-dilma.jpg","contentUrl":"https:\/\/www.notibras.com\/site\/wp-content\/uploads\/2016\/06\/manifestacao-na-paulista-atrai-milhares-contra-governo-dilma.jpg","width":620,"height":430},{"@type":"BreadcrumbList","@id":"https:\/\/www.notibras.com\/site\/voracidade-dos-aliados-de-temer-ameaca-enterrar-tese-do-impeachment\/#breadcrumb","itemListElement":[{"@type":"ListItem","position":1,"name":"In\u00edcio","item":"https:\/\/www.notibras.com\/site\/"},{"@type":"ListItem","position":2,"name":"Voracidade dos aliados de Temer amea\u00e7a enterrar tese do impeachment"}]},{"@type":"WebSite","@id":"https:\/\/www.notibras.com\/site\/#website","url":"https:\/\/www.notibras.com\/site\/","name":"Notibras","description":"Not\u00edcias de Bras\u00edlia, do Brasil e do Mundo","publisher":{"@id":"https:\/\/www.notibras.com\/site\/#organization"},"potentialAction":[{"@type":"SearchAction","target":{"@type":"EntryPoint","urlTemplate":"https:\/\/www.notibras.com\/site\/?s={search_term_string}"},"query-input":{"@type":"PropertyValueSpecification","valueRequired":true,"valueName":"search_term_string"}}],"inLanguage":"pt-BR"},{"@type":"Organization","@id":"https:\/\/www.notibras.com\/site\/#organization","name":"Grupo Notibras de Comunica\u00e7\u00e3o","url":"https:\/\/www.notibras.com\/site\/","logo":{"@type":"ImageObject","inLanguage":"pt-BR","@id":"https:\/\/www.notibras.com\/site\/#\/schema\/logo\/image\/","url":"https:\/\/www.notibras.com\/site\/wp-content\/uploads\/2023\/01\/notibras23.png","contentUrl":"https:\/\/www.notibras.com\/site\/wp-content\/uploads\/2023\/01\/notibras23.png","width":350,"height":87,"caption":"Grupo Notibras de Comunica\u00e7\u00e3o"},"image":{"@id":"https:\/\/www.notibras.com\/site\/#\/schema\/logo\/image\/"},"sameAs":["https:\/\/www.facebook.com\/notibras\/","https:\/\/x.com\/Notibras","https:\/\/www.instagram.com\/notibras\/"]},{"@type":"Person","@id":"https:\/\/www.notibras.com\/site\/#\/schema\/person\/36ab0979449956132d3e5b517ea76ac8","name":"Reda\u00e7\u00e3o","image":{"@type":"ImageObject","inLanguage":"pt-BR","@id":"https:\/\/secure.gravatar.com\/avatar\/e0a867bdedb85fd243eadf09663511f96fc81e0720a4a42581f334ad4303aa6b?s=96&d=mm&r=g","url":"https:\/\/secure.gravatar.com\/avatar\/e0a867bdedb85fd243eadf09663511f96fc81e0720a4a42581f334ad4303aa6b?s=96&d=mm&r=g","contentUrl":"https:\/\/secure.gravatar.com\/avatar\/e0a867bdedb85fd243eadf09663511f96fc81e0720a4a42581f334ad4303aa6b?s=96&d=mm&r=g","caption":"Reda\u00e7\u00e3o"}}]}},"amp_enabled":true,"_links":{"self":[{"href":"https:\/\/www.notibras.com\/site\/wp-json\/wp\/v2\/posts\/104700","targetHints":{"allow":["GET"]}}],"collection":[{"href":"https:\/\/www.notibras.com\/site\/wp-json\/wp\/v2\/posts"}],"about":[{"href":"https:\/\/www.notibras.com\/site\/wp-json\/wp\/v2\/types\/post"}],"author":[{"embeddable":true,"href":"https:\/\/www.notibras.com\/site\/wp-json\/wp\/v2\/users\/2"}],"replies":[{"embeddable":true,"href":"https:\/\/www.notibras.com\/site\/wp-json\/wp\/v2\/comments?post=104700"}],"version-history":[{"count":1,"href":"https:\/\/www.notibras.com\/site\/wp-json\/wp\/v2\/posts\/104700\/revisions"}],"predecessor-version":[{"id":104702,"href":"https:\/\/www.notibras.com\/site\/wp-json\/wp\/v2\/posts\/104700\/revisions\/104702"}],"wp:featuredmedia":[{"embeddable":true,"href":"https:\/\/www.notibras.com\/site\/wp-json\/wp\/v2\/media\/104701"}],"wp:attachment":[{"href":"https:\/\/www.notibras.com\/site\/wp-json\/wp\/v2\/media?parent=104700"}],"wp:term":[{"taxonomy":"category","embeddable":true,"href":"https:\/\/www.notibras.com\/site\/wp-json\/wp\/v2\/categories?post=104700"},{"taxonomy":"post_tag","embeddable":true,"href":"https:\/\/www.notibras.com\/site\/wp-json\/wp\/v2\/tags?post=104700"}],"curies":[{"name":"wp","href":"https:\/\/api.w.org\/{rel}","templated":true}]}}