{"id":104871,"date":"2016-06-14T08:53:53","date_gmt":"2016-06-14T11:53:53","guid":{"rendered":"http:\/\/www.notibras.com\/site\/?p=104871"},"modified":"2016-06-14T08:54:49","modified_gmt":"2016-06-14T11:54:49","slug":"cruzada-moral-para-limpar-a-politica-gera-injusticas-e-concentra-poder","status":"publish","type":"post","link":"https:\/\/www.notibras.com\/site\/cruzada-moral-para-limpar-a-politica-gera-injusticas-e-concentra-poder\/","title":{"rendered":"Cruzada moral para limpar a pol\u00edtica brasileira gera injusti\u00e7as e concentra poder"},"content":{"rendered":"<p><strong>Jos\u00e9 Rodrigo Rodriguez<\/strong><\/p>\n<p>Em meu tempo de faculdade, estava no auge a campanha por mais \u00e9tica na pol\u00edtica. Ela era levada adiante por importantes intelectuais de esquerda, cujas demandas apontavam para a necessidade de surgirem pol\u00edticas republicanas e pol\u00edticos que fossem preocupados com o bem do povo, e n\u00e3o com seus interesses pessoais. Homens e mulheres que respeitassem determinados valores de interesse geral e que n\u00e3o fossem movidos por seu ego\u00edsmo. Representantes idealistas, abnegados, que pensassem antes no pa\u00eds, e n\u00e3o em manter e conquistar privil\u00e9gios para si e para sua classe.<\/p>\n<p>N\u00e3o duvido que pessoas excepcionais como essas de fato existam, e ficaria muito alegre se elas escolhessem seguir a carreira pol\u00edtica, ainda mais no momento de crise de lideran\u00e7as em que estamos vivendo. Contudo, mesmo supondo que haja uma boa quantidade de pessoas com essas caracter\u00edsticas, parece muito arriscado fazer a pol\u00edtica e a gest\u00e3o do Estado depender delas.<\/p>\n<p>Afinal, s\u00e3o milhares de cargos de vereador, deputado estadual, deputado federal e senador a serem preenchidos, mais algumas centenas de cadeiras de prefeito, governador e presidente, sem contar os cargos em comiss\u00e3o que toda essa turma tem o direito de nomear.<\/p>\n<p>Diante das necessidades dessa monta, parece mais razo\u00e1vel dar tratos \u00e0 bola para tentar construir um regime pol\u00edtico capaz de funcionar bem, mesmo se gerido por pessoas comuns. N\u00e3o her\u00f3is ou hero\u00ednas, mas homens e mulheres cheios de imperfei\u00e7\u00f5es, vulner\u00e1veis \u00e0s tenta\u00e7\u00f5es do dinheiro e do poder.<\/p>\n<p>Eu desconfio muito \u2013mas muito, mesmo\u2013 de quem, para merecer o meu voto, se p\u00f5e a contar hist\u00f3rias de honra inquestion\u00e1vel e de retid\u00e3o moral completa. Se Jesus voltasse \u00e0 Terra, a\u00ed poderia ser. Entretanto, at\u00e9 l\u00e1, ao que tudo indica, temos que ir nos virando com seres humanos normais.<\/p>\n<p>Por\u00e9m, como seria poss\u00edvel ter uma boa pol\u00edtica tocada por seres imperfeitos? Como evitar cair no desespero, no p\u00e2nico moral, que transforma todos e todas em criminosos em potencial at\u00e9 que se prove o contr\u00e1rio? A filosofia pol\u00edtica s\u00f3 conhece uma solu\u00e7\u00e3o para esse problema: \u00e9 preciso apostar em boas institui\u00e7\u00f5es, e criar mecanismos de controle para vigiar, advertir e punir quem est\u00e1 no poder, caso se desviem dos objetivos fixados nas leis pela sociedade.<\/p>\n<p>No entanto, n\u00e3o adianta nada criar institui\u00e7\u00f5es que partam do pressuposto de que Jesus deveria ocupar todo e qualquer cargo p\u00fablico. Quase nenhum ser humano \u00e9 capaz de resistir a uma vigil\u00e2ncia cerrada a todos os seus atos. Todos cometemos algumas faltas, maiores ou menores, ao longo da vida. \u00c9 s\u00f3 p\u00f4r a m\u00e3o na consci\u00eancia e lembrar.<\/p>\n<p>Al\u00e9m disso, seria caro e agressivo demais por um policial ou membro do Minist\u00e9rio P\u00fablico (MP) a tiracolo de cada agente p\u00fablico, ou mesmo vigi\u00e1-los a cada segundo por outros meios. O risco aqui seria o da paralisia, j\u00e1 que ningu\u00e9m se arriscaria a fazer nada por medo de praticar atos que poderiam ser vistos como il\u00edcitos.<\/p>\n<p>Afinal, quem disse que os vigilantes, a pol\u00edcia ou o MP s\u00e3o diferentes de n\u00f3s, ou seja, n\u00e3o s\u00e3o humanos imperfeitos e sujeitos a tenta\u00e7\u00f5es? Tenta\u00e7\u00f5es como a de acusar de forma temer\u00e1ria para cobrar propinas ou solicitar favores? Ou para conquistar fama, influ\u00eancia e poder? Aparecer na Globo, escrever para o UOL?<\/p>\n<p>Por isso mesmo, tamb\u00e9m os vigilantes precisam estar sujeitos a mecanismos de controle, tendo suas a\u00e7\u00f5es cercadas de toda solenidade. \u00c9 preciso provar, com toda a calma e precis\u00e3o, o que se diz \u2013sempre com base em acusa\u00e7\u00f5es claras\u2013 a respeito de fatos muito precisos.<\/p>\n<p>Lan\u00e7ar cruzadas morais para vigiar e limpar a pol\u00edtica ou a administra\u00e7\u00e3o p\u00fablica de todo e qualquer ato il\u00edcito, com toda a certeza, vai custar caro e vai produzir resultados decepcionantes.<\/p>\n<p>Em vez de focar em quest\u00f5es graves e de alta relev\u00e2ncia \u2013objeto de den\u00fancias e investiga\u00e7\u00f5es exaustivas, como est\u00e1 fazendo a Opera\u00e7\u00e3o Lava Jato\u2013, podemos terminar provocando a demiss\u00e3o de funcion\u00e1rios p\u00fablicos que cometeram faltas rid\u00edculas, irrelevantes.<\/p>\n<p>Para usar uma analogia, \u00e9 claro que \u00e9 errado um menino ou uma menina pegar um chocolate, um sorvete ou um pirulito de uma padaria sem ter pagado. \u00c9 furto. Contudo, a sociedade tem mesmo interesse e recursos suficientes para colocar a pol\u00edcia no encal\u00e7o de todos esses imberbes glut\u00f5es, para al\u00e9m de todos os demais crimes?<\/p>\n<p>O p\u00e2nico moral custa caro, gera in\u00fameras injusti\u00e7as, leva \u00e0 paralisia e ao medo e, certamente, ir\u00e1 concentrar poder demais nas m\u00e3os de autoridades que est\u00e3o longe de serem santas. Eu n\u00e3o desejo uma vida assim para sociedade alguma, muito menos para o Brasil.<\/p>\n<p>Depois de toda esta turbul\u00eancia social, pol\u00edtica e econ\u00f4mica, acordar no meio de uma sociedade tomada pela desconfian\u00e7a e pelo medo, com autoridades superpoderosas no encal\u00e7o de todos, seria o \u00faltimo prego no caix\u00e3o da nossa democracia.<\/p>\n","protected":false},"excerpt":{"rendered":"<p>Jos\u00e9 Rodrigo Rodriguez Em meu tempo de faculdade, estava no auge a campanha por mais \u00e9tica na pol\u00edtica. Ela era levada adiante por importantes intelectuais de esquerda, cujas demandas apontavam para a necessidade de surgirem pol\u00edticas republicanas e pol\u00edticos que fossem preocupados com o bem do povo, e n\u00e3o com seus interesses pessoais. Homens e [&hellip;]<\/p>\n","protected":false},"author":2,"featured_media":104872,"comment_status":"open","ping_status":"closed","sticky":false,"template":"","format":"standard","meta":{"_acf_changed":false,"footnotes":""},"categories":[25],"tags":[],"class_list":["post-104871","post","type-post","status-publish","format-standard","has-post-thumbnail","hentry","category-opina-ai"],"acf":[],"yoast_head":"<!-- This site is optimized with the Yoast SEO plugin v27.5 - https:\/\/yoast.com\/product\/yoast-seo-wordpress\/ -->\n<title>Cruzada moral para limpar a pol\u00edtica brasileira gera injusti\u00e7as e concentra poder - Notibras<\/title>\n<meta name=\"robots\" content=\"index, follow, max-snippet:-1, max-image-preview:large, max-video-preview:-1\" \/>\n<link rel=\"canonical\" href=\"https:\/\/www.notibras.com\/site\/cruzada-moral-para-limpar-a-politica-gera-injusticas-e-concentra-poder\/\" \/>\n<meta property=\"og:locale\" content=\"pt_BR\" \/>\n<meta property=\"og:type\" content=\"article\" \/>\n<meta property=\"og:title\" content=\"Cruzada moral para limpar a pol\u00edtica brasileira gera injusti\u00e7as e concentra poder - Notibras\" \/>\n<meta property=\"og:description\" content=\"Jos\u00e9 Rodrigo Rodriguez Em meu tempo de faculdade, estava no auge a campanha por mais \u00e9tica na pol\u00edtica. Ela era levada adiante por importantes intelectuais de esquerda, cujas demandas apontavam para a necessidade de surgirem pol\u00edticas republicanas e pol\u00edticos que fossem preocupados com o bem do povo, e n\u00e3o com seus interesses pessoais. Homens e [&hellip;]\" \/>\n<meta property=\"og:url\" content=\"https:\/\/www.notibras.com\/site\/cruzada-moral-para-limpar-a-politica-gera-injusticas-e-concentra-poder\/\" \/>\n<meta property=\"og:site_name\" content=\"Notibras\" \/>\n<meta property=\"article:publisher\" content=\"https:\/\/www.facebook.com\/notibras\/\" \/>\n<meta property=\"article:published_time\" content=\"2016-06-14T11:53:53+00:00\" \/>\n<meta property=\"article:modified_time\" content=\"2016-06-14T11:54:49+00:00\" \/>\n<meta property=\"og:image\" content=\"https:\/\/www.notibras.com\/site\/wp-content\/uploads\/2016\/06\/op14.jpg\" \/>\n\t<meta property=\"og:image:width\" content=\"615\" \/>\n\t<meta property=\"og:image:height\" content=\"300\" \/>\n\t<meta property=\"og:image:type\" content=\"image\/jpeg\" \/>\n<meta name=\"author\" content=\"Reda\u00e7\u00e3o\" \/>\n<meta name=\"twitter:card\" content=\"summary_large_image\" \/>\n<meta name=\"twitter:creator\" content=\"@Notibras\" \/>\n<meta name=\"twitter:site\" content=\"@Notibras\" \/>\n<meta name=\"twitter:label1\" content=\"Escrito por\" \/>\n\t<meta name=\"twitter:data1\" content=\"Reda\u00e7\u00e3o\" \/>\n\t<meta name=\"twitter:label2\" content=\"Est. tempo de leitura\" \/>\n\t<meta name=\"twitter:data2\" content=\"4 minutos\" \/>\n<script type=\"application\/ld+json\" class=\"yoast-schema-graph\">{\"@context\":\"https:\\\/\\\/schema.org\",\"@graph\":[{\"@type\":\"Article\",\"@id\":\"https:\\\/\\\/www.notibras.com\\\/site\\\/cruzada-moral-para-limpar-a-politica-gera-injusticas-e-concentra-poder\\\/#article\",\"isPartOf\":{\"@id\":\"https:\\\/\\\/www.notibras.com\\\/site\\\/cruzada-moral-para-limpar-a-politica-gera-injusticas-e-concentra-poder\\\/\"},\"author\":{\"name\":\"Reda\u00e7\u00e3o\",\"@id\":\"https:\\\/\\\/www.notibras.com\\\/site\\\/#\\\/schema\\\/person\\\/36ab0979449956132d3e5b517ea76ac8\"},\"headline\":\"Cruzada moral para limpar a pol\u00edtica brasileira gera injusti\u00e7as e concentra poder\",\"datePublished\":\"2016-06-14T11:53:53+00:00\",\"dateModified\":\"2016-06-14T11:54:49+00:00\",\"mainEntityOfPage\":{\"@id\":\"https:\\\/\\\/www.notibras.com\\\/site\\\/cruzada-moral-para-limpar-a-politica-gera-injusticas-e-concentra-poder\\\/\"},\"wordCount\":881,\"commentCount\":0,\"publisher\":{\"@id\":\"https:\\\/\\\/www.notibras.com\\\/site\\\/#organization\"},\"image\":{\"@id\":\"https:\\\/\\\/www.notibras.com\\\/site\\\/cruzada-moral-para-limpar-a-politica-gera-injusticas-e-concentra-poder\\\/#primaryimage\"},\"thumbnailUrl\":\"https:\\\/\\\/www.notibras.com\\\/site\\\/wp-content\\\/uploads\\\/2016\\\/06\\\/op14.jpg\",\"articleSection\":[\"Opina a\u00ed\"],\"inLanguage\":\"pt-BR\",\"potentialAction\":[{\"@type\":\"CommentAction\",\"name\":\"Comment\",\"target\":[\"https:\\\/\\\/www.notibras.com\\\/site\\\/cruzada-moral-para-limpar-a-politica-gera-injusticas-e-concentra-poder\\\/#respond\"]}]},{\"@type\":\"WebPage\",\"@id\":\"https:\\\/\\\/www.notibras.com\\\/site\\\/cruzada-moral-para-limpar-a-politica-gera-injusticas-e-concentra-poder\\\/\",\"url\":\"https:\\\/\\\/www.notibras.com\\\/site\\\/cruzada-moral-para-limpar-a-politica-gera-injusticas-e-concentra-poder\\\/\",\"name\":\"Cruzada moral para limpar a pol\u00edtica brasileira gera injusti\u00e7as e concentra poder - Notibras\",\"isPartOf\":{\"@id\":\"https:\\\/\\\/www.notibras.com\\\/site\\\/#website\"},\"primaryImageOfPage\":{\"@id\":\"https:\\\/\\\/www.notibras.com\\\/site\\\/cruzada-moral-para-limpar-a-politica-gera-injusticas-e-concentra-poder\\\/#primaryimage\"},\"image\":{\"@id\":\"https:\\\/\\\/www.notibras.com\\\/site\\\/cruzada-moral-para-limpar-a-politica-gera-injusticas-e-concentra-poder\\\/#primaryimage\"},\"thumbnailUrl\":\"https:\\\/\\\/www.notibras.com\\\/site\\\/wp-content\\\/uploads\\\/2016\\\/06\\\/op14.jpg\",\"datePublished\":\"2016-06-14T11:53:53+00:00\",\"dateModified\":\"2016-06-14T11:54:49+00:00\",\"breadcrumb\":{\"@id\":\"https:\\\/\\\/www.notibras.com\\\/site\\\/cruzada-moral-para-limpar-a-politica-gera-injusticas-e-concentra-poder\\\/#breadcrumb\"},\"inLanguage\":\"pt-BR\",\"potentialAction\":[{\"@type\":\"ReadAction\",\"target\":[\"https:\\\/\\\/www.notibras.com\\\/site\\\/cruzada-moral-para-limpar-a-politica-gera-injusticas-e-concentra-poder\\\/\"]}]},{\"@type\":\"ImageObject\",\"inLanguage\":\"pt-BR\",\"@id\":\"https:\\\/\\\/www.notibras.com\\\/site\\\/cruzada-moral-para-limpar-a-politica-gera-injusticas-e-concentra-poder\\\/#primaryimage\",\"url\":\"https:\\\/\\\/www.notibras.com\\\/site\\\/wp-content\\\/uploads\\\/2016\\\/06\\\/op14.jpg\",\"contentUrl\":\"https:\\\/\\\/www.notibras.com\\\/site\\\/wp-content\\\/uploads\\\/2016\\\/06\\\/op14.jpg\",\"width\":615,\"height\":300},{\"@type\":\"BreadcrumbList\",\"@id\":\"https:\\\/\\\/www.notibras.com\\\/site\\\/cruzada-moral-para-limpar-a-politica-gera-injusticas-e-concentra-poder\\\/#breadcrumb\",\"itemListElement\":[{\"@type\":\"ListItem\",\"position\":1,\"name\":\"In\u00edcio\",\"item\":\"https:\\\/\\\/www.notibras.com\\\/site\\\/\"},{\"@type\":\"ListItem\",\"position\":2,\"name\":\"Cruzada moral para limpar a pol\u00edtica brasileira gera injusti\u00e7as e concentra poder\"}]},{\"@type\":\"WebSite\",\"@id\":\"https:\\\/\\\/www.notibras.com\\\/site\\\/#website\",\"url\":\"https:\\\/\\\/www.notibras.com\\\/site\\\/\",\"name\":\"Notibras\",\"description\":\"Not\u00edcias de Bras\u00edlia, do Brasil e do Mundo\",\"publisher\":{\"@id\":\"https:\\\/\\\/www.notibras.com\\\/site\\\/#organization\"},\"potentialAction\":[{\"@type\":\"SearchAction\",\"target\":{\"@type\":\"EntryPoint\",\"urlTemplate\":\"https:\\\/\\\/www.notibras.com\\\/site\\\/?s={search_term_string}\"},\"query-input\":{\"@type\":\"PropertyValueSpecification\",\"valueRequired\":true,\"valueName\":\"search_term_string\"}}],\"inLanguage\":\"pt-BR\"},{\"@type\":\"Organization\",\"@id\":\"https:\\\/\\\/www.notibras.com\\\/site\\\/#organization\",\"name\":\"Grupo Notibras de Comunica\u00e7\u00e3o\",\"url\":\"https:\\\/\\\/www.notibras.com\\\/site\\\/\",\"logo\":{\"@type\":\"ImageObject\",\"inLanguage\":\"pt-BR\",\"@id\":\"https:\\\/\\\/www.notibras.com\\\/site\\\/#\\\/schema\\\/logo\\\/image\\\/\",\"url\":\"https:\\\/\\\/www.notibras.com\\\/site\\\/wp-content\\\/uploads\\\/2023\\\/01\\\/notibras23.png\",\"contentUrl\":\"https:\\\/\\\/www.notibras.com\\\/site\\\/wp-content\\\/uploads\\\/2023\\\/01\\\/notibras23.png\",\"width\":350,\"height\":87,\"caption\":\"Grupo Notibras de Comunica\u00e7\u00e3o\"},\"image\":{\"@id\":\"https:\\\/\\\/www.notibras.com\\\/site\\\/#\\\/schema\\\/logo\\\/image\\\/\"},\"sameAs\":[\"https:\\\/\\\/www.facebook.com\\\/notibras\\\/\",\"https:\\\/\\\/x.com\\\/Notibras\",\"https:\\\/\\\/www.instagram.com\\\/notibras\\\/\"]},{\"@type\":\"Person\",\"@id\":\"https:\\\/\\\/www.notibras.com\\\/site\\\/#\\\/schema\\\/person\\\/36ab0979449956132d3e5b517ea76ac8\",\"name\":\"Reda\u00e7\u00e3o\",\"image\":{\"@type\":\"ImageObject\",\"inLanguage\":\"pt-BR\",\"@id\":\"https:\\\/\\\/secure.gravatar.com\\\/avatar\\\/e0a867bdedb85fd243eadf09663511f96fc81e0720a4a42581f334ad4303aa6b?s=96&d=mm&r=g\",\"url\":\"https:\\\/\\\/secure.gravatar.com\\\/avatar\\\/e0a867bdedb85fd243eadf09663511f96fc81e0720a4a42581f334ad4303aa6b?s=96&d=mm&r=g\",\"contentUrl\":\"https:\\\/\\\/secure.gravatar.com\\\/avatar\\\/e0a867bdedb85fd243eadf09663511f96fc81e0720a4a42581f334ad4303aa6b?s=96&d=mm&r=g\",\"caption\":\"Reda\u00e7\u00e3o\"}}]}<\/script>\n<!-- \/ Yoast SEO plugin. -->","yoast_head_json":{"title":"Cruzada moral para limpar a pol\u00edtica brasileira gera injusti\u00e7as e concentra poder - Notibras","robots":{"index":"index","follow":"follow","max-snippet":"max-snippet:-1","max-image-preview":"max-image-preview:large","max-video-preview":"max-video-preview:-1"},"canonical":"https:\/\/www.notibras.com\/site\/cruzada-moral-para-limpar-a-politica-gera-injusticas-e-concentra-poder\/","og_locale":"pt_BR","og_type":"article","og_title":"Cruzada moral para limpar a pol\u00edtica brasileira gera injusti\u00e7as e concentra poder - Notibras","og_description":"Jos\u00e9 Rodrigo Rodriguez Em meu tempo de faculdade, estava no auge a campanha por mais \u00e9tica na pol\u00edtica. Ela era levada adiante por importantes intelectuais de esquerda, cujas demandas apontavam para a necessidade de surgirem pol\u00edticas republicanas e pol\u00edticos que fossem preocupados com o bem do povo, e n\u00e3o com seus interesses pessoais. Homens e [&hellip;]","og_url":"https:\/\/www.notibras.com\/site\/cruzada-moral-para-limpar-a-politica-gera-injusticas-e-concentra-poder\/","og_site_name":"Notibras","article_publisher":"https:\/\/www.facebook.com\/notibras\/","article_published_time":"2016-06-14T11:53:53+00:00","article_modified_time":"2016-06-14T11:54:49+00:00","og_image":[{"width":615,"height":300,"url":"https:\/\/www.notibras.com\/site\/wp-content\/uploads\/2016\/06\/op14.jpg","type":"image\/jpeg"}],"author":"Reda\u00e7\u00e3o","twitter_card":"summary_large_image","twitter_creator":"@Notibras","twitter_site":"@Notibras","twitter_misc":{"Escrito por":"Reda\u00e7\u00e3o","Est. tempo de leitura":"4 minutos"},"schema":{"@context":"https:\/\/schema.org","@graph":[{"@type":"Article","@id":"https:\/\/www.notibras.com\/site\/cruzada-moral-para-limpar-a-politica-gera-injusticas-e-concentra-poder\/#article","isPartOf":{"@id":"https:\/\/www.notibras.com\/site\/cruzada-moral-para-limpar-a-politica-gera-injusticas-e-concentra-poder\/"},"author":{"name":"Reda\u00e7\u00e3o","@id":"https:\/\/www.notibras.com\/site\/#\/schema\/person\/36ab0979449956132d3e5b517ea76ac8"},"headline":"Cruzada moral para limpar a pol\u00edtica brasileira gera injusti\u00e7as e concentra poder","datePublished":"2016-06-14T11:53:53+00:00","dateModified":"2016-06-14T11:54:49+00:00","mainEntityOfPage":{"@id":"https:\/\/www.notibras.com\/site\/cruzada-moral-para-limpar-a-politica-gera-injusticas-e-concentra-poder\/"},"wordCount":881,"commentCount":0,"publisher":{"@id":"https:\/\/www.notibras.com\/site\/#organization"},"image":{"@id":"https:\/\/www.notibras.com\/site\/cruzada-moral-para-limpar-a-politica-gera-injusticas-e-concentra-poder\/#primaryimage"},"thumbnailUrl":"https:\/\/www.notibras.com\/site\/wp-content\/uploads\/2016\/06\/op14.jpg","articleSection":["Opina a\u00ed"],"inLanguage":"pt-BR","potentialAction":[{"@type":"CommentAction","name":"Comment","target":["https:\/\/www.notibras.com\/site\/cruzada-moral-para-limpar-a-politica-gera-injusticas-e-concentra-poder\/#respond"]}]},{"@type":"WebPage","@id":"https:\/\/www.notibras.com\/site\/cruzada-moral-para-limpar-a-politica-gera-injusticas-e-concentra-poder\/","url":"https:\/\/www.notibras.com\/site\/cruzada-moral-para-limpar-a-politica-gera-injusticas-e-concentra-poder\/","name":"Cruzada moral para limpar a pol\u00edtica brasileira gera injusti\u00e7as e concentra poder - Notibras","isPartOf":{"@id":"https:\/\/www.notibras.com\/site\/#website"},"primaryImageOfPage":{"@id":"https:\/\/www.notibras.com\/site\/cruzada-moral-para-limpar-a-politica-gera-injusticas-e-concentra-poder\/#primaryimage"},"image":{"@id":"https:\/\/www.notibras.com\/site\/cruzada-moral-para-limpar-a-politica-gera-injusticas-e-concentra-poder\/#primaryimage"},"thumbnailUrl":"https:\/\/www.notibras.com\/site\/wp-content\/uploads\/2016\/06\/op14.jpg","datePublished":"2016-06-14T11:53:53+00:00","dateModified":"2016-06-14T11:54:49+00:00","breadcrumb":{"@id":"https:\/\/www.notibras.com\/site\/cruzada-moral-para-limpar-a-politica-gera-injusticas-e-concentra-poder\/#breadcrumb"},"inLanguage":"pt-BR","potentialAction":[{"@type":"ReadAction","target":["https:\/\/www.notibras.com\/site\/cruzada-moral-para-limpar-a-politica-gera-injusticas-e-concentra-poder\/"]}]},{"@type":"ImageObject","inLanguage":"pt-BR","@id":"https:\/\/www.notibras.com\/site\/cruzada-moral-para-limpar-a-politica-gera-injusticas-e-concentra-poder\/#primaryimage","url":"https:\/\/www.notibras.com\/site\/wp-content\/uploads\/2016\/06\/op14.jpg","contentUrl":"https:\/\/www.notibras.com\/site\/wp-content\/uploads\/2016\/06\/op14.jpg","width":615,"height":300},{"@type":"BreadcrumbList","@id":"https:\/\/www.notibras.com\/site\/cruzada-moral-para-limpar-a-politica-gera-injusticas-e-concentra-poder\/#breadcrumb","itemListElement":[{"@type":"ListItem","position":1,"name":"In\u00edcio","item":"https:\/\/www.notibras.com\/site\/"},{"@type":"ListItem","position":2,"name":"Cruzada moral para limpar a pol\u00edtica brasileira gera injusti\u00e7as e concentra poder"}]},{"@type":"WebSite","@id":"https:\/\/www.notibras.com\/site\/#website","url":"https:\/\/www.notibras.com\/site\/","name":"Notibras","description":"Not\u00edcias de Bras\u00edlia, do Brasil e do Mundo","publisher":{"@id":"https:\/\/www.notibras.com\/site\/#organization"},"potentialAction":[{"@type":"SearchAction","target":{"@type":"EntryPoint","urlTemplate":"https:\/\/www.notibras.com\/site\/?s={search_term_string}"},"query-input":{"@type":"PropertyValueSpecification","valueRequired":true,"valueName":"search_term_string"}}],"inLanguage":"pt-BR"},{"@type":"Organization","@id":"https:\/\/www.notibras.com\/site\/#organization","name":"Grupo Notibras de Comunica\u00e7\u00e3o","url":"https:\/\/www.notibras.com\/site\/","logo":{"@type":"ImageObject","inLanguage":"pt-BR","@id":"https:\/\/www.notibras.com\/site\/#\/schema\/logo\/image\/","url":"https:\/\/www.notibras.com\/site\/wp-content\/uploads\/2023\/01\/notibras23.png","contentUrl":"https:\/\/www.notibras.com\/site\/wp-content\/uploads\/2023\/01\/notibras23.png","width":350,"height":87,"caption":"Grupo Notibras de Comunica\u00e7\u00e3o"},"image":{"@id":"https:\/\/www.notibras.com\/site\/#\/schema\/logo\/image\/"},"sameAs":["https:\/\/www.facebook.com\/notibras\/","https:\/\/x.com\/Notibras","https:\/\/www.instagram.com\/notibras\/"]},{"@type":"Person","@id":"https:\/\/www.notibras.com\/site\/#\/schema\/person\/36ab0979449956132d3e5b517ea76ac8","name":"Reda\u00e7\u00e3o","image":{"@type":"ImageObject","inLanguage":"pt-BR","@id":"https:\/\/secure.gravatar.com\/avatar\/e0a867bdedb85fd243eadf09663511f96fc81e0720a4a42581f334ad4303aa6b?s=96&d=mm&r=g","url":"https:\/\/secure.gravatar.com\/avatar\/e0a867bdedb85fd243eadf09663511f96fc81e0720a4a42581f334ad4303aa6b?s=96&d=mm&r=g","contentUrl":"https:\/\/secure.gravatar.com\/avatar\/e0a867bdedb85fd243eadf09663511f96fc81e0720a4a42581f334ad4303aa6b?s=96&d=mm&r=g","caption":"Reda\u00e7\u00e3o"}}]}},"amp_enabled":true,"_links":{"self":[{"href":"https:\/\/www.notibras.com\/site\/wp-json\/wp\/v2\/posts\/104871","targetHints":{"allow":["GET"]}}],"collection":[{"href":"https:\/\/www.notibras.com\/site\/wp-json\/wp\/v2\/posts"}],"about":[{"href":"https:\/\/www.notibras.com\/site\/wp-json\/wp\/v2\/types\/post"}],"author":[{"embeddable":true,"href":"https:\/\/www.notibras.com\/site\/wp-json\/wp\/v2\/users\/2"}],"replies":[{"embeddable":true,"href":"https:\/\/www.notibras.com\/site\/wp-json\/wp\/v2\/comments?post=104871"}],"version-history":[{"count":2,"href":"https:\/\/www.notibras.com\/site\/wp-json\/wp\/v2\/posts\/104871\/revisions"}],"predecessor-version":[{"id":104874,"href":"https:\/\/www.notibras.com\/site\/wp-json\/wp\/v2\/posts\/104871\/revisions\/104874"}],"wp:featuredmedia":[{"embeddable":true,"href":"https:\/\/www.notibras.com\/site\/wp-json\/wp\/v2\/media\/104872"}],"wp:attachment":[{"href":"https:\/\/www.notibras.com\/site\/wp-json\/wp\/v2\/media?parent=104871"}],"wp:term":[{"taxonomy":"category","embeddable":true,"href":"https:\/\/www.notibras.com\/site\/wp-json\/wp\/v2\/categories?post=104871"},{"taxonomy":"post_tag","embeddable":true,"href":"https:\/\/www.notibras.com\/site\/wp-json\/wp\/v2\/tags?post=104871"}],"curies":[{"name":"wp","href":"https:\/\/api.w.org\/{rel}","templated":true}]}}