{"id":104973,"date":"2016-06-15T06:51:14","date_gmt":"2016-06-15T09:51:14","guid":{"rendered":"http:\/\/www.notibras.com\/site\/?p=104973"},"modified":"2016-06-15T06:51:14","modified_gmt":"2016-06-15T09:51:14","slug":"governo-so-vai-sair-da-crise-se-e-quando-a-classe-produtora-decidir-ajudar","status":"publish","type":"post","link":"https:\/\/www.notibras.com\/site\/governo-so-vai-sair-da-crise-se-e-quando-a-classe-produtora-decidir-ajudar\/","title":{"rendered":"Governo s\u00f3 vai sair da crise se e quando a classe produtora decidir ajudar"},"content":{"rendered":"<p><strong>Mauro Calil<\/strong><\/p>\n<p>H\u00e1 muitos, muitos anos, o Brasil encontra encruzilhadas econ\u00f4micas que se renovam. A cada novo governo, ou ciclo, acabamos por escolher um caminho que s\u00f3 nos leva uma nova encruzilhada. Assim foram as decis\u00f5es do p\u00f3s-guerra, que nos levaram \u00e0 hiperinfla\u00e7\u00e3o do s\u00e9culo passado. Assim foram os governos recentes, que aumentaram gastos no per\u00edodo p\u00f3s-&#8220;controle&#8221; inflacion\u00e1rio.<\/p>\n<p>Chegamos a um or\u00e7amento declaradamente arrombado em R$ 170,5 bilh\u00f5es (s\u00f3 para 2016), com uma carga tribut\u00e1ria de 40% do PIB. Rela\u00e7\u00e3o que s\u00f3 piora, pois o PIB \u00e9 cada dia menor, em consequ\u00eancia da carga tribut\u00e1ria abusiva que corr\u00f3i o lucro, a capacidade de investimento, consumo e forma\u00e7\u00e3o de poupan\u00e7a interna.<\/p>\n<p>Hoje temos um parque industrial super-dimensionado pela queda abrupta da demanda. Em fun\u00e7\u00e3o disso, \u00e9 poss\u00edvel aumentar muito a produ\u00e7\u00e3o sem gerar qualquer emprego. Em paralelo, h\u00e1 a enorme concorr\u00eancia dos importados, em especial da China.<\/p>\n<p>Diante desse quadro, o governo n\u00e3o ser\u00e1 capaz de recuperar tais empregos \u2013mais de 11,5 milh\u00f5es\u2013 sem o aux\u00edlio do setor privado, justamente quem forma a renda que \u00e9 transformada em impostos. Aumentar a carga tribut\u00e1ria \u00e9 uma miopia financeira dos governantes. N\u00e3o enxergam que logo adiante matar\u00e3o mais galinhas de ovos de ouro.<\/p>\n<p>O \u00fanico caminho seguro exige coragem pol\u00edtica. Essa alternativa passa pela redu\u00e7\u00e3o acentuada do peso do Estado sobre a sociedade, ou seja, implica em cortar milhares, talvez milh\u00f5es, de cargos p\u00fablicos nomeados e manter somente os concursados.<\/p>\n<p>Significa privatizar o que o setor privado faz muito melhor que o Estado. A lista pode come\u00e7ar pelos Correios, passando por empresas de esgoto e abastecimento de \u00e1gua, ou mesmo o sistema de transporte, e talvez chegue \u00e0 sa\u00fade. Ou voc\u00ea prefere o SUS?<\/p>\n<p>Outro dia li em uma rede social a seguinte frase: &#8220;Nosso problema n\u00e3o \u00e9 o fim do Minist\u00e9rio da Cultura, mas, sim, a cultura dos minist\u00e9rios sem fim&#8221; (desconhe\u00e7o o autor). Se queremos reduzir nosso rombo or\u00e7ament\u00e1rio e ter espa\u00e7o para refinanciar nossa d\u00edvida a custos menores que os 14,25% a.a. atuais, temos que gastar menos, muito menos! O dinheiro \u00e9 mais caro para quem dele necessita urgentemente.<\/p>\n<p>Para o bem de muitos, ou para o mal dos poucos, que mamam nas estatais, o setor privado faz quase tudo com muito mais efici\u00eancia. A privatiza\u00e7\u00e3o sem tabelamento de lucro deve vir. O lucro n\u00e3o \u00e9 um vil\u00e3o e s\u00f3 \u00e9 obtido por m\u00e9rito da intelig\u00eancia competitiva ao gerar efici\u00eancia, economia e tecnologia. Pa\u00edses realmente ricos (riqueza se mede pelo IDH e n\u00e3o por florestas ou minerais no subsolo), mais justos e com renda maior e melhor distribu\u00edda, mostram que isso \u00e9 poss\u00edvel. Enquanto a n\u00f3s, nos sobra invejar tais conquistas.<\/p>\n","protected":false},"excerpt":{"rendered":"<p>Mauro Calil H\u00e1 muitos, muitos anos, o Brasil encontra encruzilhadas econ\u00f4micas que se renovam. A cada novo governo, ou ciclo, acabamos por escolher um caminho que s\u00f3 nos leva uma nova encruzilhada. Assim foram as decis\u00f5es do p\u00f3s-guerra, que nos levaram \u00e0 hiperinfla\u00e7\u00e3o do s\u00e9culo passado. Assim foram os governos recentes, que aumentaram gastos no [&hellip;]<\/p>\n","protected":false},"author":2,"featured_media":104974,"comment_status":"open","ping_status":"closed","sticky":false,"template":"","format":"standard","meta":{"_acf_changed":false,"footnotes":""},"categories":[25],"tags":[],"class_list":["post-104973","post","type-post","status-publish","format-standard","has-post-thumbnail","hentry","category-opina-ai"],"acf":[],"yoast_head":"<!-- This site is optimized with the Yoast SEO plugin v27.5 - https:\/\/yoast.com\/product\/yoast-seo-wordpress\/ -->\n<title>Governo s\u00f3 vai sair da crise se e quando a classe produtora decidir ajudar - Notibras<\/title>\n<meta name=\"robots\" content=\"index, follow, max-snippet:-1, max-image-preview:large, max-video-preview:-1\" \/>\n<link rel=\"canonical\" href=\"https:\/\/www.notibras.com\/site\/governo-so-vai-sair-da-crise-se-e-quando-a-classe-produtora-decidir-ajudar\/\" \/>\n<meta property=\"og:locale\" content=\"pt_BR\" \/>\n<meta property=\"og:type\" content=\"article\" \/>\n<meta property=\"og:title\" content=\"Governo s\u00f3 vai sair da crise se e quando a classe produtora decidir ajudar - Notibras\" \/>\n<meta property=\"og:description\" content=\"Mauro Calil H\u00e1 muitos, muitos anos, o Brasil encontra encruzilhadas econ\u00f4micas que se renovam. A cada novo governo, ou ciclo, acabamos por escolher um caminho que s\u00f3 nos leva uma nova encruzilhada. Assim foram as decis\u00f5es do p\u00f3s-guerra, que nos levaram \u00e0 hiperinfla\u00e7\u00e3o do s\u00e9culo passado. Assim foram os governos recentes, que aumentaram gastos no [&hellip;]\" \/>\n<meta property=\"og:url\" content=\"https:\/\/www.notibras.com\/site\/governo-so-vai-sair-da-crise-se-e-quando-a-classe-produtora-decidir-ajudar\/\" \/>\n<meta property=\"og:site_name\" content=\"Notibras\" \/>\n<meta property=\"article:publisher\" content=\"https:\/\/www.facebook.com\/notibras\/\" \/>\n<meta property=\"article:published_time\" content=\"2016-06-15T09:51:14+00:00\" \/>\n<meta property=\"og:image\" content=\"https:\/\/www.notibras.com\/site\/wp-content\/uploads\/2016\/06\/xm15.jpg\" \/>\n\t<meta property=\"og:image:width\" content=\"1600\" \/>\n\t<meta property=\"og:image:height\" content=\"1000\" \/>\n\t<meta property=\"og:image:type\" content=\"image\/jpeg\" \/>\n<meta name=\"author\" content=\"Reda\u00e7\u00e3o\" \/>\n<meta name=\"twitter:card\" content=\"summary_large_image\" \/>\n<meta name=\"twitter:creator\" content=\"@Notibras\" \/>\n<meta name=\"twitter:site\" content=\"@Notibras\" \/>\n<meta name=\"twitter:label1\" content=\"Escrito por\" \/>\n\t<meta name=\"twitter:data1\" content=\"Reda\u00e7\u00e3o\" \/>\n\t<meta name=\"twitter:label2\" content=\"Est. tempo de leitura\" \/>\n\t<meta name=\"twitter:data2\" content=\"2 minutos\" \/>\n<script type=\"application\/ld+json\" class=\"yoast-schema-graph\">{\"@context\":\"https:\\\/\\\/schema.org\",\"@graph\":[{\"@type\":\"Article\",\"@id\":\"https:\\\/\\\/www.notibras.com\\\/site\\\/governo-so-vai-sair-da-crise-se-e-quando-a-classe-produtora-decidir-ajudar\\\/#article\",\"isPartOf\":{\"@id\":\"https:\\\/\\\/www.notibras.com\\\/site\\\/governo-so-vai-sair-da-crise-se-e-quando-a-classe-produtora-decidir-ajudar\\\/\"},\"author\":{\"name\":\"Reda\u00e7\u00e3o\",\"@id\":\"https:\\\/\\\/www.notibras.com\\\/site\\\/#\\\/schema\\\/person\\\/36ab0979449956132d3e5b517ea76ac8\"},\"headline\":\"Governo s\u00f3 vai sair da crise se e quando a classe produtora decidir ajudar\",\"datePublished\":\"2016-06-15T09:51:14+00:00\",\"mainEntityOfPage\":{\"@id\":\"https:\\\/\\\/www.notibras.com\\\/site\\\/governo-so-vai-sair-da-crise-se-e-quando-a-classe-produtora-decidir-ajudar\\\/\"},\"wordCount\":494,\"commentCount\":0,\"publisher\":{\"@id\":\"https:\\\/\\\/www.notibras.com\\\/site\\\/#organization\"},\"image\":{\"@id\":\"https:\\\/\\\/www.notibras.com\\\/site\\\/governo-so-vai-sair-da-crise-se-e-quando-a-classe-produtora-decidir-ajudar\\\/#primaryimage\"},\"thumbnailUrl\":\"https:\\\/\\\/www.notibras.com\\\/site\\\/wp-content\\\/uploads\\\/2016\\\/06\\\/xm15.jpg\",\"articleSection\":[\"Opina a\u00ed\"],\"inLanguage\":\"pt-BR\",\"potentialAction\":[{\"@type\":\"CommentAction\",\"name\":\"Comment\",\"target\":[\"https:\\\/\\\/www.notibras.com\\\/site\\\/governo-so-vai-sair-da-crise-se-e-quando-a-classe-produtora-decidir-ajudar\\\/#respond\"]}]},{\"@type\":\"WebPage\",\"@id\":\"https:\\\/\\\/www.notibras.com\\\/site\\\/governo-so-vai-sair-da-crise-se-e-quando-a-classe-produtora-decidir-ajudar\\\/\",\"url\":\"https:\\\/\\\/www.notibras.com\\\/site\\\/governo-so-vai-sair-da-crise-se-e-quando-a-classe-produtora-decidir-ajudar\\\/\",\"name\":\"Governo s\u00f3 vai sair da crise se e quando a classe produtora decidir ajudar - Notibras\",\"isPartOf\":{\"@id\":\"https:\\\/\\\/www.notibras.com\\\/site\\\/#website\"},\"primaryImageOfPage\":{\"@id\":\"https:\\\/\\\/www.notibras.com\\\/site\\\/governo-so-vai-sair-da-crise-se-e-quando-a-classe-produtora-decidir-ajudar\\\/#primaryimage\"},\"image\":{\"@id\":\"https:\\\/\\\/www.notibras.com\\\/site\\\/governo-so-vai-sair-da-crise-se-e-quando-a-classe-produtora-decidir-ajudar\\\/#primaryimage\"},\"thumbnailUrl\":\"https:\\\/\\\/www.notibras.com\\\/site\\\/wp-content\\\/uploads\\\/2016\\\/06\\\/xm15.jpg\",\"datePublished\":\"2016-06-15T09:51:14+00:00\",\"breadcrumb\":{\"@id\":\"https:\\\/\\\/www.notibras.com\\\/site\\\/governo-so-vai-sair-da-crise-se-e-quando-a-classe-produtora-decidir-ajudar\\\/#breadcrumb\"},\"inLanguage\":\"pt-BR\",\"potentialAction\":[{\"@type\":\"ReadAction\",\"target\":[\"https:\\\/\\\/www.notibras.com\\\/site\\\/governo-so-vai-sair-da-crise-se-e-quando-a-classe-produtora-decidir-ajudar\\\/\"]}]},{\"@type\":\"ImageObject\",\"inLanguage\":\"pt-BR\",\"@id\":\"https:\\\/\\\/www.notibras.com\\\/site\\\/governo-so-vai-sair-da-crise-se-e-quando-a-classe-produtora-decidir-ajudar\\\/#primaryimage\",\"url\":\"https:\\\/\\\/www.notibras.com\\\/site\\\/wp-content\\\/uploads\\\/2016\\\/06\\\/xm15.jpg\",\"contentUrl\":\"https:\\\/\\\/www.notibras.com\\\/site\\\/wp-content\\\/uploads\\\/2016\\\/06\\\/xm15.jpg\",\"width\":1600,\"height\":1000},{\"@type\":\"BreadcrumbList\",\"@id\":\"https:\\\/\\\/www.notibras.com\\\/site\\\/governo-so-vai-sair-da-crise-se-e-quando-a-classe-produtora-decidir-ajudar\\\/#breadcrumb\",\"itemListElement\":[{\"@type\":\"ListItem\",\"position\":1,\"name\":\"In\u00edcio\",\"item\":\"https:\\\/\\\/www.notibras.com\\\/site\\\/\"},{\"@type\":\"ListItem\",\"position\":2,\"name\":\"Governo s\u00f3 vai sair da crise se e quando a classe produtora decidir ajudar\"}]},{\"@type\":\"WebSite\",\"@id\":\"https:\\\/\\\/www.notibras.com\\\/site\\\/#website\",\"url\":\"https:\\\/\\\/www.notibras.com\\\/site\\\/\",\"name\":\"Notibras\",\"description\":\"Not\u00edcias de Bras\u00edlia, do Brasil e do Mundo\",\"publisher\":{\"@id\":\"https:\\\/\\\/www.notibras.com\\\/site\\\/#organization\"},\"potentialAction\":[{\"@type\":\"SearchAction\",\"target\":{\"@type\":\"EntryPoint\",\"urlTemplate\":\"https:\\\/\\\/www.notibras.com\\\/site\\\/?s={search_term_string}\"},\"query-input\":{\"@type\":\"PropertyValueSpecification\",\"valueRequired\":true,\"valueName\":\"search_term_string\"}}],\"inLanguage\":\"pt-BR\"},{\"@type\":\"Organization\",\"@id\":\"https:\\\/\\\/www.notibras.com\\\/site\\\/#organization\",\"name\":\"Grupo Notibras de Comunica\u00e7\u00e3o\",\"url\":\"https:\\\/\\\/www.notibras.com\\\/site\\\/\",\"logo\":{\"@type\":\"ImageObject\",\"inLanguage\":\"pt-BR\",\"@id\":\"https:\\\/\\\/www.notibras.com\\\/site\\\/#\\\/schema\\\/logo\\\/image\\\/\",\"url\":\"https:\\\/\\\/www.notibras.com\\\/site\\\/wp-content\\\/uploads\\\/2023\\\/01\\\/notibras23.png\",\"contentUrl\":\"https:\\\/\\\/www.notibras.com\\\/site\\\/wp-content\\\/uploads\\\/2023\\\/01\\\/notibras23.png\",\"width\":350,\"height\":87,\"caption\":\"Grupo Notibras de Comunica\u00e7\u00e3o\"},\"image\":{\"@id\":\"https:\\\/\\\/www.notibras.com\\\/site\\\/#\\\/schema\\\/logo\\\/image\\\/\"},\"sameAs\":[\"https:\\\/\\\/www.facebook.com\\\/notibras\\\/\",\"https:\\\/\\\/x.com\\\/Notibras\",\"https:\\\/\\\/www.instagram.com\\\/notibras\\\/\"]},{\"@type\":\"Person\",\"@id\":\"https:\\\/\\\/www.notibras.com\\\/site\\\/#\\\/schema\\\/person\\\/36ab0979449956132d3e5b517ea76ac8\",\"name\":\"Reda\u00e7\u00e3o\",\"image\":{\"@type\":\"ImageObject\",\"inLanguage\":\"pt-BR\",\"@id\":\"https:\\\/\\\/secure.gravatar.com\\\/avatar\\\/e0a867bdedb85fd243eadf09663511f96fc81e0720a4a42581f334ad4303aa6b?s=96&d=mm&r=g\",\"url\":\"https:\\\/\\\/secure.gravatar.com\\\/avatar\\\/e0a867bdedb85fd243eadf09663511f96fc81e0720a4a42581f334ad4303aa6b?s=96&d=mm&r=g\",\"contentUrl\":\"https:\\\/\\\/secure.gravatar.com\\\/avatar\\\/e0a867bdedb85fd243eadf09663511f96fc81e0720a4a42581f334ad4303aa6b?s=96&d=mm&r=g\",\"caption\":\"Reda\u00e7\u00e3o\"}}]}<\/script>\n<!-- \/ Yoast SEO plugin. -->","yoast_head_json":{"title":"Governo s\u00f3 vai sair da crise se e quando a classe produtora decidir ajudar - Notibras","robots":{"index":"index","follow":"follow","max-snippet":"max-snippet:-1","max-image-preview":"max-image-preview:large","max-video-preview":"max-video-preview:-1"},"canonical":"https:\/\/www.notibras.com\/site\/governo-so-vai-sair-da-crise-se-e-quando-a-classe-produtora-decidir-ajudar\/","og_locale":"pt_BR","og_type":"article","og_title":"Governo s\u00f3 vai sair da crise se e quando a classe produtora decidir ajudar - Notibras","og_description":"Mauro Calil H\u00e1 muitos, muitos anos, o Brasil encontra encruzilhadas econ\u00f4micas que se renovam. A cada novo governo, ou ciclo, acabamos por escolher um caminho que s\u00f3 nos leva uma nova encruzilhada. Assim foram as decis\u00f5es do p\u00f3s-guerra, que nos levaram \u00e0 hiperinfla\u00e7\u00e3o do s\u00e9culo passado. Assim foram os governos recentes, que aumentaram gastos no [&hellip;]","og_url":"https:\/\/www.notibras.com\/site\/governo-so-vai-sair-da-crise-se-e-quando-a-classe-produtora-decidir-ajudar\/","og_site_name":"Notibras","article_publisher":"https:\/\/www.facebook.com\/notibras\/","article_published_time":"2016-06-15T09:51:14+00:00","og_image":[{"width":1600,"height":1000,"url":"https:\/\/www.notibras.com\/site\/wp-content\/uploads\/2016\/06\/xm15.jpg","type":"image\/jpeg"}],"author":"Reda\u00e7\u00e3o","twitter_card":"summary_large_image","twitter_creator":"@Notibras","twitter_site":"@Notibras","twitter_misc":{"Escrito por":"Reda\u00e7\u00e3o","Est. tempo de leitura":"2 minutos"},"schema":{"@context":"https:\/\/schema.org","@graph":[{"@type":"Article","@id":"https:\/\/www.notibras.com\/site\/governo-so-vai-sair-da-crise-se-e-quando-a-classe-produtora-decidir-ajudar\/#article","isPartOf":{"@id":"https:\/\/www.notibras.com\/site\/governo-so-vai-sair-da-crise-se-e-quando-a-classe-produtora-decidir-ajudar\/"},"author":{"name":"Reda\u00e7\u00e3o","@id":"https:\/\/www.notibras.com\/site\/#\/schema\/person\/36ab0979449956132d3e5b517ea76ac8"},"headline":"Governo s\u00f3 vai sair da crise se e quando a classe produtora decidir ajudar","datePublished":"2016-06-15T09:51:14+00:00","mainEntityOfPage":{"@id":"https:\/\/www.notibras.com\/site\/governo-so-vai-sair-da-crise-se-e-quando-a-classe-produtora-decidir-ajudar\/"},"wordCount":494,"commentCount":0,"publisher":{"@id":"https:\/\/www.notibras.com\/site\/#organization"},"image":{"@id":"https:\/\/www.notibras.com\/site\/governo-so-vai-sair-da-crise-se-e-quando-a-classe-produtora-decidir-ajudar\/#primaryimage"},"thumbnailUrl":"https:\/\/www.notibras.com\/site\/wp-content\/uploads\/2016\/06\/xm15.jpg","articleSection":["Opina a\u00ed"],"inLanguage":"pt-BR","potentialAction":[{"@type":"CommentAction","name":"Comment","target":["https:\/\/www.notibras.com\/site\/governo-so-vai-sair-da-crise-se-e-quando-a-classe-produtora-decidir-ajudar\/#respond"]}]},{"@type":"WebPage","@id":"https:\/\/www.notibras.com\/site\/governo-so-vai-sair-da-crise-se-e-quando-a-classe-produtora-decidir-ajudar\/","url":"https:\/\/www.notibras.com\/site\/governo-so-vai-sair-da-crise-se-e-quando-a-classe-produtora-decidir-ajudar\/","name":"Governo s\u00f3 vai sair da crise se e quando a classe produtora decidir ajudar - Notibras","isPartOf":{"@id":"https:\/\/www.notibras.com\/site\/#website"},"primaryImageOfPage":{"@id":"https:\/\/www.notibras.com\/site\/governo-so-vai-sair-da-crise-se-e-quando-a-classe-produtora-decidir-ajudar\/#primaryimage"},"image":{"@id":"https:\/\/www.notibras.com\/site\/governo-so-vai-sair-da-crise-se-e-quando-a-classe-produtora-decidir-ajudar\/#primaryimage"},"thumbnailUrl":"https:\/\/www.notibras.com\/site\/wp-content\/uploads\/2016\/06\/xm15.jpg","datePublished":"2016-06-15T09:51:14+00:00","breadcrumb":{"@id":"https:\/\/www.notibras.com\/site\/governo-so-vai-sair-da-crise-se-e-quando-a-classe-produtora-decidir-ajudar\/#breadcrumb"},"inLanguage":"pt-BR","potentialAction":[{"@type":"ReadAction","target":["https:\/\/www.notibras.com\/site\/governo-so-vai-sair-da-crise-se-e-quando-a-classe-produtora-decidir-ajudar\/"]}]},{"@type":"ImageObject","inLanguage":"pt-BR","@id":"https:\/\/www.notibras.com\/site\/governo-so-vai-sair-da-crise-se-e-quando-a-classe-produtora-decidir-ajudar\/#primaryimage","url":"https:\/\/www.notibras.com\/site\/wp-content\/uploads\/2016\/06\/xm15.jpg","contentUrl":"https:\/\/www.notibras.com\/site\/wp-content\/uploads\/2016\/06\/xm15.jpg","width":1600,"height":1000},{"@type":"BreadcrumbList","@id":"https:\/\/www.notibras.com\/site\/governo-so-vai-sair-da-crise-se-e-quando-a-classe-produtora-decidir-ajudar\/#breadcrumb","itemListElement":[{"@type":"ListItem","position":1,"name":"In\u00edcio","item":"https:\/\/www.notibras.com\/site\/"},{"@type":"ListItem","position":2,"name":"Governo s\u00f3 vai sair da crise se e quando a classe produtora decidir ajudar"}]},{"@type":"WebSite","@id":"https:\/\/www.notibras.com\/site\/#website","url":"https:\/\/www.notibras.com\/site\/","name":"Notibras","description":"Not\u00edcias de Bras\u00edlia, do Brasil e do Mundo","publisher":{"@id":"https:\/\/www.notibras.com\/site\/#organization"},"potentialAction":[{"@type":"SearchAction","target":{"@type":"EntryPoint","urlTemplate":"https:\/\/www.notibras.com\/site\/?s={search_term_string}"},"query-input":{"@type":"PropertyValueSpecification","valueRequired":true,"valueName":"search_term_string"}}],"inLanguage":"pt-BR"},{"@type":"Organization","@id":"https:\/\/www.notibras.com\/site\/#organization","name":"Grupo Notibras de Comunica\u00e7\u00e3o","url":"https:\/\/www.notibras.com\/site\/","logo":{"@type":"ImageObject","inLanguage":"pt-BR","@id":"https:\/\/www.notibras.com\/site\/#\/schema\/logo\/image\/","url":"https:\/\/www.notibras.com\/site\/wp-content\/uploads\/2023\/01\/notibras23.png","contentUrl":"https:\/\/www.notibras.com\/site\/wp-content\/uploads\/2023\/01\/notibras23.png","width":350,"height":87,"caption":"Grupo Notibras de Comunica\u00e7\u00e3o"},"image":{"@id":"https:\/\/www.notibras.com\/site\/#\/schema\/logo\/image\/"},"sameAs":["https:\/\/www.facebook.com\/notibras\/","https:\/\/x.com\/Notibras","https:\/\/www.instagram.com\/notibras\/"]},{"@type":"Person","@id":"https:\/\/www.notibras.com\/site\/#\/schema\/person\/36ab0979449956132d3e5b517ea76ac8","name":"Reda\u00e7\u00e3o","image":{"@type":"ImageObject","inLanguage":"pt-BR","@id":"https:\/\/secure.gravatar.com\/avatar\/e0a867bdedb85fd243eadf09663511f96fc81e0720a4a42581f334ad4303aa6b?s=96&d=mm&r=g","url":"https:\/\/secure.gravatar.com\/avatar\/e0a867bdedb85fd243eadf09663511f96fc81e0720a4a42581f334ad4303aa6b?s=96&d=mm&r=g","contentUrl":"https:\/\/secure.gravatar.com\/avatar\/e0a867bdedb85fd243eadf09663511f96fc81e0720a4a42581f334ad4303aa6b?s=96&d=mm&r=g","caption":"Reda\u00e7\u00e3o"}}]}},"amp_enabled":true,"_links":{"self":[{"href":"https:\/\/www.notibras.com\/site\/wp-json\/wp\/v2\/posts\/104973","targetHints":{"allow":["GET"]}}],"collection":[{"href":"https:\/\/www.notibras.com\/site\/wp-json\/wp\/v2\/posts"}],"about":[{"href":"https:\/\/www.notibras.com\/site\/wp-json\/wp\/v2\/types\/post"}],"author":[{"embeddable":true,"href":"https:\/\/www.notibras.com\/site\/wp-json\/wp\/v2\/users\/2"}],"replies":[{"embeddable":true,"href":"https:\/\/www.notibras.com\/site\/wp-json\/wp\/v2\/comments?post=104973"}],"version-history":[{"count":1,"href":"https:\/\/www.notibras.com\/site\/wp-json\/wp\/v2\/posts\/104973\/revisions"}],"predecessor-version":[{"id":104975,"href":"https:\/\/www.notibras.com\/site\/wp-json\/wp\/v2\/posts\/104973\/revisions\/104975"}],"wp:featuredmedia":[{"embeddable":true,"href":"https:\/\/www.notibras.com\/site\/wp-json\/wp\/v2\/media\/104974"}],"wp:attachment":[{"href":"https:\/\/www.notibras.com\/site\/wp-json\/wp\/v2\/media?parent=104973"}],"wp:term":[{"taxonomy":"category","embeddable":true,"href":"https:\/\/www.notibras.com\/site\/wp-json\/wp\/v2\/categories?post=104973"},{"taxonomy":"post_tag","embeddable":true,"href":"https:\/\/www.notibras.com\/site\/wp-json\/wp\/v2\/tags?post=104973"}],"curies":[{"name":"wp","href":"https:\/\/api.w.org\/{rel}","templated":true}]}}