{"id":105082,"date":"2016-06-16T06:06:40","date_gmt":"2016-06-16T09:06:40","guid":{"rendered":"http:\/\/www.notibras.com\/site\/?p=105082"},"modified":"2016-06-16T06:06:40","modified_gmt":"2016-06-16T09:06:40","slug":"mudancas-na-legislacao-vao-marcar-eleicoes-municipais-de-outubro","status":"publish","type":"post","link":"https:\/\/www.notibras.com\/site\/mudancas-na-legislacao-vao-marcar-eleicoes-municipais-de-outubro\/","title":{"rendered":"Mudan\u00e7as na legisla\u00e7\u00e3o v\u00e3o marcar elei\u00e7\u00f5es municipais de outubro"},"content":{"rendered":"<p><strong>Daniel Bulha de Carvalho<\/strong><\/p>\n<p>As elei\u00e7\u00f5es municipais previstas para este ano ser\u00e3o marcadas por grandes mudan\u00e7as, n\u00e3o somente atribu\u00eddas \u00e0s crises pol\u00edtica e econ\u00f4mica que assolam o pa\u00eds, mas tamb\u00e9m em raz\u00e3o de altera\u00e7\u00f5es significativas nas regras eleitorais.<\/p>\n<p>Isto porque, em meio ao turbilh\u00e3o pol\u00edtico permeado de den\u00fancias de corrup\u00e7\u00e3o, proposituras de pedidos de impedimento da presidente da Rep\u00fablica e pris\u00f5es realizadas pela Policia Federal na Opera\u00e7\u00e3o Lava Jato, o Congresso Nacional aprovou e a presidente da Rep\u00fablica sancionou a Lei Federal n\u00ba 13.165, em 29 de setembro de 2015, denominada por muitos como &#8220;minirreforma eleitoral&#8221;, que alterou diversos artigos das Leis n\u00bas 9504\/97 (Lei das Elei\u00e7\u00f5es), 9096\/96 (Lei dos Partidos Pol\u00edticos) e 4737\/65 (C\u00f3digo Eleitoral) \u2013mas que, diferentemente do que a denomina\u00e7\u00e3o sugere, realizou amplas reformas no pleito que se realizar\u00e1 em outubro deste ano.<\/p>\n<p>Dentre as mudan\u00e7as promovidas e amplamente divulgadas, podemos mencionar a proibi\u00e7\u00e3o de doa\u00e7\u00f5es realizadas por pessoas jur\u00eddicas, que, apesar de sua possibilidade estar prevista no texto original do Legislativo, foi vetada pela Presid\u00eancia em conson\u00e2ncia com o entendimento externado pelo STF e a redu\u00e7\u00e3o do per\u00edodo de propaganda eleitoral \u2013antes iniciada ap\u00f3s 5 de julho, agora com inicio ap\u00f3s 15 de agosto\u2013, o que promover\u00e1, de imediato, uma redu\u00e7\u00e3o geral nos custos das campanhas.<\/p>\n<p>Muito al\u00e9m dessas mudan\u00e7as, a aludida lei ampliou as restri\u00e7\u00f5es de propaganda eleitoral em bens p\u00fablicos de uso comum e bens privados, o que propiciar\u00e1 uma campanha mais limpa nas cidades e uma maior isonomia entre as candidaturas, com vistas a reduzir as possibilidades de abuso do poder econ\u00f4mico no pleito.<\/p>\n<p>Ou seja, voc\u00ea eleitor(a) n\u00e3o ser\u00e1 mais compelido(a) a andar pelas cal\u00e7adas desviando daqueles enormes cavaletes e placas de candidatos, assim como n\u00e3o ser\u00e1 mais obrigado a conviver com a polui\u00e7\u00e3o visual dos muros de sua cidade pintados grosseiramente por grandes extens\u00f5es, com nomes, n\u00fameros e frases dos mais diversos partidos e candidatos. A lei delimitou a utiliza\u00e7\u00e3o de placas com tamanho m\u00e1ximo de meio metro quadrado e proibiu as pinturas de muros em bens p\u00fablicos e privados. Nem mesmo a resid\u00eancia do candidato poder\u00e1 exibir em seus muros sua propaganda eleitoral ou mesmo placas que excedam o tamanho previsto pela lei.<\/p>\n<p>H\u00e1 tamb\u00e9m previsto na nova legisla\u00e7\u00e3o a redu\u00e7\u00e3o dos hor\u00e1rios de r\u00e1dio e televis\u00e3o obrigat\u00f3rios \u2013passando de 30 minutos, em dois per\u00edodos, para 10 minutos, em dois per\u00edodos\u2013 bem como veda\u00e7\u00f5es nos formatos dos programas, como a utiliza\u00e7\u00e3o de montagens, trucagens, computa\u00e7\u00e3o gr\u00e1fica, desenhos animados e efeitos especiais.<\/p>\n<p>No tocante aos futuros candidatos, essas e outras mudan\u00e7as promovidas exigir\u00e3o novas estrat\u00e9gias para conquistar o eleitorado, sob pena de fracasso ao cargo eletivo. A lei tamb\u00e9m: alterou a fixa\u00e7\u00e3o de limites para os gastos de campanhas baseados em gastos realizados nas elei\u00e7\u00f5es anteriores; previu a realiza\u00e7\u00e3o de novas elei\u00e7\u00f5es majorit\u00e1rias quando cassado o mandato do eleito; reduziu a participa\u00e7\u00e3o de pequenos partidos no espa\u00e7o de r\u00e1dio, televis\u00e3o e nos debates; estipulou que toda a candidatura proporcional dever\u00e1 obter a quantidade m\u00ednima de 10% do quociente eleitoral de votos para preencher a vaga que cabe ao partido \u2013o que impedir\u00e1 as distor\u00e7\u00f5es que temos vistos nos \u00faltimos anos, com candidatos sendo eleitos com insignificante quantidade de votos.<\/p>\n<p>No mais, a &#8220;minirreforma eleitoral&#8221; consolidou e ampliou as possibilidades de pr\u00e9-candidatos serem vistos pelo eleitorado, regulamentou a utiliza\u00e7\u00e3o da internet e redes sociais nas campanhas e pr\u00e9-campanhas, reduziu o tempo de filia\u00e7\u00e3o partid\u00e1ria, promoveu mais espa\u00e7o \u00e0s mulheres nos programas e inser\u00e7\u00f5es de r\u00e1dio e televis\u00e3o, simplificou a presta\u00e7\u00e3o de contas e criminalizou algumas condutas antes somente pun\u00edveis com multas.<\/p>\n<p>Com as novas regras, as tend\u00eancias de aumento dos embates jur\u00eddicos com os instrumentos legais previstos continuar\u00e3o em crescimento e exigir\u00e3o dos candidatos a profissionaliza\u00e7\u00e3o de suas equipes de campanha, al\u00e9m da necessidade de adequa\u00e7\u00e3o da propaganda eleitoral a um baixo custo e com restritas ferramentas de divulga\u00e7\u00e3o, exigindo criatividade e profissionaliza\u00e7\u00e3o do marketing eleitoral.<\/p>\n<p>Fica evidente que as mudan\u00e7as trazidas pela nova legisla\u00e7\u00e3o, apesar de aqu\u00e9m das expectativas, trar\u00e3o mudan\u00e7as significativas \u00e0s campanhas eleitorais. Seja sob a \u00f3tica dos eleitores, que sentir\u00e3o uma menor interfer\u00eancia das propagandas eleitorais no cotidiano, seja sob a \u00f3tica dos candidatos, que dever\u00e3o estar mais tecnicamente preparados para um novo formato de campanha eleitoral, especialmente nas \u00e1reas jur\u00eddica e de marketing eleitoral.<\/p>\n<p>Agregando-se \u00e0s mudan\u00e7as promovidas pela legisla\u00e7\u00e3o eleitoral, ainda, o atual cen\u00e1rio pol\u00edtico nacional, cujo prest\u00edgio da classe pol\u00edtica encontra-se fadado ao desterro, n\u00e3o h\u00e1 d\u00favidas de que o pleito eleitoral que se aproxima ser\u00e1 especialmente singular e exigir\u00e1 dos pretensos candidatos atitudes criativas e inovadoras, melhor exposi\u00e7\u00e3o de suas ideias e maior transpar\u00eancia dos seus atos.<\/p>\n","protected":false},"excerpt":{"rendered":"<p>Daniel Bulha de Carvalho As elei\u00e7\u00f5es municipais previstas para este ano ser\u00e3o marcadas por grandes mudan\u00e7as, n\u00e3o somente atribu\u00eddas \u00e0s crises pol\u00edtica e econ\u00f4mica que assolam o pa\u00eds, mas tamb\u00e9m em raz\u00e3o de altera\u00e7\u00f5es significativas nas regras eleitorais. Isto porque, em meio ao turbilh\u00e3o pol\u00edtico permeado de den\u00fancias de corrup\u00e7\u00e3o, proposituras de pedidos de impedimento [&hellip;]<\/p>\n","protected":false},"author":2,"featured_media":105083,"comment_status":"open","ping_status":"closed","sticky":false,"template":"","format":"standard","meta":{"_acf_changed":false,"footnotes":""},"categories":[25],"tags":[],"class_list":["post-105082","post","type-post","status-publish","format-standard","has-post-thumbnail","hentry","category-opina-ai"],"acf":[],"yoast_head":"<!-- This site is optimized with the Yoast SEO plugin v27.5 - https:\/\/yoast.com\/product\/yoast-seo-wordpress\/ -->\n<title>Mudan\u00e7as na legisla\u00e7\u00e3o v\u00e3o marcar elei\u00e7\u00f5es municipais de outubro - Notibras<\/title>\n<meta name=\"robots\" content=\"index, follow, max-snippet:-1, max-image-preview:large, max-video-preview:-1\" \/>\n<link rel=\"canonical\" href=\"https:\/\/www.notibras.com\/site\/mudancas-na-legislacao-vao-marcar-eleicoes-municipais-de-outubro\/\" \/>\n<meta property=\"og:locale\" content=\"pt_BR\" \/>\n<meta property=\"og:type\" content=\"article\" \/>\n<meta property=\"og:title\" content=\"Mudan\u00e7as na legisla\u00e7\u00e3o v\u00e3o marcar elei\u00e7\u00f5es municipais de outubro - Notibras\" \/>\n<meta property=\"og:description\" content=\"Daniel Bulha de Carvalho As elei\u00e7\u00f5es municipais previstas para este ano ser\u00e3o marcadas por grandes mudan\u00e7as, n\u00e3o somente atribu\u00eddas \u00e0s crises pol\u00edtica e econ\u00f4mica que assolam o pa\u00eds, mas tamb\u00e9m em raz\u00e3o de altera\u00e7\u00f5es significativas nas regras eleitorais. Isto porque, em meio ao turbilh\u00e3o pol\u00edtico permeado de den\u00fancias de corrup\u00e7\u00e3o, proposituras de pedidos de impedimento [&hellip;]\" \/>\n<meta property=\"og:url\" content=\"https:\/\/www.notibras.com\/site\/mudancas-na-legislacao-vao-marcar-eleicoes-municipais-de-outubro\/\" \/>\n<meta property=\"og:site_name\" content=\"Notibras\" \/>\n<meta property=\"article:publisher\" content=\"https:\/\/www.facebook.com\/notibras\/\" \/>\n<meta property=\"article:published_time\" content=\"2016-06-16T09:06:40+00:00\" \/>\n<meta property=\"og:image\" content=\"https:\/\/www.notibras.com\/site\/wp-content\/uploads\/2016\/06\/votourna.jpg\" \/>\n\t<meta property=\"og:image:width\" content=\"600\" \/>\n\t<meta property=\"og:image:height\" content=\"400\" \/>\n\t<meta property=\"og:image:type\" content=\"image\/jpeg\" \/>\n<meta name=\"author\" content=\"Reda\u00e7\u00e3o\" \/>\n<meta name=\"twitter:card\" content=\"summary_large_image\" \/>\n<meta name=\"twitter:creator\" content=\"@Notibras\" \/>\n<meta name=\"twitter:site\" content=\"@Notibras\" \/>\n<meta name=\"twitter:label1\" content=\"Escrito por\" \/>\n\t<meta name=\"twitter:data1\" content=\"Reda\u00e7\u00e3o\" \/>\n\t<meta name=\"twitter:label2\" content=\"Est. tempo de leitura\" \/>\n\t<meta name=\"twitter:data2\" content=\"4 minutos\" \/>\n<script type=\"application\/ld+json\" class=\"yoast-schema-graph\">{\"@context\":\"https:\\\/\\\/schema.org\",\"@graph\":[{\"@type\":\"Article\",\"@id\":\"https:\\\/\\\/www.notibras.com\\\/site\\\/mudancas-na-legislacao-vao-marcar-eleicoes-municipais-de-outubro\\\/#article\",\"isPartOf\":{\"@id\":\"https:\\\/\\\/www.notibras.com\\\/site\\\/mudancas-na-legislacao-vao-marcar-eleicoes-municipais-de-outubro\\\/\"},\"author\":{\"name\":\"Reda\u00e7\u00e3o\",\"@id\":\"https:\\\/\\\/www.notibras.com\\\/site\\\/#\\\/schema\\\/person\\\/36ab0979449956132d3e5b517ea76ac8\"},\"headline\":\"Mudan\u00e7as na legisla\u00e7\u00e3o v\u00e3o marcar elei\u00e7\u00f5es municipais de outubro\",\"datePublished\":\"2016-06-16T09:06:40+00:00\",\"mainEntityOfPage\":{\"@id\":\"https:\\\/\\\/www.notibras.com\\\/site\\\/mudancas-na-legislacao-vao-marcar-eleicoes-municipais-de-outubro\\\/\"},\"wordCount\":884,\"commentCount\":0,\"publisher\":{\"@id\":\"https:\\\/\\\/www.notibras.com\\\/site\\\/#organization\"},\"image\":{\"@id\":\"https:\\\/\\\/www.notibras.com\\\/site\\\/mudancas-na-legislacao-vao-marcar-eleicoes-municipais-de-outubro\\\/#primaryimage\"},\"thumbnailUrl\":\"https:\\\/\\\/www.notibras.com\\\/site\\\/wp-content\\\/uploads\\\/2016\\\/06\\\/votourna.jpg\",\"articleSection\":[\"Opina a\u00ed\"],\"inLanguage\":\"pt-BR\",\"potentialAction\":[{\"@type\":\"CommentAction\",\"name\":\"Comment\",\"target\":[\"https:\\\/\\\/www.notibras.com\\\/site\\\/mudancas-na-legislacao-vao-marcar-eleicoes-municipais-de-outubro\\\/#respond\"]}]},{\"@type\":\"WebPage\",\"@id\":\"https:\\\/\\\/www.notibras.com\\\/site\\\/mudancas-na-legislacao-vao-marcar-eleicoes-municipais-de-outubro\\\/\",\"url\":\"https:\\\/\\\/www.notibras.com\\\/site\\\/mudancas-na-legislacao-vao-marcar-eleicoes-municipais-de-outubro\\\/\",\"name\":\"Mudan\u00e7as na legisla\u00e7\u00e3o v\u00e3o marcar elei\u00e7\u00f5es municipais de outubro - Notibras\",\"isPartOf\":{\"@id\":\"https:\\\/\\\/www.notibras.com\\\/site\\\/#website\"},\"primaryImageOfPage\":{\"@id\":\"https:\\\/\\\/www.notibras.com\\\/site\\\/mudancas-na-legislacao-vao-marcar-eleicoes-municipais-de-outubro\\\/#primaryimage\"},\"image\":{\"@id\":\"https:\\\/\\\/www.notibras.com\\\/site\\\/mudancas-na-legislacao-vao-marcar-eleicoes-municipais-de-outubro\\\/#primaryimage\"},\"thumbnailUrl\":\"https:\\\/\\\/www.notibras.com\\\/site\\\/wp-content\\\/uploads\\\/2016\\\/06\\\/votourna.jpg\",\"datePublished\":\"2016-06-16T09:06:40+00:00\",\"breadcrumb\":{\"@id\":\"https:\\\/\\\/www.notibras.com\\\/site\\\/mudancas-na-legislacao-vao-marcar-eleicoes-municipais-de-outubro\\\/#breadcrumb\"},\"inLanguage\":\"pt-BR\",\"potentialAction\":[{\"@type\":\"ReadAction\",\"target\":[\"https:\\\/\\\/www.notibras.com\\\/site\\\/mudancas-na-legislacao-vao-marcar-eleicoes-municipais-de-outubro\\\/\"]}]},{\"@type\":\"ImageObject\",\"inLanguage\":\"pt-BR\",\"@id\":\"https:\\\/\\\/www.notibras.com\\\/site\\\/mudancas-na-legislacao-vao-marcar-eleicoes-municipais-de-outubro\\\/#primaryimage\",\"url\":\"https:\\\/\\\/www.notibras.com\\\/site\\\/wp-content\\\/uploads\\\/2016\\\/06\\\/votourna.jpg\",\"contentUrl\":\"https:\\\/\\\/www.notibras.com\\\/site\\\/wp-content\\\/uploads\\\/2016\\\/06\\\/votourna.jpg\",\"width\":600,\"height\":400},{\"@type\":\"BreadcrumbList\",\"@id\":\"https:\\\/\\\/www.notibras.com\\\/site\\\/mudancas-na-legislacao-vao-marcar-eleicoes-municipais-de-outubro\\\/#breadcrumb\",\"itemListElement\":[{\"@type\":\"ListItem\",\"position\":1,\"name\":\"In\u00edcio\",\"item\":\"https:\\\/\\\/www.notibras.com\\\/site\\\/\"},{\"@type\":\"ListItem\",\"position\":2,\"name\":\"Mudan\u00e7as na legisla\u00e7\u00e3o v\u00e3o marcar elei\u00e7\u00f5es municipais de outubro\"}]},{\"@type\":\"WebSite\",\"@id\":\"https:\\\/\\\/www.notibras.com\\\/site\\\/#website\",\"url\":\"https:\\\/\\\/www.notibras.com\\\/site\\\/\",\"name\":\"Notibras\",\"description\":\"Not\u00edcias de Bras\u00edlia, do Brasil e do Mundo\",\"publisher\":{\"@id\":\"https:\\\/\\\/www.notibras.com\\\/site\\\/#organization\"},\"potentialAction\":[{\"@type\":\"SearchAction\",\"target\":{\"@type\":\"EntryPoint\",\"urlTemplate\":\"https:\\\/\\\/www.notibras.com\\\/site\\\/?s={search_term_string}\"},\"query-input\":{\"@type\":\"PropertyValueSpecification\",\"valueRequired\":true,\"valueName\":\"search_term_string\"}}],\"inLanguage\":\"pt-BR\"},{\"@type\":\"Organization\",\"@id\":\"https:\\\/\\\/www.notibras.com\\\/site\\\/#organization\",\"name\":\"Grupo Notibras de Comunica\u00e7\u00e3o\",\"url\":\"https:\\\/\\\/www.notibras.com\\\/site\\\/\",\"logo\":{\"@type\":\"ImageObject\",\"inLanguage\":\"pt-BR\",\"@id\":\"https:\\\/\\\/www.notibras.com\\\/site\\\/#\\\/schema\\\/logo\\\/image\\\/\",\"url\":\"https:\\\/\\\/www.notibras.com\\\/site\\\/wp-content\\\/uploads\\\/2023\\\/01\\\/notibras23.png\",\"contentUrl\":\"https:\\\/\\\/www.notibras.com\\\/site\\\/wp-content\\\/uploads\\\/2023\\\/01\\\/notibras23.png\",\"width\":350,\"height\":87,\"caption\":\"Grupo Notibras de Comunica\u00e7\u00e3o\"},\"image\":{\"@id\":\"https:\\\/\\\/www.notibras.com\\\/site\\\/#\\\/schema\\\/logo\\\/image\\\/\"},\"sameAs\":[\"https:\\\/\\\/www.facebook.com\\\/notibras\\\/\",\"https:\\\/\\\/x.com\\\/Notibras\",\"https:\\\/\\\/www.instagram.com\\\/notibras\\\/\"]},{\"@type\":\"Person\",\"@id\":\"https:\\\/\\\/www.notibras.com\\\/site\\\/#\\\/schema\\\/person\\\/36ab0979449956132d3e5b517ea76ac8\",\"name\":\"Reda\u00e7\u00e3o\",\"image\":{\"@type\":\"ImageObject\",\"inLanguage\":\"pt-BR\",\"@id\":\"https:\\\/\\\/secure.gravatar.com\\\/avatar\\\/e0a867bdedb85fd243eadf09663511f96fc81e0720a4a42581f334ad4303aa6b?s=96&d=mm&r=g\",\"url\":\"https:\\\/\\\/secure.gravatar.com\\\/avatar\\\/e0a867bdedb85fd243eadf09663511f96fc81e0720a4a42581f334ad4303aa6b?s=96&d=mm&r=g\",\"contentUrl\":\"https:\\\/\\\/secure.gravatar.com\\\/avatar\\\/e0a867bdedb85fd243eadf09663511f96fc81e0720a4a42581f334ad4303aa6b?s=96&d=mm&r=g\",\"caption\":\"Reda\u00e7\u00e3o\"}}]}<\/script>\n<!-- \/ Yoast SEO plugin. -->","yoast_head_json":{"title":"Mudan\u00e7as na legisla\u00e7\u00e3o v\u00e3o marcar elei\u00e7\u00f5es municipais de outubro - Notibras","robots":{"index":"index","follow":"follow","max-snippet":"max-snippet:-1","max-image-preview":"max-image-preview:large","max-video-preview":"max-video-preview:-1"},"canonical":"https:\/\/www.notibras.com\/site\/mudancas-na-legislacao-vao-marcar-eleicoes-municipais-de-outubro\/","og_locale":"pt_BR","og_type":"article","og_title":"Mudan\u00e7as na legisla\u00e7\u00e3o v\u00e3o marcar elei\u00e7\u00f5es municipais de outubro - Notibras","og_description":"Daniel Bulha de Carvalho As elei\u00e7\u00f5es municipais previstas para este ano ser\u00e3o marcadas por grandes mudan\u00e7as, n\u00e3o somente atribu\u00eddas \u00e0s crises pol\u00edtica e econ\u00f4mica que assolam o pa\u00eds, mas tamb\u00e9m em raz\u00e3o de altera\u00e7\u00f5es significativas nas regras eleitorais. Isto porque, em meio ao turbilh\u00e3o pol\u00edtico permeado de den\u00fancias de corrup\u00e7\u00e3o, proposituras de pedidos de impedimento [&hellip;]","og_url":"https:\/\/www.notibras.com\/site\/mudancas-na-legislacao-vao-marcar-eleicoes-municipais-de-outubro\/","og_site_name":"Notibras","article_publisher":"https:\/\/www.facebook.com\/notibras\/","article_published_time":"2016-06-16T09:06:40+00:00","og_image":[{"width":600,"height":400,"url":"https:\/\/www.notibras.com\/site\/wp-content\/uploads\/2016\/06\/votourna.jpg","type":"image\/jpeg"}],"author":"Reda\u00e7\u00e3o","twitter_card":"summary_large_image","twitter_creator":"@Notibras","twitter_site":"@Notibras","twitter_misc":{"Escrito por":"Reda\u00e7\u00e3o","Est. tempo de leitura":"4 minutos"},"schema":{"@context":"https:\/\/schema.org","@graph":[{"@type":"Article","@id":"https:\/\/www.notibras.com\/site\/mudancas-na-legislacao-vao-marcar-eleicoes-municipais-de-outubro\/#article","isPartOf":{"@id":"https:\/\/www.notibras.com\/site\/mudancas-na-legislacao-vao-marcar-eleicoes-municipais-de-outubro\/"},"author":{"name":"Reda\u00e7\u00e3o","@id":"https:\/\/www.notibras.com\/site\/#\/schema\/person\/36ab0979449956132d3e5b517ea76ac8"},"headline":"Mudan\u00e7as na legisla\u00e7\u00e3o v\u00e3o marcar elei\u00e7\u00f5es municipais de outubro","datePublished":"2016-06-16T09:06:40+00:00","mainEntityOfPage":{"@id":"https:\/\/www.notibras.com\/site\/mudancas-na-legislacao-vao-marcar-eleicoes-municipais-de-outubro\/"},"wordCount":884,"commentCount":0,"publisher":{"@id":"https:\/\/www.notibras.com\/site\/#organization"},"image":{"@id":"https:\/\/www.notibras.com\/site\/mudancas-na-legislacao-vao-marcar-eleicoes-municipais-de-outubro\/#primaryimage"},"thumbnailUrl":"https:\/\/www.notibras.com\/site\/wp-content\/uploads\/2016\/06\/votourna.jpg","articleSection":["Opina a\u00ed"],"inLanguage":"pt-BR","potentialAction":[{"@type":"CommentAction","name":"Comment","target":["https:\/\/www.notibras.com\/site\/mudancas-na-legislacao-vao-marcar-eleicoes-municipais-de-outubro\/#respond"]}]},{"@type":"WebPage","@id":"https:\/\/www.notibras.com\/site\/mudancas-na-legislacao-vao-marcar-eleicoes-municipais-de-outubro\/","url":"https:\/\/www.notibras.com\/site\/mudancas-na-legislacao-vao-marcar-eleicoes-municipais-de-outubro\/","name":"Mudan\u00e7as na legisla\u00e7\u00e3o v\u00e3o marcar elei\u00e7\u00f5es municipais de outubro - Notibras","isPartOf":{"@id":"https:\/\/www.notibras.com\/site\/#website"},"primaryImageOfPage":{"@id":"https:\/\/www.notibras.com\/site\/mudancas-na-legislacao-vao-marcar-eleicoes-municipais-de-outubro\/#primaryimage"},"image":{"@id":"https:\/\/www.notibras.com\/site\/mudancas-na-legislacao-vao-marcar-eleicoes-municipais-de-outubro\/#primaryimage"},"thumbnailUrl":"https:\/\/www.notibras.com\/site\/wp-content\/uploads\/2016\/06\/votourna.jpg","datePublished":"2016-06-16T09:06:40+00:00","breadcrumb":{"@id":"https:\/\/www.notibras.com\/site\/mudancas-na-legislacao-vao-marcar-eleicoes-municipais-de-outubro\/#breadcrumb"},"inLanguage":"pt-BR","potentialAction":[{"@type":"ReadAction","target":["https:\/\/www.notibras.com\/site\/mudancas-na-legislacao-vao-marcar-eleicoes-municipais-de-outubro\/"]}]},{"@type":"ImageObject","inLanguage":"pt-BR","@id":"https:\/\/www.notibras.com\/site\/mudancas-na-legislacao-vao-marcar-eleicoes-municipais-de-outubro\/#primaryimage","url":"https:\/\/www.notibras.com\/site\/wp-content\/uploads\/2016\/06\/votourna.jpg","contentUrl":"https:\/\/www.notibras.com\/site\/wp-content\/uploads\/2016\/06\/votourna.jpg","width":600,"height":400},{"@type":"BreadcrumbList","@id":"https:\/\/www.notibras.com\/site\/mudancas-na-legislacao-vao-marcar-eleicoes-municipais-de-outubro\/#breadcrumb","itemListElement":[{"@type":"ListItem","position":1,"name":"In\u00edcio","item":"https:\/\/www.notibras.com\/site\/"},{"@type":"ListItem","position":2,"name":"Mudan\u00e7as na legisla\u00e7\u00e3o v\u00e3o marcar elei\u00e7\u00f5es municipais de outubro"}]},{"@type":"WebSite","@id":"https:\/\/www.notibras.com\/site\/#website","url":"https:\/\/www.notibras.com\/site\/","name":"Notibras","description":"Not\u00edcias de Bras\u00edlia, do Brasil e do Mundo","publisher":{"@id":"https:\/\/www.notibras.com\/site\/#organization"},"potentialAction":[{"@type":"SearchAction","target":{"@type":"EntryPoint","urlTemplate":"https:\/\/www.notibras.com\/site\/?s={search_term_string}"},"query-input":{"@type":"PropertyValueSpecification","valueRequired":true,"valueName":"search_term_string"}}],"inLanguage":"pt-BR"},{"@type":"Organization","@id":"https:\/\/www.notibras.com\/site\/#organization","name":"Grupo Notibras de Comunica\u00e7\u00e3o","url":"https:\/\/www.notibras.com\/site\/","logo":{"@type":"ImageObject","inLanguage":"pt-BR","@id":"https:\/\/www.notibras.com\/site\/#\/schema\/logo\/image\/","url":"https:\/\/www.notibras.com\/site\/wp-content\/uploads\/2023\/01\/notibras23.png","contentUrl":"https:\/\/www.notibras.com\/site\/wp-content\/uploads\/2023\/01\/notibras23.png","width":350,"height":87,"caption":"Grupo Notibras de Comunica\u00e7\u00e3o"},"image":{"@id":"https:\/\/www.notibras.com\/site\/#\/schema\/logo\/image\/"},"sameAs":["https:\/\/www.facebook.com\/notibras\/","https:\/\/x.com\/Notibras","https:\/\/www.instagram.com\/notibras\/"]},{"@type":"Person","@id":"https:\/\/www.notibras.com\/site\/#\/schema\/person\/36ab0979449956132d3e5b517ea76ac8","name":"Reda\u00e7\u00e3o","image":{"@type":"ImageObject","inLanguage":"pt-BR","@id":"https:\/\/secure.gravatar.com\/avatar\/e0a867bdedb85fd243eadf09663511f96fc81e0720a4a42581f334ad4303aa6b?s=96&d=mm&r=g","url":"https:\/\/secure.gravatar.com\/avatar\/e0a867bdedb85fd243eadf09663511f96fc81e0720a4a42581f334ad4303aa6b?s=96&d=mm&r=g","contentUrl":"https:\/\/secure.gravatar.com\/avatar\/e0a867bdedb85fd243eadf09663511f96fc81e0720a4a42581f334ad4303aa6b?s=96&d=mm&r=g","caption":"Reda\u00e7\u00e3o"}}]}},"amp_enabled":true,"_links":{"self":[{"href":"https:\/\/www.notibras.com\/site\/wp-json\/wp\/v2\/posts\/105082","targetHints":{"allow":["GET"]}}],"collection":[{"href":"https:\/\/www.notibras.com\/site\/wp-json\/wp\/v2\/posts"}],"about":[{"href":"https:\/\/www.notibras.com\/site\/wp-json\/wp\/v2\/types\/post"}],"author":[{"embeddable":true,"href":"https:\/\/www.notibras.com\/site\/wp-json\/wp\/v2\/users\/2"}],"replies":[{"embeddable":true,"href":"https:\/\/www.notibras.com\/site\/wp-json\/wp\/v2\/comments?post=105082"}],"version-history":[{"count":1,"href":"https:\/\/www.notibras.com\/site\/wp-json\/wp\/v2\/posts\/105082\/revisions"}],"predecessor-version":[{"id":105084,"href":"https:\/\/www.notibras.com\/site\/wp-json\/wp\/v2\/posts\/105082\/revisions\/105084"}],"wp:featuredmedia":[{"embeddable":true,"href":"https:\/\/www.notibras.com\/site\/wp-json\/wp\/v2\/media\/105083"}],"wp:attachment":[{"href":"https:\/\/www.notibras.com\/site\/wp-json\/wp\/v2\/media?parent=105082"}],"wp:term":[{"taxonomy":"category","embeddable":true,"href":"https:\/\/www.notibras.com\/site\/wp-json\/wp\/v2\/categories?post=105082"},{"taxonomy":"post_tag","embeddable":true,"href":"https:\/\/www.notibras.com\/site\/wp-json\/wp\/v2\/tags?post=105082"}],"curies":[{"name":"wp","href":"https:\/\/api.w.org\/{rel}","templated":true}]}}