{"id":10534,"date":"2014-05-22T14:19:41","date_gmt":"2014-05-22T17:19:41","guid":{"rendered":"http:\/\/www.notibras.com\/site\/?p=10534"},"modified":"2014-05-22T20:22:54","modified_gmt":"2014-05-22T23:22:54","slug":"dilma-sobe-vai-a-40-mas-aecio-e-eduardo-seguem-na-cola-e-somam-31","status":"publish","type":"post","link":"https:\/\/www.notibras.com\/site\/dilma-sobe-vai-a-40-mas-aecio-e-eduardo-seguem-na-cola-e-somam-31\/","title":{"rendered":"Dilma vai a 40%, mas A\u00e9cio e Eduardo, na cola, somam 31%"},"content":{"rendered":"<p>A presidente Dilma Rousseff (PT) cresceu nas inten\u00e7\u00f5es de votos para as elei\u00e7\u00f5es presidenciais em nova pesquisa divulgada pelo Ibope nesta quinta-feira. No levantamento, Dilma chegou a 40% da prefer\u00eancia do eleitorado, contra 37% da \u00faltima pesquisa.<\/p>\n<p class=\"text\">No entanto, os advers\u00e1rios da presidente tamb\u00e9m cresceram e diminu\u00edram a diferen\u00e7a. A\u00e9cio Neves, candidato do PSDB, tem 20% das inten\u00e7\u00f5es de voto, enquanto Eduardo Campos (PSB), est\u00e1 com 11%. Na \u00faltima pesquisa,\u00a0A\u00e9cio tinha 14%,\u00a0e Campos, 6%.<\/p>\n<p class=\"text\">Pastor Everaldo (PSC) tem 3%, e outros candidatos tamb\u00e9m somam 3%. Brancos e nulos s\u00e3o 14%, enquanto os eleitores que n\u00e3o souberam ou n\u00e3o responderam representam 10%.<\/p>\n<p class=\"text\">O Ibope tamb\u00e9m fez simula\u00e7\u00f5es de segundo turno. Na hip\u00f3tese de concorrerem Dilma e A\u00e9cio, a presidente fica com 43%, enquanto o tucano tem 24% da prefer\u00eancia do eleitorado. Brancos e nulos somam 24%, e entrevistados que n\u00e3o souberam ou n\u00e3o opinaram, 10%.<\/p>\n<p class=\"text\">No cen\u00e1rio entre Dilma e Campos, a presidente tamb\u00e9m vence, com 42%. O advers\u00e1rio teria 22% das inten\u00e7\u00f5es de voto. Brancos e nulos somam 25%, e entrevistados que n\u00e3o souberam ou n\u00e3o opinaram, 12%.<\/p>\n<p class=\"text\">O Ibope tamb\u00e9m simulou cen\u00e1rios no qual aparece o nome do ex-presidente Luiz In\u00e1cio Lula da Silva (PT). Concorrendo com A\u00e9cio, o petista vence com 49% das inten\u00e7\u00f5es de voto, contra 20% do tucano. Disputando com Eduardo Campos, o ex-presidente tamb\u00e9m leva a melhor: tem 50% da prefer\u00eancia, contra 16% do candidato do PSB.<\/p>\n<p class=\"text\">O Ibope ouviu 2.002 pessoas em 140 munic\u00edpios entre 15 e 19 de maio. A margem de erro da pesquisa \u00e9 de 2 pontos percentuais para mais ou para menos.<\/p>\n","protected":false},"excerpt":{"rendered":"<p>A presidente Dilma Rousseff (PT) cresceu nas inten\u00e7\u00f5es de votos para as elei\u00e7\u00f5es presidenciais em nova pesquisa divulgada pelo Ibope nesta quinta-feira. No levantamento, Dilma chegou a 40% da prefer\u00eancia do eleitorado, contra 37% da \u00faltima pesquisa. No entanto, os advers\u00e1rios da presidente tamb\u00e9m cresceram e diminu\u00edram a diferen\u00e7a. A\u00e9cio Neves, candidato do PSDB, tem [&hellip;]<\/p>\n","protected":false},"author":2,"featured_media":10535,"comment_status":"open","ping_status":"closed","sticky":false,"template":"","format":"standard","meta":{"_acf_changed":false,"footnotes":""},"categories":[16],"tags":[],"class_list":["post-10534","post","type-post","status-publish","format-standard","has-post-thumbnail","hentry","category-brasil"],"acf":[],"yoast_head":"<!-- This site is optimized with the Yoast SEO plugin v27.2 - https:\/\/yoast.com\/product\/yoast-seo-wordpress\/ -->\n<title>Dilma vai a 40%, mas A\u00e9cio e Eduardo, na cola, somam 31% - Notibras<\/title>\n<meta name=\"robots\" content=\"index, follow, max-snippet:-1, max-image-preview:large, max-video-preview:-1\" \/>\n<link rel=\"canonical\" href=\"https:\/\/www.notibras.com\/site\/dilma-sobe-vai-a-40-mas-aecio-e-eduardo-seguem-na-cola-e-somam-31\/\" \/>\n<meta property=\"og:locale\" content=\"pt_BR\" \/>\n<meta property=\"og:type\" content=\"article\" \/>\n<meta property=\"og:title\" content=\"Dilma vai a 40%, mas A\u00e9cio e Eduardo, na cola, somam 31% - Notibras\" \/>\n<meta property=\"og:description\" content=\"A presidente Dilma Rousseff (PT) cresceu nas inten\u00e7\u00f5es de votos para as elei\u00e7\u00f5es presidenciais em nova pesquisa divulgada pelo Ibope nesta quinta-feira. No levantamento, Dilma chegou a 40% da prefer\u00eancia do eleitorado, contra 37% da \u00faltima pesquisa. No entanto, os advers\u00e1rios da presidente tamb\u00e9m cresceram e diminu\u00edram a diferen\u00e7a. A\u00e9cio Neves, candidato do PSDB, tem [&hellip;]\" \/>\n<meta property=\"og:url\" content=\"https:\/\/www.notibras.com\/site\/dilma-sobe-vai-a-40-mas-aecio-e-eduardo-seguem-na-cola-e-somam-31\/\" \/>\n<meta property=\"og:site_name\" content=\"Notibras\" \/>\n<meta property=\"article:publisher\" content=\"https:\/\/www.facebook.com\/notibras\/\" \/>\n<meta property=\"article:published_time\" content=\"2014-05-22T17:19:41+00:00\" \/>\n<meta property=\"article:modified_time\" content=\"2014-05-22T23:22:54+00:00\" \/>\n<meta property=\"og:image\" content=\"https:\/\/www.notibras.com\/site\/wp-content\/uploads\/2014\/05\/pesquisa-eleitoral.jpg\" \/>\n\t<meta property=\"og:image:width\" content=\"650\" \/>\n\t<meta property=\"og:image:height\" content=\"450\" \/>\n\t<meta property=\"og:image:type\" content=\"image\/jpeg\" \/>\n<meta name=\"author\" content=\"Reda\u00e7\u00e3o\" \/>\n<meta name=\"twitter:card\" content=\"summary_large_image\" \/>\n<meta name=\"twitter:creator\" content=\"@Notibras\" \/>\n<meta name=\"twitter:site\" content=\"@Notibras\" \/>\n<meta name=\"twitter:label1\" content=\"Escrito por\" \/>\n\t<meta name=\"twitter:data1\" content=\"Reda\u00e7\u00e3o\" \/>\n\t<meta name=\"twitter:label2\" content=\"Est. tempo de leitura\" \/>\n\t<meta name=\"twitter:data2\" content=\"1 minuto\" \/>\n<script type=\"application\/ld+json\" class=\"yoast-schema-graph\">{\"@context\":\"https:\/\/schema.org\",\"@graph\":[{\"@type\":\"Article\",\"@id\":\"https:\/\/www.notibras.com\/site\/dilma-sobe-vai-a-40-mas-aecio-e-eduardo-seguem-na-cola-e-somam-31\/#article\",\"isPartOf\":{\"@id\":\"https:\/\/www.notibras.com\/site\/dilma-sobe-vai-a-40-mas-aecio-e-eduardo-seguem-na-cola-e-somam-31\/\"},\"author\":{\"name\":\"Reda\u00e7\u00e3o\",\"@id\":\"https:\/\/www.notibras.com\/site\/#\/schema\/person\/36ab0979449956132d3e5b517ea76ac8\"},\"headline\":\"Dilma vai a 40%, mas A\u00e9cio e Eduardo, na cola, somam 31%\",\"datePublished\":\"2014-05-22T17:19:41+00:00\",\"dateModified\":\"2014-05-22T23:22:54+00:00\",\"mainEntityOfPage\":{\"@id\":\"https:\/\/www.notibras.com\/site\/dilma-sobe-vai-a-40-mas-aecio-e-eduardo-seguem-na-cola-e-somam-31\/\"},\"wordCount\":282,\"commentCount\":0,\"publisher\":{\"@id\":\"https:\/\/www.notibras.com\/site\/#organization\"},\"image\":{\"@id\":\"https:\/\/www.notibras.com\/site\/dilma-sobe-vai-a-40-mas-aecio-e-eduardo-seguem-na-cola-e-somam-31\/#primaryimage\"},\"thumbnailUrl\":\"https:\/\/www.notibras.com\/site\/wp-content\/uploads\/2014\/05\/pesquisa-eleitoral.jpg\",\"articleSection\":[\"Brasil\"],\"inLanguage\":\"pt-BR\",\"potentialAction\":[{\"@type\":\"CommentAction\",\"name\":\"Comment\",\"target\":[\"https:\/\/www.notibras.com\/site\/dilma-sobe-vai-a-40-mas-aecio-e-eduardo-seguem-na-cola-e-somam-31\/#respond\"]}]},{\"@type\":\"WebPage\",\"@id\":\"https:\/\/www.notibras.com\/site\/dilma-sobe-vai-a-40-mas-aecio-e-eduardo-seguem-na-cola-e-somam-31\/\",\"url\":\"https:\/\/www.notibras.com\/site\/dilma-sobe-vai-a-40-mas-aecio-e-eduardo-seguem-na-cola-e-somam-31\/\",\"name\":\"Dilma vai a 40%, mas A\u00e9cio e Eduardo, na cola, somam 31% - Notibras\",\"isPartOf\":{\"@id\":\"https:\/\/www.notibras.com\/site\/#website\"},\"primaryImageOfPage\":{\"@id\":\"https:\/\/www.notibras.com\/site\/dilma-sobe-vai-a-40-mas-aecio-e-eduardo-seguem-na-cola-e-somam-31\/#primaryimage\"},\"image\":{\"@id\":\"https:\/\/www.notibras.com\/site\/dilma-sobe-vai-a-40-mas-aecio-e-eduardo-seguem-na-cola-e-somam-31\/#primaryimage\"},\"thumbnailUrl\":\"https:\/\/www.notibras.com\/site\/wp-content\/uploads\/2014\/05\/pesquisa-eleitoral.jpg\",\"datePublished\":\"2014-05-22T17:19:41+00:00\",\"dateModified\":\"2014-05-22T23:22:54+00:00\",\"breadcrumb\":{\"@id\":\"https:\/\/www.notibras.com\/site\/dilma-sobe-vai-a-40-mas-aecio-e-eduardo-seguem-na-cola-e-somam-31\/#breadcrumb\"},\"inLanguage\":\"pt-BR\",\"potentialAction\":[{\"@type\":\"ReadAction\",\"target\":[\"https:\/\/www.notibras.com\/site\/dilma-sobe-vai-a-40-mas-aecio-e-eduardo-seguem-na-cola-e-somam-31\/\"]}]},{\"@type\":\"ImageObject\",\"inLanguage\":\"pt-BR\",\"@id\":\"https:\/\/www.notibras.com\/site\/dilma-sobe-vai-a-40-mas-aecio-e-eduardo-seguem-na-cola-e-somam-31\/#primaryimage\",\"url\":\"https:\/\/www.notibras.com\/site\/wp-content\/uploads\/2014\/05\/pesquisa-eleitoral.jpg\",\"contentUrl\":\"https:\/\/www.notibras.com\/site\/wp-content\/uploads\/2014\/05\/pesquisa-eleitoral.jpg\",\"width\":650,\"height\":450},{\"@type\":\"BreadcrumbList\",\"@id\":\"https:\/\/www.notibras.com\/site\/dilma-sobe-vai-a-40-mas-aecio-e-eduardo-seguem-na-cola-e-somam-31\/#breadcrumb\",\"itemListElement\":[{\"@type\":\"ListItem\",\"position\":1,\"name\":\"In\u00edcio\",\"item\":\"https:\/\/www.notibras.com\/site\/\"},{\"@type\":\"ListItem\",\"position\":2,\"name\":\"Dilma vai a 40%, mas A\u00e9cio e Eduardo, na cola, somam 31%\"}]},{\"@type\":\"WebSite\",\"@id\":\"https:\/\/www.notibras.com\/site\/#website\",\"url\":\"https:\/\/www.notibras.com\/site\/\",\"name\":\"Notibras\",\"description\":\"Not\u00edcias de Bras\u00edlia, do Brasil e do Mundo\",\"publisher\":{\"@id\":\"https:\/\/www.notibras.com\/site\/#organization\"},\"potentialAction\":[{\"@type\":\"SearchAction\",\"target\":{\"@type\":\"EntryPoint\",\"urlTemplate\":\"https:\/\/www.notibras.com\/site\/?s={search_term_string}\"},\"query-input\":{\"@type\":\"PropertyValueSpecification\",\"valueRequired\":true,\"valueName\":\"search_term_string\"}}],\"inLanguage\":\"pt-BR\"},{\"@type\":\"Organization\",\"@id\":\"https:\/\/www.notibras.com\/site\/#organization\",\"name\":\"Grupo Notibras de Comunica\u00e7\u00e3o\",\"url\":\"https:\/\/www.notibras.com\/site\/\",\"logo\":{\"@type\":\"ImageObject\",\"inLanguage\":\"pt-BR\",\"@id\":\"https:\/\/www.notibras.com\/site\/#\/schema\/logo\/image\/\",\"url\":\"https:\/\/www.notibras.com\/site\/wp-content\/uploads\/2023\/01\/notibras23.png\",\"contentUrl\":\"https:\/\/www.notibras.com\/site\/wp-content\/uploads\/2023\/01\/notibras23.png\",\"width\":350,\"height\":87,\"caption\":\"Grupo Notibras de Comunica\u00e7\u00e3o\"},\"image\":{\"@id\":\"https:\/\/www.notibras.com\/site\/#\/schema\/logo\/image\/\"},\"sameAs\":[\"https:\/\/www.facebook.com\/notibras\/\",\"https:\/\/x.com\/Notibras\",\"https:\/\/www.instagram.com\/notibras\/\"]},{\"@type\":\"Person\",\"@id\":\"https:\/\/www.notibras.com\/site\/#\/schema\/person\/36ab0979449956132d3e5b517ea76ac8\",\"name\":\"Reda\u00e7\u00e3o\",\"image\":{\"@type\":\"ImageObject\",\"inLanguage\":\"pt-BR\",\"@id\":\"https:\/\/secure.gravatar.com\/avatar\/e0a867bdedb85fd243eadf09663511f96fc81e0720a4a42581f334ad4303aa6b?s=96&d=mm&r=g\",\"url\":\"https:\/\/secure.gravatar.com\/avatar\/e0a867bdedb85fd243eadf09663511f96fc81e0720a4a42581f334ad4303aa6b?s=96&d=mm&r=g\",\"contentUrl\":\"https:\/\/secure.gravatar.com\/avatar\/e0a867bdedb85fd243eadf09663511f96fc81e0720a4a42581f334ad4303aa6b?s=96&d=mm&r=g\",\"caption\":\"Reda\u00e7\u00e3o\"}}]}<\/script>\n<!-- \/ Yoast SEO plugin. -->","yoast_head_json":{"title":"Dilma vai a 40%, mas A\u00e9cio e Eduardo, na cola, somam 31% - Notibras","robots":{"index":"index","follow":"follow","max-snippet":"max-snippet:-1","max-image-preview":"max-image-preview:large","max-video-preview":"max-video-preview:-1"},"canonical":"https:\/\/www.notibras.com\/site\/dilma-sobe-vai-a-40-mas-aecio-e-eduardo-seguem-na-cola-e-somam-31\/","og_locale":"pt_BR","og_type":"article","og_title":"Dilma vai a 40%, mas A\u00e9cio e Eduardo, na cola, somam 31% - Notibras","og_description":"A presidente Dilma Rousseff (PT) cresceu nas inten\u00e7\u00f5es de votos para as elei\u00e7\u00f5es presidenciais em nova pesquisa divulgada pelo Ibope nesta quinta-feira. No levantamento, Dilma chegou a 40% da prefer\u00eancia do eleitorado, contra 37% da \u00faltima pesquisa. No entanto, os advers\u00e1rios da presidente tamb\u00e9m cresceram e diminu\u00edram a diferen\u00e7a. A\u00e9cio Neves, candidato do PSDB, tem [&hellip;]","og_url":"https:\/\/www.notibras.com\/site\/dilma-sobe-vai-a-40-mas-aecio-e-eduardo-seguem-na-cola-e-somam-31\/","og_site_name":"Notibras","article_publisher":"https:\/\/www.facebook.com\/notibras\/","article_published_time":"2014-05-22T17:19:41+00:00","article_modified_time":"2014-05-22T23:22:54+00:00","og_image":[{"width":650,"height":450,"url":"https:\/\/www.notibras.com\/site\/wp-content\/uploads\/2014\/05\/pesquisa-eleitoral.jpg","type":"image\/jpeg"}],"author":"Reda\u00e7\u00e3o","twitter_card":"summary_large_image","twitter_creator":"@Notibras","twitter_site":"@Notibras","twitter_misc":{"Escrito por":"Reda\u00e7\u00e3o","Est. tempo de leitura":"1 minuto"},"schema":{"@context":"https:\/\/schema.org","@graph":[{"@type":"Article","@id":"https:\/\/www.notibras.com\/site\/dilma-sobe-vai-a-40-mas-aecio-e-eduardo-seguem-na-cola-e-somam-31\/#article","isPartOf":{"@id":"https:\/\/www.notibras.com\/site\/dilma-sobe-vai-a-40-mas-aecio-e-eduardo-seguem-na-cola-e-somam-31\/"},"author":{"name":"Reda\u00e7\u00e3o","@id":"https:\/\/www.notibras.com\/site\/#\/schema\/person\/36ab0979449956132d3e5b517ea76ac8"},"headline":"Dilma vai a 40%, mas A\u00e9cio e Eduardo, na cola, somam 31%","datePublished":"2014-05-22T17:19:41+00:00","dateModified":"2014-05-22T23:22:54+00:00","mainEntityOfPage":{"@id":"https:\/\/www.notibras.com\/site\/dilma-sobe-vai-a-40-mas-aecio-e-eduardo-seguem-na-cola-e-somam-31\/"},"wordCount":282,"commentCount":0,"publisher":{"@id":"https:\/\/www.notibras.com\/site\/#organization"},"image":{"@id":"https:\/\/www.notibras.com\/site\/dilma-sobe-vai-a-40-mas-aecio-e-eduardo-seguem-na-cola-e-somam-31\/#primaryimage"},"thumbnailUrl":"https:\/\/www.notibras.com\/site\/wp-content\/uploads\/2014\/05\/pesquisa-eleitoral.jpg","articleSection":["Brasil"],"inLanguage":"pt-BR","potentialAction":[{"@type":"CommentAction","name":"Comment","target":["https:\/\/www.notibras.com\/site\/dilma-sobe-vai-a-40-mas-aecio-e-eduardo-seguem-na-cola-e-somam-31\/#respond"]}]},{"@type":"WebPage","@id":"https:\/\/www.notibras.com\/site\/dilma-sobe-vai-a-40-mas-aecio-e-eduardo-seguem-na-cola-e-somam-31\/","url":"https:\/\/www.notibras.com\/site\/dilma-sobe-vai-a-40-mas-aecio-e-eduardo-seguem-na-cola-e-somam-31\/","name":"Dilma vai a 40%, mas A\u00e9cio e Eduardo, na cola, somam 31% - Notibras","isPartOf":{"@id":"https:\/\/www.notibras.com\/site\/#website"},"primaryImageOfPage":{"@id":"https:\/\/www.notibras.com\/site\/dilma-sobe-vai-a-40-mas-aecio-e-eduardo-seguem-na-cola-e-somam-31\/#primaryimage"},"image":{"@id":"https:\/\/www.notibras.com\/site\/dilma-sobe-vai-a-40-mas-aecio-e-eduardo-seguem-na-cola-e-somam-31\/#primaryimage"},"thumbnailUrl":"https:\/\/www.notibras.com\/site\/wp-content\/uploads\/2014\/05\/pesquisa-eleitoral.jpg","datePublished":"2014-05-22T17:19:41+00:00","dateModified":"2014-05-22T23:22:54+00:00","breadcrumb":{"@id":"https:\/\/www.notibras.com\/site\/dilma-sobe-vai-a-40-mas-aecio-e-eduardo-seguem-na-cola-e-somam-31\/#breadcrumb"},"inLanguage":"pt-BR","potentialAction":[{"@type":"ReadAction","target":["https:\/\/www.notibras.com\/site\/dilma-sobe-vai-a-40-mas-aecio-e-eduardo-seguem-na-cola-e-somam-31\/"]}]},{"@type":"ImageObject","inLanguage":"pt-BR","@id":"https:\/\/www.notibras.com\/site\/dilma-sobe-vai-a-40-mas-aecio-e-eduardo-seguem-na-cola-e-somam-31\/#primaryimage","url":"https:\/\/www.notibras.com\/site\/wp-content\/uploads\/2014\/05\/pesquisa-eleitoral.jpg","contentUrl":"https:\/\/www.notibras.com\/site\/wp-content\/uploads\/2014\/05\/pesquisa-eleitoral.jpg","width":650,"height":450},{"@type":"BreadcrumbList","@id":"https:\/\/www.notibras.com\/site\/dilma-sobe-vai-a-40-mas-aecio-e-eduardo-seguem-na-cola-e-somam-31\/#breadcrumb","itemListElement":[{"@type":"ListItem","position":1,"name":"In\u00edcio","item":"https:\/\/www.notibras.com\/site\/"},{"@type":"ListItem","position":2,"name":"Dilma vai a 40%, mas A\u00e9cio e Eduardo, na cola, somam 31%"}]},{"@type":"WebSite","@id":"https:\/\/www.notibras.com\/site\/#website","url":"https:\/\/www.notibras.com\/site\/","name":"Notibras","description":"Not\u00edcias de Bras\u00edlia, do Brasil e do Mundo","publisher":{"@id":"https:\/\/www.notibras.com\/site\/#organization"},"potentialAction":[{"@type":"SearchAction","target":{"@type":"EntryPoint","urlTemplate":"https:\/\/www.notibras.com\/site\/?s={search_term_string}"},"query-input":{"@type":"PropertyValueSpecification","valueRequired":true,"valueName":"search_term_string"}}],"inLanguage":"pt-BR"},{"@type":"Organization","@id":"https:\/\/www.notibras.com\/site\/#organization","name":"Grupo Notibras de Comunica\u00e7\u00e3o","url":"https:\/\/www.notibras.com\/site\/","logo":{"@type":"ImageObject","inLanguage":"pt-BR","@id":"https:\/\/www.notibras.com\/site\/#\/schema\/logo\/image\/","url":"https:\/\/www.notibras.com\/site\/wp-content\/uploads\/2023\/01\/notibras23.png","contentUrl":"https:\/\/www.notibras.com\/site\/wp-content\/uploads\/2023\/01\/notibras23.png","width":350,"height":87,"caption":"Grupo Notibras de Comunica\u00e7\u00e3o"},"image":{"@id":"https:\/\/www.notibras.com\/site\/#\/schema\/logo\/image\/"},"sameAs":["https:\/\/www.facebook.com\/notibras\/","https:\/\/x.com\/Notibras","https:\/\/www.instagram.com\/notibras\/"]},{"@type":"Person","@id":"https:\/\/www.notibras.com\/site\/#\/schema\/person\/36ab0979449956132d3e5b517ea76ac8","name":"Reda\u00e7\u00e3o","image":{"@type":"ImageObject","inLanguage":"pt-BR","@id":"https:\/\/secure.gravatar.com\/avatar\/e0a867bdedb85fd243eadf09663511f96fc81e0720a4a42581f334ad4303aa6b?s=96&d=mm&r=g","url":"https:\/\/secure.gravatar.com\/avatar\/e0a867bdedb85fd243eadf09663511f96fc81e0720a4a42581f334ad4303aa6b?s=96&d=mm&r=g","contentUrl":"https:\/\/secure.gravatar.com\/avatar\/e0a867bdedb85fd243eadf09663511f96fc81e0720a4a42581f334ad4303aa6b?s=96&d=mm&r=g","caption":"Reda\u00e7\u00e3o"}}]}},"amp_enabled":true,"_links":{"self":[{"href":"https:\/\/www.notibras.com\/site\/wp-json\/wp\/v2\/posts\/10534","targetHints":{"allow":["GET"]}}],"collection":[{"href":"https:\/\/www.notibras.com\/site\/wp-json\/wp\/v2\/posts"}],"about":[{"href":"https:\/\/www.notibras.com\/site\/wp-json\/wp\/v2\/types\/post"}],"author":[{"embeddable":true,"href":"https:\/\/www.notibras.com\/site\/wp-json\/wp\/v2\/users\/2"}],"replies":[{"embeddable":true,"href":"https:\/\/www.notibras.com\/site\/wp-json\/wp\/v2\/comments?post=10534"}],"version-history":[{"count":0,"href":"https:\/\/www.notibras.com\/site\/wp-json\/wp\/v2\/posts\/10534\/revisions"}],"wp:featuredmedia":[{"embeddable":true,"href":"https:\/\/www.notibras.com\/site\/wp-json\/wp\/v2\/media\/10535"}],"wp:attachment":[{"href":"https:\/\/www.notibras.com\/site\/wp-json\/wp\/v2\/media?parent=10534"}],"wp:term":[{"taxonomy":"category","embeddable":true,"href":"https:\/\/www.notibras.com\/site\/wp-json\/wp\/v2\/categories?post=10534"},{"taxonomy":"post_tag","embeddable":true,"href":"https:\/\/www.notibras.com\/site\/wp-json\/wp\/v2\/tags?post=10534"}],"curies":[{"name":"wp","href":"https:\/\/api.w.org\/{rel}","templated":true}]}}