{"id":105574,"date":"2016-06-21T22:17:41","date_gmt":"2016-06-22T01:17:41","guid":{"rendered":"http:\/\/www.notibras.com\/site\/?p=105574"},"modified":"2016-06-21T22:17:41","modified_gmt":"2016-06-22T01:17:41","slug":"impeachment-de-dilma-renova-as-esperancas-por-um-brasil-melhor","status":"publish","type":"post","link":"https:\/\/www.notibras.com\/site\/impeachment-de-dilma-renova-as-esperancas-por-um-brasil-melhor\/","title":{"rendered":"Impeachment de Dilma renova as esperan\u00e7as por um Brasil melhor"},"content":{"rendered":"<p><strong>Antonio Imbassahy<\/strong><\/p>\n<p>O processo de impeachment da presidente Dilma Rousseff, a poucas semanas de ser finalizado no Senado, traz li\u00e7\u00f5es importantes para o pa\u00eds e ratifica, a exemplo do que ocorreu quando do impeachment do ent\u00e3o presidente Fernando Collor, a solidez das institui\u00e7\u00f5es e a maturidade da democracia brasileira.<\/p>\n<p>Foi constru\u00eddo de forma muito respons\u00e1vel por todos os envolvidos e em total conson\u00e2ncia com o desejo das ruas. E, sendo um processo jur\u00eddico-pol\u00edtico, a presidente hoje afastada foi julgada, no momento da an\u00e1lise da admissibilidade do pedido pela C\u00e2mara e, depois no Senado, pelo conjunto de sua desastrosa obra para o pa\u00eds.<\/p>\n<p>Os movimentos de junho de 2013, ent\u00e3o com reivindica\u00e7\u00f5es ainda difusas, j\u00e1 eram uma clara indica\u00e7\u00e3o de um descontentamento geral e coletivo, que cresceu fortemente \u00e0 medida que a crise econ\u00f4mica se agravava e a Opera\u00e7\u00e3o Lava Jato avan\u00e7ava. As investiga\u00e7\u00f5es expuseram as v\u00edsceras de uma organiza\u00e7\u00e3o criminosa que pilhou o Estado, e incriminaram figuras do entorno de Dilma e do seu mentor, Lula.<\/p>\n<p>Pari passu, os brasileiros descobriram que a campanha que reelegeu Dilma foi azeitada com dinheiro da corrup\u00e7\u00e3o na Petrobras e que foram enganados, j\u00e1 que Dilma p\u00f4s em pr\u00e1tica o contr\u00e1rio de tudo o que havia prometido. Perceberam, ent\u00e3o, que pagavam a salgada conta das mentiras contadas, da roubalheira desenfreada e da recess\u00e3o profunda gerada pela incompet\u00eancia petista.<\/p>\n<p>Por seu lado, o TCU constatou que a presidente mentiu tamb\u00e9m sobre a situa\u00e7\u00e3o das contas p\u00fablicas ao recorrer \u00e0s tais pedaladas fiscais \u2013manobras pelas quais bancos p\u00fablicos financiaram o Tesouro. Desrespeitou, assim, a Lei Or\u00e7ament\u00e1ria e a Lei de Responsabilidade Fiscal. Sob essa conjuntura, as manifesta\u00e7\u00f5es de ruas tornaram-se mais espec\u00edficas \u2013contra a corrup\u00e7\u00e3o e pelo fim do governo Dilma.<\/p>\n<p>Coube \u00e0 C\u00e2mara dos Deputados acolher a den\u00fancia formulada pelos juristas H\u00e9lio Bicudo, Miguel Reale J\u00fanior e Jana\u00edna Paschoal, baseada nas pedaladas fiscais e na assinatura de decretos de suplementa\u00e7\u00e3o de verbas sem autoriza\u00e7\u00e3o do Congresso. Abriu-se, assim, o processo de impeachment que, at\u00e9 o seu minuto final, seguiu estritamente o rito estabelecido pela Constitui\u00e7\u00e3o e pelo Supremo Tribunal Federal.<\/p>\n<p>Os crimes foram comprovados, a C\u00e2mara aprovou a admissibilidade da den\u00fancia, o Senado a aceitou e afastou a presidente. E \u00e9 sempre importante ressaltar que a presidente afastada teve assegurado o seu amplo direito de defesa e o exerceu largamente, recorrendo, inclusive, v\u00e1rias vezes ao STF. Agora, no Senado, o processo segue os mesmos par\u00e2metros e os princ\u00edpios observados na C\u00e2mara.<\/p>\n<p>A poucas semanas da decis\u00e3o que, tenho plena confian\u00e7a, afastar\u00e1 definitivamente Dilma da Presid\u00eancia, \u00e9 importante olhar para tr\u00e1s e revisitar como o processo se deu.<\/p>\n<p>Todos os agentes envolvidos atuaram de forma firme e decisiva. A C\u00e2mara materializou na aprova\u00e7\u00e3o da admissibilidade do impeachment o desejo da maioria dos brasileiros que foram \u00e0s ruas; o STF foi o guardi\u00e3o do cumprimento do rito que ele definiu \u00e0 luz da Constitui\u00e7\u00e3o; a imprensa livre ficou alerta contra todo e qualquer movimento de descumprimento \u00e0s regras do processo e os movimentos sociais mobilizaram os brasileiros para o exerc\u00edcio da cidadania de forma plena e pac\u00edfica.<\/p>\n<p>Da mesma forma, sinalizou \u00e0 sociedade que ningu\u00e9m est\u00e1 acima da lei e que a mesma democracia que garante as elei\u00e7\u00f5es tamb\u00e9m tem rem\u00e9dios para substituir aqueles que atentam contra a Constitui\u00e7\u00e3o. O impeachment \u00e9, portanto, um instrumento democr\u00e1tico e o Brasil est\u00e1 aplicando-o de forma exemplar.<\/p>\n<p>O afastamento de um presidente da Rep\u00fablica \u00e9 sempre um momento dif\u00edcil e tenso para um pa\u00eds. \u00c9 um teste da robusteza de suas institui\u00e7\u00f5es e de sua democracia e de aprendizado. E, assim como ocorreu no impeachment de Collor h\u00e1 23 anos, o Brasil segue adiante, mais forte e com sua esperan\u00e7a renovada pela chance de um recome\u00e7o.<\/p>\n","protected":false},"excerpt":{"rendered":"<p>Antonio Imbassahy O processo de impeachment da presidente Dilma Rousseff, a poucas semanas de ser finalizado no Senado, traz li\u00e7\u00f5es importantes para o pa\u00eds e ratifica, a exemplo do que ocorreu quando do impeachment do ent\u00e3o presidente Fernando Collor, a solidez das institui\u00e7\u00f5es e a maturidade da democracia brasileira. Foi constru\u00eddo de forma muito respons\u00e1vel [&hellip;]<\/p>\n","protected":false},"author":2,"featured_media":105575,"comment_status":"open","ping_status":"closed","sticky":false,"template":"","format":"standard","meta":{"_acf_changed":false,"footnotes":""},"categories":[25],"tags":[],"class_list":["post-105574","post","type-post","status-publish","format-standard","has-post-thumbnail","hentry","category-opina-ai"],"acf":[],"yoast_head":"<!-- This site is optimized with the Yoast SEO plugin v27.5 - https:\/\/yoast.com\/product\/yoast-seo-wordpress\/ -->\n<title>Impeachment de Dilma renova as esperan\u00e7as por um Brasil melhor - Notibras<\/title>\n<meta name=\"robots\" content=\"index, follow, max-snippet:-1, max-image-preview:large, max-video-preview:-1\" \/>\n<link rel=\"canonical\" href=\"https:\/\/www.notibras.com\/site\/impeachment-de-dilma-renova-as-esperancas-por-um-brasil-melhor\/\" \/>\n<meta property=\"og:locale\" content=\"pt_BR\" \/>\n<meta property=\"og:type\" content=\"article\" \/>\n<meta property=\"og:title\" content=\"Impeachment de Dilma renova as esperan\u00e7as por um Brasil melhor - Notibras\" \/>\n<meta property=\"og:description\" content=\"Antonio Imbassahy O processo de impeachment da presidente Dilma Rousseff, a poucas semanas de ser finalizado no Senado, traz li\u00e7\u00f5es importantes para o pa\u00eds e ratifica, a exemplo do que ocorreu quando do impeachment do ent\u00e3o presidente Fernando Collor, a solidez das institui\u00e7\u00f5es e a maturidade da democracia brasileira. Foi constru\u00eddo de forma muito respons\u00e1vel [&hellip;]\" \/>\n<meta property=\"og:url\" content=\"https:\/\/www.notibras.com\/site\/impeachment-de-dilma-renova-as-esperancas-por-um-brasil-melhor\/\" \/>\n<meta property=\"og:site_name\" content=\"Notibras\" \/>\n<meta property=\"article:publisher\" content=\"https:\/\/www.facebook.com\/notibras\/\" \/>\n<meta property=\"article:published_time\" content=\"2016-06-22T01:17:41+00:00\" \/>\n<meta property=\"og:image\" content=\"https:\/\/www.notibras.com\/site\/wp-content\/uploads\/2016\/06\/imop.jpg\" \/>\n\t<meta property=\"og:image:width\" content=\"620\" \/>\n\t<meta property=\"og:image:height\" content=\"465\" \/>\n\t<meta property=\"og:image:type\" content=\"image\/jpeg\" \/>\n<meta name=\"author\" content=\"Reda\u00e7\u00e3o\" \/>\n<meta name=\"twitter:card\" content=\"summary_large_image\" \/>\n<meta name=\"twitter:creator\" content=\"@Notibras\" \/>\n<meta name=\"twitter:site\" content=\"@Notibras\" \/>\n<meta name=\"twitter:label1\" content=\"Escrito por\" \/>\n\t<meta name=\"twitter:data1\" content=\"Reda\u00e7\u00e3o\" \/>\n\t<meta name=\"twitter:label2\" content=\"Est. tempo de leitura\" \/>\n\t<meta name=\"twitter:data2\" content=\"3 minutos\" \/>\n<script type=\"application\/ld+json\" class=\"yoast-schema-graph\">{\"@context\":\"https:\\\/\\\/schema.org\",\"@graph\":[{\"@type\":\"Article\",\"@id\":\"https:\\\/\\\/www.notibras.com\\\/site\\\/impeachment-de-dilma-renova-as-esperancas-por-um-brasil-melhor\\\/#article\",\"isPartOf\":{\"@id\":\"https:\\\/\\\/www.notibras.com\\\/site\\\/impeachment-de-dilma-renova-as-esperancas-por-um-brasil-melhor\\\/\"},\"author\":{\"name\":\"Reda\u00e7\u00e3o\",\"@id\":\"https:\\\/\\\/www.notibras.com\\\/site\\\/#\\\/schema\\\/person\\\/36ab0979449956132d3e5b517ea76ac8\"},\"headline\":\"Impeachment de Dilma renova as esperan\u00e7as por um Brasil melhor\",\"datePublished\":\"2016-06-22T01:17:41+00:00\",\"mainEntityOfPage\":{\"@id\":\"https:\\\/\\\/www.notibras.com\\\/site\\\/impeachment-de-dilma-renova-as-esperancas-por-um-brasil-melhor\\\/\"},\"wordCount\":689,\"commentCount\":0,\"publisher\":{\"@id\":\"https:\\\/\\\/www.notibras.com\\\/site\\\/#organization\"},\"image\":{\"@id\":\"https:\\\/\\\/www.notibras.com\\\/site\\\/impeachment-de-dilma-renova-as-esperancas-por-um-brasil-melhor\\\/#primaryimage\"},\"thumbnailUrl\":\"https:\\\/\\\/www.notibras.com\\\/site\\\/wp-content\\\/uploads\\\/2016\\\/06\\\/imop.jpg\",\"articleSection\":[\"Opina a\u00ed\"],\"inLanguage\":\"pt-BR\",\"potentialAction\":[{\"@type\":\"CommentAction\",\"name\":\"Comment\",\"target\":[\"https:\\\/\\\/www.notibras.com\\\/site\\\/impeachment-de-dilma-renova-as-esperancas-por-um-brasil-melhor\\\/#respond\"]}]},{\"@type\":\"WebPage\",\"@id\":\"https:\\\/\\\/www.notibras.com\\\/site\\\/impeachment-de-dilma-renova-as-esperancas-por-um-brasil-melhor\\\/\",\"url\":\"https:\\\/\\\/www.notibras.com\\\/site\\\/impeachment-de-dilma-renova-as-esperancas-por-um-brasil-melhor\\\/\",\"name\":\"Impeachment de Dilma renova as esperan\u00e7as por um Brasil melhor - Notibras\",\"isPartOf\":{\"@id\":\"https:\\\/\\\/www.notibras.com\\\/site\\\/#website\"},\"primaryImageOfPage\":{\"@id\":\"https:\\\/\\\/www.notibras.com\\\/site\\\/impeachment-de-dilma-renova-as-esperancas-por-um-brasil-melhor\\\/#primaryimage\"},\"image\":{\"@id\":\"https:\\\/\\\/www.notibras.com\\\/site\\\/impeachment-de-dilma-renova-as-esperancas-por-um-brasil-melhor\\\/#primaryimage\"},\"thumbnailUrl\":\"https:\\\/\\\/www.notibras.com\\\/site\\\/wp-content\\\/uploads\\\/2016\\\/06\\\/imop.jpg\",\"datePublished\":\"2016-06-22T01:17:41+00:00\",\"breadcrumb\":{\"@id\":\"https:\\\/\\\/www.notibras.com\\\/site\\\/impeachment-de-dilma-renova-as-esperancas-por-um-brasil-melhor\\\/#breadcrumb\"},\"inLanguage\":\"pt-BR\",\"potentialAction\":[{\"@type\":\"ReadAction\",\"target\":[\"https:\\\/\\\/www.notibras.com\\\/site\\\/impeachment-de-dilma-renova-as-esperancas-por-um-brasil-melhor\\\/\"]}]},{\"@type\":\"ImageObject\",\"inLanguage\":\"pt-BR\",\"@id\":\"https:\\\/\\\/www.notibras.com\\\/site\\\/impeachment-de-dilma-renova-as-esperancas-por-um-brasil-melhor\\\/#primaryimage\",\"url\":\"https:\\\/\\\/www.notibras.com\\\/site\\\/wp-content\\\/uploads\\\/2016\\\/06\\\/imop.jpg\",\"contentUrl\":\"https:\\\/\\\/www.notibras.com\\\/site\\\/wp-content\\\/uploads\\\/2016\\\/06\\\/imop.jpg\",\"width\":620,\"height\":465},{\"@type\":\"BreadcrumbList\",\"@id\":\"https:\\\/\\\/www.notibras.com\\\/site\\\/impeachment-de-dilma-renova-as-esperancas-por-um-brasil-melhor\\\/#breadcrumb\",\"itemListElement\":[{\"@type\":\"ListItem\",\"position\":1,\"name\":\"In\u00edcio\",\"item\":\"https:\\\/\\\/www.notibras.com\\\/site\\\/\"},{\"@type\":\"ListItem\",\"position\":2,\"name\":\"Impeachment de Dilma renova as esperan\u00e7as por um Brasil melhor\"}]},{\"@type\":\"WebSite\",\"@id\":\"https:\\\/\\\/www.notibras.com\\\/site\\\/#website\",\"url\":\"https:\\\/\\\/www.notibras.com\\\/site\\\/\",\"name\":\"Notibras\",\"description\":\"Not\u00edcias de Bras\u00edlia, do Brasil e do Mundo\",\"publisher\":{\"@id\":\"https:\\\/\\\/www.notibras.com\\\/site\\\/#organization\"},\"potentialAction\":[{\"@type\":\"SearchAction\",\"target\":{\"@type\":\"EntryPoint\",\"urlTemplate\":\"https:\\\/\\\/www.notibras.com\\\/site\\\/?s={search_term_string}\"},\"query-input\":{\"@type\":\"PropertyValueSpecification\",\"valueRequired\":true,\"valueName\":\"search_term_string\"}}],\"inLanguage\":\"pt-BR\"},{\"@type\":\"Organization\",\"@id\":\"https:\\\/\\\/www.notibras.com\\\/site\\\/#organization\",\"name\":\"Grupo Notibras de Comunica\u00e7\u00e3o\",\"url\":\"https:\\\/\\\/www.notibras.com\\\/site\\\/\",\"logo\":{\"@type\":\"ImageObject\",\"inLanguage\":\"pt-BR\",\"@id\":\"https:\\\/\\\/www.notibras.com\\\/site\\\/#\\\/schema\\\/logo\\\/image\\\/\",\"url\":\"https:\\\/\\\/www.notibras.com\\\/site\\\/wp-content\\\/uploads\\\/2023\\\/01\\\/notibras23.png\",\"contentUrl\":\"https:\\\/\\\/www.notibras.com\\\/site\\\/wp-content\\\/uploads\\\/2023\\\/01\\\/notibras23.png\",\"width\":350,\"height\":87,\"caption\":\"Grupo Notibras de Comunica\u00e7\u00e3o\"},\"image\":{\"@id\":\"https:\\\/\\\/www.notibras.com\\\/site\\\/#\\\/schema\\\/logo\\\/image\\\/\"},\"sameAs\":[\"https:\\\/\\\/www.facebook.com\\\/notibras\\\/\",\"https:\\\/\\\/x.com\\\/Notibras\",\"https:\\\/\\\/www.instagram.com\\\/notibras\\\/\"]},{\"@type\":\"Person\",\"@id\":\"https:\\\/\\\/www.notibras.com\\\/site\\\/#\\\/schema\\\/person\\\/36ab0979449956132d3e5b517ea76ac8\",\"name\":\"Reda\u00e7\u00e3o\",\"image\":{\"@type\":\"ImageObject\",\"inLanguage\":\"pt-BR\",\"@id\":\"https:\\\/\\\/secure.gravatar.com\\\/avatar\\\/e0a867bdedb85fd243eadf09663511f96fc81e0720a4a42581f334ad4303aa6b?s=96&d=mm&r=g\",\"url\":\"https:\\\/\\\/secure.gravatar.com\\\/avatar\\\/e0a867bdedb85fd243eadf09663511f96fc81e0720a4a42581f334ad4303aa6b?s=96&d=mm&r=g\",\"contentUrl\":\"https:\\\/\\\/secure.gravatar.com\\\/avatar\\\/e0a867bdedb85fd243eadf09663511f96fc81e0720a4a42581f334ad4303aa6b?s=96&d=mm&r=g\",\"caption\":\"Reda\u00e7\u00e3o\"}}]}<\/script>\n<!-- \/ Yoast SEO plugin. -->","yoast_head_json":{"title":"Impeachment de Dilma renova as esperan\u00e7as por um Brasil melhor - Notibras","robots":{"index":"index","follow":"follow","max-snippet":"max-snippet:-1","max-image-preview":"max-image-preview:large","max-video-preview":"max-video-preview:-1"},"canonical":"https:\/\/www.notibras.com\/site\/impeachment-de-dilma-renova-as-esperancas-por-um-brasil-melhor\/","og_locale":"pt_BR","og_type":"article","og_title":"Impeachment de Dilma renova as esperan\u00e7as por um Brasil melhor - Notibras","og_description":"Antonio Imbassahy O processo de impeachment da presidente Dilma Rousseff, a poucas semanas de ser finalizado no Senado, traz li\u00e7\u00f5es importantes para o pa\u00eds e ratifica, a exemplo do que ocorreu quando do impeachment do ent\u00e3o presidente Fernando Collor, a solidez das institui\u00e7\u00f5es e a maturidade da democracia brasileira. Foi constru\u00eddo de forma muito respons\u00e1vel [&hellip;]","og_url":"https:\/\/www.notibras.com\/site\/impeachment-de-dilma-renova-as-esperancas-por-um-brasil-melhor\/","og_site_name":"Notibras","article_publisher":"https:\/\/www.facebook.com\/notibras\/","article_published_time":"2016-06-22T01:17:41+00:00","og_image":[{"width":620,"height":465,"url":"https:\/\/www.notibras.com\/site\/wp-content\/uploads\/2016\/06\/imop.jpg","type":"image\/jpeg"}],"author":"Reda\u00e7\u00e3o","twitter_card":"summary_large_image","twitter_creator":"@Notibras","twitter_site":"@Notibras","twitter_misc":{"Escrito por":"Reda\u00e7\u00e3o","Est. tempo de leitura":"3 minutos"},"schema":{"@context":"https:\/\/schema.org","@graph":[{"@type":"Article","@id":"https:\/\/www.notibras.com\/site\/impeachment-de-dilma-renova-as-esperancas-por-um-brasil-melhor\/#article","isPartOf":{"@id":"https:\/\/www.notibras.com\/site\/impeachment-de-dilma-renova-as-esperancas-por-um-brasil-melhor\/"},"author":{"name":"Reda\u00e7\u00e3o","@id":"https:\/\/www.notibras.com\/site\/#\/schema\/person\/36ab0979449956132d3e5b517ea76ac8"},"headline":"Impeachment de Dilma renova as esperan\u00e7as por um Brasil melhor","datePublished":"2016-06-22T01:17:41+00:00","mainEntityOfPage":{"@id":"https:\/\/www.notibras.com\/site\/impeachment-de-dilma-renova-as-esperancas-por-um-brasil-melhor\/"},"wordCount":689,"commentCount":0,"publisher":{"@id":"https:\/\/www.notibras.com\/site\/#organization"},"image":{"@id":"https:\/\/www.notibras.com\/site\/impeachment-de-dilma-renova-as-esperancas-por-um-brasil-melhor\/#primaryimage"},"thumbnailUrl":"https:\/\/www.notibras.com\/site\/wp-content\/uploads\/2016\/06\/imop.jpg","articleSection":["Opina a\u00ed"],"inLanguage":"pt-BR","potentialAction":[{"@type":"CommentAction","name":"Comment","target":["https:\/\/www.notibras.com\/site\/impeachment-de-dilma-renova-as-esperancas-por-um-brasil-melhor\/#respond"]}]},{"@type":"WebPage","@id":"https:\/\/www.notibras.com\/site\/impeachment-de-dilma-renova-as-esperancas-por-um-brasil-melhor\/","url":"https:\/\/www.notibras.com\/site\/impeachment-de-dilma-renova-as-esperancas-por-um-brasil-melhor\/","name":"Impeachment de Dilma renova as esperan\u00e7as por um Brasil melhor - Notibras","isPartOf":{"@id":"https:\/\/www.notibras.com\/site\/#website"},"primaryImageOfPage":{"@id":"https:\/\/www.notibras.com\/site\/impeachment-de-dilma-renova-as-esperancas-por-um-brasil-melhor\/#primaryimage"},"image":{"@id":"https:\/\/www.notibras.com\/site\/impeachment-de-dilma-renova-as-esperancas-por-um-brasil-melhor\/#primaryimage"},"thumbnailUrl":"https:\/\/www.notibras.com\/site\/wp-content\/uploads\/2016\/06\/imop.jpg","datePublished":"2016-06-22T01:17:41+00:00","breadcrumb":{"@id":"https:\/\/www.notibras.com\/site\/impeachment-de-dilma-renova-as-esperancas-por-um-brasil-melhor\/#breadcrumb"},"inLanguage":"pt-BR","potentialAction":[{"@type":"ReadAction","target":["https:\/\/www.notibras.com\/site\/impeachment-de-dilma-renova-as-esperancas-por-um-brasil-melhor\/"]}]},{"@type":"ImageObject","inLanguage":"pt-BR","@id":"https:\/\/www.notibras.com\/site\/impeachment-de-dilma-renova-as-esperancas-por-um-brasil-melhor\/#primaryimage","url":"https:\/\/www.notibras.com\/site\/wp-content\/uploads\/2016\/06\/imop.jpg","contentUrl":"https:\/\/www.notibras.com\/site\/wp-content\/uploads\/2016\/06\/imop.jpg","width":620,"height":465},{"@type":"BreadcrumbList","@id":"https:\/\/www.notibras.com\/site\/impeachment-de-dilma-renova-as-esperancas-por-um-brasil-melhor\/#breadcrumb","itemListElement":[{"@type":"ListItem","position":1,"name":"In\u00edcio","item":"https:\/\/www.notibras.com\/site\/"},{"@type":"ListItem","position":2,"name":"Impeachment de Dilma renova as esperan\u00e7as por um Brasil melhor"}]},{"@type":"WebSite","@id":"https:\/\/www.notibras.com\/site\/#website","url":"https:\/\/www.notibras.com\/site\/","name":"Notibras","description":"Not\u00edcias de Bras\u00edlia, do Brasil e do Mundo","publisher":{"@id":"https:\/\/www.notibras.com\/site\/#organization"},"potentialAction":[{"@type":"SearchAction","target":{"@type":"EntryPoint","urlTemplate":"https:\/\/www.notibras.com\/site\/?s={search_term_string}"},"query-input":{"@type":"PropertyValueSpecification","valueRequired":true,"valueName":"search_term_string"}}],"inLanguage":"pt-BR"},{"@type":"Organization","@id":"https:\/\/www.notibras.com\/site\/#organization","name":"Grupo Notibras de Comunica\u00e7\u00e3o","url":"https:\/\/www.notibras.com\/site\/","logo":{"@type":"ImageObject","inLanguage":"pt-BR","@id":"https:\/\/www.notibras.com\/site\/#\/schema\/logo\/image\/","url":"https:\/\/www.notibras.com\/site\/wp-content\/uploads\/2023\/01\/notibras23.png","contentUrl":"https:\/\/www.notibras.com\/site\/wp-content\/uploads\/2023\/01\/notibras23.png","width":350,"height":87,"caption":"Grupo Notibras de Comunica\u00e7\u00e3o"},"image":{"@id":"https:\/\/www.notibras.com\/site\/#\/schema\/logo\/image\/"},"sameAs":["https:\/\/www.facebook.com\/notibras\/","https:\/\/x.com\/Notibras","https:\/\/www.instagram.com\/notibras\/"]},{"@type":"Person","@id":"https:\/\/www.notibras.com\/site\/#\/schema\/person\/36ab0979449956132d3e5b517ea76ac8","name":"Reda\u00e7\u00e3o","image":{"@type":"ImageObject","inLanguage":"pt-BR","@id":"https:\/\/secure.gravatar.com\/avatar\/e0a867bdedb85fd243eadf09663511f96fc81e0720a4a42581f334ad4303aa6b?s=96&d=mm&r=g","url":"https:\/\/secure.gravatar.com\/avatar\/e0a867bdedb85fd243eadf09663511f96fc81e0720a4a42581f334ad4303aa6b?s=96&d=mm&r=g","contentUrl":"https:\/\/secure.gravatar.com\/avatar\/e0a867bdedb85fd243eadf09663511f96fc81e0720a4a42581f334ad4303aa6b?s=96&d=mm&r=g","caption":"Reda\u00e7\u00e3o"}}]}},"amp_enabled":true,"_links":{"self":[{"href":"https:\/\/www.notibras.com\/site\/wp-json\/wp\/v2\/posts\/105574","targetHints":{"allow":["GET"]}}],"collection":[{"href":"https:\/\/www.notibras.com\/site\/wp-json\/wp\/v2\/posts"}],"about":[{"href":"https:\/\/www.notibras.com\/site\/wp-json\/wp\/v2\/types\/post"}],"author":[{"embeddable":true,"href":"https:\/\/www.notibras.com\/site\/wp-json\/wp\/v2\/users\/2"}],"replies":[{"embeddable":true,"href":"https:\/\/www.notibras.com\/site\/wp-json\/wp\/v2\/comments?post=105574"}],"version-history":[{"count":1,"href":"https:\/\/www.notibras.com\/site\/wp-json\/wp\/v2\/posts\/105574\/revisions"}],"predecessor-version":[{"id":105576,"href":"https:\/\/www.notibras.com\/site\/wp-json\/wp\/v2\/posts\/105574\/revisions\/105576"}],"wp:featuredmedia":[{"embeddable":true,"href":"https:\/\/www.notibras.com\/site\/wp-json\/wp\/v2\/media\/105575"}],"wp:attachment":[{"href":"https:\/\/www.notibras.com\/site\/wp-json\/wp\/v2\/media?parent=105574"}],"wp:term":[{"taxonomy":"category","embeddable":true,"href":"https:\/\/www.notibras.com\/site\/wp-json\/wp\/v2\/categories?post=105574"},{"taxonomy":"post_tag","embeddable":true,"href":"https:\/\/www.notibras.com\/site\/wp-json\/wp\/v2\/tags?post=105574"}],"curies":[{"name":"wp","href":"https:\/\/api.w.org\/{rel}","templated":true}]}}