{"id":10571,"date":"2014-05-22T17:28:17","date_gmt":"2014-05-22T20:28:17","guid":{"rendered":"http:\/\/www.notibras.com\/site\/?p=10571"},"modified":"2014-05-23T17:12:02","modified_gmt":"2014-05-23T20:12:02","slug":"pmdb-nao-apita-nada-na-alianca-e-pt-vai-levando-vantagem-de-bracada","status":"publish","type":"post","link":"https:\/\/www.notibras.com\/site\/pmdb-nao-apita-nada-na-alianca-e-pt-vai-levando-vantagem-de-bracada\/","title":{"rendered":"PMDB n\u00e3o apita nada na alian\u00e7a e PT vai levando de bra\u00e7ada"},"content":{"rendered":"<p>A menos de 20 dias da sua conven\u00e7\u00e3o nacional, o PMDB continua enroscado em algumas situa\u00e7\u00f5es do cen\u00e1rio das sucess\u00f5es presidencial e de governos estaduais. Isso por conta das s\u00e9rias dificuldades de relacionamento com o PT em v\u00e1rios estados e a falta de di\u00e1logo com a presidente Dilma Rousseff.<\/p>\n<blockquote><p>&#8220;O PMDB participa do governo com cinco ministros e mais cinco ou seis minutos di\u00e1rios de propaganda na televis\u00e3o e no r\u00e1dio. Mas n\u00e3o apita em nenhuma pol\u00edtica p\u00fablica. N\u00e3o \u00e9 ouvido para nada&#8221;, critica o deputado Leonardo Picciani, do Diret\u00f3rio do Rio de Janeiro.<\/p><\/blockquote>\n<p>Essa demonstra\u00e7\u00e3o de um partido rachado ficou evidenciada na reuni\u00e3o da semana passada da Executiva Nacional com as lideran\u00e7as estaduais.<\/p>\n<p>Pelo menos seis estados se posicionaram contr\u00e1rios \u00e0 reedi\u00e7\u00e3o da alian\u00e7a que elegeu, em 2010, Dilma, presidente, e Michel Temer, vice\u2013presidente.<\/p>\n<p>Ficou patente que o resultado da conven\u00e7\u00e3o nacional poder\u00e1 ser imprevis\u00edvel, porque o voto \u00e9 secreto.<\/p>\n<p>O vice\u2013presidente Michel Temer, que est\u00e1 manobrando para disputar a reelei\u00e7\u00e3o, ao lado de Dilma, procurou colocar panos quentes nas diverg\u00eancias evidenciadas durante a reuni\u00e3o dos caciques peemedebistas, e que ele presidia.<\/p>\n<p>Aliados de Temer (Jos\u00e9 Sarney, Renan Calheiros e Jarbas Barbalho) acionaram o ex\u2013presidente Lula no sentido de acalmar os petistas mais radicais e assim criar condi\u00e7\u00f5es para atenuar a crise interna no PMDB.<\/p>\n<p>J\u00e1 s\u00e3o conhecidas decis\u00f5es de alguns diret\u00f3rios regionais. No Rio, o partido ter\u00e1 como candidato o governador Luis Fernando Pez\u00e3o, batendo de frente com o candidato do PT, o senador Lindberg Farias, com um forte grupo apoiando a candidatura do presidenci\u00e1vel A\u00e9cio Neves.<\/p>\n<p>Lideran\u00e7as de Goi\u00e1s, Pernambuco, Bahia, Mato Grosso do Sul e Rio Grande do Sul, manifestaram sua contrariedade \u00e0 manuten\u00e7\u00e3o da alian\u00e7a PT\u2013PMDB.<\/p>\n<p>L\u00edder nas pesquisas de opini\u00e3o, o senador Eun\u00edcio Oliveira n\u00e3o abre m\u00e3o do apoio do PT \u00e0 sua candidatura ao governo do Cear\u00e1 e amea\u00e7a rever as alian\u00e7as no estado,, se aproximando do ex\u2013senador tucano Tasso Jereissati, que vai articular a campanha de A\u00e9cio Neves na Regi\u00e3o Nordeste.<\/p>\n<p>O PMDB ga\u00facho se coligou com o PSB para lan\u00e7ar Jos\u00e9 Ivo Sartori ao governo do Rio Grande do Sul, garantindo assim palanque ao presidenci\u00e1vel Eduardo Campos. Essa articula\u00e7\u00e3o foi feita pelo senador peemedebista Pedro Simon que no pr\u00f3ximo ano se aposentar\u00e1 das atividades pol\u00edticas. O PMDB de Pernambuco, liderado pelo senador Jarbas Vasconcelos, anunciou que est\u00e1 fechado com a candidatura Eduardo Campos.<\/p>\n<p>At\u00e9 a conven\u00e7\u00e3o partid\u00e1ria, marcada para 10 de junho, muita \u00e1gua vai rolar debaixo da ponte do PMDB. Os presidenci\u00e1veis da oposi\u00e7\u00e3o A\u00e9cio Neves (PSDB) e Eduardo Campos (PSB) ficar\u00e3o na expectativa do que poder\u00e1 sobrar da pancadaria entre os peemedebistas. Os caciques que pularem do barco da Dilma ser\u00e3o recebidos de bra\u00e7os abertos e com muita festividade.<\/p>\n<p><strong>Cl\u00e1udio Coletti<\/strong><\/p>\n","protected":false},"excerpt":{"rendered":"<p>A menos de 20 dias da sua conven\u00e7\u00e3o nacional, o PMDB continua enroscado em algumas situa\u00e7\u00f5es do cen\u00e1rio das sucess\u00f5es presidencial e de governos estaduais. Isso por conta das s\u00e9rias dificuldades de relacionamento com o PT em v\u00e1rios estados e a falta de di\u00e1logo com a presidente Dilma Rousseff. &#8220;O PMDB participa do governo com [&hellip;]<\/p>\n","protected":false},"author":2,"featured_media":10572,"comment_status":"open","ping_status":"closed","sticky":false,"template":"","format":"standard","meta":{"_acf_changed":false,"footnotes":""},"categories":[25],"tags":[],"class_list":["post-10571","post","type-post","status-publish","format-standard","has-post-thumbnail","hentry","category-opina-ai"],"acf":[],"yoast_head":"<!-- This site is optimized with the Yoast SEO plugin v27.5 - https:\/\/yoast.com\/product\/yoast-seo-wordpress\/ -->\n<title>PMDB n\u00e3o apita nada na alian\u00e7a e PT vai levando de bra\u00e7ada - Notibras<\/title>\n<meta name=\"robots\" content=\"index, follow, max-snippet:-1, max-image-preview:large, max-video-preview:-1\" \/>\n<link rel=\"canonical\" href=\"https:\/\/www.notibras.com\/site\/pmdb-nao-apita-nada-na-alianca-e-pt-vai-levando-vantagem-de-bracada\/\" \/>\n<meta property=\"og:locale\" content=\"pt_BR\" \/>\n<meta property=\"og:type\" content=\"article\" \/>\n<meta property=\"og:title\" content=\"PMDB n\u00e3o apita nada na alian\u00e7a e PT vai levando de bra\u00e7ada - Notibras\" \/>\n<meta property=\"og:description\" content=\"A menos de 20 dias da sua conven\u00e7\u00e3o nacional, o PMDB continua enroscado em algumas situa\u00e7\u00f5es do cen\u00e1rio das sucess\u00f5es presidencial e de governos estaduais. Isso por conta das s\u00e9rias dificuldades de relacionamento com o PT em v\u00e1rios estados e a falta de di\u00e1logo com a presidente Dilma Rousseff. &#8220;O PMDB participa do governo com [&hellip;]\" \/>\n<meta property=\"og:url\" content=\"https:\/\/www.notibras.com\/site\/pmdb-nao-apita-nada-na-alianca-e-pt-vai-levando-vantagem-de-bracada\/\" \/>\n<meta property=\"og:site_name\" content=\"Notibras\" \/>\n<meta property=\"article:publisher\" content=\"https:\/\/www.facebook.com\/notibras\/\" \/>\n<meta property=\"article:published_time\" content=\"2014-05-22T20:28:17+00:00\" \/>\n<meta property=\"article:modified_time\" content=\"2014-05-23T20:12:02+00:00\" \/>\n<meta property=\"og:image\" content=\"https:\/\/www.notibras.com\/site\/wp-content\/uploads\/2014\/05\/Mais-de-metade-do-PMDB-rejeita-alian\u00e7a-com-PT.jpg\" \/>\n\t<meta property=\"og:image:width\" content=\"725\" \/>\n\t<meta property=\"og:image:height\" content=\"483\" \/>\n\t<meta property=\"og:image:type\" content=\"image\/jpeg\" \/>\n<meta name=\"author\" content=\"Reda\u00e7\u00e3o\" \/>\n<meta name=\"twitter:card\" content=\"summary_large_image\" \/>\n<meta name=\"twitter:creator\" content=\"@Notibras\" \/>\n<meta name=\"twitter:site\" content=\"@Notibras\" \/>\n<meta name=\"twitter:label1\" content=\"Escrito por\" \/>\n\t<meta name=\"twitter:data1\" content=\"Reda\u00e7\u00e3o\" \/>\n\t<meta name=\"twitter:label2\" content=\"Est. tempo de leitura\" \/>\n\t<meta name=\"twitter:data2\" content=\"3 minutos\" \/>\n<script type=\"application\/ld+json\" class=\"yoast-schema-graph\">{\"@context\":\"https:\\\/\\\/schema.org\",\"@graph\":[{\"@type\":\"Article\",\"@id\":\"https:\\\/\\\/www.notibras.com\\\/site\\\/pmdb-nao-apita-nada-na-alianca-e-pt-vai-levando-vantagem-de-bracada\\\/#article\",\"isPartOf\":{\"@id\":\"https:\\\/\\\/www.notibras.com\\\/site\\\/pmdb-nao-apita-nada-na-alianca-e-pt-vai-levando-vantagem-de-bracada\\\/\"},\"author\":{\"name\":\"Reda\u00e7\u00e3o\",\"@id\":\"https:\\\/\\\/www.notibras.com\\\/site\\\/#\\\/schema\\\/person\\\/36ab0979449956132d3e5b517ea76ac8\"},\"headline\":\"PMDB n\u00e3o apita nada na alian\u00e7a e PT vai levando de bra\u00e7ada\",\"datePublished\":\"2014-05-22T20:28:17+00:00\",\"dateModified\":\"2014-05-23T20:12:02+00:00\",\"mainEntityOfPage\":{\"@id\":\"https:\\\/\\\/www.notibras.com\\\/site\\\/pmdb-nao-apita-nada-na-alianca-e-pt-vai-levando-vantagem-de-bracada\\\/\"},\"wordCount\":525,\"commentCount\":0,\"publisher\":{\"@id\":\"https:\\\/\\\/www.notibras.com\\\/site\\\/#organization\"},\"image\":{\"@id\":\"https:\\\/\\\/www.notibras.com\\\/site\\\/pmdb-nao-apita-nada-na-alianca-e-pt-vai-levando-vantagem-de-bracada\\\/#primaryimage\"},\"thumbnailUrl\":\"https:\\\/\\\/www.notibras.com\\\/site\\\/wp-content\\\/uploads\\\/2014\\\/05\\\/Mais-de-metade-do-PMDB-rejeita-alian\u00e7a-com-PT.jpg\",\"articleSection\":[\"Opina a\u00ed\"],\"inLanguage\":\"pt-BR\",\"potentialAction\":[{\"@type\":\"CommentAction\",\"name\":\"Comment\",\"target\":[\"https:\\\/\\\/www.notibras.com\\\/site\\\/pmdb-nao-apita-nada-na-alianca-e-pt-vai-levando-vantagem-de-bracada\\\/#respond\"]}]},{\"@type\":\"WebPage\",\"@id\":\"https:\\\/\\\/www.notibras.com\\\/site\\\/pmdb-nao-apita-nada-na-alianca-e-pt-vai-levando-vantagem-de-bracada\\\/\",\"url\":\"https:\\\/\\\/www.notibras.com\\\/site\\\/pmdb-nao-apita-nada-na-alianca-e-pt-vai-levando-vantagem-de-bracada\\\/\",\"name\":\"PMDB n\u00e3o apita nada na alian\u00e7a e PT vai levando de bra\u00e7ada - Notibras\",\"isPartOf\":{\"@id\":\"https:\\\/\\\/www.notibras.com\\\/site\\\/#website\"},\"primaryImageOfPage\":{\"@id\":\"https:\\\/\\\/www.notibras.com\\\/site\\\/pmdb-nao-apita-nada-na-alianca-e-pt-vai-levando-vantagem-de-bracada\\\/#primaryimage\"},\"image\":{\"@id\":\"https:\\\/\\\/www.notibras.com\\\/site\\\/pmdb-nao-apita-nada-na-alianca-e-pt-vai-levando-vantagem-de-bracada\\\/#primaryimage\"},\"thumbnailUrl\":\"https:\\\/\\\/www.notibras.com\\\/site\\\/wp-content\\\/uploads\\\/2014\\\/05\\\/Mais-de-metade-do-PMDB-rejeita-alian\u00e7a-com-PT.jpg\",\"datePublished\":\"2014-05-22T20:28:17+00:00\",\"dateModified\":\"2014-05-23T20:12:02+00:00\",\"breadcrumb\":{\"@id\":\"https:\\\/\\\/www.notibras.com\\\/site\\\/pmdb-nao-apita-nada-na-alianca-e-pt-vai-levando-vantagem-de-bracada\\\/#breadcrumb\"},\"inLanguage\":\"pt-BR\",\"potentialAction\":[{\"@type\":\"ReadAction\",\"target\":[\"https:\\\/\\\/www.notibras.com\\\/site\\\/pmdb-nao-apita-nada-na-alianca-e-pt-vai-levando-vantagem-de-bracada\\\/\"]}]},{\"@type\":\"ImageObject\",\"inLanguage\":\"pt-BR\",\"@id\":\"https:\\\/\\\/www.notibras.com\\\/site\\\/pmdb-nao-apita-nada-na-alianca-e-pt-vai-levando-vantagem-de-bracada\\\/#primaryimage\",\"url\":\"https:\\\/\\\/www.notibras.com\\\/site\\\/wp-content\\\/uploads\\\/2014\\\/05\\\/Mais-de-metade-do-PMDB-rejeita-alian\u00e7a-com-PT.jpg\",\"contentUrl\":\"https:\\\/\\\/www.notibras.com\\\/site\\\/wp-content\\\/uploads\\\/2014\\\/05\\\/Mais-de-metade-do-PMDB-rejeita-alian\u00e7a-com-PT.jpg\",\"width\":725,\"height\":483},{\"@type\":\"BreadcrumbList\",\"@id\":\"https:\\\/\\\/www.notibras.com\\\/site\\\/pmdb-nao-apita-nada-na-alianca-e-pt-vai-levando-vantagem-de-bracada\\\/#breadcrumb\",\"itemListElement\":[{\"@type\":\"ListItem\",\"position\":1,\"name\":\"In\u00edcio\",\"item\":\"https:\\\/\\\/www.notibras.com\\\/site\\\/\"},{\"@type\":\"ListItem\",\"position\":2,\"name\":\"PMDB n\u00e3o apita nada na alian\u00e7a e PT vai levando de bra\u00e7ada\"}]},{\"@type\":\"WebSite\",\"@id\":\"https:\\\/\\\/www.notibras.com\\\/site\\\/#website\",\"url\":\"https:\\\/\\\/www.notibras.com\\\/site\\\/\",\"name\":\"Notibras\",\"description\":\"Not\u00edcias de Bras\u00edlia, do Brasil e do Mundo\",\"publisher\":{\"@id\":\"https:\\\/\\\/www.notibras.com\\\/site\\\/#organization\"},\"potentialAction\":[{\"@type\":\"SearchAction\",\"target\":{\"@type\":\"EntryPoint\",\"urlTemplate\":\"https:\\\/\\\/www.notibras.com\\\/site\\\/?s={search_term_string}\"},\"query-input\":{\"@type\":\"PropertyValueSpecification\",\"valueRequired\":true,\"valueName\":\"search_term_string\"}}],\"inLanguage\":\"pt-BR\"},{\"@type\":\"Organization\",\"@id\":\"https:\\\/\\\/www.notibras.com\\\/site\\\/#organization\",\"name\":\"Grupo Notibras de Comunica\u00e7\u00e3o\",\"url\":\"https:\\\/\\\/www.notibras.com\\\/site\\\/\",\"logo\":{\"@type\":\"ImageObject\",\"inLanguage\":\"pt-BR\",\"@id\":\"https:\\\/\\\/www.notibras.com\\\/site\\\/#\\\/schema\\\/logo\\\/image\\\/\",\"url\":\"https:\\\/\\\/www.notibras.com\\\/site\\\/wp-content\\\/uploads\\\/2023\\\/01\\\/notibras23.png\",\"contentUrl\":\"https:\\\/\\\/www.notibras.com\\\/site\\\/wp-content\\\/uploads\\\/2023\\\/01\\\/notibras23.png\",\"width\":350,\"height\":87,\"caption\":\"Grupo Notibras de Comunica\u00e7\u00e3o\"},\"image\":{\"@id\":\"https:\\\/\\\/www.notibras.com\\\/site\\\/#\\\/schema\\\/logo\\\/image\\\/\"},\"sameAs\":[\"https:\\\/\\\/www.facebook.com\\\/notibras\\\/\",\"https:\\\/\\\/x.com\\\/Notibras\",\"https:\\\/\\\/www.instagram.com\\\/notibras\\\/\"]},{\"@type\":\"Person\",\"@id\":\"https:\\\/\\\/www.notibras.com\\\/site\\\/#\\\/schema\\\/person\\\/36ab0979449956132d3e5b517ea76ac8\",\"name\":\"Reda\u00e7\u00e3o\",\"image\":{\"@type\":\"ImageObject\",\"inLanguage\":\"pt-BR\",\"@id\":\"https:\\\/\\\/secure.gravatar.com\\\/avatar\\\/e0a867bdedb85fd243eadf09663511f96fc81e0720a4a42581f334ad4303aa6b?s=96&d=mm&r=g\",\"url\":\"https:\\\/\\\/secure.gravatar.com\\\/avatar\\\/e0a867bdedb85fd243eadf09663511f96fc81e0720a4a42581f334ad4303aa6b?s=96&d=mm&r=g\",\"contentUrl\":\"https:\\\/\\\/secure.gravatar.com\\\/avatar\\\/e0a867bdedb85fd243eadf09663511f96fc81e0720a4a42581f334ad4303aa6b?s=96&d=mm&r=g\",\"caption\":\"Reda\u00e7\u00e3o\"}}]}<\/script>\n<!-- \/ Yoast SEO plugin. -->","yoast_head_json":{"title":"PMDB n\u00e3o apita nada na alian\u00e7a e PT vai levando de bra\u00e7ada - Notibras","robots":{"index":"index","follow":"follow","max-snippet":"max-snippet:-1","max-image-preview":"max-image-preview:large","max-video-preview":"max-video-preview:-1"},"canonical":"https:\/\/www.notibras.com\/site\/pmdb-nao-apita-nada-na-alianca-e-pt-vai-levando-vantagem-de-bracada\/","og_locale":"pt_BR","og_type":"article","og_title":"PMDB n\u00e3o apita nada na alian\u00e7a e PT vai levando de bra\u00e7ada - Notibras","og_description":"A menos de 20 dias da sua conven\u00e7\u00e3o nacional, o PMDB continua enroscado em algumas situa\u00e7\u00f5es do cen\u00e1rio das sucess\u00f5es presidencial e de governos estaduais. Isso por conta das s\u00e9rias dificuldades de relacionamento com o PT em v\u00e1rios estados e a falta de di\u00e1logo com a presidente Dilma Rousseff. &#8220;O PMDB participa do governo com [&hellip;]","og_url":"https:\/\/www.notibras.com\/site\/pmdb-nao-apita-nada-na-alianca-e-pt-vai-levando-vantagem-de-bracada\/","og_site_name":"Notibras","article_publisher":"https:\/\/www.facebook.com\/notibras\/","article_published_time":"2014-05-22T20:28:17+00:00","article_modified_time":"2014-05-23T20:12:02+00:00","og_image":[{"width":725,"height":483,"url":"https:\/\/www.notibras.com\/site\/wp-content\/uploads\/2014\/05\/Mais-de-metade-do-PMDB-rejeita-alian\u00e7a-com-PT.jpg","type":"image\/jpeg"}],"author":"Reda\u00e7\u00e3o","twitter_card":"summary_large_image","twitter_creator":"@Notibras","twitter_site":"@Notibras","twitter_misc":{"Escrito por":"Reda\u00e7\u00e3o","Est. tempo de leitura":"3 minutos"},"schema":{"@context":"https:\/\/schema.org","@graph":[{"@type":"Article","@id":"https:\/\/www.notibras.com\/site\/pmdb-nao-apita-nada-na-alianca-e-pt-vai-levando-vantagem-de-bracada\/#article","isPartOf":{"@id":"https:\/\/www.notibras.com\/site\/pmdb-nao-apita-nada-na-alianca-e-pt-vai-levando-vantagem-de-bracada\/"},"author":{"name":"Reda\u00e7\u00e3o","@id":"https:\/\/www.notibras.com\/site\/#\/schema\/person\/36ab0979449956132d3e5b517ea76ac8"},"headline":"PMDB n\u00e3o apita nada na alian\u00e7a e PT vai levando de bra\u00e7ada","datePublished":"2014-05-22T20:28:17+00:00","dateModified":"2014-05-23T20:12:02+00:00","mainEntityOfPage":{"@id":"https:\/\/www.notibras.com\/site\/pmdb-nao-apita-nada-na-alianca-e-pt-vai-levando-vantagem-de-bracada\/"},"wordCount":525,"commentCount":0,"publisher":{"@id":"https:\/\/www.notibras.com\/site\/#organization"},"image":{"@id":"https:\/\/www.notibras.com\/site\/pmdb-nao-apita-nada-na-alianca-e-pt-vai-levando-vantagem-de-bracada\/#primaryimage"},"thumbnailUrl":"https:\/\/www.notibras.com\/site\/wp-content\/uploads\/2014\/05\/Mais-de-metade-do-PMDB-rejeita-alian\u00e7a-com-PT.jpg","articleSection":["Opina a\u00ed"],"inLanguage":"pt-BR","potentialAction":[{"@type":"CommentAction","name":"Comment","target":["https:\/\/www.notibras.com\/site\/pmdb-nao-apita-nada-na-alianca-e-pt-vai-levando-vantagem-de-bracada\/#respond"]}]},{"@type":"WebPage","@id":"https:\/\/www.notibras.com\/site\/pmdb-nao-apita-nada-na-alianca-e-pt-vai-levando-vantagem-de-bracada\/","url":"https:\/\/www.notibras.com\/site\/pmdb-nao-apita-nada-na-alianca-e-pt-vai-levando-vantagem-de-bracada\/","name":"PMDB n\u00e3o apita nada na alian\u00e7a e PT vai levando de bra\u00e7ada - Notibras","isPartOf":{"@id":"https:\/\/www.notibras.com\/site\/#website"},"primaryImageOfPage":{"@id":"https:\/\/www.notibras.com\/site\/pmdb-nao-apita-nada-na-alianca-e-pt-vai-levando-vantagem-de-bracada\/#primaryimage"},"image":{"@id":"https:\/\/www.notibras.com\/site\/pmdb-nao-apita-nada-na-alianca-e-pt-vai-levando-vantagem-de-bracada\/#primaryimage"},"thumbnailUrl":"https:\/\/www.notibras.com\/site\/wp-content\/uploads\/2014\/05\/Mais-de-metade-do-PMDB-rejeita-alian\u00e7a-com-PT.jpg","datePublished":"2014-05-22T20:28:17+00:00","dateModified":"2014-05-23T20:12:02+00:00","breadcrumb":{"@id":"https:\/\/www.notibras.com\/site\/pmdb-nao-apita-nada-na-alianca-e-pt-vai-levando-vantagem-de-bracada\/#breadcrumb"},"inLanguage":"pt-BR","potentialAction":[{"@type":"ReadAction","target":["https:\/\/www.notibras.com\/site\/pmdb-nao-apita-nada-na-alianca-e-pt-vai-levando-vantagem-de-bracada\/"]}]},{"@type":"ImageObject","inLanguage":"pt-BR","@id":"https:\/\/www.notibras.com\/site\/pmdb-nao-apita-nada-na-alianca-e-pt-vai-levando-vantagem-de-bracada\/#primaryimage","url":"https:\/\/www.notibras.com\/site\/wp-content\/uploads\/2014\/05\/Mais-de-metade-do-PMDB-rejeita-alian\u00e7a-com-PT.jpg","contentUrl":"https:\/\/www.notibras.com\/site\/wp-content\/uploads\/2014\/05\/Mais-de-metade-do-PMDB-rejeita-alian\u00e7a-com-PT.jpg","width":725,"height":483},{"@type":"BreadcrumbList","@id":"https:\/\/www.notibras.com\/site\/pmdb-nao-apita-nada-na-alianca-e-pt-vai-levando-vantagem-de-bracada\/#breadcrumb","itemListElement":[{"@type":"ListItem","position":1,"name":"In\u00edcio","item":"https:\/\/www.notibras.com\/site\/"},{"@type":"ListItem","position":2,"name":"PMDB n\u00e3o apita nada na alian\u00e7a e PT vai levando de bra\u00e7ada"}]},{"@type":"WebSite","@id":"https:\/\/www.notibras.com\/site\/#website","url":"https:\/\/www.notibras.com\/site\/","name":"Notibras","description":"Not\u00edcias de Bras\u00edlia, do Brasil e do Mundo","publisher":{"@id":"https:\/\/www.notibras.com\/site\/#organization"},"potentialAction":[{"@type":"SearchAction","target":{"@type":"EntryPoint","urlTemplate":"https:\/\/www.notibras.com\/site\/?s={search_term_string}"},"query-input":{"@type":"PropertyValueSpecification","valueRequired":true,"valueName":"search_term_string"}}],"inLanguage":"pt-BR"},{"@type":"Organization","@id":"https:\/\/www.notibras.com\/site\/#organization","name":"Grupo Notibras de Comunica\u00e7\u00e3o","url":"https:\/\/www.notibras.com\/site\/","logo":{"@type":"ImageObject","inLanguage":"pt-BR","@id":"https:\/\/www.notibras.com\/site\/#\/schema\/logo\/image\/","url":"https:\/\/www.notibras.com\/site\/wp-content\/uploads\/2023\/01\/notibras23.png","contentUrl":"https:\/\/www.notibras.com\/site\/wp-content\/uploads\/2023\/01\/notibras23.png","width":350,"height":87,"caption":"Grupo Notibras de Comunica\u00e7\u00e3o"},"image":{"@id":"https:\/\/www.notibras.com\/site\/#\/schema\/logo\/image\/"},"sameAs":["https:\/\/www.facebook.com\/notibras\/","https:\/\/x.com\/Notibras","https:\/\/www.instagram.com\/notibras\/"]},{"@type":"Person","@id":"https:\/\/www.notibras.com\/site\/#\/schema\/person\/36ab0979449956132d3e5b517ea76ac8","name":"Reda\u00e7\u00e3o","image":{"@type":"ImageObject","inLanguage":"pt-BR","@id":"https:\/\/secure.gravatar.com\/avatar\/e0a867bdedb85fd243eadf09663511f96fc81e0720a4a42581f334ad4303aa6b?s=96&d=mm&r=g","url":"https:\/\/secure.gravatar.com\/avatar\/e0a867bdedb85fd243eadf09663511f96fc81e0720a4a42581f334ad4303aa6b?s=96&d=mm&r=g","contentUrl":"https:\/\/secure.gravatar.com\/avatar\/e0a867bdedb85fd243eadf09663511f96fc81e0720a4a42581f334ad4303aa6b?s=96&d=mm&r=g","caption":"Reda\u00e7\u00e3o"}}]}},"amp_enabled":true,"_links":{"self":[{"href":"https:\/\/www.notibras.com\/site\/wp-json\/wp\/v2\/posts\/10571","targetHints":{"allow":["GET"]}}],"collection":[{"href":"https:\/\/www.notibras.com\/site\/wp-json\/wp\/v2\/posts"}],"about":[{"href":"https:\/\/www.notibras.com\/site\/wp-json\/wp\/v2\/types\/post"}],"author":[{"embeddable":true,"href":"https:\/\/www.notibras.com\/site\/wp-json\/wp\/v2\/users\/2"}],"replies":[{"embeddable":true,"href":"https:\/\/www.notibras.com\/site\/wp-json\/wp\/v2\/comments?post=10571"}],"version-history":[{"count":0,"href":"https:\/\/www.notibras.com\/site\/wp-json\/wp\/v2\/posts\/10571\/revisions"}],"wp:featuredmedia":[{"embeddable":true,"href":"https:\/\/www.notibras.com\/site\/wp-json\/wp\/v2\/media\/10572"}],"wp:attachment":[{"href":"https:\/\/www.notibras.com\/site\/wp-json\/wp\/v2\/media?parent=10571"}],"wp:term":[{"taxonomy":"category","embeddable":true,"href":"https:\/\/www.notibras.com\/site\/wp-json\/wp\/v2\/categories?post=10571"},{"taxonomy":"post_tag","embeddable":true,"href":"https:\/\/www.notibras.com\/site\/wp-json\/wp\/v2\/tags?post=10571"}],"curies":[{"name":"wp","href":"https:\/\/api.w.org\/{rel}","templated":true}]}}