{"id":10589,"date":"2014-05-22T19:25:39","date_gmt":"2014-05-22T22:25:39","guid":{"rendered":"http:\/\/www.notibras.com\/site\/?p=10589"},"modified":"2014-05-22T20:31:45","modified_gmt":"2014-05-22T23:31:45","slug":"doleiro-fez-depositos-em-especie-na-conta-de-fernando-collor","status":"publish","type":"post","link":"https:\/\/www.notibras.com\/site\/doleiro-fez-depositos-em-especie-na-conta-de-fernando-collor\/","title":{"rendered":"Doleiro fez dep\u00f3sitos em esp\u00e9cie na conta de Collor"},"content":{"rendered":"<p>O juiz Sergio Fernando Moro, da 13\u00aa Vara Federal em Curitiba, informou nesta quinta 22 ao ministro Teori Zavascki, do Supremo Tribunal Federal (STF), que a Pol\u00edcia Federal (PF) encontrou comprovantes de dep\u00f3sitos banc\u00e1rios em esp\u00e9cie em favor do senador Fernando Collor (PTB-AL). Segundo o juiz, os comprovantes estavam no escrit\u00f3rio do doleiro Alberto Youssef, durante o cumprimento dos pedidos de busca e apreens\u00e3o da Opera\u00e7\u00e3o Lava Jato.<\/p>\n<blockquote><p>De acordo com relat\u00f3rio enviado pela Pol\u00edcia Federal ao juiz, ocorreram oito dep\u00f3sitos fracionados em esp\u00e9cie de R$ 1,5 mil; R$ 9 mil; R$ 1,5 mil; R$ 9 mil; R$ 8 mil; R$ 9 mil; R$ 8 mil e R$ 4 mil em favor do senador. Segundo a PF, os dep\u00f3sitos ocorreram em fevereiro, mar\u00e7o e maio do ano passado. Apesar dos achados da pol\u00edcia, Moro afirma que o senador n\u00e3o \u00e9 investigado na opera\u00e7\u00e3o.<\/p><\/blockquote>\n<p>\u201cRelativamente ao material apreendido, juntado ontem nos autos eletr\u00f4nicos, foi este ju\u00edzo alertado pela autoridade policial que nele constam oito comprovantes de dep\u00f3sitos banc\u00e1rios em esp\u00e9cie que teriam sido encontrados no escrit\u00f3rio de Alberto Youssef e que teriam por benefici\u00e1rio o senador da Rep\u00fablica Fernando Affonso Collor de Mello. Apesar disso, observo que n\u00e3o h\u00e1 qualquer ind\u00edcio do envolvimento do referido parlamentar nos crimes que j\u00e1 foram objeto das aludidas oito a\u00e7\u00f5es penais propostas\u201d, informou o juiz.<\/p>\n<p>O juiz ressalta no documento que n\u00e3o seria poss\u00edvel prever a apreens\u00e3o de achados relacionados a um senador. \u201cTal prova e eventual rela\u00e7\u00e3o entre o suposto doleiro e o referido senador era absolutamente desconhecida deste ju\u00edzo, tendo sido encontrada fortuitamente durante a busca e apreens\u00e3o. Invi\u00e1vel antes da busca, concluir pela presen\u00e7a de ind\u00edcios de crimes praticados por parlamentar e pela compet\u00eancia do Supremo Tribunal Federal, j\u00e1 que surgiram somente ap\u00f3s a dilig\u00eancia\u201d, declarou.<\/p>\n<p>No of\u00edcio enviado ao ministro, Sergio Moro ainda afirma que n\u00e3o autorizou a Pol\u00edcia Federal a fazer a dilig\u00eancia que encontrou conversas entre o deputado federal Andr\u00e9 Vargas (sem partido &#8211; PR) e Youssef, na qual teria sido marcada uma reuni\u00e3o na casa do deputado C\u00e2ndido Vacarezza (PT-SP).<\/p>\n<p>\u201cMuito embora o relat\u00f3rio preparado pela Pol\u00edcia Federal para a remessa do material do deputado federal Andr\u00e9 Vargas mencione o deputado federal C\u00e2ndido Vaccarezza, observo que a men\u00e7\u00e3o diz respeito a suposta reuni\u00e3o dele com Alberto Youssef, sem que, em princ\u00edpio, se possa inferir car\u00e1ter criminoso do evento em quest\u00e3o. Apesar do agente policial sugerir, no relat\u00f3rio, a este ju\u00edzo, que obtivesse confirma\u00e7\u00e3o de que determinado aparelho de Blackberry pertenceria ao referido deputado, observo que este ju\u00edzo n\u00e3o autorizou essa dilig\u00eancia e a recomenda\u00e7\u00e3o consta em relat\u00f3rio solicitado por este Ju\u00edzo com o prop\u00f3sito espec\u00edfico de remessa do material ao Supremo Tribunal Federal\u201d, disse Moro.<\/p>\n<p>S\u00e9rgio Moro tamb\u00e9m afirmou que o deputado Luiz Arg\u00f4lo (SDD-BA) n\u00e3o \u00e9 investigado na Lava Jato, assim como o deputado Andr\u00e9 Vargas. Durante as investiga\u00e7\u00f5es, a PF captou conversas entre os parlamentares e o doleiro que sugerem favorecimentos entre eles. \u201cApesar da remessa, observo que n\u00e3o h\u00e1 qualquer ind\u00edcio do envolvimento do parlamentar nos crimes que j\u00e1 foram objeto das aludidas oito a\u00e7\u00f5es penais propostas\u201d, garantiu o juiz.<\/p>\n<p>As informa\u00e7\u00f5es foram produzidas pelo juiz ao enviar ao Supremo todas as a\u00e7\u00f5es penais oriundas das investiga\u00e7\u00f5es da Opera\u00e7\u00e3o Lava Jato, conforme decis\u00e3o do ministro Teori Zavascki. O magistrado entendeu que as investiga\u00e7\u00f5es deve ser suspensas devido \u00e0 presen\u00e7a de parlamentares nos autos.<\/p>\n<div class=\"node-info\"><strong>Andr\u00e9 Richte, ABr <\/strong><\/div>\n","protected":false},"excerpt":{"rendered":"<p>O juiz Sergio Fernando Moro, da 13\u00aa Vara Federal em Curitiba, informou nesta quinta 22 ao ministro Teori Zavascki, do Supremo Tribunal Federal (STF), que a Pol\u00edcia Federal (PF) encontrou comprovantes de dep\u00f3sitos banc\u00e1rios em esp\u00e9cie em favor do senador Fernando Collor (PTB-AL). Segundo o juiz, os comprovantes estavam no escrit\u00f3rio do doleiro Alberto Youssef, [&hellip;]<\/p>\n","protected":false},"author":2,"featured_media":10590,"comment_status":"open","ping_status":"closed","sticky":false,"template":"","format":"standard","meta":{"_acf_changed":false,"footnotes":""},"categories":[16],"tags":[],"class_list":["post-10589","post","type-post","status-publish","format-standard","has-post-thumbnail","hentry","category-brasil"],"acf":[],"yoast_head":"<!-- This site is optimized with the Yoast SEO plugin v27.2 - https:\/\/yoast.com\/product\/yoast-seo-wordpress\/ -->\n<title>Doleiro fez dep\u00f3sitos em esp\u00e9cie na conta de Collor - Notibras<\/title>\n<meta name=\"robots\" content=\"index, follow, max-snippet:-1, max-image-preview:large, max-video-preview:-1\" \/>\n<link rel=\"canonical\" href=\"https:\/\/www.notibras.com\/site\/doleiro-fez-depositos-em-especie-na-conta-de-fernando-collor\/\" \/>\n<meta property=\"og:locale\" content=\"pt_BR\" \/>\n<meta property=\"og:type\" content=\"article\" \/>\n<meta property=\"og:title\" content=\"Doleiro fez dep\u00f3sitos em esp\u00e9cie na conta de Collor - Notibras\" \/>\n<meta property=\"og:description\" content=\"O juiz Sergio Fernando Moro, da 13\u00aa Vara Federal em Curitiba, informou nesta quinta 22 ao ministro Teori Zavascki, do Supremo Tribunal Federal (STF), que a Pol\u00edcia Federal (PF) encontrou comprovantes de dep\u00f3sitos banc\u00e1rios em esp\u00e9cie em favor do senador Fernando Collor (PTB-AL). Segundo o juiz, os comprovantes estavam no escrit\u00f3rio do doleiro Alberto Youssef, [&hellip;]\" \/>\n<meta property=\"og:url\" content=\"https:\/\/www.notibras.com\/site\/doleiro-fez-depositos-em-especie-na-conta-de-fernando-collor\/\" \/>\n<meta property=\"og:site_name\" content=\"Notibras\" \/>\n<meta property=\"article:publisher\" content=\"https:\/\/www.facebook.com\/notibras\/\" \/>\n<meta property=\"article:published_time\" content=\"2014-05-22T22:25:39+00:00\" \/>\n<meta property=\"article:modified_time\" content=\"2014-05-22T23:31:45+00:00\" \/>\n<meta property=\"og:image\" content=\"https:\/\/www.notibras.com\/site\/wp-content\/uploads\/2014\/05\/dinheiro-1.jpg\" \/>\n\t<meta property=\"og:image:width\" content=\"400\" \/>\n\t<meta property=\"og:image:height\" content=\"300\" \/>\n\t<meta property=\"og:image:type\" content=\"image\/jpeg\" \/>\n<meta name=\"author\" content=\"Reda\u00e7\u00e3o\" \/>\n<meta name=\"twitter:card\" content=\"summary_large_image\" \/>\n<meta name=\"twitter:creator\" content=\"@Notibras\" \/>\n<meta name=\"twitter:site\" content=\"@Notibras\" \/>\n<meta name=\"twitter:label1\" content=\"Escrito por\" \/>\n\t<meta name=\"twitter:data1\" content=\"Reda\u00e7\u00e3o\" \/>\n\t<meta name=\"twitter:label2\" content=\"Est. tempo de leitura\" \/>\n\t<meta name=\"twitter:data2\" content=\"3 minutos\" \/>\n<script type=\"application\/ld+json\" class=\"yoast-schema-graph\">{\"@context\":\"https:\/\/schema.org\",\"@graph\":[{\"@type\":\"Article\",\"@id\":\"https:\/\/www.notibras.com\/site\/doleiro-fez-depositos-em-especie-na-conta-de-fernando-collor\/#article\",\"isPartOf\":{\"@id\":\"https:\/\/www.notibras.com\/site\/doleiro-fez-depositos-em-especie-na-conta-de-fernando-collor\/\"},\"author\":{\"name\":\"Reda\u00e7\u00e3o\",\"@id\":\"https:\/\/www.notibras.com\/site\/#\/schema\/person\/36ab0979449956132d3e5b517ea76ac8\"},\"headline\":\"Doleiro fez dep\u00f3sitos em esp\u00e9cie na conta de Collor\",\"datePublished\":\"2014-05-22T22:25:39+00:00\",\"dateModified\":\"2014-05-22T23:31:45+00:00\",\"mainEntityOfPage\":{\"@id\":\"https:\/\/www.notibras.com\/site\/doleiro-fez-depositos-em-especie-na-conta-de-fernando-collor\/\"},\"wordCount\":638,\"commentCount\":0,\"publisher\":{\"@id\":\"https:\/\/www.notibras.com\/site\/#organization\"},\"image\":{\"@id\":\"https:\/\/www.notibras.com\/site\/doleiro-fez-depositos-em-especie-na-conta-de-fernando-collor\/#primaryimage\"},\"thumbnailUrl\":\"https:\/\/www.notibras.com\/site\/wp-content\/uploads\/2014\/05\/dinheiro-1.jpg\",\"articleSection\":[\"Brasil\"],\"inLanguage\":\"pt-BR\",\"potentialAction\":[{\"@type\":\"CommentAction\",\"name\":\"Comment\",\"target\":[\"https:\/\/www.notibras.com\/site\/doleiro-fez-depositos-em-especie-na-conta-de-fernando-collor\/#respond\"]}]},{\"@type\":\"WebPage\",\"@id\":\"https:\/\/www.notibras.com\/site\/doleiro-fez-depositos-em-especie-na-conta-de-fernando-collor\/\",\"url\":\"https:\/\/www.notibras.com\/site\/doleiro-fez-depositos-em-especie-na-conta-de-fernando-collor\/\",\"name\":\"Doleiro fez dep\u00f3sitos em esp\u00e9cie na conta de Collor - Notibras\",\"isPartOf\":{\"@id\":\"https:\/\/www.notibras.com\/site\/#website\"},\"primaryImageOfPage\":{\"@id\":\"https:\/\/www.notibras.com\/site\/doleiro-fez-depositos-em-especie-na-conta-de-fernando-collor\/#primaryimage\"},\"image\":{\"@id\":\"https:\/\/www.notibras.com\/site\/doleiro-fez-depositos-em-especie-na-conta-de-fernando-collor\/#primaryimage\"},\"thumbnailUrl\":\"https:\/\/www.notibras.com\/site\/wp-content\/uploads\/2014\/05\/dinheiro-1.jpg\",\"datePublished\":\"2014-05-22T22:25:39+00:00\",\"dateModified\":\"2014-05-22T23:31:45+00:00\",\"breadcrumb\":{\"@id\":\"https:\/\/www.notibras.com\/site\/doleiro-fez-depositos-em-especie-na-conta-de-fernando-collor\/#breadcrumb\"},\"inLanguage\":\"pt-BR\",\"potentialAction\":[{\"@type\":\"ReadAction\",\"target\":[\"https:\/\/www.notibras.com\/site\/doleiro-fez-depositos-em-especie-na-conta-de-fernando-collor\/\"]}]},{\"@type\":\"ImageObject\",\"inLanguage\":\"pt-BR\",\"@id\":\"https:\/\/www.notibras.com\/site\/doleiro-fez-depositos-em-especie-na-conta-de-fernando-collor\/#primaryimage\",\"url\":\"https:\/\/www.notibras.com\/site\/wp-content\/uploads\/2014\/05\/dinheiro-1.jpg\",\"contentUrl\":\"https:\/\/www.notibras.com\/site\/wp-content\/uploads\/2014\/05\/dinheiro-1.jpg\",\"width\":400,\"height\":300},{\"@type\":\"BreadcrumbList\",\"@id\":\"https:\/\/www.notibras.com\/site\/doleiro-fez-depositos-em-especie-na-conta-de-fernando-collor\/#breadcrumb\",\"itemListElement\":[{\"@type\":\"ListItem\",\"position\":1,\"name\":\"In\u00edcio\",\"item\":\"https:\/\/www.notibras.com\/site\/\"},{\"@type\":\"ListItem\",\"position\":2,\"name\":\"Doleiro fez dep\u00f3sitos em esp\u00e9cie na conta de Collor\"}]},{\"@type\":\"WebSite\",\"@id\":\"https:\/\/www.notibras.com\/site\/#website\",\"url\":\"https:\/\/www.notibras.com\/site\/\",\"name\":\"Notibras\",\"description\":\"Not\u00edcias de Bras\u00edlia, do Brasil e do Mundo\",\"publisher\":{\"@id\":\"https:\/\/www.notibras.com\/site\/#organization\"},\"potentialAction\":[{\"@type\":\"SearchAction\",\"target\":{\"@type\":\"EntryPoint\",\"urlTemplate\":\"https:\/\/www.notibras.com\/site\/?s={search_term_string}\"},\"query-input\":{\"@type\":\"PropertyValueSpecification\",\"valueRequired\":true,\"valueName\":\"search_term_string\"}}],\"inLanguage\":\"pt-BR\"},{\"@type\":\"Organization\",\"@id\":\"https:\/\/www.notibras.com\/site\/#organization\",\"name\":\"Grupo Notibras de Comunica\u00e7\u00e3o\",\"url\":\"https:\/\/www.notibras.com\/site\/\",\"logo\":{\"@type\":\"ImageObject\",\"inLanguage\":\"pt-BR\",\"@id\":\"https:\/\/www.notibras.com\/site\/#\/schema\/logo\/image\/\",\"url\":\"https:\/\/www.notibras.com\/site\/wp-content\/uploads\/2023\/01\/notibras23.png\",\"contentUrl\":\"https:\/\/www.notibras.com\/site\/wp-content\/uploads\/2023\/01\/notibras23.png\",\"width\":350,\"height\":87,\"caption\":\"Grupo Notibras de Comunica\u00e7\u00e3o\"},\"image\":{\"@id\":\"https:\/\/www.notibras.com\/site\/#\/schema\/logo\/image\/\"},\"sameAs\":[\"https:\/\/www.facebook.com\/notibras\/\",\"https:\/\/x.com\/Notibras\",\"https:\/\/www.instagram.com\/notibras\/\"]},{\"@type\":\"Person\",\"@id\":\"https:\/\/www.notibras.com\/site\/#\/schema\/person\/36ab0979449956132d3e5b517ea76ac8\",\"name\":\"Reda\u00e7\u00e3o\",\"image\":{\"@type\":\"ImageObject\",\"inLanguage\":\"pt-BR\",\"@id\":\"https:\/\/secure.gravatar.com\/avatar\/e0a867bdedb85fd243eadf09663511f96fc81e0720a4a42581f334ad4303aa6b?s=96&d=mm&r=g\",\"url\":\"https:\/\/secure.gravatar.com\/avatar\/e0a867bdedb85fd243eadf09663511f96fc81e0720a4a42581f334ad4303aa6b?s=96&d=mm&r=g\",\"contentUrl\":\"https:\/\/secure.gravatar.com\/avatar\/e0a867bdedb85fd243eadf09663511f96fc81e0720a4a42581f334ad4303aa6b?s=96&d=mm&r=g\",\"caption\":\"Reda\u00e7\u00e3o\"}}]}<\/script>\n<!-- \/ Yoast SEO plugin. -->","yoast_head_json":{"title":"Doleiro fez dep\u00f3sitos em esp\u00e9cie na conta de Collor - Notibras","robots":{"index":"index","follow":"follow","max-snippet":"max-snippet:-1","max-image-preview":"max-image-preview:large","max-video-preview":"max-video-preview:-1"},"canonical":"https:\/\/www.notibras.com\/site\/doleiro-fez-depositos-em-especie-na-conta-de-fernando-collor\/","og_locale":"pt_BR","og_type":"article","og_title":"Doleiro fez dep\u00f3sitos em esp\u00e9cie na conta de Collor - Notibras","og_description":"O juiz Sergio Fernando Moro, da 13\u00aa Vara Federal em Curitiba, informou nesta quinta 22 ao ministro Teori Zavascki, do Supremo Tribunal Federal (STF), que a Pol\u00edcia Federal (PF) encontrou comprovantes de dep\u00f3sitos banc\u00e1rios em esp\u00e9cie em favor do senador Fernando Collor (PTB-AL). Segundo o juiz, os comprovantes estavam no escrit\u00f3rio do doleiro Alberto Youssef, [&hellip;]","og_url":"https:\/\/www.notibras.com\/site\/doleiro-fez-depositos-em-especie-na-conta-de-fernando-collor\/","og_site_name":"Notibras","article_publisher":"https:\/\/www.facebook.com\/notibras\/","article_published_time":"2014-05-22T22:25:39+00:00","article_modified_time":"2014-05-22T23:31:45+00:00","og_image":[{"width":400,"height":300,"url":"https:\/\/www.notibras.com\/site\/wp-content\/uploads\/2014\/05\/dinheiro-1.jpg","type":"image\/jpeg"}],"author":"Reda\u00e7\u00e3o","twitter_card":"summary_large_image","twitter_creator":"@Notibras","twitter_site":"@Notibras","twitter_misc":{"Escrito por":"Reda\u00e7\u00e3o","Est. tempo de leitura":"3 minutos"},"schema":{"@context":"https:\/\/schema.org","@graph":[{"@type":"Article","@id":"https:\/\/www.notibras.com\/site\/doleiro-fez-depositos-em-especie-na-conta-de-fernando-collor\/#article","isPartOf":{"@id":"https:\/\/www.notibras.com\/site\/doleiro-fez-depositos-em-especie-na-conta-de-fernando-collor\/"},"author":{"name":"Reda\u00e7\u00e3o","@id":"https:\/\/www.notibras.com\/site\/#\/schema\/person\/36ab0979449956132d3e5b517ea76ac8"},"headline":"Doleiro fez dep\u00f3sitos em esp\u00e9cie na conta de Collor","datePublished":"2014-05-22T22:25:39+00:00","dateModified":"2014-05-22T23:31:45+00:00","mainEntityOfPage":{"@id":"https:\/\/www.notibras.com\/site\/doleiro-fez-depositos-em-especie-na-conta-de-fernando-collor\/"},"wordCount":638,"commentCount":0,"publisher":{"@id":"https:\/\/www.notibras.com\/site\/#organization"},"image":{"@id":"https:\/\/www.notibras.com\/site\/doleiro-fez-depositos-em-especie-na-conta-de-fernando-collor\/#primaryimage"},"thumbnailUrl":"https:\/\/www.notibras.com\/site\/wp-content\/uploads\/2014\/05\/dinheiro-1.jpg","articleSection":["Brasil"],"inLanguage":"pt-BR","potentialAction":[{"@type":"CommentAction","name":"Comment","target":["https:\/\/www.notibras.com\/site\/doleiro-fez-depositos-em-especie-na-conta-de-fernando-collor\/#respond"]}]},{"@type":"WebPage","@id":"https:\/\/www.notibras.com\/site\/doleiro-fez-depositos-em-especie-na-conta-de-fernando-collor\/","url":"https:\/\/www.notibras.com\/site\/doleiro-fez-depositos-em-especie-na-conta-de-fernando-collor\/","name":"Doleiro fez dep\u00f3sitos em esp\u00e9cie na conta de Collor - Notibras","isPartOf":{"@id":"https:\/\/www.notibras.com\/site\/#website"},"primaryImageOfPage":{"@id":"https:\/\/www.notibras.com\/site\/doleiro-fez-depositos-em-especie-na-conta-de-fernando-collor\/#primaryimage"},"image":{"@id":"https:\/\/www.notibras.com\/site\/doleiro-fez-depositos-em-especie-na-conta-de-fernando-collor\/#primaryimage"},"thumbnailUrl":"https:\/\/www.notibras.com\/site\/wp-content\/uploads\/2014\/05\/dinheiro-1.jpg","datePublished":"2014-05-22T22:25:39+00:00","dateModified":"2014-05-22T23:31:45+00:00","breadcrumb":{"@id":"https:\/\/www.notibras.com\/site\/doleiro-fez-depositos-em-especie-na-conta-de-fernando-collor\/#breadcrumb"},"inLanguage":"pt-BR","potentialAction":[{"@type":"ReadAction","target":["https:\/\/www.notibras.com\/site\/doleiro-fez-depositos-em-especie-na-conta-de-fernando-collor\/"]}]},{"@type":"ImageObject","inLanguage":"pt-BR","@id":"https:\/\/www.notibras.com\/site\/doleiro-fez-depositos-em-especie-na-conta-de-fernando-collor\/#primaryimage","url":"https:\/\/www.notibras.com\/site\/wp-content\/uploads\/2014\/05\/dinheiro-1.jpg","contentUrl":"https:\/\/www.notibras.com\/site\/wp-content\/uploads\/2014\/05\/dinheiro-1.jpg","width":400,"height":300},{"@type":"BreadcrumbList","@id":"https:\/\/www.notibras.com\/site\/doleiro-fez-depositos-em-especie-na-conta-de-fernando-collor\/#breadcrumb","itemListElement":[{"@type":"ListItem","position":1,"name":"In\u00edcio","item":"https:\/\/www.notibras.com\/site\/"},{"@type":"ListItem","position":2,"name":"Doleiro fez dep\u00f3sitos em esp\u00e9cie na conta de Collor"}]},{"@type":"WebSite","@id":"https:\/\/www.notibras.com\/site\/#website","url":"https:\/\/www.notibras.com\/site\/","name":"Notibras","description":"Not\u00edcias de Bras\u00edlia, do Brasil e do Mundo","publisher":{"@id":"https:\/\/www.notibras.com\/site\/#organization"},"potentialAction":[{"@type":"SearchAction","target":{"@type":"EntryPoint","urlTemplate":"https:\/\/www.notibras.com\/site\/?s={search_term_string}"},"query-input":{"@type":"PropertyValueSpecification","valueRequired":true,"valueName":"search_term_string"}}],"inLanguage":"pt-BR"},{"@type":"Organization","@id":"https:\/\/www.notibras.com\/site\/#organization","name":"Grupo Notibras de Comunica\u00e7\u00e3o","url":"https:\/\/www.notibras.com\/site\/","logo":{"@type":"ImageObject","inLanguage":"pt-BR","@id":"https:\/\/www.notibras.com\/site\/#\/schema\/logo\/image\/","url":"https:\/\/www.notibras.com\/site\/wp-content\/uploads\/2023\/01\/notibras23.png","contentUrl":"https:\/\/www.notibras.com\/site\/wp-content\/uploads\/2023\/01\/notibras23.png","width":350,"height":87,"caption":"Grupo Notibras de Comunica\u00e7\u00e3o"},"image":{"@id":"https:\/\/www.notibras.com\/site\/#\/schema\/logo\/image\/"},"sameAs":["https:\/\/www.facebook.com\/notibras\/","https:\/\/x.com\/Notibras","https:\/\/www.instagram.com\/notibras\/"]},{"@type":"Person","@id":"https:\/\/www.notibras.com\/site\/#\/schema\/person\/36ab0979449956132d3e5b517ea76ac8","name":"Reda\u00e7\u00e3o","image":{"@type":"ImageObject","inLanguage":"pt-BR","@id":"https:\/\/secure.gravatar.com\/avatar\/e0a867bdedb85fd243eadf09663511f96fc81e0720a4a42581f334ad4303aa6b?s=96&d=mm&r=g","url":"https:\/\/secure.gravatar.com\/avatar\/e0a867bdedb85fd243eadf09663511f96fc81e0720a4a42581f334ad4303aa6b?s=96&d=mm&r=g","contentUrl":"https:\/\/secure.gravatar.com\/avatar\/e0a867bdedb85fd243eadf09663511f96fc81e0720a4a42581f334ad4303aa6b?s=96&d=mm&r=g","caption":"Reda\u00e7\u00e3o"}}]}},"amp_enabled":true,"_links":{"self":[{"href":"https:\/\/www.notibras.com\/site\/wp-json\/wp\/v2\/posts\/10589","targetHints":{"allow":["GET"]}}],"collection":[{"href":"https:\/\/www.notibras.com\/site\/wp-json\/wp\/v2\/posts"}],"about":[{"href":"https:\/\/www.notibras.com\/site\/wp-json\/wp\/v2\/types\/post"}],"author":[{"embeddable":true,"href":"https:\/\/www.notibras.com\/site\/wp-json\/wp\/v2\/users\/2"}],"replies":[{"embeddable":true,"href":"https:\/\/www.notibras.com\/site\/wp-json\/wp\/v2\/comments?post=10589"}],"version-history":[{"count":0,"href":"https:\/\/www.notibras.com\/site\/wp-json\/wp\/v2\/posts\/10589\/revisions"}],"wp:featuredmedia":[{"embeddable":true,"href":"https:\/\/www.notibras.com\/site\/wp-json\/wp\/v2\/media\/10590"}],"wp:attachment":[{"href":"https:\/\/www.notibras.com\/site\/wp-json\/wp\/v2\/media?parent=10589"}],"wp:term":[{"taxonomy":"category","embeddable":true,"href":"https:\/\/www.notibras.com\/site\/wp-json\/wp\/v2\/categories?post=10589"},{"taxonomy":"post_tag","embeddable":true,"href":"https:\/\/www.notibras.com\/site\/wp-json\/wp\/v2\/tags?post=10589"}],"curies":[{"name":"wp","href":"https:\/\/api.w.org\/{rel}","templated":true}]}}