{"id":106330,"date":"2016-06-30T06:28:09","date_gmt":"2016-06-30T09:28:09","guid":{"rendered":"http:\/\/www.notibras.com\/site\/?p=106330"},"modified":"2016-06-30T13:01:00","modified_gmt":"2016-06-30T16:01:00","slug":"hugo-mosca-favorito-de-vargas-amante-do-futebol-e-o-que-foi-ser-ser-na-gandaia","status":"publish","type":"post","link":"https:\/\/www.notibras.com\/site\/hugo-mosca-favorito-de-vargas-amante-do-futebol-e-o-que-foi-ser-ser-na-gandaia\/","title":{"rendered":"Hugo M\u00f3sca, favorito de Vargas, amante do futebol, e o que foi sem ser na gandaia"},"content":{"rendered":"<p><strong>Jos\u00e9 Escarlate<\/strong><\/p>\n<p>Um amigo importante que fiz, na minha passagem pelo Correio Braziliense foi o Hugo M\u00f3sca, advogado, jornalista, escritor, professor universit\u00e1rio, e diretor-geral do Supremo Tribunal Federal, onde mandava. Alto, meio gordo, simp\u00e1tico e el\u00e9trico, M\u00f3sca falava depressa e, \u00e0s vezes, embolava tudo.<\/p>\n<p>Ele foi um dos fundadores da Academia Nacional de Direito do Trabalho, onde ocupava a cadeira n. 12 e dava aulas na Faculdade Integrada do Planalto, depois de aposentado. Foi pioneiro na instala\u00e7\u00e3o do Supremo em Bras\u00edlia e era apaixonado por futebol. No Rio, foi um dos advogados do Fluminense e seu benem\u00e9rito.<\/p>\n<p>Em Bras\u00edlia, presidiu a Comiss\u00e3o de Constru\u00e7\u00e3o do Est\u00e1dio Pelez\u00e3o, fundador e primeiro presidente da Federa\u00e7\u00e3o Metropolitana de Futebol.<\/p>\n<p>Hugo M\u00f3sca come\u00e7ou como redator da Ag\u00eancia Nacional, nos idos da ditadura Vargas. Ele e Rivad\u00e1via de Souza eram os respons\u00e1veis pela cobertura oficial do Pal\u00e1cio do Catete. Mais especificamente, do presidente Get\u00falio Vargas. M\u00f3sca, trabalhava pela manh\u00e3 e, Rivad\u00e1via, \u00e0 tarde. Os dois tinham h\u00e1bitos inteiramente diferentes. Um, era meio padre, enquanto que o outro, bo\u00eamio, da p\u00e1 virada.<\/p>\n<p>No seu livro \u201cAstronauta de Pandorga\u201d, Rivad\u00e1via revela que \u201cM\u00f3sca era um imensur\u00e1vel cu-de-ferro. Seis horas da manh\u00e3 j\u00e1 estava em p\u00e9, banho tomado, barba feita e vestido para sair. Dormia cedo, n\u00e3o bebia nem fumava, mas onde quer que Get\u00falio estivesse hospedado, em suas viagens, a primeira cara que ele encontrava ao levantar-se era a do seu rep\u00f3rter de estima\u00e7\u00e3o, Hugo M\u00f3sca\u201d.<\/p>\n<p>Rivad\u00e1via era o inverso. Ficava na retranca. Dormia e acordava tarde, bebia muito e frequentava os lupanares da vida, dia a dia. N\u00e3o havia rivalidade entre eles, apenas Riva, gozador em\u00e9rito, nos locais profanos onde se reunia com os amigos, sempre que as damas da noite indagavam seu nome, n\u00e3o vacilava: \u201cEu me chamo Hugo M\u00f3sca\u201d.<\/p>\n<p>No seu tempo de STF, ele me passou mat\u00e9rias importantes que, pela qualidade abriam a minha coluna di\u00e1ria, \u201cBras\u00edlia-DF\u201d. Foram \u201cfuros\u201d que mereceram primeira p\u00e1gina. Outras vezes entrava sempre apressado na reda\u00e7\u00e3o para passar informa\u00e7\u00f5es ao Jos\u00e9 Natal, editor de esportes, cuja mesa ficava ao lado da minha.<\/p>\n<p>M\u00f3sca era cacique do futebol de Bras\u00edlia, ele que fora advogado do Fluminense, no Rio, e seu benem\u00e9rito. Seu papo era alegre e extrovertido, M\u00f3sca muitas vezes sentava-se \u00e0 m\u00e1quina e em poucos minutos produzia quatro a cinco notinhas exclusivas. A \u00faltima informa\u00e7\u00e3o que tive do Hugo M\u00f3sca foi de que ele estava doente, com Alzheimer. Viemos depois saber que o seu plano de sa\u00fade, a Cassi, havia negado autoriza\u00e7\u00e3o para a compra de rem\u00e9dios. O velho e saudoso amigo Hugo M\u00f3sca faleceu no dia 2 de janeiro de 2007, ap\u00f3s longa agonia.<\/p>\n<p><img loading=\"lazy\" decoding=\"async\" class=\"alignnone size-full wp-image-83053\" src=\"http:\/\/www.notibras.com\/site\/wp-content\/uploads\/2016\/01\/PV.png\" alt=\"PV\" width=\"122\" height=\"26\" \/><\/p>\n","protected":false},"excerpt":{"rendered":"<p>Jos\u00e9 Escarlate Um amigo importante que fiz, na minha passagem pelo Correio Braziliense foi o Hugo M\u00f3sca, advogado, jornalista, escritor, professor universit\u00e1rio, e diretor-geral do Supremo Tribunal Federal, onde mandava. Alto, meio gordo, simp\u00e1tico e el\u00e9trico, M\u00f3sca falava depressa e, \u00e0s vezes, embolava tudo. Ele foi um dos fundadores da Academia Nacional de Direito do [&hellip;]<\/p>\n","protected":false},"author":2,"featured_media":106331,"comment_status":"open","ping_status":"closed","sticky":false,"template":"","format":"standard","meta":{"_acf_changed":false,"footnotes":""},"categories":[63],"tags":[],"class_list":["post-106330","post","type-post","status-publish","format-standard","has-post-thumbnail","hentry","category-paginas-viradas"],"acf":[],"_links":{"self":[{"href":"https:\/\/www.notibras.com\/site\/wp-json\/wp\/v2\/posts\/106330","targetHints":{"allow":["GET"]}}],"collection":[{"href":"https:\/\/www.notibras.com\/site\/wp-json\/wp\/v2\/posts"}],"about":[{"href":"https:\/\/www.notibras.com\/site\/wp-json\/wp\/v2\/types\/post"}],"author":[{"embeddable":true,"href":"https:\/\/www.notibras.com\/site\/wp-json\/wp\/v2\/users\/2"}],"replies":[{"embeddable":true,"href":"https:\/\/www.notibras.com\/site\/wp-json\/wp\/v2\/comments?post=106330"}],"version-history":[{"count":2,"href":"https:\/\/www.notibras.com\/site\/wp-json\/wp\/v2\/posts\/106330\/revisions"}],"predecessor-version":[{"id":106422,"href":"https:\/\/www.notibras.com\/site\/wp-json\/wp\/v2\/posts\/106330\/revisions\/106422"}],"wp:featuredmedia":[{"embeddable":true,"href":"https:\/\/www.notibras.com\/site\/wp-json\/wp\/v2\/media\/106331"}],"wp:attachment":[{"href":"https:\/\/www.notibras.com\/site\/wp-json\/wp\/v2\/media?parent=106330"}],"wp:term":[{"taxonomy":"category","embeddable":true,"href":"https:\/\/www.notibras.com\/site\/wp-json\/wp\/v2\/categories?post=106330"},{"taxonomy":"post_tag","embeddable":true,"href":"https:\/\/www.notibras.com\/site\/wp-json\/wp\/v2\/tags?post=106330"}],"curies":[{"name":"wp","href":"https:\/\/api.w.org\/{rel}","templated":true}]}}