{"id":10638,"date":"2014-05-22T23:08:52","date_gmt":"2014-05-23T02:08:52","guid":{"rendered":"http:\/\/www.notibras.com\/site\/?p=10638"},"modified":"2014-05-22T23:08:52","modified_gmt":"2014-05-23T02:08:52","slug":"datolo-da-show-em-salvador-e-galo-passa-pelo-vitoria-por-3-a-2","status":"publish","type":"post","link":"https:\/\/www.notibras.com\/site\/datolo-da-show-em-salvador-e-galo-passa-pelo-vitoria-por-3-a-2\/","title":{"rendered":"D\u00e1tolo d\u00e1 show em Salvador e Galo passa pelo Vit\u00f3ria por 3 a 2"},"content":{"rendered":"<p>O meia Jesus D\u00e1tolo teve noite inspirada em Salvador nesta quinta-feira e, com grande desempenho, levou o Atl\u00e9tico-MG \u00e0 terceira vit\u00f3ria consecutiva no Campeonato Brasileiro. Em Feira de Santana, o time mineiro fez dois gols rel\u00e2mpagos e acabou por vencer por 3 a 2, com participa\u00e7\u00e3o do jogador argentino em todos os tentos.<\/p>\n<p class=\"text\">Com o resultado, o Atl\u00e9tico-MG chega aos 10 pontos, ocupando a 7\u00aa coloca\u00e7\u00e3o, com possibilidades de entrar no G-4, zona de classifica\u00e7\u00e3o para a Copa Libertadores, na pr\u00f3xima rodada. O time, que vem de vit\u00f3ria sobre Cruzeiro e Santos, joga de novo no domingo, contra o Crici\u00fama, no Ipating\u00e3o, \u00e0s 18h30 (de Bras\u00edlia).<\/p>\n<p class=\"text\">J\u00e1 o Vit\u00f3ria estaciona nos 5 pontos ganhos depois de seu terceiro jogo sem vencer \u2013 perdeu para Palmeiras e empatou com Bahia. O time aparece apenas na 15\u00aa coloca\u00e7\u00e3o, um ponto acima da zona de rebaixamento. O pr\u00f3ximo advers\u00e1rio \u00e9 o Botafogo, \u00e0s 18h30 do domingo, no Est\u00e1dio Claudio Moacyr Azevedo, em Maca\u00e9.<\/p>\n<p class=\"text\">D\u00e1tolo come\u00e7ou a se destacar na partida aos 12min, quando abriu o placar para o Atl\u00e9tico-MG. O jogador recebeu cruzamento de Emerson Concei\u00e7\u00e3o e testou no canto direito da meta do Vit\u00f3ria. Pouco depois, aos 17min, ele pr\u00f3prio levantou a bola na \u00e1rea, para Alem\u00e3o desviar e mandar contra a pr\u00f3pria defesa, marcando gol contra.<\/p>\n<p class=\"text\">Ainda no primeiro tempo, D\u00e1tolo cruzou para gol de Andr\u00e9, aos 24min, mas o tento foi anulado por impedimento. Aos 36min, foi a vez de servir Edcarlos, que s\u00f3 n\u00e3o marcou porque Wilson fez grande defesa. J\u00e1 aos 40min, quase fez um gola\u00e7o: recebeu passe de Marion na meia-lua e tentou uma \u201ccavadinha\u201d \u2013 a bola passou perto do poste esquerdo.<\/p>\n<p class=\"text\">No segundo tempo, o jogador argentino conseguiu sua segunda assist\u00eancia aos 17min, em cruzamento que terminou com gol de R\u00e9ver. O Vit\u00f3ria, nesse tempo todo, buscou a rea\u00e7\u00e3o sem sucesso. Aos 20min, Dinei aproveitou corte mal feito pela zaga em cruzamento de Willie para tocar na sa\u00edda de Giovanni. A press\u00e3o persistiu.<\/p>\n<p class=\"text\">Aos 45min, Willie ficou com sobra na entrada da \u00e1rea, bateu de primeira e contou com desvio da zaga para tirar do alcance de Giovanni e fazer o segundo gol. O time tentou evitar a derrota nos acr\u00e9scimos, mas n\u00e3o conseguiu ser t\u00e3o eficiente no setor ofensivo.<\/p>\n","protected":false},"excerpt":{"rendered":"<p>O meia Jesus D\u00e1tolo teve noite inspirada em Salvador nesta quinta-feira e, com grande desempenho, levou o Atl\u00e9tico-MG \u00e0 terceira vit\u00f3ria consecutiva no Campeonato Brasileiro. Em Feira de Santana, o time mineiro fez dois gols rel\u00e2mpagos e acabou por vencer por 3 a 2, com participa\u00e7\u00e3o do jogador argentino em todos os tentos. Com o [&hellip;]<\/p>\n","protected":false},"author":2,"featured_media":10639,"comment_status":"open","ping_status":"closed","sticky":false,"template":"","format":"standard","meta":{"_acf_changed":false,"footnotes":""},"categories":[19,29],"tags":[],"class_list":["post-10638","post","type-post","status-publish","format-standard","has-post-thumbnail","hentry","category-esportes","category-futebol"],"acf":[],"yoast_head":"<!-- This site is optimized with the Yoast SEO plugin v27.2 - https:\/\/yoast.com\/product\/yoast-seo-wordpress\/ -->\n<title>D\u00e1tolo d\u00e1 show em Salvador e Galo passa pelo Vit\u00f3ria por 3 a 2 - Notibras<\/title>\n<meta name=\"robots\" content=\"index, follow, max-snippet:-1, max-image-preview:large, max-video-preview:-1\" \/>\n<link rel=\"canonical\" href=\"https:\/\/www.notibras.com\/site\/datolo-da-show-em-salvador-e-galo-passa-pelo-vitoria-por-3-a-2\/\" \/>\n<meta property=\"og:locale\" content=\"pt_BR\" \/>\n<meta property=\"og:type\" content=\"article\" \/>\n<meta property=\"og:title\" content=\"D\u00e1tolo d\u00e1 show em Salvador e Galo passa pelo Vit\u00f3ria por 3 a 2 - Notibras\" \/>\n<meta property=\"og:description\" content=\"O meia Jesus D\u00e1tolo teve noite inspirada em Salvador nesta quinta-feira e, com grande desempenho, levou o Atl\u00e9tico-MG \u00e0 terceira vit\u00f3ria consecutiva no Campeonato Brasileiro. Em Feira de Santana, o time mineiro fez dois gols rel\u00e2mpagos e acabou por vencer por 3 a 2, com participa\u00e7\u00e3o do jogador argentino em todos os tentos. Com o [&hellip;]\" \/>\n<meta property=\"og:url\" content=\"https:\/\/www.notibras.com\/site\/datolo-da-show-em-salvador-e-galo-passa-pelo-vitoria-por-3-a-2\/\" \/>\n<meta property=\"og:site_name\" content=\"Notibras\" \/>\n<meta property=\"article:publisher\" content=\"https:\/\/www.facebook.com\/notibras\/\" \/>\n<meta property=\"article:published_time\" content=\"2014-05-23T02:08:52+00:00\" \/>\n<meta property=\"og:image\" content=\"https:\/\/www.notibras.com\/site\/wp-content\/uploads\/2014\/05\/05-11-2013-07-11-04-com-argentina-no-ct-do-galo-datolo-manda-recado-vao-se-sentir-em-casa.jpg\" \/>\n\t<meta property=\"og:image:width\" content=\"500\" \/>\n\t<meta property=\"og:image:height\" content=\"300\" \/>\n\t<meta property=\"og:image:type\" content=\"image\/jpeg\" \/>\n<meta name=\"author\" content=\"Reda\u00e7\u00e3o\" \/>\n<meta name=\"twitter:card\" content=\"summary_large_image\" \/>\n<meta name=\"twitter:creator\" content=\"@Notibras\" \/>\n<meta name=\"twitter:site\" content=\"@Notibras\" \/>\n<meta name=\"twitter:label1\" content=\"Escrito por\" \/>\n\t<meta name=\"twitter:data1\" content=\"Reda\u00e7\u00e3o\" \/>\n\t<meta name=\"twitter:label2\" content=\"Est. tempo de leitura\" \/>\n\t<meta name=\"twitter:data2\" content=\"2 minutos\" \/>\n<script type=\"application\/ld+json\" class=\"yoast-schema-graph\">{\"@context\":\"https:\/\/schema.org\",\"@graph\":[{\"@type\":\"Article\",\"@id\":\"https:\/\/www.notibras.com\/site\/datolo-da-show-em-salvador-e-galo-passa-pelo-vitoria-por-3-a-2\/#article\",\"isPartOf\":{\"@id\":\"https:\/\/www.notibras.com\/site\/datolo-da-show-em-salvador-e-galo-passa-pelo-vitoria-por-3-a-2\/\"},\"author\":{\"name\":\"Reda\u00e7\u00e3o\",\"@id\":\"https:\/\/www.notibras.com\/site\/#\/schema\/person\/36ab0979449956132d3e5b517ea76ac8\"},\"headline\":\"D\u00e1tolo d\u00e1 show em Salvador e Galo passa pelo Vit\u00f3ria por 3 a 2\",\"datePublished\":\"2014-05-23T02:08:52+00:00\",\"mainEntityOfPage\":{\"@id\":\"https:\/\/www.notibras.com\/site\/datolo-da-show-em-salvador-e-galo-passa-pelo-vitoria-por-3-a-2\/\"},\"wordCount\":417,\"commentCount\":0,\"publisher\":{\"@id\":\"https:\/\/www.notibras.com\/site\/#organization\"},\"image\":{\"@id\":\"https:\/\/www.notibras.com\/site\/datolo-da-show-em-salvador-e-galo-passa-pelo-vitoria-por-3-a-2\/#primaryimage\"},\"thumbnailUrl\":\"https:\/\/www.notibras.com\/site\/wp-content\/uploads\/2014\/05\/05-11-2013-07-11-04-com-argentina-no-ct-do-galo-datolo-manda-recado-vao-se-sentir-em-casa.jpg\",\"articleSection\":[\"Esportes\",\"Futebol\"],\"inLanguage\":\"pt-BR\",\"potentialAction\":[{\"@type\":\"CommentAction\",\"name\":\"Comment\",\"target\":[\"https:\/\/www.notibras.com\/site\/datolo-da-show-em-salvador-e-galo-passa-pelo-vitoria-por-3-a-2\/#respond\"]}]},{\"@type\":\"WebPage\",\"@id\":\"https:\/\/www.notibras.com\/site\/datolo-da-show-em-salvador-e-galo-passa-pelo-vitoria-por-3-a-2\/\",\"url\":\"https:\/\/www.notibras.com\/site\/datolo-da-show-em-salvador-e-galo-passa-pelo-vitoria-por-3-a-2\/\",\"name\":\"D\u00e1tolo d\u00e1 show em Salvador e Galo passa pelo Vit\u00f3ria por 3 a 2 - Notibras\",\"isPartOf\":{\"@id\":\"https:\/\/www.notibras.com\/site\/#website\"},\"primaryImageOfPage\":{\"@id\":\"https:\/\/www.notibras.com\/site\/datolo-da-show-em-salvador-e-galo-passa-pelo-vitoria-por-3-a-2\/#primaryimage\"},\"image\":{\"@id\":\"https:\/\/www.notibras.com\/site\/datolo-da-show-em-salvador-e-galo-passa-pelo-vitoria-por-3-a-2\/#primaryimage\"},\"thumbnailUrl\":\"https:\/\/www.notibras.com\/site\/wp-content\/uploads\/2014\/05\/05-11-2013-07-11-04-com-argentina-no-ct-do-galo-datolo-manda-recado-vao-se-sentir-em-casa.jpg\",\"datePublished\":\"2014-05-23T02:08:52+00:00\",\"breadcrumb\":{\"@id\":\"https:\/\/www.notibras.com\/site\/datolo-da-show-em-salvador-e-galo-passa-pelo-vitoria-por-3-a-2\/#breadcrumb\"},\"inLanguage\":\"pt-BR\",\"potentialAction\":[{\"@type\":\"ReadAction\",\"target\":[\"https:\/\/www.notibras.com\/site\/datolo-da-show-em-salvador-e-galo-passa-pelo-vitoria-por-3-a-2\/\"]}]},{\"@type\":\"ImageObject\",\"inLanguage\":\"pt-BR\",\"@id\":\"https:\/\/www.notibras.com\/site\/datolo-da-show-em-salvador-e-galo-passa-pelo-vitoria-por-3-a-2\/#primaryimage\",\"url\":\"https:\/\/www.notibras.com\/site\/wp-content\/uploads\/2014\/05\/05-11-2013-07-11-04-com-argentina-no-ct-do-galo-datolo-manda-recado-vao-se-sentir-em-casa.jpg\",\"contentUrl\":\"https:\/\/www.notibras.com\/site\/wp-content\/uploads\/2014\/05\/05-11-2013-07-11-04-com-argentina-no-ct-do-galo-datolo-manda-recado-vao-se-sentir-em-casa.jpg\",\"width\":500,\"height\":300},{\"@type\":\"BreadcrumbList\",\"@id\":\"https:\/\/www.notibras.com\/site\/datolo-da-show-em-salvador-e-galo-passa-pelo-vitoria-por-3-a-2\/#breadcrumb\",\"itemListElement\":[{\"@type\":\"ListItem\",\"position\":1,\"name\":\"In\u00edcio\",\"item\":\"https:\/\/www.notibras.com\/site\/\"},{\"@type\":\"ListItem\",\"position\":2,\"name\":\"D\u00e1tolo d\u00e1 show em Salvador e Galo passa pelo Vit\u00f3ria por 3 a 2\"}]},{\"@type\":\"WebSite\",\"@id\":\"https:\/\/www.notibras.com\/site\/#website\",\"url\":\"https:\/\/www.notibras.com\/site\/\",\"name\":\"Notibras\",\"description\":\"Not\u00edcias de Bras\u00edlia, do Brasil e do Mundo\",\"publisher\":{\"@id\":\"https:\/\/www.notibras.com\/site\/#organization\"},\"potentialAction\":[{\"@type\":\"SearchAction\",\"target\":{\"@type\":\"EntryPoint\",\"urlTemplate\":\"https:\/\/www.notibras.com\/site\/?s={search_term_string}\"},\"query-input\":{\"@type\":\"PropertyValueSpecification\",\"valueRequired\":true,\"valueName\":\"search_term_string\"}}],\"inLanguage\":\"pt-BR\"},{\"@type\":\"Organization\",\"@id\":\"https:\/\/www.notibras.com\/site\/#organization\",\"name\":\"Grupo Notibras de Comunica\u00e7\u00e3o\",\"url\":\"https:\/\/www.notibras.com\/site\/\",\"logo\":{\"@type\":\"ImageObject\",\"inLanguage\":\"pt-BR\",\"@id\":\"https:\/\/www.notibras.com\/site\/#\/schema\/logo\/image\/\",\"url\":\"https:\/\/www.notibras.com\/site\/wp-content\/uploads\/2023\/01\/notibras23.png\",\"contentUrl\":\"https:\/\/www.notibras.com\/site\/wp-content\/uploads\/2023\/01\/notibras23.png\",\"width\":350,\"height\":87,\"caption\":\"Grupo Notibras de Comunica\u00e7\u00e3o\"},\"image\":{\"@id\":\"https:\/\/www.notibras.com\/site\/#\/schema\/logo\/image\/\"},\"sameAs\":[\"https:\/\/www.facebook.com\/notibras\/\",\"https:\/\/x.com\/Notibras\",\"https:\/\/www.instagram.com\/notibras\/\"]},{\"@type\":\"Person\",\"@id\":\"https:\/\/www.notibras.com\/site\/#\/schema\/person\/36ab0979449956132d3e5b517ea76ac8\",\"name\":\"Reda\u00e7\u00e3o\",\"image\":{\"@type\":\"ImageObject\",\"inLanguage\":\"pt-BR\",\"@id\":\"https:\/\/secure.gravatar.com\/avatar\/e0a867bdedb85fd243eadf09663511f96fc81e0720a4a42581f334ad4303aa6b?s=96&d=mm&r=g\",\"url\":\"https:\/\/secure.gravatar.com\/avatar\/e0a867bdedb85fd243eadf09663511f96fc81e0720a4a42581f334ad4303aa6b?s=96&d=mm&r=g\",\"contentUrl\":\"https:\/\/secure.gravatar.com\/avatar\/e0a867bdedb85fd243eadf09663511f96fc81e0720a4a42581f334ad4303aa6b?s=96&d=mm&r=g\",\"caption\":\"Reda\u00e7\u00e3o\"}}]}<\/script>\n<!-- \/ Yoast SEO plugin. -->","yoast_head_json":{"title":"D\u00e1tolo d\u00e1 show em Salvador e Galo passa pelo Vit\u00f3ria por 3 a 2 - Notibras","robots":{"index":"index","follow":"follow","max-snippet":"max-snippet:-1","max-image-preview":"max-image-preview:large","max-video-preview":"max-video-preview:-1"},"canonical":"https:\/\/www.notibras.com\/site\/datolo-da-show-em-salvador-e-galo-passa-pelo-vitoria-por-3-a-2\/","og_locale":"pt_BR","og_type":"article","og_title":"D\u00e1tolo d\u00e1 show em Salvador e Galo passa pelo Vit\u00f3ria por 3 a 2 - Notibras","og_description":"O meia Jesus D\u00e1tolo teve noite inspirada em Salvador nesta quinta-feira e, com grande desempenho, levou o Atl\u00e9tico-MG \u00e0 terceira vit\u00f3ria consecutiva no Campeonato Brasileiro. Em Feira de Santana, o time mineiro fez dois gols rel\u00e2mpagos e acabou por vencer por 3 a 2, com participa\u00e7\u00e3o do jogador argentino em todos os tentos. Com o [&hellip;]","og_url":"https:\/\/www.notibras.com\/site\/datolo-da-show-em-salvador-e-galo-passa-pelo-vitoria-por-3-a-2\/","og_site_name":"Notibras","article_publisher":"https:\/\/www.facebook.com\/notibras\/","article_published_time":"2014-05-23T02:08:52+00:00","og_image":[{"width":500,"height":300,"url":"https:\/\/www.notibras.com\/site\/wp-content\/uploads\/2014\/05\/05-11-2013-07-11-04-com-argentina-no-ct-do-galo-datolo-manda-recado-vao-se-sentir-em-casa.jpg","type":"image\/jpeg"}],"author":"Reda\u00e7\u00e3o","twitter_card":"summary_large_image","twitter_creator":"@Notibras","twitter_site":"@Notibras","twitter_misc":{"Escrito por":"Reda\u00e7\u00e3o","Est. tempo de leitura":"2 minutos"},"schema":{"@context":"https:\/\/schema.org","@graph":[{"@type":"Article","@id":"https:\/\/www.notibras.com\/site\/datolo-da-show-em-salvador-e-galo-passa-pelo-vitoria-por-3-a-2\/#article","isPartOf":{"@id":"https:\/\/www.notibras.com\/site\/datolo-da-show-em-salvador-e-galo-passa-pelo-vitoria-por-3-a-2\/"},"author":{"name":"Reda\u00e7\u00e3o","@id":"https:\/\/www.notibras.com\/site\/#\/schema\/person\/36ab0979449956132d3e5b517ea76ac8"},"headline":"D\u00e1tolo d\u00e1 show em Salvador e Galo passa pelo Vit\u00f3ria por 3 a 2","datePublished":"2014-05-23T02:08:52+00:00","mainEntityOfPage":{"@id":"https:\/\/www.notibras.com\/site\/datolo-da-show-em-salvador-e-galo-passa-pelo-vitoria-por-3-a-2\/"},"wordCount":417,"commentCount":0,"publisher":{"@id":"https:\/\/www.notibras.com\/site\/#organization"},"image":{"@id":"https:\/\/www.notibras.com\/site\/datolo-da-show-em-salvador-e-galo-passa-pelo-vitoria-por-3-a-2\/#primaryimage"},"thumbnailUrl":"https:\/\/www.notibras.com\/site\/wp-content\/uploads\/2014\/05\/05-11-2013-07-11-04-com-argentina-no-ct-do-galo-datolo-manda-recado-vao-se-sentir-em-casa.jpg","articleSection":["Esportes","Futebol"],"inLanguage":"pt-BR","potentialAction":[{"@type":"CommentAction","name":"Comment","target":["https:\/\/www.notibras.com\/site\/datolo-da-show-em-salvador-e-galo-passa-pelo-vitoria-por-3-a-2\/#respond"]}]},{"@type":"WebPage","@id":"https:\/\/www.notibras.com\/site\/datolo-da-show-em-salvador-e-galo-passa-pelo-vitoria-por-3-a-2\/","url":"https:\/\/www.notibras.com\/site\/datolo-da-show-em-salvador-e-galo-passa-pelo-vitoria-por-3-a-2\/","name":"D\u00e1tolo d\u00e1 show em Salvador e Galo passa pelo Vit\u00f3ria por 3 a 2 - Notibras","isPartOf":{"@id":"https:\/\/www.notibras.com\/site\/#website"},"primaryImageOfPage":{"@id":"https:\/\/www.notibras.com\/site\/datolo-da-show-em-salvador-e-galo-passa-pelo-vitoria-por-3-a-2\/#primaryimage"},"image":{"@id":"https:\/\/www.notibras.com\/site\/datolo-da-show-em-salvador-e-galo-passa-pelo-vitoria-por-3-a-2\/#primaryimage"},"thumbnailUrl":"https:\/\/www.notibras.com\/site\/wp-content\/uploads\/2014\/05\/05-11-2013-07-11-04-com-argentina-no-ct-do-galo-datolo-manda-recado-vao-se-sentir-em-casa.jpg","datePublished":"2014-05-23T02:08:52+00:00","breadcrumb":{"@id":"https:\/\/www.notibras.com\/site\/datolo-da-show-em-salvador-e-galo-passa-pelo-vitoria-por-3-a-2\/#breadcrumb"},"inLanguage":"pt-BR","potentialAction":[{"@type":"ReadAction","target":["https:\/\/www.notibras.com\/site\/datolo-da-show-em-salvador-e-galo-passa-pelo-vitoria-por-3-a-2\/"]}]},{"@type":"ImageObject","inLanguage":"pt-BR","@id":"https:\/\/www.notibras.com\/site\/datolo-da-show-em-salvador-e-galo-passa-pelo-vitoria-por-3-a-2\/#primaryimage","url":"https:\/\/www.notibras.com\/site\/wp-content\/uploads\/2014\/05\/05-11-2013-07-11-04-com-argentina-no-ct-do-galo-datolo-manda-recado-vao-se-sentir-em-casa.jpg","contentUrl":"https:\/\/www.notibras.com\/site\/wp-content\/uploads\/2014\/05\/05-11-2013-07-11-04-com-argentina-no-ct-do-galo-datolo-manda-recado-vao-se-sentir-em-casa.jpg","width":500,"height":300},{"@type":"BreadcrumbList","@id":"https:\/\/www.notibras.com\/site\/datolo-da-show-em-salvador-e-galo-passa-pelo-vitoria-por-3-a-2\/#breadcrumb","itemListElement":[{"@type":"ListItem","position":1,"name":"In\u00edcio","item":"https:\/\/www.notibras.com\/site\/"},{"@type":"ListItem","position":2,"name":"D\u00e1tolo d\u00e1 show em Salvador e Galo passa pelo Vit\u00f3ria por 3 a 2"}]},{"@type":"WebSite","@id":"https:\/\/www.notibras.com\/site\/#website","url":"https:\/\/www.notibras.com\/site\/","name":"Notibras","description":"Not\u00edcias de Bras\u00edlia, do Brasil e do Mundo","publisher":{"@id":"https:\/\/www.notibras.com\/site\/#organization"},"potentialAction":[{"@type":"SearchAction","target":{"@type":"EntryPoint","urlTemplate":"https:\/\/www.notibras.com\/site\/?s={search_term_string}"},"query-input":{"@type":"PropertyValueSpecification","valueRequired":true,"valueName":"search_term_string"}}],"inLanguage":"pt-BR"},{"@type":"Organization","@id":"https:\/\/www.notibras.com\/site\/#organization","name":"Grupo Notibras de Comunica\u00e7\u00e3o","url":"https:\/\/www.notibras.com\/site\/","logo":{"@type":"ImageObject","inLanguage":"pt-BR","@id":"https:\/\/www.notibras.com\/site\/#\/schema\/logo\/image\/","url":"https:\/\/www.notibras.com\/site\/wp-content\/uploads\/2023\/01\/notibras23.png","contentUrl":"https:\/\/www.notibras.com\/site\/wp-content\/uploads\/2023\/01\/notibras23.png","width":350,"height":87,"caption":"Grupo Notibras de Comunica\u00e7\u00e3o"},"image":{"@id":"https:\/\/www.notibras.com\/site\/#\/schema\/logo\/image\/"},"sameAs":["https:\/\/www.facebook.com\/notibras\/","https:\/\/x.com\/Notibras","https:\/\/www.instagram.com\/notibras\/"]},{"@type":"Person","@id":"https:\/\/www.notibras.com\/site\/#\/schema\/person\/36ab0979449956132d3e5b517ea76ac8","name":"Reda\u00e7\u00e3o","image":{"@type":"ImageObject","inLanguage":"pt-BR","@id":"https:\/\/secure.gravatar.com\/avatar\/e0a867bdedb85fd243eadf09663511f96fc81e0720a4a42581f334ad4303aa6b?s=96&d=mm&r=g","url":"https:\/\/secure.gravatar.com\/avatar\/e0a867bdedb85fd243eadf09663511f96fc81e0720a4a42581f334ad4303aa6b?s=96&d=mm&r=g","contentUrl":"https:\/\/secure.gravatar.com\/avatar\/e0a867bdedb85fd243eadf09663511f96fc81e0720a4a42581f334ad4303aa6b?s=96&d=mm&r=g","caption":"Reda\u00e7\u00e3o"}}]}},"amp_enabled":true,"_links":{"self":[{"href":"https:\/\/www.notibras.com\/site\/wp-json\/wp\/v2\/posts\/10638","targetHints":{"allow":["GET"]}}],"collection":[{"href":"https:\/\/www.notibras.com\/site\/wp-json\/wp\/v2\/posts"}],"about":[{"href":"https:\/\/www.notibras.com\/site\/wp-json\/wp\/v2\/types\/post"}],"author":[{"embeddable":true,"href":"https:\/\/www.notibras.com\/site\/wp-json\/wp\/v2\/users\/2"}],"replies":[{"embeddable":true,"href":"https:\/\/www.notibras.com\/site\/wp-json\/wp\/v2\/comments?post=10638"}],"version-history":[{"count":0,"href":"https:\/\/www.notibras.com\/site\/wp-json\/wp\/v2\/posts\/10638\/revisions"}],"wp:featuredmedia":[{"embeddable":true,"href":"https:\/\/www.notibras.com\/site\/wp-json\/wp\/v2\/media\/10639"}],"wp:attachment":[{"href":"https:\/\/www.notibras.com\/site\/wp-json\/wp\/v2\/media?parent=10638"}],"wp:term":[{"taxonomy":"category","embeddable":true,"href":"https:\/\/www.notibras.com\/site\/wp-json\/wp\/v2\/categories?post=10638"},{"taxonomy":"post_tag","embeddable":true,"href":"https:\/\/www.notibras.com\/site\/wp-json\/wp\/v2\/tags?post=10638"}],"curies":[{"name":"wp","href":"https:\/\/api.w.org\/{rel}","templated":true}]}}