{"id":106402,"date":"2016-06-30T08:45:14","date_gmt":"2016-06-30T11:45:14","guid":{"rendered":"http:\/\/www.notibras.com\/site\/?p=106402"},"modified":"2016-06-30T10:28:16","modified_gmt":"2016-06-30T13:28:16","slug":"chicanas-politicas-nao-podem-contaminar-servicos-publicos","status":"publish","type":"post","link":"https:\/\/www.notibras.com\/site\/chicanas-politicas-nao-podem-contaminar-servicos-publicos\/","title":{"rendered":"Chicanas pol\u00edticas n\u00e3o podem contaminar servi\u00e7os p\u00fablicos"},"content":{"rendered":"<p><strong>Carlos Melo e Sandro Cabral<\/strong><\/p>\n<p>A provis\u00e3o de servi\u00e7os p\u00fablicos \u00e9 revestida de complexidade e requer n\u00e3o s\u00f3 organiza\u00e7\u00e3o como coordena\u00e7\u00e3o de for\u00e7as. No que se refere aos incentivos, e em compara\u00e7\u00e3o com a iniciativa privada, a situa\u00e7\u00e3o no setor p\u00fablico \u00e9 ainda mais dif\u00edcil, j\u00e1 que funcion\u00e1rios p\u00fablicos quase nunca s\u00e3o punidos por apresentarem baixo desempenho, e dificilmente ag\u00eancias governamentais s\u00e3o penalizadas por n\u00e3o cumprir suas fun\u00e7\u00f5es e metas.<\/p>\n<p>Tamb\u00e9m \u00e9 verdade que os objetivos a serem perseguidos est\u00e3o longe de ser consensuais, afinal, m\u00faltiplos interesses est\u00e3o em jogo. Numa pris\u00e3o, por exemplo, o que priorizar: a reinser\u00e7\u00e3o, mediante boas condi\u00e7\u00f5es de encarceramento, ou a segrega\u00e7\u00e3o social, como pena e para a prote\u00e7\u00e3o da sociedade?<\/p>\n<p>Essa complexidade torna a coordena\u00e7\u00e3o entre os m\u00faltiplos agentes uma atividade muito mais intricada, sobretudo quando requer o envolvimento de diversos \u00f3rg\u00e3os que, n\u00e3o raro, pertencem a diferentes n\u00edveis \u2013municipal, estadual e federal\u2013 e esferas de Poder \u2013Executivo, Legislativo e Judici\u00e1rio. Como complicador, servi\u00e7os p\u00fablicos podem abarcar organiza\u00e7\u00f5es privadas sem fins lucrativos, cujos interesses e naturezas s\u00e3o bastante diversos. Tal contexto tende a estimular um sem-n\u00famero de conflitos, comprometendo a entrega do bem final \u00e0 popula\u00e7\u00e3o.<\/p>\n<p>Pr\u00e1ticas colaborativas s\u00e3o, portanto, essenciais para que se tenha uma adequada provis\u00e3o, o que requer pol\u00edticas de Estado, n\u00e3o de governo. Tais pr\u00e1ticas devem ser transparentes, profissionais, republicanas e, o mais importante, o processo decis\u00f3rio n\u00e3o pode ser contaminado por chicanas entre grupos pol\u00edticos e ag\u00eancias rivais.<\/p>\n<p>Afinal, quando tais disputas ocorrem, a fatura da aus\u00eancia de coordena\u00e7\u00e3o \u00e9 apresentada \u00e0 popula\u00e7\u00e3o na forma de custos mais elevados, de atrasos na execu\u00e7\u00e3o, de uma provis\u00e3o deficiente \u2013decorrentes da redund\u00e2ncia de recursos\u2013, de falta de planejamento e de um simples boicote por quem tem interesses contrariados pela a\u00e7\u00e3o.<\/p>\n<p>Tanto a colabora\u00e7\u00e3o intergovernamental como a entre agentes p\u00fablicos e privados tornam-se n\u00e3o s\u00f3 necess\u00e1rias mas tamb\u00e9m indispens\u00e1veis. Isso deve (ou deveria) se dar, por exemplo, no planejamento e opera\u00e7\u00e3o de redes de transportes metropolitanos, na gest\u00e3o de recursos h\u00eddricos, nas estrat\u00e9gias de combate ao crime organizado e na organiza\u00e7\u00e3o de eventos culturais e esportivos, para citar apenas alguns casos.<\/p>\n<p><strong>Eventos de rua &#8211;<\/strong> Um ponto que atualmente tem chamado muita aten\u00e7\u00e3o \u00e9 o novo Carnaval de rua paulistano. Trata-se de um evento t\u00e3o interessante quanto pol\u00eamico. Tendo surgido em meio ao ocaso dos bailes dos clubes e \u00e0s restri\u00e7\u00f5es do samb\u00f3dromo, caiu no gosto de boa parte da popula\u00e7\u00e3o. Por\u00e9m, ao tempo em que atende a parcelas sociais, tamb\u00e9m imp\u00f5e desafios. Afinal, \u00e9 preciso possibilitar uma folia segura e que minimize os impactos no entorno.<\/p>\n<p>Os acontecimentos recentes sugerem que as autoridades do Estado e as do munic\u00edpio necessitam aprimorar seus padr\u00f5es atuais de relacionamento para lidar com a nova realidade que se apresenta. Apesar dos avan\u00e7os inequ\u00edvocos por parte da prefeitura paulistana na organiza\u00e7\u00e3o da festa, a dispers\u00e3o de foli\u00f5es mediante coer\u00e7\u00e3o por parte da Pol\u00edcia Militar, a circula\u00e7\u00e3o de bebidas em garrafas de vidro nas \u00e1reas da festa e a presen\u00e7a de vendedores ambulantes n\u00e3o autorizados s\u00e3o eventos indesej\u00e1veis que podem e devem ser mitigados por meio da atua\u00e7\u00e3o conjunta e efetivamente coordenada entre as diversas entidades atuantes no evento.<\/p>\n<p>Naturalmente, isso passa pelo maior envolvimento do governo do Estado na organiza\u00e7\u00e3o da festa. Detendo o controle de for\u00e7as policiais e de parte dos servi\u00e7os de sa\u00fade, a presen\u00e7a das autoridades e dos recursos estaduais \u00e9 vital para uma folia mais adequada e mais segura. Em adi\u00e7\u00e3o, o evento envolve a popula\u00e7\u00e3o de diversos outros munic\u00edpios da Grande S\u00e3o Paulo \u2013tanto do interior como de fora do Estado\u2013, que acabam trazendo recursos e aumentando a arrecada\u00e7\u00e3o dos governos envolvidos.<\/p>\n<p>Diante da irreversibilidade do processo de ocupa\u00e7\u00e3o das ruas, \u00e9 imperativo que a prefeitura e o governo estadual criem estruturas de governan\u00e7a de car\u00e1ter colaborativo para planejar e operar esses eventos de rua. A exist\u00eancia de um organismo aut\u00f4nomo, em que seus t\u00e9cnicos sejam despidos de interesses partid\u00e1rios e livres da insuport\u00e1vel \u2013por\u00e9m, costumeira\u2013 guerra de vaidades, seria capaz de elevar o conforto e a qualidade dessa e de outras festividades cujas colabora\u00e7\u00f5es s\u00e3o imprescind\u00edveis e nas quais interesses conflitantes est\u00e3o em jogo.<\/p>\n<p>Seja no Carnaval, Parada do Orgulho LGBT, na Marcha para Jesus, na Virada Cultural ou ainda em organismos de gest\u00e3o metropolitana, cabe \u00e0s lideran\u00e7as pol\u00edticas blindar os corpos t\u00e9cnicos, no \u00e2mbito da prefeitura e do governo estadual \u2013notadamente, as for\u00e7as policiais\u2013, fazendo com que suas posi\u00e7\u00f5es sejam levadas em conta no processo, assim evitando ao m\u00e1ximo a autovaloriza\u00e7\u00e3o de esferas individuais de governo.<\/p>\n<p>Pesquisas recentes revelam que a cont\u00ednua intera\u00e7\u00e3o entre t\u00e9cnicos pode estimular a cria\u00e7\u00e3o de redes informais de colabora\u00e7\u00e3o que s\u00e3o capazes de atenuar eventuais inger\u00eancias pol\u00edticas e de gerar benef\u00edcios para outras iniciativas. Que assim seja.<\/p>\n","protected":false},"excerpt":{"rendered":"<p>Carlos Melo e Sandro Cabral A provis\u00e3o de servi\u00e7os p\u00fablicos \u00e9 revestida de complexidade e requer n\u00e3o s\u00f3 organiza\u00e7\u00e3o como coordena\u00e7\u00e3o de for\u00e7as. No que se refere aos incentivos, e em compara\u00e7\u00e3o com a iniciativa privada, a situa\u00e7\u00e3o no setor p\u00fablico \u00e9 ainda mais dif\u00edcil, j\u00e1 que funcion\u00e1rios p\u00fablicos quase nunca s\u00e3o punidos por apresentarem [&hellip;]<\/p>\n","protected":false},"author":2,"featured_media":106403,"comment_status":"open","ping_status":"closed","sticky":false,"template":"","format":"standard","meta":{"_acf_changed":false,"footnotes":""},"categories":[25],"tags":[],"class_list":["post-106402","post","type-post","status-publish","format-standard","has-post-thumbnail","hentry","category-opina-ai"],"acf":[],"yoast_head":"<!-- This site is optimized with the Yoast SEO plugin v27.5 - https:\/\/yoast.com\/product\/yoast-seo-wordpress\/ -->\n<title>Chicanas pol\u00edticas n\u00e3o podem contaminar servi\u00e7os p\u00fablicos - Notibras<\/title>\n<meta name=\"robots\" content=\"index, follow, max-snippet:-1, max-image-preview:large, max-video-preview:-1\" \/>\n<link rel=\"canonical\" href=\"https:\/\/www.notibras.com\/site\/chicanas-politicas-nao-podem-contaminar-servicos-publicos\/\" \/>\n<meta property=\"og:locale\" content=\"pt_BR\" \/>\n<meta property=\"og:type\" content=\"article\" \/>\n<meta property=\"og:title\" content=\"Chicanas pol\u00edticas n\u00e3o podem contaminar servi\u00e7os p\u00fablicos - Notibras\" \/>\n<meta property=\"og:description\" content=\"Carlos Melo e Sandro Cabral A provis\u00e3o de servi\u00e7os p\u00fablicos \u00e9 revestida de complexidade e requer n\u00e3o s\u00f3 organiza\u00e7\u00e3o como coordena\u00e7\u00e3o de for\u00e7as. No que se refere aos incentivos, e em compara\u00e7\u00e3o com a iniciativa privada, a situa\u00e7\u00e3o no setor p\u00fablico \u00e9 ainda mais dif\u00edcil, j\u00e1 que funcion\u00e1rios p\u00fablicos quase nunca s\u00e3o punidos por apresentarem [&hellip;]\" \/>\n<meta property=\"og:url\" content=\"https:\/\/www.notibras.com\/site\/chicanas-politicas-nao-podem-contaminar-servicos-publicos\/\" \/>\n<meta property=\"og:site_name\" content=\"Notibras\" \/>\n<meta property=\"article:publisher\" content=\"https:\/\/www.facebook.com\/notibras\/\" \/>\n<meta property=\"article:published_time\" content=\"2016-06-30T11:45:14+00:00\" \/>\n<meta property=\"article:modified_time\" content=\"2016-06-30T13:28:16+00:00\" \/>\n<meta property=\"og:image\" content=\"https:\/\/www.notibras.com\/site\/wp-content\/uploads\/2016\/06\/opch30.jpg\" \/>\n\t<meta property=\"og:image:width\" content=\"810\" \/>\n\t<meta property=\"og:image:height\" content=\"455\" \/>\n\t<meta property=\"og:image:type\" content=\"image\/jpeg\" \/>\n<meta name=\"author\" content=\"Reda\u00e7\u00e3o\" \/>\n<meta name=\"twitter:card\" content=\"summary_large_image\" \/>\n<meta name=\"twitter:creator\" content=\"@Notibras\" \/>\n<meta name=\"twitter:site\" content=\"@Notibras\" \/>\n<meta name=\"twitter:label1\" content=\"Escrito por\" \/>\n\t<meta name=\"twitter:data1\" content=\"Reda\u00e7\u00e3o\" \/>\n\t<meta name=\"twitter:label2\" content=\"Est. tempo de leitura\" \/>\n\t<meta name=\"twitter:data2\" content=\"5 minutos\" \/>\n<script type=\"application\/ld+json\" class=\"yoast-schema-graph\">{\"@context\":\"https:\\\/\\\/schema.org\",\"@graph\":[{\"@type\":\"Article\",\"@id\":\"https:\\\/\\\/www.notibras.com\\\/site\\\/chicanas-politicas-nao-podem-contaminar-servicos-publicos\\\/#article\",\"isPartOf\":{\"@id\":\"https:\\\/\\\/www.notibras.com\\\/site\\\/chicanas-politicas-nao-podem-contaminar-servicos-publicos\\\/\"},\"author\":{\"name\":\"Reda\u00e7\u00e3o\",\"@id\":\"https:\\\/\\\/www.notibras.com\\\/site\\\/#\\\/schema\\\/person\\\/36ab0979449956132d3e5b517ea76ac8\"},\"headline\":\"Chicanas pol\u00edticas n\u00e3o podem contaminar servi\u00e7os p\u00fablicos\",\"datePublished\":\"2016-06-30T11:45:14+00:00\",\"dateModified\":\"2016-06-30T13:28:16+00:00\",\"mainEntityOfPage\":{\"@id\":\"https:\\\/\\\/www.notibras.com\\\/site\\\/chicanas-politicas-nao-podem-contaminar-servicos-publicos\\\/\"},\"wordCount\":915,\"commentCount\":0,\"publisher\":{\"@id\":\"https:\\\/\\\/www.notibras.com\\\/site\\\/#organization\"},\"image\":{\"@id\":\"https:\\\/\\\/www.notibras.com\\\/site\\\/chicanas-politicas-nao-podem-contaminar-servicos-publicos\\\/#primaryimage\"},\"thumbnailUrl\":\"https:\\\/\\\/www.notibras.com\\\/site\\\/wp-content\\\/uploads\\\/2016\\\/06\\\/opch30.jpg\",\"articleSection\":[\"Opina a\u00ed\"],\"inLanguage\":\"pt-BR\",\"potentialAction\":[{\"@type\":\"CommentAction\",\"name\":\"Comment\",\"target\":[\"https:\\\/\\\/www.notibras.com\\\/site\\\/chicanas-politicas-nao-podem-contaminar-servicos-publicos\\\/#respond\"]}]},{\"@type\":\"WebPage\",\"@id\":\"https:\\\/\\\/www.notibras.com\\\/site\\\/chicanas-politicas-nao-podem-contaminar-servicos-publicos\\\/\",\"url\":\"https:\\\/\\\/www.notibras.com\\\/site\\\/chicanas-politicas-nao-podem-contaminar-servicos-publicos\\\/\",\"name\":\"Chicanas pol\u00edticas n\u00e3o podem contaminar servi\u00e7os p\u00fablicos - Notibras\",\"isPartOf\":{\"@id\":\"https:\\\/\\\/www.notibras.com\\\/site\\\/#website\"},\"primaryImageOfPage\":{\"@id\":\"https:\\\/\\\/www.notibras.com\\\/site\\\/chicanas-politicas-nao-podem-contaminar-servicos-publicos\\\/#primaryimage\"},\"image\":{\"@id\":\"https:\\\/\\\/www.notibras.com\\\/site\\\/chicanas-politicas-nao-podem-contaminar-servicos-publicos\\\/#primaryimage\"},\"thumbnailUrl\":\"https:\\\/\\\/www.notibras.com\\\/site\\\/wp-content\\\/uploads\\\/2016\\\/06\\\/opch30.jpg\",\"datePublished\":\"2016-06-30T11:45:14+00:00\",\"dateModified\":\"2016-06-30T13:28:16+00:00\",\"breadcrumb\":{\"@id\":\"https:\\\/\\\/www.notibras.com\\\/site\\\/chicanas-politicas-nao-podem-contaminar-servicos-publicos\\\/#breadcrumb\"},\"inLanguage\":\"pt-BR\",\"potentialAction\":[{\"@type\":\"ReadAction\",\"target\":[\"https:\\\/\\\/www.notibras.com\\\/site\\\/chicanas-politicas-nao-podem-contaminar-servicos-publicos\\\/\"]}]},{\"@type\":\"ImageObject\",\"inLanguage\":\"pt-BR\",\"@id\":\"https:\\\/\\\/www.notibras.com\\\/site\\\/chicanas-politicas-nao-podem-contaminar-servicos-publicos\\\/#primaryimage\",\"url\":\"https:\\\/\\\/www.notibras.com\\\/site\\\/wp-content\\\/uploads\\\/2016\\\/06\\\/opch30.jpg\",\"contentUrl\":\"https:\\\/\\\/www.notibras.com\\\/site\\\/wp-content\\\/uploads\\\/2016\\\/06\\\/opch30.jpg\",\"width\":810,\"height\":455},{\"@type\":\"BreadcrumbList\",\"@id\":\"https:\\\/\\\/www.notibras.com\\\/site\\\/chicanas-politicas-nao-podem-contaminar-servicos-publicos\\\/#breadcrumb\",\"itemListElement\":[{\"@type\":\"ListItem\",\"position\":1,\"name\":\"In\u00edcio\",\"item\":\"https:\\\/\\\/www.notibras.com\\\/site\\\/\"},{\"@type\":\"ListItem\",\"position\":2,\"name\":\"Chicanas pol\u00edticas n\u00e3o podem contaminar servi\u00e7os p\u00fablicos\"}]},{\"@type\":\"WebSite\",\"@id\":\"https:\\\/\\\/www.notibras.com\\\/site\\\/#website\",\"url\":\"https:\\\/\\\/www.notibras.com\\\/site\\\/\",\"name\":\"Notibras\",\"description\":\"Not\u00edcias de Bras\u00edlia, do Brasil e do Mundo\",\"publisher\":{\"@id\":\"https:\\\/\\\/www.notibras.com\\\/site\\\/#organization\"},\"potentialAction\":[{\"@type\":\"SearchAction\",\"target\":{\"@type\":\"EntryPoint\",\"urlTemplate\":\"https:\\\/\\\/www.notibras.com\\\/site\\\/?s={search_term_string}\"},\"query-input\":{\"@type\":\"PropertyValueSpecification\",\"valueRequired\":true,\"valueName\":\"search_term_string\"}}],\"inLanguage\":\"pt-BR\"},{\"@type\":\"Organization\",\"@id\":\"https:\\\/\\\/www.notibras.com\\\/site\\\/#organization\",\"name\":\"Grupo Notibras de Comunica\u00e7\u00e3o\",\"url\":\"https:\\\/\\\/www.notibras.com\\\/site\\\/\",\"logo\":{\"@type\":\"ImageObject\",\"inLanguage\":\"pt-BR\",\"@id\":\"https:\\\/\\\/www.notibras.com\\\/site\\\/#\\\/schema\\\/logo\\\/image\\\/\",\"url\":\"https:\\\/\\\/www.notibras.com\\\/site\\\/wp-content\\\/uploads\\\/2023\\\/01\\\/notibras23.png\",\"contentUrl\":\"https:\\\/\\\/www.notibras.com\\\/site\\\/wp-content\\\/uploads\\\/2023\\\/01\\\/notibras23.png\",\"width\":350,\"height\":87,\"caption\":\"Grupo Notibras de Comunica\u00e7\u00e3o\"},\"image\":{\"@id\":\"https:\\\/\\\/www.notibras.com\\\/site\\\/#\\\/schema\\\/logo\\\/image\\\/\"},\"sameAs\":[\"https:\\\/\\\/www.facebook.com\\\/notibras\\\/\",\"https:\\\/\\\/x.com\\\/Notibras\",\"https:\\\/\\\/www.instagram.com\\\/notibras\\\/\"]},{\"@type\":\"Person\",\"@id\":\"https:\\\/\\\/www.notibras.com\\\/site\\\/#\\\/schema\\\/person\\\/36ab0979449956132d3e5b517ea76ac8\",\"name\":\"Reda\u00e7\u00e3o\",\"image\":{\"@type\":\"ImageObject\",\"inLanguage\":\"pt-BR\",\"@id\":\"https:\\\/\\\/secure.gravatar.com\\\/avatar\\\/e0a867bdedb85fd243eadf09663511f96fc81e0720a4a42581f334ad4303aa6b?s=96&d=mm&r=g\",\"url\":\"https:\\\/\\\/secure.gravatar.com\\\/avatar\\\/e0a867bdedb85fd243eadf09663511f96fc81e0720a4a42581f334ad4303aa6b?s=96&d=mm&r=g\",\"contentUrl\":\"https:\\\/\\\/secure.gravatar.com\\\/avatar\\\/e0a867bdedb85fd243eadf09663511f96fc81e0720a4a42581f334ad4303aa6b?s=96&d=mm&r=g\",\"caption\":\"Reda\u00e7\u00e3o\"}}]}<\/script>\n<!-- \/ Yoast SEO plugin. -->","yoast_head_json":{"title":"Chicanas pol\u00edticas n\u00e3o podem contaminar servi\u00e7os p\u00fablicos - Notibras","robots":{"index":"index","follow":"follow","max-snippet":"max-snippet:-1","max-image-preview":"max-image-preview:large","max-video-preview":"max-video-preview:-1"},"canonical":"https:\/\/www.notibras.com\/site\/chicanas-politicas-nao-podem-contaminar-servicos-publicos\/","og_locale":"pt_BR","og_type":"article","og_title":"Chicanas pol\u00edticas n\u00e3o podem contaminar servi\u00e7os p\u00fablicos - Notibras","og_description":"Carlos Melo e Sandro Cabral A provis\u00e3o de servi\u00e7os p\u00fablicos \u00e9 revestida de complexidade e requer n\u00e3o s\u00f3 organiza\u00e7\u00e3o como coordena\u00e7\u00e3o de for\u00e7as. No que se refere aos incentivos, e em compara\u00e7\u00e3o com a iniciativa privada, a situa\u00e7\u00e3o no setor p\u00fablico \u00e9 ainda mais dif\u00edcil, j\u00e1 que funcion\u00e1rios p\u00fablicos quase nunca s\u00e3o punidos por apresentarem [&hellip;]","og_url":"https:\/\/www.notibras.com\/site\/chicanas-politicas-nao-podem-contaminar-servicos-publicos\/","og_site_name":"Notibras","article_publisher":"https:\/\/www.facebook.com\/notibras\/","article_published_time":"2016-06-30T11:45:14+00:00","article_modified_time":"2016-06-30T13:28:16+00:00","og_image":[{"width":810,"height":455,"url":"https:\/\/www.notibras.com\/site\/wp-content\/uploads\/2016\/06\/opch30.jpg","type":"image\/jpeg"}],"author":"Reda\u00e7\u00e3o","twitter_card":"summary_large_image","twitter_creator":"@Notibras","twitter_site":"@Notibras","twitter_misc":{"Escrito por":"Reda\u00e7\u00e3o","Est. tempo de leitura":"5 minutos"},"schema":{"@context":"https:\/\/schema.org","@graph":[{"@type":"Article","@id":"https:\/\/www.notibras.com\/site\/chicanas-politicas-nao-podem-contaminar-servicos-publicos\/#article","isPartOf":{"@id":"https:\/\/www.notibras.com\/site\/chicanas-politicas-nao-podem-contaminar-servicos-publicos\/"},"author":{"name":"Reda\u00e7\u00e3o","@id":"https:\/\/www.notibras.com\/site\/#\/schema\/person\/36ab0979449956132d3e5b517ea76ac8"},"headline":"Chicanas pol\u00edticas n\u00e3o podem contaminar servi\u00e7os p\u00fablicos","datePublished":"2016-06-30T11:45:14+00:00","dateModified":"2016-06-30T13:28:16+00:00","mainEntityOfPage":{"@id":"https:\/\/www.notibras.com\/site\/chicanas-politicas-nao-podem-contaminar-servicos-publicos\/"},"wordCount":915,"commentCount":0,"publisher":{"@id":"https:\/\/www.notibras.com\/site\/#organization"},"image":{"@id":"https:\/\/www.notibras.com\/site\/chicanas-politicas-nao-podem-contaminar-servicos-publicos\/#primaryimage"},"thumbnailUrl":"https:\/\/www.notibras.com\/site\/wp-content\/uploads\/2016\/06\/opch30.jpg","articleSection":["Opina a\u00ed"],"inLanguage":"pt-BR","potentialAction":[{"@type":"CommentAction","name":"Comment","target":["https:\/\/www.notibras.com\/site\/chicanas-politicas-nao-podem-contaminar-servicos-publicos\/#respond"]}]},{"@type":"WebPage","@id":"https:\/\/www.notibras.com\/site\/chicanas-politicas-nao-podem-contaminar-servicos-publicos\/","url":"https:\/\/www.notibras.com\/site\/chicanas-politicas-nao-podem-contaminar-servicos-publicos\/","name":"Chicanas pol\u00edticas n\u00e3o podem contaminar servi\u00e7os p\u00fablicos - Notibras","isPartOf":{"@id":"https:\/\/www.notibras.com\/site\/#website"},"primaryImageOfPage":{"@id":"https:\/\/www.notibras.com\/site\/chicanas-politicas-nao-podem-contaminar-servicos-publicos\/#primaryimage"},"image":{"@id":"https:\/\/www.notibras.com\/site\/chicanas-politicas-nao-podem-contaminar-servicos-publicos\/#primaryimage"},"thumbnailUrl":"https:\/\/www.notibras.com\/site\/wp-content\/uploads\/2016\/06\/opch30.jpg","datePublished":"2016-06-30T11:45:14+00:00","dateModified":"2016-06-30T13:28:16+00:00","breadcrumb":{"@id":"https:\/\/www.notibras.com\/site\/chicanas-politicas-nao-podem-contaminar-servicos-publicos\/#breadcrumb"},"inLanguage":"pt-BR","potentialAction":[{"@type":"ReadAction","target":["https:\/\/www.notibras.com\/site\/chicanas-politicas-nao-podem-contaminar-servicos-publicos\/"]}]},{"@type":"ImageObject","inLanguage":"pt-BR","@id":"https:\/\/www.notibras.com\/site\/chicanas-politicas-nao-podem-contaminar-servicos-publicos\/#primaryimage","url":"https:\/\/www.notibras.com\/site\/wp-content\/uploads\/2016\/06\/opch30.jpg","contentUrl":"https:\/\/www.notibras.com\/site\/wp-content\/uploads\/2016\/06\/opch30.jpg","width":810,"height":455},{"@type":"BreadcrumbList","@id":"https:\/\/www.notibras.com\/site\/chicanas-politicas-nao-podem-contaminar-servicos-publicos\/#breadcrumb","itemListElement":[{"@type":"ListItem","position":1,"name":"In\u00edcio","item":"https:\/\/www.notibras.com\/site\/"},{"@type":"ListItem","position":2,"name":"Chicanas pol\u00edticas n\u00e3o podem contaminar servi\u00e7os p\u00fablicos"}]},{"@type":"WebSite","@id":"https:\/\/www.notibras.com\/site\/#website","url":"https:\/\/www.notibras.com\/site\/","name":"Notibras","description":"Not\u00edcias de Bras\u00edlia, do Brasil e do Mundo","publisher":{"@id":"https:\/\/www.notibras.com\/site\/#organization"},"potentialAction":[{"@type":"SearchAction","target":{"@type":"EntryPoint","urlTemplate":"https:\/\/www.notibras.com\/site\/?s={search_term_string}"},"query-input":{"@type":"PropertyValueSpecification","valueRequired":true,"valueName":"search_term_string"}}],"inLanguage":"pt-BR"},{"@type":"Organization","@id":"https:\/\/www.notibras.com\/site\/#organization","name":"Grupo Notibras de Comunica\u00e7\u00e3o","url":"https:\/\/www.notibras.com\/site\/","logo":{"@type":"ImageObject","inLanguage":"pt-BR","@id":"https:\/\/www.notibras.com\/site\/#\/schema\/logo\/image\/","url":"https:\/\/www.notibras.com\/site\/wp-content\/uploads\/2023\/01\/notibras23.png","contentUrl":"https:\/\/www.notibras.com\/site\/wp-content\/uploads\/2023\/01\/notibras23.png","width":350,"height":87,"caption":"Grupo Notibras de Comunica\u00e7\u00e3o"},"image":{"@id":"https:\/\/www.notibras.com\/site\/#\/schema\/logo\/image\/"},"sameAs":["https:\/\/www.facebook.com\/notibras\/","https:\/\/x.com\/Notibras","https:\/\/www.instagram.com\/notibras\/"]},{"@type":"Person","@id":"https:\/\/www.notibras.com\/site\/#\/schema\/person\/36ab0979449956132d3e5b517ea76ac8","name":"Reda\u00e7\u00e3o","image":{"@type":"ImageObject","inLanguage":"pt-BR","@id":"https:\/\/secure.gravatar.com\/avatar\/e0a867bdedb85fd243eadf09663511f96fc81e0720a4a42581f334ad4303aa6b?s=96&d=mm&r=g","url":"https:\/\/secure.gravatar.com\/avatar\/e0a867bdedb85fd243eadf09663511f96fc81e0720a4a42581f334ad4303aa6b?s=96&d=mm&r=g","contentUrl":"https:\/\/secure.gravatar.com\/avatar\/e0a867bdedb85fd243eadf09663511f96fc81e0720a4a42581f334ad4303aa6b?s=96&d=mm&r=g","caption":"Reda\u00e7\u00e3o"}}]}},"amp_enabled":true,"_links":{"self":[{"href":"https:\/\/www.notibras.com\/site\/wp-json\/wp\/v2\/posts\/106402","targetHints":{"allow":["GET"]}}],"collection":[{"href":"https:\/\/www.notibras.com\/site\/wp-json\/wp\/v2\/posts"}],"about":[{"href":"https:\/\/www.notibras.com\/site\/wp-json\/wp\/v2\/types\/post"}],"author":[{"embeddable":true,"href":"https:\/\/www.notibras.com\/site\/wp-json\/wp\/v2\/users\/2"}],"replies":[{"embeddable":true,"href":"https:\/\/www.notibras.com\/site\/wp-json\/wp\/v2\/comments?post=106402"}],"version-history":[{"count":2,"href":"https:\/\/www.notibras.com\/site\/wp-json\/wp\/v2\/posts\/106402\/revisions"}],"predecessor-version":[{"id":106405,"href":"https:\/\/www.notibras.com\/site\/wp-json\/wp\/v2\/posts\/106402\/revisions\/106405"}],"wp:featuredmedia":[{"embeddable":true,"href":"https:\/\/www.notibras.com\/site\/wp-json\/wp\/v2\/media\/106403"}],"wp:attachment":[{"href":"https:\/\/www.notibras.com\/site\/wp-json\/wp\/v2\/media?parent=106402"}],"wp:term":[{"taxonomy":"category","embeddable":true,"href":"https:\/\/www.notibras.com\/site\/wp-json\/wp\/v2\/categories?post=106402"},{"taxonomy":"post_tag","embeddable":true,"href":"https:\/\/www.notibras.com\/site\/wp-json\/wp\/v2\/tags?post=106402"}],"curies":[{"name":"wp","href":"https:\/\/api.w.org\/{rel}","templated":true}]}}