{"id":10662,"date":"2014-05-23T10:02:11","date_gmt":"2014-05-23T13:02:11","guid":{"rendered":"http:\/\/www.notibras.com\/site\/?p=10662"},"modified":"2014-05-23T12:30:44","modified_gmt":"2014-05-23T15:30:44","slug":"crise-e-confianca-do-consumidor-na-economia-despenca-33-pontos","status":"publish","type":"post","link":"https:\/\/www.notibras.com\/site\/crise-e-confianca-do-consumidor-na-economia-despenca-33-pontos\/","title":{"rendered":"Confian\u00e7a do consumidor na economia despenca 3 pontos"},"content":{"rendered":"<p>O \u00cdndice de Confian\u00e7a do Consumidor (ICC) recuou 3,3% de abril para maio, ao passar de 106,3 para 102,8 pontos, o menor n\u00edvel desde abril de 2009 (99,7). O indicador foi divulgado nesta sexta 23 pelo Instituto Brasileiro de Economia da Funda\u00e7\u00e3o Getulio Vargas (Ibre-FGV). Com o resultado, o \u00edndice manteve-se abaixo da m\u00e9dia hist\u00f3rica, de 116,4 pontos, pelo 16\u00ba m\u00eas consecutivo.<\/p>\n<p>Segundo a avalia\u00e7\u00e3o da FGV, os consumidores \u201ccontinuam pouco satisfeitos com a situa\u00e7\u00e3o atual e pessimistas em rela\u00e7\u00e3o aos rumos da economia nos pr\u00f3ximos meses\u201d. O \u00cdndice da Situa\u00e7\u00e3o Atual (ISA), por exemplo, chegou a cair 3,9%, para 107,2 pontos, o menor desde maio de 2009 (103,0). J\u00e1 o \u00cdndice de Expectativas (IE) recuou pelo sexto m\u00eas seguido, caindo 2,9%, para 100,6 pontos \u2013 tamb\u00e9m o mais baixo desde mar\u00e7o de 2009 (97,6).<\/p>\n<p>A FGV tamb\u00e9m constatou recuo de 3,8% no indicador que mede o grau de satisfa\u00e7\u00e3o dos consumidores com a situa\u00e7\u00e3o financeira pessoal, que com a queda passou de 109,3 para 105,1 pontos \u2013 o menor n\u00edvel desde agosto de 2009 (104,9). A propor\u00e7\u00e3o de consumidores que avaliam a situa\u00e7\u00e3o como boa diminuiu de 22,5% para 19,2%, enquanto a dos que a julgam ruim aumentou de 13,2% para 14,1%.<\/p>\n<p>Os economistas da FGV ressaltaram o fato de que a preocupa\u00e7\u00e3o dos consumidores com o or\u00e7amento dom\u00e9stico parece se estender para os pr\u00f3ximos meses. \u201cO indicador que mede o grau de otimismo em rela\u00e7\u00e3o \u00e0 situa\u00e7\u00e3o financeira familiar foi o quesito que mais influenciou a queda do ICC no m\u00eas\u201d, informa a nota.<\/p>\n<p>Ao cair 3,4%, para 124,7 pontos, o indicador atinge o menor n\u00edvel desde fevereiro de 2010 (124). A parcela de consumidores projetando melhora caiu de 35,6% para 32,0%; a dos que preveem piora subiu de 6,5% para 7,3%.<\/p>\n<p>A Sondagem de Expectativas do Consumidor \u00e9 feita com base numa amostra de aproximadamente 2 mil domic\u00edlios em sete das principais capitais brasileiras. A coleta de dados para a edi\u00e7\u00e3o de maio de 2014 foi feita entre os dias 2 e 20 de maio. A pr\u00f3xima divulga\u00e7\u00e3o de resultados da Sondagem do Consumidor ocorrer\u00e1 em 26 de junho de 2014.<\/p>\n<p><strong>Nielmar de Oliveira, ABr<br \/>\n<\/strong><\/p>\n","protected":false},"excerpt":{"rendered":"<p>O \u00cdndice de Confian\u00e7a do Consumidor (ICC) recuou 3,3% de abril para maio, ao passar de 106,3 para 102,8 pontos, o menor n\u00edvel desde abril de 2009 (99,7). O indicador foi divulgado nesta sexta 23 pelo Instituto Brasileiro de Economia da Funda\u00e7\u00e3o Getulio Vargas (Ibre-FGV). Com o resultado, o \u00edndice manteve-se abaixo da m\u00e9dia hist\u00f3rica, [&hellip;]<\/p>\n","protected":false},"author":2,"featured_media":10663,"comment_status":"open","ping_status":"closed","sticky":false,"template":"","format":"standard","meta":{"_acf_changed":false,"footnotes":""},"categories":[16],"tags":[],"class_list":["post-10662","post","type-post","status-publish","format-standard","has-post-thumbnail","hentry","category-brasil"],"acf":[],"yoast_head":"<!-- This site is optimized with the Yoast SEO plugin v27.2 - https:\/\/yoast.com\/product\/yoast-seo-wordpress\/ -->\n<title>Confian\u00e7a do consumidor na economia despenca 3 pontos - Notibras<\/title>\n<meta name=\"robots\" content=\"index, follow, max-snippet:-1, max-image-preview:large, max-video-preview:-1\" \/>\n<link rel=\"canonical\" href=\"https:\/\/www.notibras.com\/site\/crise-e-confianca-do-consumidor-na-economia-despenca-33-pontos\/\" \/>\n<meta property=\"og:locale\" content=\"pt_BR\" \/>\n<meta property=\"og:type\" content=\"article\" \/>\n<meta property=\"og:title\" content=\"Confian\u00e7a do consumidor na economia despenca 3 pontos - Notibras\" \/>\n<meta property=\"og:description\" content=\"O \u00cdndice de Confian\u00e7a do Consumidor (ICC) recuou 3,3% de abril para maio, ao passar de 106,3 para 102,8 pontos, o menor n\u00edvel desde abril de 2009 (99,7). O indicador foi divulgado nesta sexta 23 pelo Instituto Brasileiro de Economia da Funda\u00e7\u00e3o Getulio Vargas (Ibre-FGV). Com o resultado, o \u00edndice manteve-se abaixo da m\u00e9dia hist\u00f3rica, [&hellip;]\" \/>\n<meta property=\"og:url\" content=\"https:\/\/www.notibras.com\/site\/crise-e-confianca-do-consumidor-na-economia-despenca-33-pontos\/\" \/>\n<meta property=\"og:site_name\" content=\"Notibras\" \/>\n<meta property=\"article:publisher\" content=\"https:\/\/www.facebook.com\/notibras\/\" \/>\n<meta property=\"article:published_time\" content=\"2014-05-23T13:02:11+00:00\" \/>\n<meta property=\"article:modified_time\" content=\"2014-05-23T15:30:44+00:00\" \/>\n<meta property=\"og:image\" content=\"https:\/\/www.notibras.com\/site\/wp-content\/uploads\/2014\/05\/juro-embutido-compra-prazo-hg-20100608.jpg\" \/>\n\t<meta property=\"og:image:width\" content=\"450\" \/>\n\t<meta property=\"og:image:height\" content=\"338\" \/>\n\t<meta property=\"og:image:type\" content=\"image\/jpeg\" \/>\n<meta name=\"author\" content=\"Reda\u00e7\u00e3o\" \/>\n<meta name=\"twitter:card\" content=\"summary_large_image\" \/>\n<meta name=\"twitter:creator\" content=\"@Notibras\" \/>\n<meta name=\"twitter:site\" content=\"@Notibras\" \/>\n<meta name=\"twitter:label1\" content=\"Escrito por\" \/>\n\t<meta name=\"twitter:data1\" content=\"Reda\u00e7\u00e3o\" \/>\n\t<meta name=\"twitter:label2\" content=\"Est. tempo de leitura\" \/>\n\t<meta name=\"twitter:data2\" content=\"2 minutos\" \/>\n<script type=\"application\/ld+json\" class=\"yoast-schema-graph\">{\"@context\":\"https:\/\/schema.org\",\"@graph\":[{\"@type\":\"Article\",\"@id\":\"https:\/\/www.notibras.com\/site\/crise-e-confianca-do-consumidor-na-economia-despenca-33-pontos\/#article\",\"isPartOf\":{\"@id\":\"https:\/\/www.notibras.com\/site\/crise-e-confianca-do-consumidor-na-economia-despenca-33-pontos\/\"},\"author\":{\"name\":\"Reda\u00e7\u00e3o\",\"@id\":\"https:\/\/www.notibras.com\/site\/#\/schema\/person\/36ab0979449956132d3e5b517ea76ac8\"},\"headline\":\"Confian\u00e7a do consumidor na economia despenca 3 pontos\",\"datePublished\":\"2014-05-23T13:02:11+00:00\",\"dateModified\":\"2014-05-23T15:30:44+00:00\",\"mainEntityOfPage\":{\"@id\":\"https:\/\/www.notibras.com\/site\/crise-e-confianca-do-consumidor-na-economia-despenca-33-pontos\/\"},\"wordCount\":355,\"commentCount\":0,\"publisher\":{\"@id\":\"https:\/\/www.notibras.com\/site\/#organization\"},\"image\":{\"@id\":\"https:\/\/www.notibras.com\/site\/crise-e-confianca-do-consumidor-na-economia-despenca-33-pontos\/#primaryimage\"},\"thumbnailUrl\":\"https:\/\/www.notibras.com\/site\/wp-content\/uploads\/2014\/05\/juro-embutido-compra-prazo-hg-20100608.jpg\",\"articleSection\":[\"Brasil\"],\"inLanguage\":\"pt-BR\",\"potentialAction\":[{\"@type\":\"CommentAction\",\"name\":\"Comment\",\"target\":[\"https:\/\/www.notibras.com\/site\/crise-e-confianca-do-consumidor-na-economia-despenca-33-pontos\/#respond\"]}]},{\"@type\":\"WebPage\",\"@id\":\"https:\/\/www.notibras.com\/site\/crise-e-confianca-do-consumidor-na-economia-despenca-33-pontos\/\",\"url\":\"https:\/\/www.notibras.com\/site\/crise-e-confianca-do-consumidor-na-economia-despenca-33-pontos\/\",\"name\":\"Confian\u00e7a do consumidor na economia despenca 3 pontos - Notibras\",\"isPartOf\":{\"@id\":\"https:\/\/www.notibras.com\/site\/#website\"},\"primaryImageOfPage\":{\"@id\":\"https:\/\/www.notibras.com\/site\/crise-e-confianca-do-consumidor-na-economia-despenca-33-pontos\/#primaryimage\"},\"image\":{\"@id\":\"https:\/\/www.notibras.com\/site\/crise-e-confianca-do-consumidor-na-economia-despenca-33-pontos\/#primaryimage\"},\"thumbnailUrl\":\"https:\/\/www.notibras.com\/site\/wp-content\/uploads\/2014\/05\/juro-embutido-compra-prazo-hg-20100608.jpg\",\"datePublished\":\"2014-05-23T13:02:11+00:00\",\"dateModified\":\"2014-05-23T15:30:44+00:00\",\"breadcrumb\":{\"@id\":\"https:\/\/www.notibras.com\/site\/crise-e-confianca-do-consumidor-na-economia-despenca-33-pontos\/#breadcrumb\"},\"inLanguage\":\"pt-BR\",\"potentialAction\":[{\"@type\":\"ReadAction\",\"target\":[\"https:\/\/www.notibras.com\/site\/crise-e-confianca-do-consumidor-na-economia-despenca-33-pontos\/\"]}]},{\"@type\":\"ImageObject\",\"inLanguage\":\"pt-BR\",\"@id\":\"https:\/\/www.notibras.com\/site\/crise-e-confianca-do-consumidor-na-economia-despenca-33-pontos\/#primaryimage\",\"url\":\"https:\/\/www.notibras.com\/site\/wp-content\/uploads\/2014\/05\/juro-embutido-compra-prazo-hg-20100608.jpg\",\"contentUrl\":\"https:\/\/www.notibras.com\/site\/wp-content\/uploads\/2014\/05\/juro-embutido-compra-prazo-hg-20100608.jpg\",\"width\":450,\"height\":338},{\"@type\":\"BreadcrumbList\",\"@id\":\"https:\/\/www.notibras.com\/site\/crise-e-confianca-do-consumidor-na-economia-despenca-33-pontos\/#breadcrumb\",\"itemListElement\":[{\"@type\":\"ListItem\",\"position\":1,\"name\":\"In\u00edcio\",\"item\":\"https:\/\/www.notibras.com\/site\/\"},{\"@type\":\"ListItem\",\"position\":2,\"name\":\"Confian\u00e7a do consumidor na economia despenca 3 pontos\"}]},{\"@type\":\"WebSite\",\"@id\":\"https:\/\/www.notibras.com\/site\/#website\",\"url\":\"https:\/\/www.notibras.com\/site\/\",\"name\":\"Notibras\",\"description\":\"Not\u00edcias de Bras\u00edlia, do Brasil e do Mundo\",\"publisher\":{\"@id\":\"https:\/\/www.notibras.com\/site\/#organization\"},\"potentialAction\":[{\"@type\":\"SearchAction\",\"target\":{\"@type\":\"EntryPoint\",\"urlTemplate\":\"https:\/\/www.notibras.com\/site\/?s={search_term_string}\"},\"query-input\":{\"@type\":\"PropertyValueSpecification\",\"valueRequired\":true,\"valueName\":\"search_term_string\"}}],\"inLanguage\":\"pt-BR\"},{\"@type\":\"Organization\",\"@id\":\"https:\/\/www.notibras.com\/site\/#organization\",\"name\":\"Grupo Notibras de Comunica\u00e7\u00e3o\",\"url\":\"https:\/\/www.notibras.com\/site\/\",\"logo\":{\"@type\":\"ImageObject\",\"inLanguage\":\"pt-BR\",\"@id\":\"https:\/\/www.notibras.com\/site\/#\/schema\/logo\/image\/\",\"url\":\"https:\/\/www.notibras.com\/site\/wp-content\/uploads\/2023\/01\/notibras23.png\",\"contentUrl\":\"https:\/\/www.notibras.com\/site\/wp-content\/uploads\/2023\/01\/notibras23.png\",\"width\":350,\"height\":87,\"caption\":\"Grupo Notibras de Comunica\u00e7\u00e3o\"},\"image\":{\"@id\":\"https:\/\/www.notibras.com\/site\/#\/schema\/logo\/image\/\"},\"sameAs\":[\"https:\/\/www.facebook.com\/notibras\/\",\"https:\/\/x.com\/Notibras\",\"https:\/\/www.instagram.com\/notibras\/\"]},{\"@type\":\"Person\",\"@id\":\"https:\/\/www.notibras.com\/site\/#\/schema\/person\/36ab0979449956132d3e5b517ea76ac8\",\"name\":\"Reda\u00e7\u00e3o\",\"image\":{\"@type\":\"ImageObject\",\"inLanguage\":\"pt-BR\",\"@id\":\"https:\/\/secure.gravatar.com\/avatar\/e0a867bdedb85fd243eadf09663511f96fc81e0720a4a42581f334ad4303aa6b?s=96&d=mm&r=g\",\"url\":\"https:\/\/secure.gravatar.com\/avatar\/e0a867bdedb85fd243eadf09663511f96fc81e0720a4a42581f334ad4303aa6b?s=96&d=mm&r=g\",\"contentUrl\":\"https:\/\/secure.gravatar.com\/avatar\/e0a867bdedb85fd243eadf09663511f96fc81e0720a4a42581f334ad4303aa6b?s=96&d=mm&r=g\",\"caption\":\"Reda\u00e7\u00e3o\"}}]}<\/script>\n<!-- \/ Yoast SEO plugin. -->","yoast_head_json":{"title":"Confian\u00e7a do consumidor na economia despenca 3 pontos - Notibras","robots":{"index":"index","follow":"follow","max-snippet":"max-snippet:-1","max-image-preview":"max-image-preview:large","max-video-preview":"max-video-preview:-1"},"canonical":"https:\/\/www.notibras.com\/site\/crise-e-confianca-do-consumidor-na-economia-despenca-33-pontos\/","og_locale":"pt_BR","og_type":"article","og_title":"Confian\u00e7a do consumidor na economia despenca 3 pontos - Notibras","og_description":"O \u00cdndice de Confian\u00e7a do Consumidor (ICC) recuou 3,3% de abril para maio, ao passar de 106,3 para 102,8 pontos, o menor n\u00edvel desde abril de 2009 (99,7). O indicador foi divulgado nesta sexta 23 pelo Instituto Brasileiro de Economia da Funda\u00e7\u00e3o Getulio Vargas (Ibre-FGV). Com o resultado, o \u00edndice manteve-se abaixo da m\u00e9dia hist\u00f3rica, [&hellip;]","og_url":"https:\/\/www.notibras.com\/site\/crise-e-confianca-do-consumidor-na-economia-despenca-33-pontos\/","og_site_name":"Notibras","article_publisher":"https:\/\/www.facebook.com\/notibras\/","article_published_time":"2014-05-23T13:02:11+00:00","article_modified_time":"2014-05-23T15:30:44+00:00","og_image":[{"width":450,"height":338,"url":"https:\/\/www.notibras.com\/site\/wp-content\/uploads\/2014\/05\/juro-embutido-compra-prazo-hg-20100608.jpg","type":"image\/jpeg"}],"author":"Reda\u00e7\u00e3o","twitter_card":"summary_large_image","twitter_creator":"@Notibras","twitter_site":"@Notibras","twitter_misc":{"Escrito por":"Reda\u00e7\u00e3o","Est. tempo de leitura":"2 minutos"},"schema":{"@context":"https:\/\/schema.org","@graph":[{"@type":"Article","@id":"https:\/\/www.notibras.com\/site\/crise-e-confianca-do-consumidor-na-economia-despenca-33-pontos\/#article","isPartOf":{"@id":"https:\/\/www.notibras.com\/site\/crise-e-confianca-do-consumidor-na-economia-despenca-33-pontos\/"},"author":{"name":"Reda\u00e7\u00e3o","@id":"https:\/\/www.notibras.com\/site\/#\/schema\/person\/36ab0979449956132d3e5b517ea76ac8"},"headline":"Confian\u00e7a do consumidor na economia despenca 3 pontos","datePublished":"2014-05-23T13:02:11+00:00","dateModified":"2014-05-23T15:30:44+00:00","mainEntityOfPage":{"@id":"https:\/\/www.notibras.com\/site\/crise-e-confianca-do-consumidor-na-economia-despenca-33-pontos\/"},"wordCount":355,"commentCount":0,"publisher":{"@id":"https:\/\/www.notibras.com\/site\/#organization"},"image":{"@id":"https:\/\/www.notibras.com\/site\/crise-e-confianca-do-consumidor-na-economia-despenca-33-pontos\/#primaryimage"},"thumbnailUrl":"https:\/\/www.notibras.com\/site\/wp-content\/uploads\/2014\/05\/juro-embutido-compra-prazo-hg-20100608.jpg","articleSection":["Brasil"],"inLanguage":"pt-BR","potentialAction":[{"@type":"CommentAction","name":"Comment","target":["https:\/\/www.notibras.com\/site\/crise-e-confianca-do-consumidor-na-economia-despenca-33-pontos\/#respond"]}]},{"@type":"WebPage","@id":"https:\/\/www.notibras.com\/site\/crise-e-confianca-do-consumidor-na-economia-despenca-33-pontos\/","url":"https:\/\/www.notibras.com\/site\/crise-e-confianca-do-consumidor-na-economia-despenca-33-pontos\/","name":"Confian\u00e7a do consumidor na economia despenca 3 pontos - Notibras","isPartOf":{"@id":"https:\/\/www.notibras.com\/site\/#website"},"primaryImageOfPage":{"@id":"https:\/\/www.notibras.com\/site\/crise-e-confianca-do-consumidor-na-economia-despenca-33-pontos\/#primaryimage"},"image":{"@id":"https:\/\/www.notibras.com\/site\/crise-e-confianca-do-consumidor-na-economia-despenca-33-pontos\/#primaryimage"},"thumbnailUrl":"https:\/\/www.notibras.com\/site\/wp-content\/uploads\/2014\/05\/juro-embutido-compra-prazo-hg-20100608.jpg","datePublished":"2014-05-23T13:02:11+00:00","dateModified":"2014-05-23T15:30:44+00:00","breadcrumb":{"@id":"https:\/\/www.notibras.com\/site\/crise-e-confianca-do-consumidor-na-economia-despenca-33-pontos\/#breadcrumb"},"inLanguage":"pt-BR","potentialAction":[{"@type":"ReadAction","target":["https:\/\/www.notibras.com\/site\/crise-e-confianca-do-consumidor-na-economia-despenca-33-pontos\/"]}]},{"@type":"ImageObject","inLanguage":"pt-BR","@id":"https:\/\/www.notibras.com\/site\/crise-e-confianca-do-consumidor-na-economia-despenca-33-pontos\/#primaryimage","url":"https:\/\/www.notibras.com\/site\/wp-content\/uploads\/2014\/05\/juro-embutido-compra-prazo-hg-20100608.jpg","contentUrl":"https:\/\/www.notibras.com\/site\/wp-content\/uploads\/2014\/05\/juro-embutido-compra-prazo-hg-20100608.jpg","width":450,"height":338},{"@type":"BreadcrumbList","@id":"https:\/\/www.notibras.com\/site\/crise-e-confianca-do-consumidor-na-economia-despenca-33-pontos\/#breadcrumb","itemListElement":[{"@type":"ListItem","position":1,"name":"In\u00edcio","item":"https:\/\/www.notibras.com\/site\/"},{"@type":"ListItem","position":2,"name":"Confian\u00e7a do consumidor na economia despenca 3 pontos"}]},{"@type":"WebSite","@id":"https:\/\/www.notibras.com\/site\/#website","url":"https:\/\/www.notibras.com\/site\/","name":"Notibras","description":"Not\u00edcias de Bras\u00edlia, do Brasil e do Mundo","publisher":{"@id":"https:\/\/www.notibras.com\/site\/#organization"},"potentialAction":[{"@type":"SearchAction","target":{"@type":"EntryPoint","urlTemplate":"https:\/\/www.notibras.com\/site\/?s={search_term_string}"},"query-input":{"@type":"PropertyValueSpecification","valueRequired":true,"valueName":"search_term_string"}}],"inLanguage":"pt-BR"},{"@type":"Organization","@id":"https:\/\/www.notibras.com\/site\/#organization","name":"Grupo Notibras de Comunica\u00e7\u00e3o","url":"https:\/\/www.notibras.com\/site\/","logo":{"@type":"ImageObject","inLanguage":"pt-BR","@id":"https:\/\/www.notibras.com\/site\/#\/schema\/logo\/image\/","url":"https:\/\/www.notibras.com\/site\/wp-content\/uploads\/2023\/01\/notibras23.png","contentUrl":"https:\/\/www.notibras.com\/site\/wp-content\/uploads\/2023\/01\/notibras23.png","width":350,"height":87,"caption":"Grupo Notibras de Comunica\u00e7\u00e3o"},"image":{"@id":"https:\/\/www.notibras.com\/site\/#\/schema\/logo\/image\/"},"sameAs":["https:\/\/www.facebook.com\/notibras\/","https:\/\/x.com\/Notibras","https:\/\/www.instagram.com\/notibras\/"]},{"@type":"Person","@id":"https:\/\/www.notibras.com\/site\/#\/schema\/person\/36ab0979449956132d3e5b517ea76ac8","name":"Reda\u00e7\u00e3o","image":{"@type":"ImageObject","inLanguage":"pt-BR","@id":"https:\/\/secure.gravatar.com\/avatar\/e0a867bdedb85fd243eadf09663511f96fc81e0720a4a42581f334ad4303aa6b?s=96&d=mm&r=g","url":"https:\/\/secure.gravatar.com\/avatar\/e0a867bdedb85fd243eadf09663511f96fc81e0720a4a42581f334ad4303aa6b?s=96&d=mm&r=g","contentUrl":"https:\/\/secure.gravatar.com\/avatar\/e0a867bdedb85fd243eadf09663511f96fc81e0720a4a42581f334ad4303aa6b?s=96&d=mm&r=g","caption":"Reda\u00e7\u00e3o"}}]}},"amp_enabled":true,"_links":{"self":[{"href":"https:\/\/www.notibras.com\/site\/wp-json\/wp\/v2\/posts\/10662","targetHints":{"allow":["GET"]}}],"collection":[{"href":"https:\/\/www.notibras.com\/site\/wp-json\/wp\/v2\/posts"}],"about":[{"href":"https:\/\/www.notibras.com\/site\/wp-json\/wp\/v2\/types\/post"}],"author":[{"embeddable":true,"href":"https:\/\/www.notibras.com\/site\/wp-json\/wp\/v2\/users\/2"}],"replies":[{"embeddable":true,"href":"https:\/\/www.notibras.com\/site\/wp-json\/wp\/v2\/comments?post=10662"}],"version-history":[{"count":0,"href":"https:\/\/www.notibras.com\/site\/wp-json\/wp\/v2\/posts\/10662\/revisions"}],"wp:featuredmedia":[{"embeddable":true,"href":"https:\/\/www.notibras.com\/site\/wp-json\/wp\/v2\/media\/10663"}],"wp:attachment":[{"href":"https:\/\/www.notibras.com\/site\/wp-json\/wp\/v2\/media?parent=10662"}],"wp:term":[{"taxonomy":"category","embeddable":true,"href":"https:\/\/www.notibras.com\/site\/wp-json\/wp\/v2\/categories?post=10662"},{"taxonomy":"post_tag","embeddable":true,"href":"https:\/\/www.notibras.com\/site\/wp-json\/wp\/v2\/tags?post=10662"}],"curies":[{"name":"wp","href":"https:\/\/api.w.org\/{rel}","templated":true}]}}