{"id":106645,"date":"2016-07-03T13:45:34","date_gmt":"2016-07-03T16:45:34","guid":{"rendered":"http:\/\/www.notibras.com\/site\/?p=106645"},"modified":"2016-07-03T13:45:34","modified_gmt":"2016-07-03T16:45:34","slug":"prender-traficante-de-trouxinha-nao-e-como-pegar-narcotraficante","status":"publish","type":"post","link":"https:\/\/www.notibras.com\/site\/prender-traficante-de-trouxinha-nao-e-como-pegar-narcotraficante\/","title":{"rendered":"Prender traficante de trouxinha n\u00e3o \u00e9 como pegar narcotraficante"},"content":{"rendered":"<p><strong>Jessica Carvalho Morris e Henrique Apolinario<\/strong><\/p>\n<p>O Supremo Tribunal Federal (STF) deu um importante passo no sentido de desfazer uma das maiores distor\u00e7\u00f5es do sistema prisional brasileiro: ele negou a equipara\u00e7\u00e3o entre o chamado tr\u00e1fico privilegiado \u2013 em que o r\u00e9u \u00e9 prim\u00e1rio, tem bons antecedentes e n\u00e3o integra uma organiza\u00e7\u00e3o criminosa \u2013 e crimes hediondos.<\/p>\n<p>At\u00e9 hoje, a maior parte dos presos por pequeno tr\u00e1fico de drogas era punido sob o mesmo regime de progress\u00e3o de pena daqueles condenados por crimes como estupro e latroc\u00ednio, numa l\u00f3gica desproporcional e sem sentido. Para efeito de compara\u00e7\u00e3o, crimes hediondos t\u00eam penas que podem chegar a 30 anos, j\u00e1 as penas para tr\u00e1fico privilegiado n\u00e3o costumam chegar a 5 \u2013 uma grande parte, inclusive, \u00e9 fixada no m\u00ednimo legal de 1 ano e 8 meses e pode ser substitu\u00edda por servi\u00e7o comunit\u00e1rio.<\/p>\n<p>Essa distor\u00e7\u00e3o come\u00e7ou com a Lei de Drogas, de 2006. Pois, ao mesmo tempo em que ela aumentou consideravelmente as penas por tr\u00e1fico \u2013que \u00e9 equiparado a crimes hediondos\u2013, seu texto instituiu a modalidade privilegiada, com o intuito de diferenciar os r\u00e9us com menor potencial ofensivo.<\/p>\n<p>Por\u00e9m, tal distin\u00e7\u00e3o nunca foi integralmente aceita pelos ju\u00edzes. Estes continuaram aplicando o regime mais duro de progress\u00e3o de pena a presos que claramente deveriam ser diferenciados dos grandes traficantes e, consequentemente, passaram a tardar para progredir entre os regimes fechado, semiaberto e aberto. Assim, agravaram a superlota\u00e7\u00e3o dos pres\u00eddios.<\/p>\n<p>Entre 2006 e 2014, segundo dados do Minist\u00e9rio da Justi\u00e7a, o n\u00famero de presos por tr\u00e1fico cresceu de 44 mil para aproximadamente 147 mil pessoas. Hoje, quase 30% da popula\u00e7\u00e3o prisional responde por delitos relacionados ao tr\u00e1fico de entorpecentes. Se considerarmos apenas as mulheres, a taxa salta para 64%.<\/p>\n<p>Como se v\u00ea, uma consolida\u00e7\u00e3o da equipara\u00e7\u00e3o \u2013que j\u00e1 acontecia na pr\u00e1tica\u2013 teria um efeito explosivo no sistema prisional. Agora, as pessoas presas por tr\u00e1fico privilegiado ser\u00e3o submetidas ao regime de progress\u00e3o de pena que \u00e9 aplicado aos presos comuns. N\u00e3o se trata, portanto, de conceder impunidade aos condenados por pequeno tr\u00e1fico, mas sim de garantir a proporcionalidade no cumprimento da pena, que\u00ad, vale lembrar, deve ter sempre como fim a ressocializa\u00e7\u00e3o.<\/p>\n<p>O tr\u00e1fico privilegiado \u00e9 costumeiramente praticado por: m\u00e3es pobres que precisam complementar a renda e, para tanto, levam a droga junto ao corpo (conhecidas como mulas); jovens da periferia aliciados por pessoas com quem convivem desde a inf\u00e2ncia; estudantes e trabalhadores que s\u00e3o usu\u00e1rios de drogas e, para sustentar o v\u00edcio, acabam vendendo informalmente.<\/p>\n<p>Essas pessoas n\u00e3o usam armas, n\u00e3o t\u00eam qualquer controle sobre os lucros e frequentemente, para se diminuir a aten\u00e7\u00e3o sobre os grandes carregamentos e sobre os verdadeiros donos das drogas, s\u00e3o entregues \u00e0 pol\u00edcia pelos pr\u00f3prios l\u00edderes das fac\u00e7\u00f5es, que terceirizam o risco e embolsam lucros longe dos holofotes. Dizer que tais pessoas pertencem \u00e0s grandes organiza\u00e7\u00f5es criminosas \u00e9 dar \u00e0 v\u00edtima o mesmo tratamento que se d\u00e1 ao algoz.<\/p>\n<p>A decis\u00e3o do STF \u00e9 uma vit\u00f3ria, porque consolida a ideia de que colocar essas pessoas na pris\u00e3o \u00e9 abusivo, desproporcional e contraproducente. Sinaliza ainda que os recursos gastos com o &#8220;tr\u00e1fico de formiguinha&#8221; poderiam ser usados para o combate ao tr\u00e1fico de armas, para a elucida\u00e7\u00e3o de homic\u00eddios e para o desmonte das grandes empreitadas dos mercadores internacionais de drogas.<\/p>\n<p>O Supremo n\u00e3o est\u00e1 sozinho nesse entendimento. Recentemente, a Comiss\u00e3o Global de Pol\u00edticas sobre Drogas, que tem entre seus fundadores o ex-presidente Fernando Henrique Cardoso, pautou os acordos feitos na Sess\u00e3o Especial da Assembleia Geral da ONU sobre Drogas (Ungass), em 2016. Na ocasi\u00e3o, os especialistas das Na\u00e7\u00f5es Unidas pactuaram o abandono da perspectiva de guerra total \u00e0s drogas e deram passos concretos para reconhecer o problema da forma que ele de fato \u00e9: uma quest\u00e3o de sa\u00fade p\u00fablica. Esperamos que a decis\u00e3o da Corte seja a primeira do Brasil no mesmo sentido.<\/p>\n","protected":false},"excerpt":{"rendered":"<p>Jessica Carvalho Morris e Henrique Apolinario O Supremo Tribunal Federal (STF) deu um importante passo no sentido de desfazer uma das maiores distor\u00e7\u00f5es do sistema prisional brasileiro: ele negou a equipara\u00e7\u00e3o entre o chamado tr\u00e1fico privilegiado \u2013 em que o r\u00e9u \u00e9 prim\u00e1rio, tem bons antecedentes e n\u00e3o integra uma organiza\u00e7\u00e3o criminosa \u2013 e crimes [&hellip;]<\/p>\n","protected":false},"author":2,"featured_media":106646,"comment_status":"open","ping_status":"closed","sticky":false,"template":"","format":"standard","meta":{"_acf_changed":false,"footnotes":""},"categories":[25],"tags":[],"class_list":["post-106645","post","type-post","status-publish","format-standard","has-post-thumbnail","hentry","category-opina-ai"],"acf":[],"yoast_head":"<!-- This site is optimized with the Yoast SEO plugin v27.5 - https:\/\/yoast.com\/product\/yoast-seo-wordpress\/ -->\n<title>Prender traficante de trouxinha n\u00e3o \u00e9 como pegar narcotraficante - Notibras<\/title>\n<meta name=\"robots\" content=\"index, follow, max-snippet:-1, max-image-preview:large, max-video-preview:-1\" \/>\n<link rel=\"canonical\" href=\"https:\/\/www.notibras.com\/site\/prender-traficante-de-trouxinha-nao-e-como-pegar-narcotraficante\/\" \/>\n<meta property=\"og:locale\" content=\"pt_BR\" \/>\n<meta property=\"og:type\" content=\"article\" \/>\n<meta property=\"og:title\" content=\"Prender traficante de trouxinha n\u00e3o \u00e9 como pegar narcotraficante - Notibras\" \/>\n<meta property=\"og:description\" content=\"Jessica Carvalho Morris e Henrique Apolinario O Supremo Tribunal Federal (STF) deu um importante passo no sentido de desfazer uma das maiores distor\u00e7\u00f5es do sistema prisional brasileiro: ele negou a equipara\u00e7\u00e3o entre o chamado tr\u00e1fico privilegiado \u2013 em que o r\u00e9u \u00e9 prim\u00e1rio, tem bons antecedentes e n\u00e3o integra uma organiza\u00e7\u00e3o criminosa \u2013 e crimes [&hellip;]\" \/>\n<meta property=\"og:url\" content=\"https:\/\/www.notibras.com\/site\/prender-traficante-de-trouxinha-nao-e-como-pegar-narcotraficante\/\" \/>\n<meta property=\"og:site_name\" content=\"Notibras\" \/>\n<meta property=\"article:publisher\" content=\"https:\/\/www.facebook.com\/notibras\/\" \/>\n<meta property=\"article:published_time\" content=\"2016-07-03T16:45:34+00:00\" \/>\n<meta property=\"og:image\" content=\"https:\/\/www.notibras.com\/site\/wp-content\/uploads\/2016\/07\/fofao.jpg\" \/>\n\t<meta property=\"og:image:width\" content=\"550\" \/>\n\t<meta property=\"og:image:height\" content=\"320\" \/>\n\t<meta property=\"og:image:type\" content=\"image\/jpeg\" \/>\n<meta name=\"author\" content=\"Reda\u00e7\u00e3o\" \/>\n<meta name=\"twitter:card\" content=\"summary_large_image\" \/>\n<meta name=\"twitter:creator\" content=\"@Notibras\" \/>\n<meta name=\"twitter:site\" content=\"@Notibras\" \/>\n<meta name=\"twitter:label1\" content=\"Escrito por\" \/>\n\t<meta name=\"twitter:data1\" content=\"Reda\u00e7\u00e3o\" \/>\n\t<meta name=\"twitter:label2\" content=\"Est. tempo de leitura\" \/>\n\t<meta name=\"twitter:data2\" content=\"3 minutos\" \/>\n<script type=\"application\/ld+json\" class=\"yoast-schema-graph\">{\"@context\":\"https:\\\/\\\/schema.org\",\"@graph\":[{\"@type\":\"Article\",\"@id\":\"https:\\\/\\\/www.notibras.com\\\/site\\\/prender-traficante-de-trouxinha-nao-e-como-pegar-narcotraficante\\\/#article\",\"isPartOf\":{\"@id\":\"https:\\\/\\\/www.notibras.com\\\/site\\\/prender-traficante-de-trouxinha-nao-e-como-pegar-narcotraficante\\\/\"},\"author\":{\"name\":\"Reda\u00e7\u00e3o\",\"@id\":\"https:\\\/\\\/www.notibras.com\\\/site\\\/#\\\/schema\\\/person\\\/36ab0979449956132d3e5b517ea76ac8\"},\"headline\":\"Prender traficante de trouxinha n\u00e3o \u00e9 como pegar narcotraficante\",\"datePublished\":\"2016-07-03T16:45:34+00:00\",\"mainEntityOfPage\":{\"@id\":\"https:\\\/\\\/www.notibras.com\\\/site\\\/prender-traficante-de-trouxinha-nao-e-como-pegar-narcotraficante\\\/\"},\"wordCount\":696,\"commentCount\":0,\"publisher\":{\"@id\":\"https:\\\/\\\/www.notibras.com\\\/site\\\/#organization\"},\"image\":{\"@id\":\"https:\\\/\\\/www.notibras.com\\\/site\\\/prender-traficante-de-trouxinha-nao-e-como-pegar-narcotraficante\\\/#primaryimage\"},\"thumbnailUrl\":\"https:\\\/\\\/www.notibras.com\\\/site\\\/wp-content\\\/uploads\\\/2016\\\/07\\\/fofao.jpg\",\"articleSection\":[\"Opina a\u00ed\"],\"inLanguage\":\"pt-BR\",\"potentialAction\":[{\"@type\":\"CommentAction\",\"name\":\"Comment\",\"target\":[\"https:\\\/\\\/www.notibras.com\\\/site\\\/prender-traficante-de-trouxinha-nao-e-como-pegar-narcotraficante\\\/#respond\"]}]},{\"@type\":\"WebPage\",\"@id\":\"https:\\\/\\\/www.notibras.com\\\/site\\\/prender-traficante-de-trouxinha-nao-e-como-pegar-narcotraficante\\\/\",\"url\":\"https:\\\/\\\/www.notibras.com\\\/site\\\/prender-traficante-de-trouxinha-nao-e-como-pegar-narcotraficante\\\/\",\"name\":\"Prender traficante de trouxinha n\u00e3o \u00e9 como pegar narcotraficante - Notibras\",\"isPartOf\":{\"@id\":\"https:\\\/\\\/www.notibras.com\\\/site\\\/#website\"},\"primaryImageOfPage\":{\"@id\":\"https:\\\/\\\/www.notibras.com\\\/site\\\/prender-traficante-de-trouxinha-nao-e-como-pegar-narcotraficante\\\/#primaryimage\"},\"image\":{\"@id\":\"https:\\\/\\\/www.notibras.com\\\/site\\\/prender-traficante-de-trouxinha-nao-e-como-pegar-narcotraficante\\\/#primaryimage\"},\"thumbnailUrl\":\"https:\\\/\\\/www.notibras.com\\\/site\\\/wp-content\\\/uploads\\\/2016\\\/07\\\/fofao.jpg\",\"datePublished\":\"2016-07-03T16:45:34+00:00\",\"breadcrumb\":{\"@id\":\"https:\\\/\\\/www.notibras.com\\\/site\\\/prender-traficante-de-trouxinha-nao-e-como-pegar-narcotraficante\\\/#breadcrumb\"},\"inLanguage\":\"pt-BR\",\"potentialAction\":[{\"@type\":\"ReadAction\",\"target\":[\"https:\\\/\\\/www.notibras.com\\\/site\\\/prender-traficante-de-trouxinha-nao-e-como-pegar-narcotraficante\\\/\"]}]},{\"@type\":\"ImageObject\",\"inLanguage\":\"pt-BR\",\"@id\":\"https:\\\/\\\/www.notibras.com\\\/site\\\/prender-traficante-de-trouxinha-nao-e-como-pegar-narcotraficante\\\/#primaryimage\",\"url\":\"https:\\\/\\\/www.notibras.com\\\/site\\\/wp-content\\\/uploads\\\/2016\\\/07\\\/fofao.jpg\",\"contentUrl\":\"https:\\\/\\\/www.notibras.com\\\/site\\\/wp-content\\\/uploads\\\/2016\\\/07\\\/fofao.jpg\",\"width\":550,\"height\":320},{\"@type\":\"BreadcrumbList\",\"@id\":\"https:\\\/\\\/www.notibras.com\\\/site\\\/prender-traficante-de-trouxinha-nao-e-como-pegar-narcotraficante\\\/#breadcrumb\",\"itemListElement\":[{\"@type\":\"ListItem\",\"position\":1,\"name\":\"In\u00edcio\",\"item\":\"https:\\\/\\\/www.notibras.com\\\/site\\\/\"},{\"@type\":\"ListItem\",\"position\":2,\"name\":\"Prender traficante de trouxinha n\u00e3o \u00e9 como pegar narcotraficante\"}]},{\"@type\":\"WebSite\",\"@id\":\"https:\\\/\\\/www.notibras.com\\\/site\\\/#website\",\"url\":\"https:\\\/\\\/www.notibras.com\\\/site\\\/\",\"name\":\"Notibras\",\"description\":\"Not\u00edcias de Bras\u00edlia, do Brasil e do Mundo\",\"publisher\":{\"@id\":\"https:\\\/\\\/www.notibras.com\\\/site\\\/#organization\"},\"potentialAction\":[{\"@type\":\"SearchAction\",\"target\":{\"@type\":\"EntryPoint\",\"urlTemplate\":\"https:\\\/\\\/www.notibras.com\\\/site\\\/?s={search_term_string}\"},\"query-input\":{\"@type\":\"PropertyValueSpecification\",\"valueRequired\":true,\"valueName\":\"search_term_string\"}}],\"inLanguage\":\"pt-BR\"},{\"@type\":\"Organization\",\"@id\":\"https:\\\/\\\/www.notibras.com\\\/site\\\/#organization\",\"name\":\"Grupo Notibras de Comunica\u00e7\u00e3o\",\"url\":\"https:\\\/\\\/www.notibras.com\\\/site\\\/\",\"logo\":{\"@type\":\"ImageObject\",\"inLanguage\":\"pt-BR\",\"@id\":\"https:\\\/\\\/www.notibras.com\\\/site\\\/#\\\/schema\\\/logo\\\/image\\\/\",\"url\":\"https:\\\/\\\/www.notibras.com\\\/site\\\/wp-content\\\/uploads\\\/2023\\\/01\\\/notibras23.png\",\"contentUrl\":\"https:\\\/\\\/www.notibras.com\\\/site\\\/wp-content\\\/uploads\\\/2023\\\/01\\\/notibras23.png\",\"width\":350,\"height\":87,\"caption\":\"Grupo Notibras de Comunica\u00e7\u00e3o\"},\"image\":{\"@id\":\"https:\\\/\\\/www.notibras.com\\\/site\\\/#\\\/schema\\\/logo\\\/image\\\/\"},\"sameAs\":[\"https:\\\/\\\/www.facebook.com\\\/notibras\\\/\",\"https:\\\/\\\/x.com\\\/Notibras\",\"https:\\\/\\\/www.instagram.com\\\/notibras\\\/\"]},{\"@type\":\"Person\",\"@id\":\"https:\\\/\\\/www.notibras.com\\\/site\\\/#\\\/schema\\\/person\\\/36ab0979449956132d3e5b517ea76ac8\",\"name\":\"Reda\u00e7\u00e3o\",\"image\":{\"@type\":\"ImageObject\",\"inLanguage\":\"pt-BR\",\"@id\":\"https:\\\/\\\/secure.gravatar.com\\\/avatar\\\/e0a867bdedb85fd243eadf09663511f96fc81e0720a4a42581f334ad4303aa6b?s=96&d=mm&r=g\",\"url\":\"https:\\\/\\\/secure.gravatar.com\\\/avatar\\\/e0a867bdedb85fd243eadf09663511f96fc81e0720a4a42581f334ad4303aa6b?s=96&d=mm&r=g\",\"contentUrl\":\"https:\\\/\\\/secure.gravatar.com\\\/avatar\\\/e0a867bdedb85fd243eadf09663511f96fc81e0720a4a42581f334ad4303aa6b?s=96&d=mm&r=g\",\"caption\":\"Reda\u00e7\u00e3o\"}}]}<\/script>\n<!-- \/ Yoast SEO plugin. -->","yoast_head_json":{"title":"Prender traficante de trouxinha n\u00e3o \u00e9 como pegar narcotraficante - Notibras","robots":{"index":"index","follow":"follow","max-snippet":"max-snippet:-1","max-image-preview":"max-image-preview:large","max-video-preview":"max-video-preview:-1"},"canonical":"https:\/\/www.notibras.com\/site\/prender-traficante-de-trouxinha-nao-e-como-pegar-narcotraficante\/","og_locale":"pt_BR","og_type":"article","og_title":"Prender traficante de trouxinha n\u00e3o \u00e9 como pegar narcotraficante - Notibras","og_description":"Jessica Carvalho Morris e Henrique Apolinario O Supremo Tribunal Federal (STF) deu um importante passo no sentido de desfazer uma das maiores distor\u00e7\u00f5es do sistema prisional brasileiro: ele negou a equipara\u00e7\u00e3o entre o chamado tr\u00e1fico privilegiado \u2013 em que o r\u00e9u \u00e9 prim\u00e1rio, tem bons antecedentes e n\u00e3o integra uma organiza\u00e7\u00e3o criminosa \u2013 e crimes [&hellip;]","og_url":"https:\/\/www.notibras.com\/site\/prender-traficante-de-trouxinha-nao-e-como-pegar-narcotraficante\/","og_site_name":"Notibras","article_publisher":"https:\/\/www.facebook.com\/notibras\/","article_published_time":"2016-07-03T16:45:34+00:00","og_image":[{"width":550,"height":320,"url":"https:\/\/www.notibras.com\/site\/wp-content\/uploads\/2016\/07\/fofao.jpg","type":"image\/jpeg"}],"author":"Reda\u00e7\u00e3o","twitter_card":"summary_large_image","twitter_creator":"@Notibras","twitter_site":"@Notibras","twitter_misc":{"Escrito por":"Reda\u00e7\u00e3o","Est. tempo de leitura":"3 minutos"},"schema":{"@context":"https:\/\/schema.org","@graph":[{"@type":"Article","@id":"https:\/\/www.notibras.com\/site\/prender-traficante-de-trouxinha-nao-e-como-pegar-narcotraficante\/#article","isPartOf":{"@id":"https:\/\/www.notibras.com\/site\/prender-traficante-de-trouxinha-nao-e-como-pegar-narcotraficante\/"},"author":{"name":"Reda\u00e7\u00e3o","@id":"https:\/\/www.notibras.com\/site\/#\/schema\/person\/36ab0979449956132d3e5b517ea76ac8"},"headline":"Prender traficante de trouxinha n\u00e3o \u00e9 como pegar narcotraficante","datePublished":"2016-07-03T16:45:34+00:00","mainEntityOfPage":{"@id":"https:\/\/www.notibras.com\/site\/prender-traficante-de-trouxinha-nao-e-como-pegar-narcotraficante\/"},"wordCount":696,"commentCount":0,"publisher":{"@id":"https:\/\/www.notibras.com\/site\/#organization"},"image":{"@id":"https:\/\/www.notibras.com\/site\/prender-traficante-de-trouxinha-nao-e-como-pegar-narcotraficante\/#primaryimage"},"thumbnailUrl":"https:\/\/www.notibras.com\/site\/wp-content\/uploads\/2016\/07\/fofao.jpg","articleSection":["Opina a\u00ed"],"inLanguage":"pt-BR","potentialAction":[{"@type":"CommentAction","name":"Comment","target":["https:\/\/www.notibras.com\/site\/prender-traficante-de-trouxinha-nao-e-como-pegar-narcotraficante\/#respond"]}]},{"@type":"WebPage","@id":"https:\/\/www.notibras.com\/site\/prender-traficante-de-trouxinha-nao-e-como-pegar-narcotraficante\/","url":"https:\/\/www.notibras.com\/site\/prender-traficante-de-trouxinha-nao-e-como-pegar-narcotraficante\/","name":"Prender traficante de trouxinha n\u00e3o \u00e9 como pegar narcotraficante - Notibras","isPartOf":{"@id":"https:\/\/www.notibras.com\/site\/#website"},"primaryImageOfPage":{"@id":"https:\/\/www.notibras.com\/site\/prender-traficante-de-trouxinha-nao-e-como-pegar-narcotraficante\/#primaryimage"},"image":{"@id":"https:\/\/www.notibras.com\/site\/prender-traficante-de-trouxinha-nao-e-como-pegar-narcotraficante\/#primaryimage"},"thumbnailUrl":"https:\/\/www.notibras.com\/site\/wp-content\/uploads\/2016\/07\/fofao.jpg","datePublished":"2016-07-03T16:45:34+00:00","breadcrumb":{"@id":"https:\/\/www.notibras.com\/site\/prender-traficante-de-trouxinha-nao-e-como-pegar-narcotraficante\/#breadcrumb"},"inLanguage":"pt-BR","potentialAction":[{"@type":"ReadAction","target":["https:\/\/www.notibras.com\/site\/prender-traficante-de-trouxinha-nao-e-como-pegar-narcotraficante\/"]}]},{"@type":"ImageObject","inLanguage":"pt-BR","@id":"https:\/\/www.notibras.com\/site\/prender-traficante-de-trouxinha-nao-e-como-pegar-narcotraficante\/#primaryimage","url":"https:\/\/www.notibras.com\/site\/wp-content\/uploads\/2016\/07\/fofao.jpg","contentUrl":"https:\/\/www.notibras.com\/site\/wp-content\/uploads\/2016\/07\/fofao.jpg","width":550,"height":320},{"@type":"BreadcrumbList","@id":"https:\/\/www.notibras.com\/site\/prender-traficante-de-trouxinha-nao-e-como-pegar-narcotraficante\/#breadcrumb","itemListElement":[{"@type":"ListItem","position":1,"name":"In\u00edcio","item":"https:\/\/www.notibras.com\/site\/"},{"@type":"ListItem","position":2,"name":"Prender traficante de trouxinha n\u00e3o \u00e9 como pegar narcotraficante"}]},{"@type":"WebSite","@id":"https:\/\/www.notibras.com\/site\/#website","url":"https:\/\/www.notibras.com\/site\/","name":"Notibras","description":"Not\u00edcias de Bras\u00edlia, do Brasil e do Mundo","publisher":{"@id":"https:\/\/www.notibras.com\/site\/#organization"},"potentialAction":[{"@type":"SearchAction","target":{"@type":"EntryPoint","urlTemplate":"https:\/\/www.notibras.com\/site\/?s={search_term_string}"},"query-input":{"@type":"PropertyValueSpecification","valueRequired":true,"valueName":"search_term_string"}}],"inLanguage":"pt-BR"},{"@type":"Organization","@id":"https:\/\/www.notibras.com\/site\/#organization","name":"Grupo Notibras de Comunica\u00e7\u00e3o","url":"https:\/\/www.notibras.com\/site\/","logo":{"@type":"ImageObject","inLanguage":"pt-BR","@id":"https:\/\/www.notibras.com\/site\/#\/schema\/logo\/image\/","url":"https:\/\/www.notibras.com\/site\/wp-content\/uploads\/2023\/01\/notibras23.png","contentUrl":"https:\/\/www.notibras.com\/site\/wp-content\/uploads\/2023\/01\/notibras23.png","width":350,"height":87,"caption":"Grupo Notibras de Comunica\u00e7\u00e3o"},"image":{"@id":"https:\/\/www.notibras.com\/site\/#\/schema\/logo\/image\/"},"sameAs":["https:\/\/www.facebook.com\/notibras\/","https:\/\/x.com\/Notibras","https:\/\/www.instagram.com\/notibras\/"]},{"@type":"Person","@id":"https:\/\/www.notibras.com\/site\/#\/schema\/person\/36ab0979449956132d3e5b517ea76ac8","name":"Reda\u00e7\u00e3o","image":{"@type":"ImageObject","inLanguage":"pt-BR","@id":"https:\/\/secure.gravatar.com\/avatar\/e0a867bdedb85fd243eadf09663511f96fc81e0720a4a42581f334ad4303aa6b?s=96&d=mm&r=g","url":"https:\/\/secure.gravatar.com\/avatar\/e0a867bdedb85fd243eadf09663511f96fc81e0720a4a42581f334ad4303aa6b?s=96&d=mm&r=g","contentUrl":"https:\/\/secure.gravatar.com\/avatar\/e0a867bdedb85fd243eadf09663511f96fc81e0720a4a42581f334ad4303aa6b?s=96&d=mm&r=g","caption":"Reda\u00e7\u00e3o"}}]}},"amp_enabled":true,"_links":{"self":[{"href":"https:\/\/www.notibras.com\/site\/wp-json\/wp\/v2\/posts\/106645","targetHints":{"allow":["GET"]}}],"collection":[{"href":"https:\/\/www.notibras.com\/site\/wp-json\/wp\/v2\/posts"}],"about":[{"href":"https:\/\/www.notibras.com\/site\/wp-json\/wp\/v2\/types\/post"}],"author":[{"embeddable":true,"href":"https:\/\/www.notibras.com\/site\/wp-json\/wp\/v2\/users\/2"}],"replies":[{"embeddable":true,"href":"https:\/\/www.notibras.com\/site\/wp-json\/wp\/v2\/comments?post=106645"}],"version-history":[{"count":1,"href":"https:\/\/www.notibras.com\/site\/wp-json\/wp\/v2\/posts\/106645\/revisions"}],"predecessor-version":[{"id":106647,"href":"https:\/\/www.notibras.com\/site\/wp-json\/wp\/v2\/posts\/106645\/revisions\/106647"}],"wp:featuredmedia":[{"embeddable":true,"href":"https:\/\/www.notibras.com\/site\/wp-json\/wp\/v2\/media\/106646"}],"wp:attachment":[{"href":"https:\/\/www.notibras.com\/site\/wp-json\/wp\/v2\/media?parent=106645"}],"wp:term":[{"taxonomy":"category","embeddable":true,"href":"https:\/\/www.notibras.com\/site\/wp-json\/wp\/v2\/categories?post=106645"},{"taxonomy":"post_tag","embeddable":true,"href":"https:\/\/www.notibras.com\/site\/wp-json\/wp\/v2\/tags?post=106645"}],"curies":[{"name":"wp","href":"https:\/\/api.w.org\/{rel}","templated":true}]}}