{"id":10672,"date":"2014-05-23T12:26:47","date_gmt":"2014-05-23T15:26:47","guid":{"rendered":"http:\/\/www.notibras.com\/site\/?p=10672"},"modified":"2014-05-23T16:23:17","modified_gmt":"2014-05-23T19:23:17","slug":"governo-libera-e-sus-vai-pagar-443-por-procedimento-de-aborto-legal","status":"publish","type":"post","link":"https:\/\/www.notibras.com\/site\/governo-libera-e-sus-vai-pagar-443-por-procedimento-de-aborto-legal\/","title":{"rendered":"Governo libera e SUS paga 443 para aborto previsto em lei"},"content":{"rendered":"<p>O governo federal incluiu o aborto, nas condi\u00e7\u00f5es previstas em lei, na tabela de remunera\u00e7\u00e3o do Sistema \u00danico de Sa\u00fade (SUS). O valor foi fixado em R$ 443,40, conforme portaria publicada no Di\u00e1rio Oficial.<\/p>\n<p>A norma diz que o procedimento se aplica nos casos em que a gravidez \u00e9 decorrente de estupro, se acarretar risco de vida \u00e0 gestante ou se for uma gesta\u00e7\u00e3o de anenc\u00e9falo. Diz, tamb\u00e9m, que os recursos or\u00e7ament\u00e1rios para financiar esses procedimentos sair\u00e3o, num primeiro momento, da mesma rubrica da Rede Cegonha.<\/p>\n","protected":false},"excerpt":{"rendered":"<p>O governo federal incluiu o aborto, nas condi\u00e7\u00f5es previstas em lei, na tabela de remunera\u00e7\u00e3o do Sistema \u00danico de Sa\u00fade (SUS). O valor foi fixado em R$ 443,40, conforme portaria publicada no Di\u00e1rio Oficial. A norma diz que o procedimento se aplica nos casos em que a gravidez \u00e9 decorrente de estupro, se acarretar risco [&hellip;]<\/p>\n","protected":false},"author":2,"featured_media":10673,"comment_status":"open","ping_status":"closed","sticky":false,"template":"","format":"standard","meta":{"_acf_changed":false,"footnotes":""},"categories":[16],"tags":[],"class_list":["post-10672","post","type-post","status-publish","format-standard","has-post-thumbnail","hentry","category-brasil"],"acf":[],"yoast_head":"<!-- This site is optimized with the Yoast SEO plugin v27.2 - https:\/\/yoast.com\/product\/yoast-seo-wordpress\/ -->\n<title>Governo libera e SUS paga 443 para aborto previsto em lei - Notibras<\/title>\n<meta name=\"robots\" content=\"index, follow, max-snippet:-1, max-image-preview:large, max-video-preview:-1\" \/>\n<link rel=\"canonical\" href=\"https:\/\/www.notibras.com\/site\/governo-libera-e-sus-vai-pagar-443-por-procedimento-de-aborto-legal\/\" \/>\n<meta property=\"og:locale\" content=\"pt_BR\" \/>\n<meta property=\"og:type\" content=\"article\" \/>\n<meta property=\"og:title\" content=\"Governo libera e SUS paga 443 para aborto previsto em lei - Notibras\" \/>\n<meta property=\"og:description\" content=\"O governo federal incluiu o aborto, nas condi\u00e7\u00f5es previstas em lei, na tabela de remunera\u00e7\u00e3o do Sistema \u00danico de Sa\u00fade (SUS). O valor foi fixado em R$ 443,40, conforme portaria publicada no Di\u00e1rio Oficial. A norma diz que o procedimento se aplica nos casos em que a gravidez \u00e9 decorrente de estupro, se acarretar risco [&hellip;]\" \/>\n<meta property=\"og:url\" content=\"https:\/\/www.notibras.com\/site\/governo-libera-e-sus-vai-pagar-443-por-procedimento-de-aborto-legal\/\" \/>\n<meta property=\"og:site_name\" content=\"Notibras\" \/>\n<meta property=\"article:publisher\" content=\"https:\/\/www.facebook.com\/notibras\/\" \/>\n<meta property=\"article:published_time\" content=\"2014-05-23T15:26:47+00:00\" \/>\n<meta property=\"article:modified_time\" content=\"2014-05-23T19:23:17+00:00\" \/>\n<meta property=\"og:image\" content=\"https:\/\/www.notibras.com\/site\/wp-content\/uploads\/2014\/05\/uipi-SUS-vai-ampliar-n\u00famero-de-hospitais-capacitados-a-fazer-abortos-legais.jpg\" \/>\n\t<meta property=\"og:image:width\" content=\"590\" \/>\n\t<meta property=\"og:image:height\" content=\"443\" \/>\n\t<meta property=\"og:image:type\" content=\"image\/jpeg\" \/>\n<meta name=\"author\" content=\"Reda\u00e7\u00e3o\" \/>\n<meta name=\"twitter:card\" content=\"summary_large_image\" \/>\n<meta name=\"twitter:creator\" content=\"@Notibras\" \/>\n<meta name=\"twitter:site\" content=\"@Notibras\" \/>\n<meta name=\"twitter:label1\" content=\"Escrito por\" \/>\n\t<meta name=\"twitter:data1\" content=\"Reda\u00e7\u00e3o\" \/>\n<script type=\"application\/ld+json\" class=\"yoast-schema-graph\">{\"@context\":\"https:\/\/schema.org\",\"@graph\":[{\"@type\":\"Article\",\"@id\":\"https:\/\/www.notibras.com\/site\/governo-libera-e-sus-vai-pagar-443-por-procedimento-de-aborto-legal\/#article\",\"isPartOf\":{\"@id\":\"https:\/\/www.notibras.com\/site\/governo-libera-e-sus-vai-pagar-443-por-procedimento-de-aborto-legal\/\"},\"author\":{\"name\":\"Reda\u00e7\u00e3o\",\"@id\":\"https:\/\/www.notibras.com\/site\/#\/schema\/person\/36ab0979449956132d3e5b517ea76ac8\"},\"headline\":\"Governo libera e SUS paga 443 para aborto previsto em lei\",\"datePublished\":\"2014-05-23T15:26:47+00:00\",\"dateModified\":\"2014-05-23T19:23:17+00:00\",\"mainEntityOfPage\":{\"@id\":\"https:\/\/www.notibras.com\/site\/governo-libera-e-sus-vai-pagar-443-por-procedimento-de-aborto-legal\/\"},\"wordCount\":103,\"commentCount\":0,\"publisher\":{\"@id\":\"https:\/\/www.notibras.com\/site\/#organization\"},\"image\":{\"@id\":\"https:\/\/www.notibras.com\/site\/governo-libera-e-sus-vai-pagar-443-por-procedimento-de-aborto-legal\/#primaryimage\"},\"thumbnailUrl\":\"https:\/\/www.notibras.com\/site\/wp-content\/uploads\/2014\/05\/uipi-SUS-vai-ampliar-n\u00famero-de-hospitais-capacitados-a-fazer-abortos-legais.jpg\",\"articleSection\":[\"Brasil\"],\"inLanguage\":\"pt-BR\",\"potentialAction\":[{\"@type\":\"CommentAction\",\"name\":\"Comment\",\"target\":[\"https:\/\/www.notibras.com\/site\/governo-libera-e-sus-vai-pagar-443-por-procedimento-de-aborto-legal\/#respond\"]}]},{\"@type\":\"WebPage\",\"@id\":\"https:\/\/www.notibras.com\/site\/governo-libera-e-sus-vai-pagar-443-por-procedimento-de-aborto-legal\/\",\"url\":\"https:\/\/www.notibras.com\/site\/governo-libera-e-sus-vai-pagar-443-por-procedimento-de-aborto-legal\/\",\"name\":\"Governo libera e SUS paga 443 para aborto previsto em lei - Notibras\",\"isPartOf\":{\"@id\":\"https:\/\/www.notibras.com\/site\/#website\"},\"primaryImageOfPage\":{\"@id\":\"https:\/\/www.notibras.com\/site\/governo-libera-e-sus-vai-pagar-443-por-procedimento-de-aborto-legal\/#primaryimage\"},\"image\":{\"@id\":\"https:\/\/www.notibras.com\/site\/governo-libera-e-sus-vai-pagar-443-por-procedimento-de-aborto-legal\/#primaryimage\"},\"thumbnailUrl\":\"https:\/\/www.notibras.com\/site\/wp-content\/uploads\/2014\/05\/uipi-SUS-vai-ampliar-n\u00famero-de-hospitais-capacitados-a-fazer-abortos-legais.jpg\",\"datePublished\":\"2014-05-23T15:26:47+00:00\",\"dateModified\":\"2014-05-23T19:23:17+00:00\",\"breadcrumb\":{\"@id\":\"https:\/\/www.notibras.com\/site\/governo-libera-e-sus-vai-pagar-443-por-procedimento-de-aborto-legal\/#breadcrumb\"},\"inLanguage\":\"pt-BR\",\"potentialAction\":[{\"@type\":\"ReadAction\",\"target\":[\"https:\/\/www.notibras.com\/site\/governo-libera-e-sus-vai-pagar-443-por-procedimento-de-aborto-legal\/\"]}]},{\"@type\":\"ImageObject\",\"inLanguage\":\"pt-BR\",\"@id\":\"https:\/\/www.notibras.com\/site\/governo-libera-e-sus-vai-pagar-443-por-procedimento-de-aborto-legal\/#primaryimage\",\"url\":\"https:\/\/www.notibras.com\/site\/wp-content\/uploads\/2014\/05\/uipi-SUS-vai-ampliar-n\u00famero-de-hospitais-capacitados-a-fazer-abortos-legais.jpg\",\"contentUrl\":\"https:\/\/www.notibras.com\/site\/wp-content\/uploads\/2014\/05\/uipi-SUS-vai-ampliar-n\u00famero-de-hospitais-capacitados-a-fazer-abortos-legais.jpg\",\"width\":590,\"height\":443},{\"@type\":\"BreadcrumbList\",\"@id\":\"https:\/\/www.notibras.com\/site\/governo-libera-e-sus-vai-pagar-443-por-procedimento-de-aborto-legal\/#breadcrumb\",\"itemListElement\":[{\"@type\":\"ListItem\",\"position\":1,\"name\":\"In\u00edcio\",\"item\":\"https:\/\/www.notibras.com\/site\/\"},{\"@type\":\"ListItem\",\"position\":2,\"name\":\"Governo libera e SUS paga 443 para aborto previsto em lei\"}]},{\"@type\":\"WebSite\",\"@id\":\"https:\/\/www.notibras.com\/site\/#website\",\"url\":\"https:\/\/www.notibras.com\/site\/\",\"name\":\"Notibras\",\"description\":\"Not\u00edcias de Bras\u00edlia, do Brasil e do Mundo\",\"publisher\":{\"@id\":\"https:\/\/www.notibras.com\/site\/#organization\"},\"potentialAction\":[{\"@type\":\"SearchAction\",\"target\":{\"@type\":\"EntryPoint\",\"urlTemplate\":\"https:\/\/www.notibras.com\/site\/?s={search_term_string}\"},\"query-input\":{\"@type\":\"PropertyValueSpecification\",\"valueRequired\":true,\"valueName\":\"search_term_string\"}}],\"inLanguage\":\"pt-BR\"},{\"@type\":\"Organization\",\"@id\":\"https:\/\/www.notibras.com\/site\/#organization\",\"name\":\"Grupo Notibras de Comunica\u00e7\u00e3o\",\"url\":\"https:\/\/www.notibras.com\/site\/\",\"logo\":{\"@type\":\"ImageObject\",\"inLanguage\":\"pt-BR\",\"@id\":\"https:\/\/www.notibras.com\/site\/#\/schema\/logo\/image\/\",\"url\":\"https:\/\/www.notibras.com\/site\/wp-content\/uploads\/2023\/01\/notibras23.png\",\"contentUrl\":\"https:\/\/www.notibras.com\/site\/wp-content\/uploads\/2023\/01\/notibras23.png\",\"width\":350,\"height\":87,\"caption\":\"Grupo Notibras de Comunica\u00e7\u00e3o\"},\"image\":{\"@id\":\"https:\/\/www.notibras.com\/site\/#\/schema\/logo\/image\/\"},\"sameAs\":[\"https:\/\/www.facebook.com\/notibras\/\",\"https:\/\/x.com\/Notibras\",\"https:\/\/www.instagram.com\/notibras\/\"]},{\"@type\":\"Person\",\"@id\":\"https:\/\/www.notibras.com\/site\/#\/schema\/person\/36ab0979449956132d3e5b517ea76ac8\",\"name\":\"Reda\u00e7\u00e3o\",\"image\":{\"@type\":\"ImageObject\",\"inLanguage\":\"pt-BR\",\"@id\":\"https:\/\/secure.gravatar.com\/avatar\/e0a867bdedb85fd243eadf09663511f96fc81e0720a4a42581f334ad4303aa6b?s=96&d=mm&r=g\",\"url\":\"https:\/\/secure.gravatar.com\/avatar\/e0a867bdedb85fd243eadf09663511f96fc81e0720a4a42581f334ad4303aa6b?s=96&d=mm&r=g\",\"contentUrl\":\"https:\/\/secure.gravatar.com\/avatar\/e0a867bdedb85fd243eadf09663511f96fc81e0720a4a42581f334ad4303aa6b?s=96&d=mm&r=g\",\"caption\":\"Reda\u00e7\u00e3o\"}}]}<\/script>\n<!-- \/ Yoast SEO plugin. -->","yoast_head_json":{"title":"Governo libera e SUS paga 443 para aborto previsto em lei - Notibras","robots":{"index":"index","follow":"follow","max-snippet":"max-snippet:-1","max-image-preview":"max-image-preview:large","max-video-preview":"max-video-preview:-1"},"canonical":"https:\/\/www.notibras.com\/site\/governo-libera-e-sus-vai-pagar-443-por-procedimento-de-aborto-legal\/","og_locale":"pt_BR","og_type":"article","og_title":"Governo libera e SUS paga 443 para aborto previsto em lei - Notibras","og_description":"O governo federal incluiu o aborto, nas condi\u00e7\u00f5es previstas em lei, na tabela de remunera\u00e7\u00e3o do Sistema \u00danico de Sa\u00fade (SUS). O valor foi fixado em R$ 443,40, conforme portaria publicada no Di\u00e1rio Oficial. A norma diz que o procedimento se aplica nos casos em que a gravidez \u00e9 decorrente de estupro, se acarretar risco [&hellip;]","og_url":"https:\/\/www.notibras.com\/site\/governo-libera-e-sus-vai-pagar-443-por-procedimento-de-aborto-legal\/","og_site_name":"Notibras","article_publisher":"https:\/\/www.facebook.com\/notibras\/","article_published_time":"2014-05-23T15:26:47+00:00","article_modified_time":"2014-05-23T19:23:17+00:00","og_image":[{"width":590,"height":443,"url":"https:\/\/www.notibras.com\/site\/wp-content\/uploads\/2014\/05\/uipi-SUS-vai-ampliar-n\u00famero-de-hospitais-capacitados-a-fazer-abortos-legais.jpg","type":"image\/jpeg"}],"author":"Reda\u00e7\u00e3o","twitter_card":"summary_large_image","twitter_creator":"@Notibras","twitter_site":"@Notibras","twitter_misc":{"Escrito por":"Reda\u00e7\u00e3o"},"schema":{"@context":"https:\/\/schema.org","@graph":[{"@type":"Article","@id":"https:\/\/www.notibras.com\/site\/governo-libera-e-sus-vai-pagar-443-por-procedimento-de-aborto-legal\/#article","isPartOf":{"@id":"https:\/\/www.notibras.com\/site\/governo-libera-e-sus-vai-pagar-443-por-procedimento-de-aborto-legal\/"},"author":{"name":"Reda\u00e7\u00e3o","@id":"https:\/\/www.notibras.com\/site\/#\/schema\/person\/36ab0979449956132d3e5b517ea76ac8"},"headline":"Governo libera e SUS paga 443 para aborto previsto em lei","datePublished":"2014-05-23T15:26:47+00:00","dateModified":"2014-05-23T19:23:17+00:00","mainEntityOfPage":{"@id":"https:\/\/www.notibras.com\/site\/governo-libera-e-sus-vai-pagar-443-por-procedimento-de-aborto-legal\/"},"wordCount":103,"commentCount":0,"publisher":{"@id":"https:\/\/www.notibras.com\/site\/#organization"},"image":{"@id":"https:\/\/www.notibras.com\/site\/governo-libera-e-sus-vai-pagar-443-por-procedimento-de-aborto-legal\/#primaryimage"},"thumbnailUrl":"https:\/\/www.notibras.com\/site\/wp-content\/uploads\/2014\/05\/uipi-SUS-vai-ampliar-n\u00famero-de-hospitais-capacitados-a-fazer-abortos-legais.jpg","articleSection":["Brasil"],"inLanguage":"pt-BR","potentialAction":[{"@type":"CommentAction","name":"Comment","target":["https:\/\/www.notibras.com\/site\/governo-libera-e-sus-vai-pagar-443-por-procedimento-de-aborto-legal\/#respond"]}]},{"@type":"WebPage","@id":"https:\/\/www.notibras.com\/site\/governo-libera-e-sus-vai-pagar-443-por-procedimento-de-aborto-legal\/","url":"https:\/\/www.notibras.com\/site\/governo-libera-e-sus-vai-pagar-443-por-procedimento-de-aborto-legal\/","name":"Governo libera e SUS paga 443 para aborto previsto em lei - Notibras","isPartOf":{"@id":"https:\/\/www.notibras.com\/site\/#website"},"primaryImageOfPage":{"@id":"https:\/\/www.notibras.com\/site\/governo-libera-e-sus-vai-pagar-443-por-procedimento-de-aborto-legal\/#primaryimage"},"image":{"@id":"https:\/\/www.notibras.com\/site\/governo-libera-e-sus-vai-pagar-443-por-procedimento-de-aborto-legal\/#primaryimage"},"thumbnailUrl":"https:\/\/www.notibras.com\/site\/wp-content\/uploads\/2014\/05\/uipi-SUS-vai-ampliar-n\u00famero-de-hospitais-capacitados-a-fazer-abortos-legais.jpg","datePublished":"2014-05-23T15:26:47+00:00","dateModified":"2014-05-23T19:23:17+00:00","breadcrumb":{"@id":"https:\/\/www.notibras.com\/site\/governo-libera-e-sus-vai-pagar-443-por-procedimento-de-aborto-legal\/#breadcrumb"},"inLanguage":"pt-BR","potentialAction":[{"@type":"ReadAction","target":["https:\/\/www.notibras.com\/site\/governo-libera-e-sus-vai-pagar-443-por-procedimento-de-aborto-legal\/"]}]},{"@type":"ImageObject","inLanguage":"pt-BR","@id":"https:\/\/www.notibras.com\/site\/governo-libera-e-sus-vai-pagar-443-por-procedimento-de-aborto-legal\/#primaryimage","url":"https:\/\/www.notibras.com\/site\/wp-content\/uploads\/2014\/05\/uipi-SUS-vai-ampliar-n\u00famero-de-hospitais-capacitados-a-fazer-abortos-legais.jpg","contentUrl":"https:\/\/www.notibras.com\/site\/wp-content\/uploads\/2014\/05\/uipi-SUS-vai-ampliar-n\u00famero-de-hospitais-capacitados-a-fazer-abortos-legais.jpg","width":590,"height":443},{"@type":"BreadcrumbList","@id":"https:\/\/www.notibras.com\/site\/governo-libera-e-sus-vai-pagar-443-por-procedimento-de-aborto-legal\/#breadcrumb","itemListElement":[{"@type":"ListItem","position":1,"name":"In\u00edcio","item":"https:\/\/www.notibras.com\/site\/"},{"@type":"ListItem","position":2,"name":"Governo libera e SUS paga 443 para aborto previsto em lei"}]},{"@type":"WebSite","@id":"https:\/\/www.notibras.com\/site\/#website","url":"https:\/\/www.notibras.com\/site\/","name":"Notibras","description":"Not\u00edcias de Bras\u00edlia, do Brasil e do Mundo","publisher":{"@id":"https:\/\/www.notibras.com\/site\/#organization"},"potentialAction":[{"@type":"SearchAction","target":{"@type":"EntryPoint","urlTemplate":"https:\/\/www.notibras.com\/site\/?s={search_term_string}"},"query-input":{"@type":"PropertyValueSpecification","valueRequired":true,"valueName":"search_term_string"}}],"inLanguage":"pt-BR"},{"@type":"Organization","@id":"https:\/\/www.notibras.com\/site\/#organization","name":"Grupo Notibras de Comunica\u00e7\u00e3o","url":"https:\/\/www.notibras.com\/site\/","logo":{"@type":"ImageObject","inLanguage":"pt-BR","@id":"https:\/\/www.notibras.com\/site\/#\/schema\/logo\/image\/","url":"https:\/\/www.notibras.com\/site\/wp-content\/uploads\/2023\/01\/notibras23.png","contentUrl":"https:\/\/www.notibras.com\/site\/wp-content\/uploads\/2023\/01\/notibras23.png","width":350,"height":87,"caption":"Grupo Notibras de Comunica\u00e7\u00e3o"},"image":{"@id":"https:\/\/www.notibras.com\/site\/#\/schema\/logo\/image\/"},"sameAs":["https:\/\/www.facebook.com\/notibras\/","https:\/\/x.com\/Notibras","https:\/\/www.instagram.com\/notibras\/"]},{"@type":"Person","@id":"https:\/\/www.notibras.com\/site\/#\/schema\/person\/36ab0979449956132d3e5b517ea76ac8","name":"Reda\u00e7\u00e3o","image":{"@type":"ImageObject","inLanguage":"pt-BR","@id":"https:\/\/secure.gravatar.com\/avatar\/e0a867bdedb85fd243eadf09663511f96fc81e0720a4a42581f334ad4303aa6b?s=96&d=mm&r=g","url":"https:\/\/secure.gravatar.com\/avatar\/e0a867bdedb85fd243eadf09663511f96fc81e0720a4a42581f334ad4303aa6b?s=96&d=mm&r=g","contentUrl":"https:\/\/secure.gravatar.com\/avatar\/e0a867bdedb85fd243eadf09663511f96fc81e0720a4a42581f334ad4303aa6b?s=96&d=mm&r=g","caption":"Reda\u00e7\u00e3o"}}]}},"amp_enabled":true,"_links":{"self":[{"href":"https:\/\/www.notibras.com\/site\/wp-json\/wp\/v2\/posts\/10672","targetHints":{"allow":["GET"]}}],"collection":[{"href":"https:\/\/www.notibras.com\/site\/wp-json\/wp\/v2\/posts"}],"about":[{"href":"https:\/\/www.notibras.com\/site\/wp-json\/wp\/v2\/types\/post"}],"author":[{"embeddable":true,"href":"https:\/\/www.notibras.com\/site\/wp-json\/wp\/v2\/users\/2"}],"replies":[{"embeddable":true,"href":"https:\/\/www.notibras.com\/site\/wp-json\/wp\/v2\/comments?post=10672"}],"version-history":[{"count":0,"href":"https:\/\/www.notibras.com\/site\/wp-json\/wp\/v2\/posts\/10672\/revisions"}],"wp:featuredmedia":[{"embeddable":true,"href":"https:\/\/www.notibras.com\/site\/wp-json\/wp\/v2\/media\/10673"}],"wp:attachment":[{"href":"https:\/\/www.notibras.com\/site\/wp-json\/wp\/v2\/media?parent=10672"}],"wp:term":[{"taxonomy":"category","embeddable":true,"href":"https:\/\/www.notibras.com\/site\/wp-json\/wp\/v2\/categories?post=10672"},{"taxonomy":"post_tag","embeddable":true,"href":"https:\/\/www.notibras.com\/site\/wp-json\/wp\/v2\/tags?post=10672"}],"curies":[{"name":"wp","href":"https:\/\/api.w.org\/{rel}","templated":true}]}}