{"id":106935,"date":"2016-07-06T08:20:08","date_gmt":"2016-07-06T11:20:08","guid":{"rendered":"http:\/\/www.notibras.com\/site\/?p=106935"},"modified":"2016-07-06T08:20:08","modified_gmt":"2016-07-06T11:20:08","slug":"morte-matada-do-rio-doce-em-minas-que-ja-tinha-sofrido-de-morte-morrida","status":"publish","type":"post","link":"https:\/\/www.notibras.com\/site\/morte-matada-do-rio-doce-em-minas-que-ja-tinha-sofrido-de-morte-morrida\/","title":{"rendered":"Morte matada do rio Doce, em Minas, que j\u00e1 tinha sofrido de morte morrida"},"content":{"rendered":"<p><strong>Fabiano Melo<\/strong><\/p>\n<p>As express\u00f5es &#8220;morte matada&#8221; e &#8220;morte morrida&#8221;, tipicamente mineiras, s\u00e3o perfeitas para descrever a degrada\u00e7\u00e3o que tem acontecido na bacia do rio Doce. O rompimento da barragem de rejeito de minera\u00e7\u00e3o no interior de Minas Gerais, em 2015, que afetou a calha principal do rio em quase toda a sua extens\u00e3o, foi mais um \u2013e n\u00e3o o \u00fanico\u2013 tr\u00e1gico cap\u00edtulo nessa hist\u00f3ria.<\/p>\n<p>A &#8220;morte morrida&#8221; da bacia, que vem ocorrendo h\u00e1 pelo menos um s\u00e9culo, \u00e9 fruto do processo desorganizado de interioriza\u00e7\u00e3o do pa\u00eds. Para a abertura de \u00e1reas agr\u00edcolas e a consolida\u00e7\u00e3o de centros urbanos ao longo do rio, houve: devasta\u00e7\u00e3o e intensa queimada de florestas; uso intensivo e desqualificado do solo, levando \u00e0 sua deteriora\u00e7\u00e3o em boa parte da bacia; ocupa\u00e7\u00e3o irregular de margens dos rios; retirada em excesso de \u00e1gua \u2013seja para matar a sede humana, para uso abusivo na agricultura mecanizada das \u00faltimas d\u00e9cadas, pela desordem urbana ou pela polui\u00e7\u00e3o permanente das suas microbacias.<\/p>\n<p>No fim desse um s\u00e9culo de intensa antropiza\u00e7\u00e3o, o rio j\u00e1 estava praticamente morto, contando com apenas cerca de 13% de cobertura vegetal original de Mata Atl\u00e2ntica e, diante de um processo quase irrevers\u00edvel de recupera\u00e7\u00e3o de diversos trechos de solo nu, expostos e altamente empobrecidos. Para se ter uma ideia do que ocorreu ao longo desses anos, em m\u00e9dia, todos os afluentes do rio Doce, incluindo a calha principal, possuem um deficit de 80% quanto \u00e0 cobertura de vegeta\u00e7\u00e3o nativa em \u00e1reas de preserva\u00e7\u00e3o permanente (considerando o antigo C\u00f3digo Florestal), de acordo com mapas da SOS Mata Atl\u00e2ntica.<\/p>\n<p>A alta bacia, representada por munic\u00edpios mineiros como Mariana, Guanh\u00e3es e Concei\u00e7\u00e3o do Mato Dentro, \u00e9 mais florestada atualmente, em fun\u00e7\u00e3o do relevo e do hist\u00f3rico de ocupa\u00e7\u00e3o, que levou a ciclos distintos de desmate seguido de recomposi\u00e7\u00e3o florestal. Processo semelhante a este ocorreu na m\u00e9dia bacia, especialmente nas cabeceiras de afluentes importantes, como o Sua\u00e7u\u00ed Pequeno e Sua\u00e7u\u00ed Grande. Entre as cidades de Governador Valadares (MG) e Linhares (ES), por sua vez, est\u00e3o concentrados os maiores trechos desmatados e n\u00e3o recuperados.<\/p>\n<p>Esse hist\u00f3rico de degrada\u00e7\u00e3o, somado \u00e0 ca\u00e7a indiscriminada que n\u00e3o parece cessar, fez com que diversas esp\u00e9cies da fauna fossem extintas regionalmente. No in\u00edcio do s\u00e9culo passado, por exemplo, exemplares do peixe-boi-marinho (Trichechus manatus) eram encontrados na foz do rio Doce, mas h\u00e1 muitas d\u00e9cadas n\u00e3o s\u00e3o mais vistos. A ariranha (Pteronura brasiliensis), o maior mustel\u00eddeo do mundo, tem apenas dois registros que confirmam essa esp\u00e9cie na Mata Atl\u00e2ntica e ambos s\u00e3o da bacia do rio Doce \u2013um do s\u00e9culo 19 e outro do in\u00edcio do s\u00e9culo 20. Depois desses registros, a esp\u00e9cie nunca mais foi observada por essas bandas mineiras ou capixabas. A aus\u00eancia de ambas as esp\u00e9cies demonstra o estado ca\u00f3tico que o rio Doce alcan\u00e7ou ao longo de d\u00e9cadas de saque, destrui\u00e7\u00e3o e mau uso.<\/p>\n<p>A fauna nativa de peixes \u00e9 exuberante e riqu\u00edssima, mas tamb\u00e9m foi amea\u00e7ada pela polui\u00e7\u00e3o permanente de suas \u00e1guas \u2013seja por minerais pesados ou polui\u00e7\u00f5es dom\u00e9stica e industrial\u2013 e pela introdu\u00e7\u00e3o de animais ex\u00f3ticos.<\/p>\n<p>Essa foi a &#8220;morte morrida&#8221; do rio Doce; e as consequ\u00eancias sociais e econ\u00f4micas dessa deteriora\u00e7\u00e3o da biodiversidade j\u00e1 s\u00e3o percebidas. Por exemplo, a aus\u00eancia das florestas exuberantes que compunham a bacia \u00e9 a principal causa da escassez de chuvas, o que tem rela\u00e7\u00e3o direta com a crise h\u00eddrica no Esp\u00edrito Santo, gerando efeitos nocivos \u00e0s pessoas que vivem nas cidades que dependem das \u00e1guas do rio Doce, seja pela falta de \u00e1gua em si, seja pelos preju\u00edzos cumulativos na agricultura de toda a regi\u00e3o.<\/p>\n<p>Outro exemplo \u00e9 que a regi\u00e3o ficou mais vulner\u00e1vel aos efeitos adversos das mudan\u00e7as clim\u00e1ticas em curso, vide o Parque Estadual do Rio Doce (MG) e a Reserva Biol\u00f3gica de Sooretama (ES), que t\u00eam sofrido com impactos seguidos de forte seca e presen\u00e7a constante de fogo. Tudo isso acarreta preju\u00edzos incalcul\u00e1veis e diminui a base econ\u00f4mica em boa parte da bacia, e, com as fontes de renda reduzidas, h\u00e1 uma press\u00e3o constante no uso dos j\u00e1 escassos recursos naturais.<\/p>\n<p><strong>Morte Matada<\/strong> &#8211;\u00a0Como se n\u00e3o bastasse tudo isso, de acordo com laudo t\u00e9cnico do Minist\u00e9rio do Trabalho, a drenagem insuficiente na Barragem do Fund\u00e3o, em Bento Rodrigues, distrito de Mariana, foi considerada a principal causa da trag\u00e9dia que matou 19 pessoas e asfixiou o rio Doce com a lama do reservat\u00f3rio da Samarco, em 2015. Nesse caso, a lama afetou indistintamente todas as partes da bacia, ao percorrer quase 700 km do local do acidente at\u00e9 sua foz.<\/p>\n<p>Esse ato seria ent\u00e3o a &#8220;morte matada&#8221;, aquela considerada como um dolo, ou seja, com inten\u00e7\u00e3o de matar. E assim, nesse in\u00edcio do s\u00e9culo 21, o rio Doce foi sacrificado mais uma vez, com esse acidente grotesco, de preju\u00edzos ambientais incalcul\u00e1veis e cuja perda de biodiversidade s\u00f3 ser\u00e1 efetivamente calculada ap\u00f3s algumas d\u00e9cadas de estudo.<\/p>\n<p>Como muitos afluentes importantes n\u00e3o foram afetados pelo acidente e ainda possuem esp\u00e9cies nativas, end\u00eamicas e raras, se pertenc\u00eassemos a um pa\u00eds decente e s\u00e9rio no quesito &#8220;respeito \u00e0s quest\u00f5es ambientais&#8221;, talvez tiv\u00e9ssemos a chance de recuperar essa fauna ao longo da calha principal, totalmente assolada pelos impactos discutidos acima.<\/p>\n<p>Por\u00e9m, com as mudan\u00e7as recentes aprovadas e colocadas em pr\u00e1tica no Novo C\u00f3digo Florestal (ainda em debate no Supremo Tribunal Federal), com a falta geral de no\u00e7\u00e3o da popula\u00e7\u00e3o brasileira sobre o impacto dessas altera\u00e7\u00f5es e uma mobiliza\u00e7\u00e3o menor da sociedade civil organizada, a expectativa \u00e9 de piora sistematizada no quadro geral e em qualquer possibilidade de ressuscitar a bacia do rio Doce, com duas mortes j\u00e1 decretadas.<\/p>\n<p>Ademais, diante do recrudescimento das discuss\u00f5es na academia e na sociedade civil de modo geral sobre o debate relacionado ao manejo de fauna e perante o desmantelamento de nossa legisla\u00e7\u00e3o ambiental, o cen\u00e1rio futuro sobre o impacto disso tudo \u00e0 fauna da bacia do rio Doce parece bastante sombrio.<\/p>\n<p>Estamos diante do vel\u00f3rio em definitivo da bacia, em que, em poucos anos, em se mantendo as atuais pol\u00edticas e interven\u00e7\u00f5es negativas, n\u00e3o nos restar\u00e1 nada a n\u00e3o ser boas recorda\u00e7\u00f5es de um rio caudaloso, limpo, cheio de vida, de florestas, de pessoas e de hist\u00f3rias, que foi &#8220;matado&#8221; duas vezes!<\/p>\n","protected":false},"excerpt":{"rendered":"<p>Fabiano Melo As express\u00f5es &#8220;morte matada&#8221; e &#8220;morte morrida&#8221;, tipicamente mineiras, s\u00e3o perfeitas para descrever a degrada\u00e7\u00e3o que tem acontecido na bacia do rio Doce. O rompimento da barragem de rejeito de minera\u00e7\u00e3o no interior de Minas Gerais, em 2015, que afetou a calha principal do rio em quase toda a sua extens\u00e3o, foi mais [&hellip;]<\/p>\n","protected":false},"author":2,"featured_media":106936,"comment_status":"open","ping_status":"closed","sticky":false,"template":"","format":"standard","meta":{"_acf_changed":false,"footnotes":""},"categories":[25],"tags":[],"class_list":["post-106935","post","type-post","status-publish","format-standard","has-post-thumbnail","hentry","category-opina-ai"],"acf":[],"yoast_head":"<!-- This site is optimized with the Yoast SEO plugin v27.5 - https:\/\/yoast.com\/product\/yoast-seo-wordpress\/ -->\n<title>Morte matada do rio Doce, em Minas, que j\u00e1 tinha sofrido de morte morrida - Notibras<\/title>\n<meta name=\"robots\" content=\"index, follow, max-snippet:-1, max-image-preview:large, max-video-preview:-1\" \/>\n<link rel=\"canonical\" href=\"https:\/\/www.notibras.com\/site\/morte-matada-do-rio-doce-em-minas-que-ja-tinha-sofrido-de-morte-morrida\/\" \/>\n<meta property=\"og:locale\" content=\"pt_BR\" \/>\n<meta property=\"og:type\" content=\"article\" \/>\n<meta property=\"og:title\" content=\"Morte matada do rio Doce, em Minas, que j\u00e1 tinha sofrido de morte morrida - Notibras\" \/>\n<meta property=\"og:description\" content=\"Fabiano Melo As express\u00f5es &#8220;morte matada&#8221; e &#8220;morte morrida&#8221;, tipicamente mineiras, s\u00e3o perfeitas para descrever a degrada\u00e7\u00e3o que tem acontecido na bacia do rio Doce. O rompimento da barragem de rejeito de minera\u00e7\u00e3o no interior de Minas Gerais, em 2015, que afetou a calha principal do rio em quase toda a sua extens\u00e3o, foi mais [&hellip;]\" \/>\n<meta property=\"og:url\" content=\"https:\/\/www.notibras.com\/site\/morte-matada-do-rio-doce-em-minas-que-ja-tinha-sofrido-de-morte-morrida\/\" \/>\n<meta property=\"og:site_name\" content=\"Notibras\" \/>\n<meta property=\"article:publisher\" content=\"https:\/\/www.facebook.com\/notibras\/\" \/>\n<meta property=\"article:published_time\" content=\"2016-07-06T11:20:08+00:00\" \/>\n<meta property=\"og:image\" content=\"https:\/\/www.notibras.com\/site\/wp-content\/uploads\/2016\/07\/lama3.jpg\" \/>\n\t<meta property=\"og:image:width\" content=\"620\" \/>\n\t<meta property=\"og:image:height\" content=\"408\" \/>\n\t<meta property=\"og:image:type\" content=\"image\/jpeg\" \/>\n<meta name=\"author\" content=\"Reda\u00e7\u00e3o\" \/>\n<meta name=\"twitter:card\" content=\"summary_large_image\" \/>\n<meta name=\"twitter:creator\" content=\"@Notibras\" \/>\n<meta name=\"twitter:site\" content=\"@Notibras\" \/>\n<meta name=\"twitter:label1\" content=\"Escrito por\" \/>\n\t<meta name=\"twitter:data1\" content=\"Reda\u00e7\u00e3o\" \/>\n\t<meta name=\"twitter:label2\" content=\"Est. tempo de leitura\" \/>\n\t<meta name=\"twitter:data2\" content=\"6 minutos\" \/>\n<script type=\"application\/ld+json\" class=\"yoast-schema-graph\">{\"@context\":\"https:\\\/\\\/schema.org\",\"@graph\":[{\"@type\":\"Article\",\"@id\":\"https:\\\/\\\/www.notibras.com\\\/site\\\/morte-matada-do-rio-doce-em-minas-que-ja-tinha-sofrido-de-morte-morrida\\\/#article\",\"isPartOf\":{\"@id\":\"https:\\\/\\\/www.notibras.com\\\/site\\\/morte-matada-do-rio-doce-em-minas-que-ja-tinha-sofrido-de-morte-morrida\\\/\"},\"author\":{\"name\":\"Reda\u00e7\u00e3o\",\"@id\":\"https:\\\/\\\/www.notibras.com\\\/site\\\/#\\\/schema\\\/person\\\/36ab0979449956132d3e5b517ea76ac8\"},\"headline\":\"Morte matada do rio Doce, em Minas, que j\u00e1 tinha sofrido de morte morrida\",\"datePublished\":\"2016-07-06T11:20:08+00:00\",\"mainEntityOfPage\":{\"@id\":\"https:\\\/\\\/www.notibras.com\\\/site\\\/morte-matada-do-rio-doce-em-minas-que-ja-tinha-sofrido-de-morte-morrida\\\/\"},\"wordCount\":1148,\"commentCount\":0,\"publisher\":{\"@id\":\"https:\\\/\\\/www.notibras.com\\\/site\\\/#organization\"},\"image\":{\"@id\":\"https:\\\/\\\/www.notibras.com\\\/site\\\/morte-matada-do-rio-doce-em-minas-que-ja-tinha-sofrido-de-morte-morrida\\\/#primaryimage\"},\"thumbnailUrl\":\"https:\\\/\\\/www.notibras.com\\\/site\\\/wp-content\\\/uploads\\\/2016\\\/07\\\/lama3.jpg\",\"articleSection\":[\"Opina a\u00ed\"],\"inLanguage\":\"pt-BR\",\"potentialAction\":[{\"@type\":\"CommentAction\",\"name\":\"Comment\",\"target\":[\"https:\\\/\\\/www.notibras.com\\\/site\\\/morte-matada-do-rio-doce-em-minas-que-ja-tinha-sofrido-de-morte-morrida\\\/#respond\"]}]},{\"@type\":\"WebPage\",\"@id\":\"https:\\\/\\\/www.notibras.com\\\/site\\\/morte-matada-do-rio-doce-em-minas-que-ja-tinha-sofrido-de-morte-morrida\\\/\",\"url\":\"https:\\\/\\\/www.notibras.com\\\/site\\\/morte-matada-do-rio-doce-em-minas-que-ja-tinha-sofrido-de-morte-morrida\\\/\",\"name\":\"Morte matada do rio Doce, em Minas, que j\u00e1 tinha sofrido de morte morrida - Notibras\",\"isPartOf\":{\"@id\":\"https:\\\/\\\/www.notibras.com\\\/site\\\/#website\"},\"primaryImageOfPage\":{\"@id\":\"https:\\\/\\\/www.notibras.com\\\/site\\\/morte-matada-do-rio-doce-em-minas-que-ja-tinha-sofrido-de-morte-morrida\\\/#primaryimage\"},\"image\":{\"@id\":\"https:\\\/\\\/www.notibras.com\\\/site\\\/morte-matada-do-rio-doce-em-minas-que-ja-tinha-sofrido-de-morte-morrida\\\/#primaryimage\"},\"thumbnailUrl\":\"https:\\\/\\\/www.notibras.com\\\/site\\\/wp-content\\\/uploads\\\/2016\\\/07\\\/lama3.jpg\",\"datePublished\":\"2016-07-06T11:20:08+00:00\",\"breadcrumb\":{\"@id\":\"https:\\\/\\\/www.notibras.com\\\/site\\\/morte-matada-do-rio-doce-em-minas-que-ja-tinha-sofrido-de-morte-morrida\\\/#breadcrumb\"},\"inLanguage\":\"pt-BR\",\"potentialAction\":[{\"@type\":\"ReadAction\",\"target\":[\"https:\\\/\\\/www.notibras.com\\\/site\\\/morte-matada-do-rio-doce-em-minas-que-ja-tinha-sofrido-de-morte-morrida\\\/\"]}]},{\"@type\":\"ImageObject\",\"inLanguage\":\"pt-BR\",\"@id\":\"https:\\\/\\\/www.notibras.com\\\/site\\\/morte-matada-do-rio-doce-em-minas-que-ja-tinha-sofrido-de-morte-morrida\\\/#primaryimage\",\"url\":\"https:\\\/\\\/www.notibras.com\\\/site\\\/wp-content\\\/uploads\\\/2016\\\/07\\\/lama3.jpg\",\"contentUrl\":\"https:\\\/\\\/www.notibras.com\\\/site\\\/wp-content\\\/uploads\\\/2016\\\/07\\\/lama3.jpg\",\"width\":620,\"height\":408},{\"@type\":\"BreadcrumbList\",\"@id\":\"https:\\\/\\\/www.notibras.com\\\/site\\\/morte-matada-do-rio-doce-em-minas-que-ja-tinha-sofrido-de-morte-morrida\\\/#breadcrumb\",\"itemListElement\":[{\"@type\":\"ListItem\",\"position\":1,\"name\":\"In\u00edcio\",\"item\":\"https:\\\/\\\/www.notibras.com\\\/site\\\/\"},{\"@type\":\"ListItem\",\"position\":2,\"name\":\"Morte matada do rio Doce, em Minas, que j\u00e1 tinha sofrido de morte morrida\"}]},{\"@type\":\"WebSite\",\"@id\":\"https:\\\/\\\/www.notibras.com\\\/site\\\/#website\",\"url\":\"https:\\\/\\\/www.notibras.com\\\/site\\\/\",\"name\":\"Notibras\",\"description\":\"Not\u00edcias de Bras\u00edlia, do Brasil e do Mundo\",\"publisher\":{\"@id\":\"https:\\\/\\\/www.notibras.com\\\/site\\\/#organization\"},\"potentialAction\":[{\"@type\":\"SearchAction\",\"target\":{\"@type\":\"EntryPoint\",\"urlTemplate\":\"https:\\\/\\\/www.notibras.com\\\/site\\\/?s={search_term_string}\"},\"query-input\":{\"@type\":\"PropertyValueSpecification\",\"valueRequired\":true,\"valueName\":\"search_term_string\"}}],\"inLanguage\":\"pt-BR\"},{\"@type\":\"Organization\",\"@id\":\"https:\\\/\\\/www.notibras.com\\\/site\\\/#organization\",\"name\":\"Grupo Notibras de Comunica\u00e7\u00e3o\",\"url\":\"https:\\\/\\\/www.notibras.com\\\/site\\\/\",\"logo\":{\"@type\":\"ImageObject\",\"inLanguage\":\"pt-BR\",\"@id\":\"https:\\\/\\\/www.notibras.com\\\/site\\\/#\\\/schema\\\/logo\\\/image\\\/\",\"url\":\"https:\\\/\\\/www.notibras.com\\\/site\\\/wp-content\\\/uploads\\\/2023\\\/01\\\/notibras23.png\",\"contentUrl\":\"https:\\\/\\\/www.notibras.com\\\/site\\\/wp-content\\\/uploads\\\/2023\\\/01\\\/notibras23.png\",\"width\":350,\"height\":87,\"caption\":\"Grupo Notibras de Comunica\u00e7\u00e3o\"},\"image\":{\"@id\":\"https:\\\/\\\/www.notibras.com\\\/site\\\/#\\\/schema\\\/logo\\\/image\\\/\"},\"sameAs\":[\"https:\\\/\\\/www.facebook.com\\\/notibras\\\/\",\"https:\\\/\\\/x.com\\\/Notibras\",\"https:\\\/\\\/www.instagram.com\\\/notibras\\\/\"]},{\"@type\":\"Person\",\"@id\":\"https:\\\/\\\/www.notibras.com\\\/site\\\/#\\\/schema\\\/person\\\/36ab0979449956132d3e5b517ea76ac8\",\"name\":\"Reda\u00e7\u00e3o\",\"image\":{\"@type\":\"ImageObject\",\"inLanguage\":\"pt-BR\",\"@id\":\"https:\\\/\\\/secure.gravatar.com\\\/avatar\\\/e0a867bdedb85fd243eadf09663511f96fc81e0720a4a42581f334ad4303aa6b?s=96&d=mm&r=g\",\"url\":\"https:\\\/\\\/secure.gravatar.com\\\/avatar\\\/e0a867bdedb85fd243eadf09663511f96fc81e0720a4a42581f334ad4303aa6b?s=96&d=mm&r=g\",\"contentUrl\":\"https:\\\/\\\/secure.gravatar.com\\\/avatar\\\/e0a867bdedb85fd243eadf09663511f96fc81e0720a4a42581f334ad4303aa6b?s=96&d=mm&r=g\",\"caption\":\"Reda\u00e7\u00e3o\"}}]}<\/script>\n<!-- \/ Yoast SEO plugin. -->","yoast_head_json":{"title":"Morte matada do rio Doce, em Minas, que j\u00e1 tinha sofrido de morte morrida - Notibras","robots":{"index":"index","follow":"follow","max-snippet":"max-snippet:-1","max-image-preview":"max-image-preview:large","max-video-preview":"max-video-preview:-1"},"canonical":"https:\/\/www.notibras.com\/site\/morte-matada-do-rio-doce-em-minas-que-ja-tinha-sofrido-de-morte-morrida\/","og_locale":"pt_BR","og_type":"article","og_title":"Morte matada do rio Doce, em Minas, que j\u00e1 tinha sofrido de morte morrida - Notibras","og_description":"Fabiano Melo As express\u00f5es &#8220;morte matada&#8221; e &#8220;morte morrida&#8221;, tipicamente mineiras, s\u00e3o perfeitas para descrever a degrada\u00e7\u00e3o que tem acontecido na bacia do rio Doce. O rompimento da barragem de rejeito de minera\u00e7\u00e3o no interior de Minas Gerais, em 2015, que afetou a calha principal do rio em quase toda a sua extens\u00e3o, foi mais [&hellip;]","og_url":"https:\/\/www.notibras.com\/site\/morte-matada-do-rio-doce-em-minas-que-ja-tinha-sofrido-de-morte-morrida\/","og_site_name":"Notibras","article_publisher":"https:\/\/www.facebook.com\/notibras\/","article_published_time":"2016-07-06T11:20:08+00:00","og_image":[{"width":620,"height":408,"url":"https:\/\/www.notibras.com\/site\/wp-content\/uploads\/2016\/07\/lama3.jpg","type":"image\/jpeg"}],"author":"Reda\u00e7\u00e3o","twitter_card":"summary_large_image","twitter_creator":"@Notibras","twitter_site":"@Notibras","twitter_misc":{"Escrito por":"Reda\u00e7\u00e3o","Est. tempo de leitura":"6 minutos"},"schema":{"@context":"https:\/\/schema.org","@graph":[{"@type":"Article","@id":"https:\/\/www.notibras.com\/site\/morte-matada-do-rio-doce-em-minas-que-ja-tinha-sofrido-de-morte-morrida\/#article","isPartOf":{"@id":"https:\/\/www.notibras.com\/site\/morte-matada-do-rio-doce-em-minas-que-ja-tinha-sofrido-de-morte-morrida\/"},"author":{"name":"Reda\u00e7\u00e3o","@id":"https:\/\/www.notibras.com\/site\/#\/schema\/person\/36ab0979449956132d3e5b517ea76ac8"},"headline":"Morte matada do rio Doce, em Minas, que j\u00e1 tinha sofrido de morte morrida","datePublished":"2016-07-06T11:20:08+00:00","mainEntityOfPage":{"@id":"https:\/\/www.notibras.com\/site\/morte-matada-do-rio-doce-em-minas-que-ja-tinha-sofrido-de-morte-morrida\/"},"wordCount":1148,"commentCount":0,"publisher":{"@id":"https:\/\/www.notibras.com\/site\/#organization"},"image":{"@id":"https:\/\/www.notibras.com\/site\/morte-matada-do-rio-doce-em-minas-que-ja-tinha-sofrido-de-morte-morrida\/#primaryimage"},"thumbnailUrl":"https:\/\/www.notibras.com\/site\/wp-content\/uploads\/2016\/07\/lama3.jpg","articleSection":["Opina a\u00ed"],"inLanguage":"pt-BR","potentialAction":[{"@type":"CommentAction","name":"Comment","target":["https:\/\/www.notibras.com\/site\/morte-matada-do-rio-doce-em-minas-que-ja-tinha-sofrido-de-morte-morrida\/#respond"]}]},{"@type":"WebPage","@id":"https:\/\/www.notibras.com\/site\/morte-matada-do-rio-doce-em-minas-que-ja-tinha-sofrido-de-morte-morrida\/","url":"https:\/\/www.notibras.com\/site\/morte-matada-do-rio-doce-em-minas-que-ja-tinha-sofrido-de-morte-morrida\/","name":"Morte matada do rio Doce, em Minas, que j\u00e1 tinha sofrido de morte morrida - Notibras","isPartOf":{"@id":"https:\/\/www.notibras.com\/site\/#website"},"primaryImageOfPage":{"@id":"https:\/\/www.notibras.com\/site\/morte-matada-do-rio-doce-em-minas-que-ja-tinha-sofrido-de-morte-morrida\/#primaryimage"},"image":{"@id":"https:\/\/www.notibras.com\/site\/morte-matada-do-rio-doce-em-minas-que-ja-tinha-sofrido-de-morte-morrida\/#primaryimage"},"thumbnailUrl":"https:\/\/www.notibras.com\/site\/wp-content\/uploads\/2016\/07\/lama3.jpg","datePublished":"2016-07-06T11:20:08+00:00","breadcrumb":{"@id":"https:\/\/www.notibras.com\/site\/morte-matada-do-rio-doce-em-minas-que-ja-tinha-sofrido-de-morte-morrida\/#breadcrumb"},"inLanguage":"pt-BR","potentialAction":[{"@type":"ReadAction","target":["https:\/\/www.notibras.com\/site\/morte-matada-do-rio-doce-em-minas-que-ja-tinha-sofrido-de-morte-morrida\/"]}]},{"@type":"ImageObject","inLanguage":"pt-BR","@id":"https:\/\/www.notibras.com\/site\/morte-matada-do-rio-doce-em-minas-que-ja-tinha-sofrido-de-morte-morrida\/#primaryimage","url":"https:\/\/www.notibras.com\/site\/wp-content\/uploads\/2016\/07\/lama3.jpg","contentUrl":"https:\/\/www.notibras.com\/site\/wp-content\/uploads\/2016\/07\/lama3.jpg","width":620,"height":408},{"@type":"BreadcrumbList","@id":"https:\/\/www.notibras.com\/site\/morte-matada-do-rio-doce-em-minas-que-ja-tinha-sofrido-de-morte-morrida\/#breadcrumb","itemListElement":[{"@type":"ListItem","position":1,"name":"In\u00edcio","item":"https:\/\/www.notibras.com\/site\/"},{"@type":"ListItem","position":2,"name":"Morte matada do rio Doce, em Minas, que j\u00e1 tinha sofrido de morte morrida"}]},{"@type":"WebSite","@id":"https:\/\/www.notibras.com\/site\/#website","url":"https:\/\/www.notibras.com\/site\/","name":"Notibras","description":"Not\u00edcias de Bras\u00edlia, do Brasil e do Mundo","publisher":{"@id":"https:\/\/www.notibras.com\/site\/#organization"},"potentialAction":[{"@type":"SearchAction","target":{"@type":"EntryPoint","urlTemplate":"https:\/\/www.notibras.com\/site\/?s={search_term_string}"},"query-input":{"@type":"PropertyValueSpecification","valueRequired":true,"valueName":"search_term_string"}}],"inLanguage":"pt-BR"},{"@type":"Organization","@id":"https:\/\/www.notibras.com\/site\/#organization","name":"Grupo Notibras de Comunica\u00e7\u00e3o","url":"https:\/\/www.notibras.com\/site\/","logo":{"@type":"ImageObject","inLanguage":"pt-BR","@id":"https:\/\/www.notibras.com\/site\/#\/schema\/logo\/image\/","url":"https:\/\/www.notibras.com\/site\/wp-content\/uploads\/2023\/01\/notibras23.png","contentUrl":"https:\/\/www.notibras.com\/site\/wp-content\/uploads\/2023\/01\/notibras23.png","width":350,"height":87,"caption":"Grupo Notibras de Comunica\u00e7\u00e3o"},"image":{"@id":"https:\/\/www.notibras.com\/site\/#\/schema\/logo\/image\/"},"sameAs":["https:\/\/www.facebook.com\/notibras\/","https:\/\/x.com\/Notibras","https:\/\/www.instagram.com\/notibras\/"]},{"@type":"Person","@id":"https:\/\/www.notibras.com\/site\/#\/schema\/person\/36ab0979449956132d3e5b517ea76ac8","name":"Reda\u00e7\u00e3o","image":{"@type":"ImageObject","inLanguage":"pt-BR","@id":"https:\/\/secure.gravatar.com\/avatar\/e0a867bdedb85fd243eadf09663511f96fc81e0720a4a42581f334ad4303aa6b?s=96&d=mm&r=g","url":"https:\/\/secure.gravatar.com\/avatar\/e0a867bdedb85fd243eadf09663511f96fc81e0720a4a42581f334ad4303aa6b?s=96&d=mm&r=g","contentUrl":"https:\/\/secure.gravatar.com\/avatar\/e0a867bdedb85fd243eadf09663511f96fc81e0720a4a42581f334ad4303aa6b?s=96&d=mm&r=g","caption":"Reda\u00e7\u00e3o"}}]}},"amp_enabled":true,"_links":{"self":[{"href":"https:\/\/www.notibras.com\/site\/wp-json\/wp\/v2\/posts\/106935","targetHints":{"allow":["GET"]}}],"collection":[{"href":"https:\/\/www.notibras.com\/site\/wp-json\/wp\/v2\/posts"}],"about":[{"href":"https:\/\/www.notibras.com\/site\/wp-json\/wp\/v2\/types\/post"}],"author":[{"embeddable":true,"href":"https:\/\/www.notibras.com\/site\/wp-json\/wp\/v2\/users\/2"}],"replies":[{"embeddable":true,"href":"https:\/\/www.notibras.com\/site\/wp-json\/wp\/v2\/comments?post=106935"}],"version-history":[{"count":1,"href":"https:\/\/www.notibras.com\/site\/wp-json\/wp\/v2\/posts\/106935\/revisions"}],"predecessor-version":[{"id":106937,"href":"https:\/\/www.notibras.com\/site\/wp-json\/wp\/v2\/posts\/106935\/revisions\/106937"}],"wp:featuredmedia":[{"embeddable":true,"href":"https:\/\/www.notibras.com\/site\/wp-json\/wp\/v2\/media\/106936"}],"wp:attachment":[{"href":"https:\/\/www.notibras.com\/site\/wp-json\/wp\/v2\/media?parent=106935"}],"wp:term":[{"taxonomy":"category","embeddable":true,"href":"https:\/\/www.notibras.com\/site\/wp-json\/wp\/v2\/categories?post=106935"},{"taxonomy":"post_tag","embeddable":true,"href":"https:\/\/www.notibras.com\/site\/wp-json\/wp\/v2\/tags?post=106935"}],"curies":[{"name":"wp","href":"https:\/\/api.w.org\/{rel}","templated":true}]}}