{"id":1073,"date":"2014-02-11T06:57:00","date_gmt":"2014-02-11T09:57:00","guid":{"rendered":"http:\/\/www.notibras.com\/site\/?p=1073"},"modified":"2014-02-11T07:43:05","modified_gmt":"2014-02-11T10:43:05","slug":"brasileiro-que-comanda-tropa-de-paz-ve-congo-pelo-avesso","status":"publish","type":"post","link":"https:\/\/www.notibras.com\/site\/brasileiro-que-comanda-tropa-de-paz-ve-congo-pelo-avesso\/","title":{"rendered":"Comandante brasileiro da tropa de paz v\u00ea crise no Congo &#8216;pelo avesso&#8217;"},"content":{"rendered":"<p>O general brasileiro que comanda as for\u00e7as de paz da ONU na Rep\u00fablica Democr\u00e1tica do Congo, Carlos Alberto dos Santos Cruz, disse que o foco militar de sua miss\u00e3o mudou. Depois da derrota no ano passado de um grupo contr\u00e1rio ao governo congol\u00eas e supostamente apoiado por Ruanda, o objetivo atualmente \u00e9 combater grupos rebeldes que controlam atividades irregulares de minera\u00e7\u00e3o, com\u00e9rcio e pesca no pa\u00eds.<\/p>\n<p>Esses grupos s\u00e3o o FDLR (For\u00e7as Democr\u00e1ticas pela Liberta\u00e7\u00e3o de Ruanda), ruand\u00eas de etnia hutu e o ADF (For\u00e7as Democr\u00e1ticas Aliadas), de Uganda. Oficialmente ambos usam irregularmente o territ\u00f3rio congol\u00eas como base para lan\u00e7ar ataques contra seus pa\u00edses de origem.<\/p>\n<p>Mas segundo Santos Cruz, a an\u00e1lise puramente pol\u00edtica do cen\u00e1rio n\u00e3o \u00e9 suficiente para explicar a crise na regi\u00e3o e a for\u00e7a desses grupos.<\/p>\n<p>Segundo ele, ambos controlam lucrativas redes de explora\u00e7\u00e3o irregular de recursos do Congo, principalmente a minera\u00e7\u00e3o (especialmente do ouro, mas tamb\u00e9m de carv\u00e3o, diamantes, cobalto e cobre) e a pesca na regi\u00e3o dos Grandes Lagos.<\/p>\n<p>A explora\u00e7\u00e3o desse alto volume de recursos acaba sendo t\u00e3o ou mais atraente a esses grupos quanto seus objetivos pol\u00edticos, de acordo com analistas.<\/p>\n<p>Segundo o general, esse fator, aliado \u00e0s grandes dist\u00e2ncias e \u00e0 inacessibilidade da regi\u00e3o &#8211; a maioria dos rebeldes est\u00e1 distribu\u00edda em pequenos grupos escondidos em montanhas ou florestas -, torna a miss\u00e3o ainda mais dif\u00edcil.<\/p>\n<p>Miss\u00e3o de paz<\/p>\n<p>O brasileiro Santos Cruz assumiu em junho do ano passado o controle da Monusco, a miss\u00e3o de paz da ONU no Congo, com uma autoriza\u00e7\u00e3o sem precedentes para usar for\u00e7a letal contra os cerca de 200 grupos rebeldes que atuam no pa\u00eds.<\/p>\n<p>Em novembro de 2013, o ent\u00e3o maior grupo armado do pa\u00eds, chamado M23, foi derrotado e se rendeu ap\u00f3s sucessivas ofensivas conjuntas do Ex\u00e9rcito do Congo e das tropas de Santos Cruz.<\/p>\n<p>Segundo evid\u00eancias levantadas pela ONU, esses rebeldes recebiam uma forte ajuda militar e financeira do governo da vizinha Ruanda &#8211; fato negado pelo governo do presidente Paul Kagame.<\/p>\n<p>Cerca de um m\u00eas depois, a ONU come\u00e7ou a voltar suas opera\u00e7\u00f5es militares contra o FDLR, a principal rival do extinto M23.<\/p>\n<p>&#8220;A primeira prioridade nossa \u00e9 o FDLR, que \u00e9 um grupo (que atua) dentro do Congo com o objetivo de derrubar o governo de Ruanda&#8221;.<\/p>\n<p>Integrantes do movimento, de maioria \u00e9tnica hutu, entraram ilegalmente na Rep\u00fablica Democr\u00e1tica do Congo ap\u00f3s o genoc\u00eddio praticado contra tutsis em 1994.<\/p>\n<p>Eles se organizaram em um grupo militar a partir dos anos 2000, para conspirar contra o governo de Ruanda &#8211; que chegou a invadir o leste do Congo em 2003 para tentar eliminar o grupo.<\/p>\n<p>Segundo Santos Cruz, o FDLR tem hoje entre 1.800 e 2.000 combatentes espalhados em uma \u00e1rea rural e de selva nas prov\u00edncias Kivu Norte e Kivu Sul, no extremo leste do pa\u00eds.<\/p>\n<p>&#8220;Militarmente \u00e9 um grupo que n\u00e3o \u00e9 forte, eles est\u00e3o espalhados em uma \u00e1rea muito grande, s\u00e3o numerosos, mas \u00e9 um grupo que tem uma influ\u00eancia pol\u00edtica exatamente por essa animosidade com Ruanda&#8221;.<\/p>\n<p>Uganda<\/p>\n<p>Enquanto as for\u00e7as do Congo e da ONU direcionavam seus recursos para combater o FDLR, um grupo de Uganda passou a realizar uma s\u00e9rie de ataques \u00e0 popula\u00e7\u00e3o civil pr\u00f3ximo \u00e0 fronteira dos dois pa\u00edses, por\u00e9m do lado congol\u00eas.<\/p>\n<p>Em um dos ataques no fim do ano passado, cerca de 300 pessoas foram sequestradas e permanecem desaparecidas, apesar dos esfor\u00e7os das for\u00e7as de seguran\u00e7a para encontr\u00e1-las.<\/p>\n<p>As agress\u00f5es provocaram desde o meio do ano passado a forma\u00e7\u00e3o de ondas de refugiados que v\u00eam cruzando as fronteiras de Uganda em busca de ref\u00fagio.<\/p>\n<p>Segundo Santos Cruz, um dos objetivos da ADF \u00e9 derrubar o governo em Uganda e assumir o poder.<\/p>\n<p>&#8220;Al\u00e9m dos contratos ilegais na \u00e1rea de com\u00e9rcio, \u00e9 um grupo que atua de maneira muito violenta contra a popula\u00e7\u00e3o&#8221;.<\/p>\n<p>&#8220;Aqui se tem o costume, uma coisa cultural, de querer se manter pelo terror, querer ser importante pelo terror. Ent\u00e3o voc\u00ea tem uma quantidade imensa de atrocidades&#8221;, disse o general brasileiro.<\/p>\n<p>&#8220;S\u00e3o grupos com caracter\u00edsticas diferentes de atua\u00e7\u00e3o, mas todos eles s\u00e3o ligados a atividades comerciais ilegais. Na realidade eles t\u00eam um interesse financeiro&#8221;.<\/p>\n<p>Julgamento<\/p>\n<p>Come\u00e7aram nesta semana as audi\u00eancias preliminares do julgamento de um dos acusados de crimes de guerra mais procurados pelo Tribunal Penal Internacional: o general Bosco Ntaganda, o &#8220;Exterminador&#8221; &#8211; um dos supostos ex-l\u00edderes do M23.<\/p>\n<p>Ele se entregou no ano passado em meio ao enfraquecimento do grupo rebelde. Mas as acusa\u00e7\u00f5es, de crimes como assassinatos, remo\u00e7\u00e3o ilegal de popula\u00e7\u00f5es de suas casas, estupros, pilhagem e recrutamento de crian\u00e7as-soldado, s\u00e3o ligadas a seu envolvimento com outro grupo rebelde, a Uni\u00e3o dos Patriotas Congoleses, que atuava no Congo entre 2002 e 2003.<\/p>\n<p>A maioria dos membros do M23 dep\u00f4s suas armas e se entregou oficialmente no in\u00edcio de novembro de 2013, ap\u00f3s o sofrimento de pesadas derrotas militares para o Ex\u00e9rcito da DRC e da Brigada de Interven\u00e7\u00e3o da ONU.<\/p>\n<p>Por\u00e9m, segundo Santos Cruz, ainda h\u00e1 um baixo n\u00edvel de perigo de que o grupo volte a se mobilizar. Para evitar que isso aconte\u00e7a, as for\u00e7as da ONU t\u00eam intensificado o monitoramento das \u00e1reas que o grupo costumava ocupar.<\/p>\n<p>&#8220;O M23 foi derrotado e depois assinou um acordo com o governo onde eles renunciam \u00e0 luta armada. Mas temos que ficar sempre atentos por aqui, porque \u00e9 uma \u00e1rea muito inst\u00e1vel e \u00e0s vezes aqueles que assinam pelo grupo n\u00e3o o representam totalmente&#8221;, disse o brasileiro.<\/p>\n","protected":false},"excerpt":{"rendered":"<p>O general brasileiro que comanda as for\u00e7as de paz da ONU na Rep\u00fablica Democr\u00e1tica do Congo, Carlos Alberto dos Santos Cruz, disse que o foco militar de sua miss\u00e3o mudou. Depois da derrota no ano passado de um grupo contr\u00e1rio ao governo congol\u00eas e supostamente apoiado por Ruanda, o objetivo atualmente \u00e9 combater grupos rebeldes [&hellip;]<\/p>\n","protected":false},"author":2,"featured_media":1074,"comment_status":"open","ping_status":"closed","sticky":false,"template":"","format":"standard","meta":{"_acf_changed":false,"footnotes":""},"categories":[16],"tags":[],"class_list":["post-1073","post","type-post","status-publish","format-standard","has-post-thumbnail","hentry","category-brasil"],"acf":[],"yoast_head":"<!-- This site is optimized with the Yoast SEO plugin v27.2 - https:\/\/yoast.com\/product\/yoast-seo-wordpress\/ -->\n<title>Comandante brasileiro da tropa de paz v\u00ea crise no Congo &#039;pelo avesso&#039; - Notibras<\/title>\n<meta name=\"robots\" content=\"index, follow, max-snippet:-1, max-image-preview:large, max-video-preview:-1\" \/>\n<link rel=\"canonical\" href=\"https:\/\/www.notibras.com\/site\/brasileiro-que-comanda-tropa-de-paz-ve-congo-pelo-avesso\/\" \/>\n<meta property=\"og:locale\" content=\"pt_BR\" \/>\n<meta property=\"og:type\" content=\"article\" \/>\n<meta property=\"og:title\" content=\"Comandante brasileiro da tropa de paz v\u00ea crise no Congo &#039;pelo avesso&#039; - Notibras\" \/>\n<meta property=\"og:description\" content=\"O general brasileiro que comanda as for\u00e7as de paz da ONU na Rep\u00fablica Democr\u00e1tica do Congo, Carlos Alberto dos Santos Cruz, disse que o foco militar de sua miss\u00e3o mudou. Depois da derrota no ano passado de um grupo contr\u00e1rio ao governo congol\u00eas e supostamente apoiado por Ruanda, o objetivo atualmente \u00e9 combater grupos rebeldes [&hellip;]\" \/>\n<meta property=\"og:url\" content=\"https:\/\/www.notibras.com\/site\/brasileiro-que-comanda-tropa-de-paz-ve-congo-pelo-avesso\/\" \/>\n<meta property=\"og:site_name\" content=\"Notibras\" \/>\n<meta property=\"article:publisher\" content=\"https:\/\/www.facebook.com\/notibras\/\" \/>\n<meta property=\"article:published_time\" content=\"2014-02-11T09:57:00+00:00\" \/>\n<meta property=\"article:modified_time\" content=\"2014-02-11T10:43:05+00:00\" \/>\n<meta property=\"og:image\" content=\"https:\/\/www.notibras.com\/site\/wp-content\/uploads\/2014\/02\/br...1.jpg\" \/>\n\t<meta property=\"og:image:width\" content=\"470\" \/>\n\t<meta property=\"og:image:height\" content=\"314\" \/>\n\t<meta property=\"og:image:type\" content=\"image\/jpeg\" \/>\n<meta name=\"author\" content=\"Reda\u00e7\u00e3o\" \/>\n<meta name=\"twitter:card\" content=\"summary_large_image\" \/>\n<meta name=\"twitter:creator\" content=\"@Notibras\" \/>\n<meta name=\"twitter:site\" content=\"@Notibras\" \/>\n<meta name=\"twitter:label1\" content=\"Escrito por\" \/>\n\t<meta name=\"twitter:data1\" content=\"Reda\u00e7\u00e3o\" \/>\n\t<meta name=\"twitter:label2\" content=\"Est. tempo de leitura\" \/>\n\t<meta name=\"twitter:data2\" content=\"5 minutos\" \/>\n<script type=\"application\/ld+json\" class=\"yoast-schema-graph\">{\"@context\":\"https:\/\/schema.org\",\"@graph\":[{\"@type\":\"Article\",\"@id\":\"https:\/\/www.notibras.com\/site\/brasileiro-que-comanda-tropa-de-paz-ve-congo-pelo-avesso\/#article\",\"isPartOf\":{\"@id\":\"https:\/\/www.notibras.com\/site\/brasileiro-que-comanda-tropa-de-paz-ve-congo-pelo-avesso\/\"},\"author\":{\"name\":\"Reda\u00e7\u00e3o\",\"@id\":\"https:\/\/www.notibras.com\/site\/#\/schema\/person\/36ab0979449956132d3e5b517ea76ac8\"},\"headline\":\"Comandante brasileiro da tropa de paz v\u00ea crise no Congo &#8216;pelo avesso&#8217;\",\"datePublished\":\"2014-02-11T09:57:00+00:00\",\"dateModified\":\"2014-02-11T10:43:05+00:00\",\"mainEntityOfPage\":{\"@id\":\"https:\/\/www.notibras.com\/site\/brasileiro-que-comanda-tropa-de-paz-ve-congo-pelo-avesso\/\"},\"wordCount\":994,\"commentCount\":0,\"publisher\":{\"@id\":\"https:\/\/www.notibras.com\/site\/#organization\"},\"image\":{\"@id\":\"https:\/\/www.notibras.com\/site\/brasileiro-que-comanda-tropa-de-paz-ve-congo-pelo-avesso\/#primaryimage\"},\"thumbnailUrl\":\"https:\/\/www.notibras.com\/site\/wp-content\/uploads\/2014\/02\/br...1.jpg\",\"articleSection\":[\"Brasil\"],\"inLanguage\":\"pt-BR\",\"potentialAction\":[{\"@type\":\"CommentAction\",\"name\":\"Comment\",\"target\":[\"https:\/\/www.notibras.com\/site\/brasileiro-que-comanda-tropa-de-paz-ve-congo-pelo-avesso\/#respond\"]}]},{\"@type\":\"WebPage\",\"@id\":\"https:\/\/www.notibras.com\/site\/brasileiro-que-comanda-tropa-de-paz-ve-congo-pelo-avesso\/\",\"url\":\"https:\/\/www.notibras.com\/site\/brasileiro-que-comanda-tropa-de-paz-ve-congo-pelo-avesso\/\",\"name\":\"Comandante brasileiro da tropa de paz v\u00ea crise no Congo 'pelo avesso' - Notibras\",\"isPartOf\":{\"@id\":\"https:\/\/www.notibras.com\/site\/#website\"},\"primaryImageOfPage\":{\"@id\":\"https:\/\/www.notibras.com\/site\/brasileiro-que-comanda-tropa-de-paz-ve-congo-pelo-avesso\/#primaryimage\"},\"image\":{\"@id\":\"https:\/\/www.notibras.com\/site\/brasileiro-que-comanda-tropa-de-paz-ve-congo-pelo-avesso\/#primaryimage\"},\"thumbnailUrl\":\"https:\/\/www.notibras.com\/site\/wp-content\/uploads\/2014\/02\/br...1.jpg\",\"datePublished\":\"2014-02-11T09:57:00+00:00\",\"dateModified\":\"2014-02-11T10:43:05+00:00\",\"breadcrumb\":{\"@id\":\"https:\/\/www.notibras.com\/site\/brasileiro-que-comanda-tropa-de-paz-ve-congo-pelo-avesso\/#breadcrumb\"},\"inLanguage\":\"pt-BR\",\"potentialAction\":[{\"@type\":\"ReadAction\",\"target\":[\"https:\/\/www.notibras.com\/site\/brasileiro-que-comanda-tropa-de-paz-ve-congo-pelo-avesso\/\"]}]},{\"@type\":\"ImageObject\",\"inLanguage\":\"pt-BR\",\"@id\":\"https:\/\/www.notibras.com\/site\/brasileiro-que-comanda-tropa-de-paz-ve-congo-pelo-avesso\/#primaryimage\",\"url\":\"https:\/\/www.notibras.com\/site\/wp-content\/uploads\/2014\/02\/br...1.jpg\",\"contentUrl\":\"https:\/\/www.notibras.com\/site\/wp-content\/uploads\/2014\/02\/br...1.jpg\",\"width\":470,\"height\":314},{\"@type\":\"BreadcrumbList\",\"@id\":\"https:\/\/www.notibras.com\/site\/brasileiro-que-comanda-tropa-de-paz-ve-congo-pelo-avesso\/#breadcrumb\",\"itemListElement\":[{\"@type\":\"ListItem\",\"position\":1,\"name\":\"In\u00edcio\",\"item\":\"https:\/\/www.notibras.com\/site\/\"},{\"@type\":\"ListItem\",\"position\":2,\"name\":\"Comandante brasileiro da tropa de paz v\u00ea crise no Congo &#8216;pelo avesso&#8217;\"}]},{\"@type\":\"WebSite\",\"@id\":\"https:\/\/www.notibras.com\/site\/#website\",\"url\":\"https:\/\/www.notibras.com\/site\/\",\"name\":\"Notibras\",\"description\":\"Not\u00edcias de Bras\u00edlia, do Brasil e do Mundo\",\"publisher\":{\"@id\":\"https:\/\/www.notibras.com\/site\/#organization\"},\"potentialAction\":[{\"@type\":\"SearchAction\",\"target\":{\"@type\":\"EntryPoint\",\"urlTemplate\":\"https:\/\/www.notibras.com\/site\/?s={search_term_string}\"},\"query-input\":{\"@type\":\"PropertyValueSpecification\",\"valueRequired\":true,\"valueName\":\"search_term_string\"}}],\"inLanguage\":\"pt-BR\"},{\"@type\":\"Organization\",\"@id\":\"https:\/\/www.notibras.com\/site\/#organization\",\"name\":\"Grupo Notibras de Comunica\u00e7\u00e3o\",\"url\":\"https:\/\/www.notibras.com\/site\/\",\"logo\":{\"@type\":\"ImageObject\",\"inLanguage\":\"pt-BR\",\"@id\":\"https:\/\/www.notibras.com\/site\/#\/schema\/logo\/image\/\",\"url\":\"https:\/\/www.notibras.com\/site\/wp-content\/uploads\/2023\/01\/notibras23.png\",\"contentUrl\":\"https:\/\/www.notibras.com\/site\/wp-content\/uploads\/2023\/01\/notibras23.png\",\"width\":350,\"height\":87,\"caption\":\"Grupo Notibras de Comunica\u00e7\u00e3o\"},\"image\":{\"@id\":\"https:\/\/www.notibras.com\/site\/#\/schema\/logo\/image\/\"},\"sameAs\":[\"https:\/\/www.facebook.com\/notibras\/\",\"https:\/\/x.com\/Notibras\",\"https:\/\/www.instagram.com\/notibras\/\"]},{\"@type\":\"Person\",\"@id\":\"https:\/\/www.notibras.com\/site\/#\/schema\/person\/36ab0979449956132d3e5b517ea76ac8\",\"name\":\"Reda\u00e7\u00e3o\",\"image\":{\"@type\":\"ImageObject\",\"inLanguage\":\"pt-BR\",\"@id\":\"https:\/\/secure.gravatar.com\/avatar\/e0a867bdedb85fd243eadf09663511f96fc81e0720a4a42581f334ad4303aa6b?s=96&d=mm&r=g\",\"url\":\"https:\/\/secure.gravatar.com\/avatar\/e0a867bdedb85fd243eadf09663511f96fc81e0720a4a42581f334ad4303aa6b?s=96&d=mm&r=g\",\"contentUrl\":\"https:\/\/secure.gravatar.com\/avatar\/e0a867bdedb85fd243eadf09663511f96fc81e0720a4a42581f334ad4303aa6b?s=96&d=mm&r=g\",\"caption\":\"Reda\u00e7\u00e3o\"}}]}<\/script>\n<!-- \/ Yoast SEO plugin. -->","yoast_head_json":{"title":"Comandante brasileiro da tropa de paz v\u00ea crise no Congo 'pelo avesso' - Notibras","robots":{"index":"index","follow":"follow","max-snippet":"max-snippet:-1","max-image-preview":"max-image-preview:large","max-video-preview":"max-video-preview:-1"},"canonical":"https:\/\/www.notibras.com\/site\/brasileiro-que-comanda-tropa-de-paz-ve-congo-pelo-avesso\/","og_locale":"pt_BR","og_type":"article","og_title":"Comandante brasileiro da tropa de paz v\u00ea crise no Congo 'pelo avesso' - Notibras","og_description":"O general brasileiro que comanda as for\u00e7as de paz da ONU na Rep\u00fablica Democr\u00e1tica do Congo, Carlos Alberto dos Santos Cruz, disse que o foco militar de sua miss\u00e3o mudou. Depois da derrota no ano passado de um grupo contr\u00e1rio ao governo congol\u00eas e supostamente apoiado por Ruanda, o objetivo atualmente \u00e9 combater grupos rebeldes [&hellip;]","og_url":"https:\/\/www.notibras.com\/site\/brasileiro-que-comanda-tropa-de-paz-ve-congo-pelo-avesso\/","og_site_name":"Notibras","article_publisher":"https:\/\/www.facebook.com\/notibras\/","article_published_time":"2014-02-11T09:57:00+00:00","article_modified_time":"2014-02-11T10:43:05+00:00","og_image":[{"width":470,"height":314,"url":"https:\/\/www.notibras.com\/site\/wp-content\/uploads\/2014\/02\/br...1.jpg","type":"image\/jpeg"}],"author":"Reda\u00e7\u00e3o","twitter_card":"summary_large_image","twitter_creator":"@Notibras","twitter_site":"@Notibras","twitter_misc":{"Escrito por":"Reda\u00e7\u00e3o","Est. tempo de leitura":"5 minutos"},"schema":{"@context":"https:\/\/schema.org","@graph":[{"@type":"Article","@id":"https:\/\/www.notibras.com\/site\/brasileiro-que-comanda-tropa-de-paz-ve-congo-pelo-avesso\/#article","isPartOf":{"@id":"https:\/\/www.notibras.com\/site\/brasileiro-que-comanda-tropa-de-paz-ve-congo-pelo-avesso\/"},"author":{"name":"Reda\u00e7\u00e3o","@id":"https:\/\/www.notibras.com\/site\/#\/schema\/person\/36ab0979449956132d3e5b517ea76ac8"},"headline":"Comandante brasileiro da tropa de paz v\u00ea crise no Congo &#8216;pelo avesso&#8217;","datePublished":"2014-02-11T09:57:00+00:00","dateModified":"2014-02-11T10:43:05+00:00","mainEntityOfPage":{"@id":"https:\/\/www.notibras.com\/site\/brasileiro-que-comanda-tropa-de-paz-ve-congo-pelo-avesso\/"},"wordCount":994,"commentCount":0,"publisher":{"@id":"https:\/\/www.notibras.com\/site\/#organization"},"image":{"@id":"https:\/\/www.notibras.com\/site\/brasileiro-que-comanda-tropa-de-paz-ve-congo-pelo-avesso\/#primaryimage"},"thumbnailUrl":"https:\/\/www.notibras.com\/site\/wp-content\/uploads\/2014\/02\/br...1.jpg","articleSection":["Brasil"],"inLanguage":"pt-BR","potentialAction":[{"@type":"CommentAction","name":"Comment","target":["https:\/\/www.notibras.com\/site\/brasileiro-que-comanda-tropa-de-paz-ve-congo-pelo-avesso\/#respond"]}]},{"@type":"WebPage","@id":"https:\/\/www.notibras.com\/site\/brasileiro-que-comanda-tropa-de-paz-ve-congo-pelo-avesso\/","url":"https:\/\/www.notibras.com\/site\/brasileiro-que-comanda-tropa-de-paz-ve-congo-pelo-avesso\/","name":"Comandante brasileiro da tropa de paz v\u00ea crise no Congo 'pelo avesso' - Notibras","isPartOf":{"@id":"https:\/\/www.notibras.com\/site\/#website"},"primaryImageOfPage":{"@id":"https:\/\/www.notibras.com\/site\/brasileiro-que-comanda-tropa-de-paz-ve-congo-pelo-avesso\/#primaryimage"},"image":{"@id":"https:\/\/www.notibras.com\/site\/brasileiro-que-comanda-tropa-de-paz-ve-congo-pelo-avesso\/#primaryimage"},"thumbnailUrl":"https:\/\/www.notibras.com\/site\/wp-content\/uploads\/2014\/02\/br...1.jpg","datePublished":"2014-02-11T09:57:00+00:00","dateModified":"2014-02-11T10:43:05+00:00","breadcrumb":{"@id":"https:\/\/www.notibras.com\/site\/brasileiro-que-comanda-tropa-de-paz-ve-congo-pelo-avesso\/#breadcrumb"},"inLanguage":"pt-BR","potentialAction":[{"@type":"ReadAction","target":["https:\/\/www.notibras.com\/site\/brasileiro-que-comanda-tropa-de-paz-ve-congo-pelo-avesso\/"]}]},{"@type":"ImageObject","inLanguage":"pt-BR","@id":"https:\/\/www.notibras.com\/site\/brasileiro-que-comanda-tropa-de-paz-ve-congo-pelo-avesso\/#primaryimage","url":"https:\/\/www.notibras.com\/site\/wp-content\/uploads\/2014\/02\/br...1.jpg","contentUrl":"https:\/\/www.notibras.com\/site\/wp-content\/uploads\/2014\/02\/br...1.jpg","width":470,"height":314},{"@type":"BreadcrumbList","@id":"https:\/\/www.notibras.com\/site\/brasileiro-que-comanda-tropa-de-paz-ve-congo-pelo-avesso\/#breadcrumb","itemListElement":[{"@type":"ListItem","position":1,"name":"In\u00edcio","item":"https:\/\/www.notibras.com\/site\/"},{"@type":"ListItem","position":2,"name":"Comandante brasileiro da tropa de paz v\u00ea crise no Congo &#8216;pelo avesso&#8217;"}]},{"@type":"WebSite","@id":"https:\/\/www.notibras.com\/site\/#website","url":"https:\/\/www.notibras.com\/site\/","name":"Notibras","description":"Not\u00edcias de Bras\u00edlia, do Brasil e do Mundo","publisher":{"@id":"https:\/\/www.notibras.com\/site\/#organization"},"potentialAction":[{"@type":"SearchAction","target":{"@type":"EntryPoint","urlTemplate":"https:\/\/www.notibras.com\/site\/?s={search_term_string}"},"query-input":{"@type":"PropertyValueSpecification","valueRequired":true,"valueName":"search_term_string"}}],"inLanguage":"pt-BR"},{"@type":"Organization","@id":"https:\/\/www.notibras.com\/site\/#organization","name":"Grupo Notibras de Comunica\u00e7\u00e3o","url":"https:\/\/www.notibras.com\/site\/","logo":{"@type":"ImageObject","inLanguage":"pt-BR","@id":"https:\/\/www.notibras.com\/site\/#\/schema\/logo\/image\/","url":"https:\/\/www.notibras.com\/site\/wp-content\/uploads\/2023\/01\/notibras23.png","contentUrl":"https:\/\/www.notibras.com\/site\/wp-content\/uploads\/2023\/01\/notibras23.png","width":350,"height":87,"caption":"Grupo Notibras de Comunica\u00e7\u00e3o"},"image":{"@id":"https:\/\/www.notibras.com\/site\/#\/schema\/logo\/image\/"},"sameAs":["https:\/\/www.facebook.com\/notibras\/","https:\/\/x.com\/Notibras","https:\/\/www.instagram.com\/notibras\/"]},{"@type":"Person","@id":"https:\/\/www.notibras.com\/site\/#\/schema\/person\/36ab0979449956132d3e5b517ea76ac8","name":"Reda\u00e7\u00e3o","image":{"@type":"ImageObject","inLanguage":"pt-BR","@id":"https:\/\/secure.gravatar.com\/avatar\/e0a867bdedb85fd243eadf09663511f96fc81e0720a4a42581f334ad4303aa6b?s=96&d=mm&r=g","url":"https:\/\/secure.gravatar.com\/avatar\/e0a867bdedb85fd243eadf09663511f96fc81e0720a4a42581f334ad4303aa6b?s=96&d=mm&r=g","contentUrl":"https:\/\/secure.gravatar.com\/avatar\/e0a867bdedb85fd243eadf09663511f96fc81e0720a4a42581f334ad4303aa6b?s=96&d=mm&r=g","caption":"Reda\u00e7\u00e3o"}}]}},"amp_enabled":true,"_links":{"self":[{"href":"https:\/\/www.notibras.com\/site\/wp-json\/wp\/v2\/posts\/1073","targetHints":{"allow":["GET"]}}],"collection":[{"href":"https:\/\/www.notibras.com\/site\/wp-json\/wp\/v2\/posts"}],"about":[{"href":"https:\/\/www.notibras.com\/site\/wp-json\/wp\/v2\/types\/post"}],"author":[{"embeddable":true,"href":"https:\/\/www.notibras.com\/site\/wp-json\/wp\/v2\/users\/2"}],"replies":[{"embeddable":true,"href":"https:\/\/www.notibras.com\/site\/wp-json\/wp\/v2\/comments?post=1073"}],"version-history":[{"count":0,"href":"https:\/\/www.notibras.com\/site\/wp-json\/wp\/v2\/posts\/1073\/revisions"}],"wp:featuredmedia":[{"embeddable":true,"href":"https:\/\/www.notibras.com\/site\/wp-json\/wp\/v2\/media\/1074"}],"wp:attachment":[{"href":"https:\/\/www.notibras.com\/site\/wp-json\/wp\/v2\/media?parent=1073"}],"wp:term":[{"taxonomy":"category","embeddable":true,"href":"https:\/\/www.notibras.com\/site\/wp-json\/wp\/v2\/categories?post=1073"},{"taxonomy":"post_tag","embeddable":true,"href":"https:\/\/www.notibras.com\/site\/wp-json\/wp\/v2\/tags?post=1073"}],"curies":[{"name":"wp","href":"https:\/\/api.w.org\/{rel}","templated":true}]}}