{"id":107364,"date":"2016-07-10T13:43:45","date_gmt":"2016-07-10T16:43:45","guid":{"rendered":"http:\/\/www.notibras.com\/site\/?p=107364"},"modified":"2016-07-13T05:25:09","modified_gmt":"2016-07-13T08:25:09","slug":"cursos-tecnicos-viram-opcao-para-jovem-driblar-a-crescente-crise-do-desemprego","status":"publish","type":"post","link":"https:\/\/www.notibras.com\/site\/cursos-tecnicos-viram-opcao-para-jovem-driblar-a-crescente-crise-do-desemprego\/","title":{"rendered":"Cursos t\u00e9cnicos viram op\u00e7\u00e3o para jovem driblar crescente crise do desemprego"},"content":{"rendered":"<p><strong>Rafael Lucchesi<\/strong><\/p>\n<p>Os jovens est\u00e3o entre os segmentos da popula\u00e7\u00e3o mais afetados pela atual crise econ\u00f4mica. No primeiro trimestre deste ano, o desemprego entre pessoas de at\u00e9 24 anos atingiu 24%, mais do que o dobro da taxa geral. Com menos experi\u00eancia e, em geral, pouca qualifica\u00e7\u00e3o, eles s\u00e3o os que primeiro sofrem quando o mercado de trabalho piora.<\/p>\n<p>No entanto, os dados n\u00e3o devem alimentar o pessimismo. \u00c9 o momento certo de preparar essa gera\u00e7\u00e3o para o futuro, para quando o ciclo de crescimento for retomado. Est\u00e1 na hora de apostar em educa\u00e7\u00e3o profissional.<\/p>\n<p>Segundo o IBGE, em pesquisa de 2013, aproximadamente 80% dos estudantes entre 18 e 24 anos n\u00e3o chegam \u00e0 universidade. E existem muitas oportunidades para o jovem que opta por uma profiss\u00e3o t\u00e9cnica \u2013diferente da cren\u00e7a, de parcela da sociedade brasileira, de que a perspectiva de mobilidade social est\u00e1 na obten\u00e7\u00e3o de um diploma universit\u00e1rio.<\/p>\n<p>V\u00e1rias carreiras t\u00e9cnicas competem muito bem com forma\u00e7\u00f5es de n\u00edvel superior. T\u00e9cnicos das \u00e1reas de produ\u00e7\u00e3o de petr\u00f3leo e de ind\u00fastrias qu\u00edmicas, por exemplo, tinham sal\u00e1rio m\u00e9dio de R$ 7.700 em 2014. S\u00e3o trabalhadores altamente requisitados pelo mercado, mesmo em meio \u00e0 crise.<\/p>\n<p>Al\u00e9m disso, a educa\u00e7\u00e3o profissional se modernizou e h\u00e1 uma diversidade de carreiras surgindo por conta dos novos processos utilizados no setor produtivo. O mundo vive a quarta revolu\u00e7\u00e3o industrial \u2013tamb\u00e9m chamada de ind\u00fastria 4.0\u00ad\u2013, na qual as empresas se utilizam de tecnologias digitais. Do trabalhador, \u00e9 exigido ter capacidade de interpreta\u00e7\u00e3o abstrata e forma\u00e7\u00e3o t\u00e9cnica para operar equipamentos com alta complexidade.<\/p>\n<p>Na\u00e7\u00f5es desenvolvidas j\u00e1 perceberam essa tend\u00eancia e investem pesadamente na \u00e1rea. Pa\u00edses da Uni\u00e3o Europeia t\u00eam, em m\u00e9dia, metade de seus estudantes do ensino m\u00e9dio matriculados tamb\u00e9m em cursos t\u00e9cnicos, segundo o Centro Europeu para o Desenvolvimento da Educa\u00e7\u00e3o Profissional.<\/p>\n<p>\u00c9 preciso remover preconceitos em rela\u00e7\u00e3o aos cursos de educa\u00e7\u00e3o profissional. Pesquisa da FGV demonstrou que, entre dois indiv\u00edduos com a mesma escolaridade, os que frequentaram o ensino t\u00e9cnico de n\u00edvel m\u00e9dio tiveram 15% de acr\u00e9scimo na renda.<\/p>\n<p>Felizmente, a percep\u00e7\u00e3o dos brasileiros sobre a import\u00e2ncia dessa forma\u00e7\u00e3o est\u00e1 mudando para melhor. Levantamento da CNI (Confedera\u00e7\u00e3o Nacional da Ind\u00fastria), em parceria com o Ibope, mostra que, para 90% dos entrevistados, quem faz curso t\u00e9cnico tem mais oportunidades no mercado de trabalho. A inclus\u00e3o, no Plano Nacional de Educa\u00e7\u00e3o, de uma ousada meta que prev\u00ea triplicar as matr\u00edculas na \u00e1rea at\u00e9 2024 reflete o desejo de uma sociedade que passou a dar mais valor a esse tipo de qualifica\u00e7\u00e3o.<\/p>\n<p>Na pr\u00e1tica, no entanto, a educa\u00e7\u00e3o profissional ainda \u00e9 a escolha de poucos no Brasil. Em 2015, 11% dos jovens brasileiros cursavam o ensino m\u00e9dio concomitantemente com algum curso t\u00e9cnico. \u00c9 imperativo elevarmos esse contingente para garantir um projeto de vida \u00e0 juventude.<\/p>\n<p>O jovem que busca o primeiro emprego tem com a educa\u00e7\u00e3o profissional a possibilidade de entrar de forma mais r\u00e1pida no mercado de trabalho. Por exemplo, no Senai (Servi\u00e7o Nacional de Aprendizagem Industrial), mais de 65% daqueles que conclu\u00edram o ensino t\u00e9cnico em 2014 estavam trabalhando no ano seguinte. Mesmo cursos de forma\u00e7\u00e3o inicial \u2013que duram cerca de tr\u00eas meses\u2013 j\u00e1 permitem ao trabalhador buscar uma coloca\u00e7\u00e3o mais qualificada.<\/p>\n<p>Ocurso t\u00e9cnico pode ainda ser encarado como primeiro passo de um plano profissional que, n\u00e3o necessariamente, exclui um diploma universit\u00e1rio. Um t\u00e9cnico em mec\u00e2nica tem a op\u00e7\u00e3o, por exemplo, de avan\u00e7ar com sua forma\u00e7\u00e3o na \u00e1rea e se tornar tecn\u00f3logo em mec\u00e2nica ou engenheiro. No caso de alguns jovens, a inser\u00e7\u00e3o r\u00e1pida no mercado de trabalho \u00e9 o passaporte para a continua\u00e7\u00e3o dos estudos. Com um emprego, \u00e9 poss\u00edvel ter os recursos necess\u00e1rios \u00e0 constru\u00e7\u00e3o de uma carreira.<\/p>\n<p>O Brasil sabe fazer educa\u00e7\u00e3o profissional de excel\u00eancia, afinal o pa\u00eds foi o grande campe\u00e3o da 42\u00aa edi\u00e7\u00e3o da WorldSkills, a olimp\u00edada internacional de profiss\u00f5es t\u00e9cnicas e que re\u00fane competidores de na\u00e7\u00f5es cujos sistemas educacionais s\u00e3o refer\u00eancias em todo o mundo.<\/p>\n<p>O que falta ao pa\u00eds \u00e9 eleger a educa\u00e7\u00e3o profissional como uma agenda estrat\u00e9gica. Por ser essencial \u00e0 competitividade das empresas, trata-se de um tema basilar para a ind\u00fastria. Levantamento da CNI, feito entre empres\u00e1rios, mostrou que na avalia\u00e7\u00e3o de 53% deles a qualidade da m\u00e3o de obra \u00e9 o principal entrave ao aumento de produtividade. A falta de qualifica\u00e7\u00e3o tem impacto direto nos neg\u00f3cios: para produzir o mesmo que 1 americano, o Brasil precisa de 5 trabalhadores.<\/p>\n<p>\u00c9 urgente preparar jovens e adultos para um mercado em profunda muta\u00e7\u00e3o tecnol\u00f3gica e organizacional. A educa\u00e7\u00e3o profissional deve ser vista como uma agenda de sustenta\u00e7\u00e3o da renda, de gera\u00e7\u00e3o de oportunidades para a juventude, de competitividade para o ambiente de neg\u00f3cios e tamb\u00e9m como um compromisso social, pois pode ajudar o Brasil a ser um pa\u00eds mais equ\u00e2nime.<\/p>\n","protected":false},"excerpt":{"rendered":"<p>Rafael Lucchesi Os jovens est\u00e3o entre os segmentos da popula\u00e7\u00e3o mais afetados pela atual crise econ\u00f4mica. No primeiro trimestre deste ano, o desemprego entre pessoas de at\u00e9 24 anos atingiu 24%, mais do que o dobro da taxa geral. Com menos experi\u00eancia e, em geral, pouca qualifica\u00e7\u00e3o, eles s\u00e3o os que primeiro sofrem quando o [&hellip;]<\/p>\n","protected":false},"author":2,"featured_media":107365,"comment_status":"open","ping_status":"closed","sticky":false,"template":"","format":"standard","meta":{"_acf_changed":false,"footnotes":""},"categories":[25],"tags":[],"class_list":["post-107364","post","type-post","status-publish","format-standard","has-post-thumbnail","hentry","category-opina-ai"],"acf":[],"yoast_head":"<!-- This site is optimized with the Yoast SEO plugin v27.5 - https:\/\/yoast.com\/product\/yoast-seo-wordpress\/ -->\n<title>Cursos t\u00e9cnicos viram op\u00e7\u00e3o para jovem driblar crescente crise do desemprego - Notibras<\/title>\n<meta name=\"robots\" content=\"index, follow, max-snippet:-1, max-image-preview:large, max-video-preview:-1\" \/>\n<link rel=\"canonical\" href=\"https:\/\/www.notibras.com\/site\/cursos-tecnicos-viram-opcao-para-jovem-driblar-a-crescente-crise-do-desemprego\/\" \/>\n<meta property=\"og:locale\" content=\"pt_BR\" \/>\n<meta property=\"og:type\" content=\"article\" \/>\n<meta property=\"og:title\" content=\"Cursos t\u00e9cnicos viram op\u00e7\u00e3o para jovem driblar crescente crise do desemprego - Notibras\" \/>\n<meta property=\"og:description\" content=\"Rafael Lucchesi Os jovens est\u00e3o entre os segmentos da popula\u00e7\u00e3o mais afetados pela atual crise econ\u00f4mica. No primeiro trimestre deste ano, o desemprego entre pessoas de at\u00e9 24 anos atingiu 24%, mais do que o dobro da taxa geral. Com menos experi\u00eancia e, em geral, pouca qualifica\u00e7\u00e3o, eles s\u00e3o os que primeiro sofrem quando o [&hellip;]\" \/>\n<meta property=\"og:url\" content=\"https:\/\/www.notibras.com\/site\/cursos-tecnicos-viram-opcao-para-jovem-driblar-a-crescente-crise-do-desemprego\/\" \/>\n<meta property=\"og:site_name\" content=\"Notibras\" \/>\n<meta property=\"article:publisher\" content=\"https:\/\/www.facebook.com\/notibras\/\" \/>\n<meta property=\"article:published_time\" content=\"2016-07-10T16:43:45+00:00\" \/>\n<meta property=\"article:modified_time\" content=\"2016-07-13T08:25:09+00:00\" \/>\n<meta property=\"og:image\" content=\"https:\/\/www.notibras.com\/site\/wp-content\/uploads\/2016\/07\/curso-de-eletroeletronica-gratis-2011-senai-sp.jpg\" \/>\n\t<meta property=\"og:image:width\" content=\"407\" \/>\n\t<meta property=\"og:image:height\" content=\"305\" \/>\n\t<meta property=\"og:image:type\" content=\"image\/jpeg\" \/>\n<meta name=\"author\" content=\"Reda\u00e7\u00e3o\" \/>\n<meta name=\"twitter:card\" content=\"summary_large_image\" \/>\n<meta name=\"twitter:creator\" content=\"@Notibras\" \/>\n<meta name=\"twitter:site\" content=\"@Notibras\" \/>\n<meta name=\"twitter:label1\" content=\"Escrito por\" \/>\n\t<meta name=\"twitter:data1\" content=\"Reda\u00e7\u00e3o\" \/>\n\t<meta name=\"twitter:label2\" content=\"Est. tempo de leitura\" \/>\n\t<meta name=\"twitter:data2\" content=\"4 minutos\" \/>\n<script type=\"application\/ld+json\" class=\"yoast-schema-graph\">{\"@context\":\"https:\\\/\\\/schema.org\",\"@graph\":[{\"@type\":\"Article\",\"@id\":\"https:\\\/\\\/www.notibras.com\\\/site\\\/cursos-tecnicos-viram-opcao-para-jovem-driblar-a-crescente-crise-do-desemprego\\\/#article\",\"isPartOf\":{\"@id\":\"https:\\\/\\\/www.notibras.com\\\/site\\\/cursos-tecnicos-viram-opcao-para-jovem-driblar-a-crescente-crise-do-desemprego\\\/\"},\"author\":{\"name\":\"Reda\u00e7\u00e3o\",\"@id\":\"https:\\\/\\\/www.notibras.com\\\/site\\\/#\\\/schema\\\/person\\\/36ab0979449956132d3e5b517ea76ac8\"},\"headline\":\"Cursos t\u00e9cnicos viram op\u00e7\u00e3o para jovem driblar crescente crise do desemprego\",\"datePublished\":\"2016-07-10T16:43:45+00:00\",\"dateModified\":\"2016-07-13T08:25:09+00:00\",\"mainEntityOfPage\":{\"@id\":\"https:\\\/\\\/www.notibras.com\\\/site\\\/cursos-tecnicos-viram-opcao-para-jovem-driblar-a-crescente-crise-do-desemprego\\\/\"},\"wordCount\":879,\"commentCount\":0,\"publisher\":{\"@id\":\"https:\\\/\\\/www.notibras.com\\\/site\\\/#organization\"},\"image\":{\"@id\":\"https:\\\/\\\/www.notibras.com\\\/site\\\/cursos-tecnicos-viram-opcao-para-jovem-driblar-a-crescente-crise-do-desemprego\\\/#primaryimage\"},\"thumbnailUrl\":\"https:\\\/\\\/www.notibras.com\\\/site\\\/wp-content\\\/uploads\\\/2016\\\/07\\\/curso-de-eletroeletronica-gratis-2011-senai-sp.jpg\",\"articleSection\":[\"Opina a\u00ed\"],\"inLanguage\":\"pt-BR\",\"potentialAction\":[{\"@type\":\"CommentAction\",\"name\":\"Comment\",\"target\":[\"https:\\\/\\\/www.notibras.com\\\/site\\\/cursos-tecnicos-viram-opcao-para-jovem-driblar-a-crescente-crise-do-desemprego\\\/#respond\"]}]},{\"@type\":\"WebPage\",\"@id\":\"https:\\\/\\\/www.notibras.com\\\/site\\\/cursos-tecnicos-viram-opcao-para-jovem-driblar-a-crescente-crise-do-desemprego\\\/\",\"url\":\"https:\\\/\\\/www.notibras.com\\\/site\\\/cursos-tecnicos-viram-opcao-para-jovem-driblar-a-crescente-crise-do-desemprego\\\/\",\"name\":\"Cursos t\u00e9cnicos viram op\u00e7\u00e3o para jovem driblar crescente crise do desemprego - Notibras\",\"isPartOf\":{\"@id\":\"https:\\\/\\\/www.notibras.com\\\/site\\\/#website\"},\"primaryImageOfPage\":{\"@id\":\"https:\\\/\\\/www.notibras.com\\\/site\\\/cursos-tecnicos-viram-opcao-para-jovem-driblar-a-crescente-crise-do-desemprego\\\/#primaryimage\"},\"image\":{\"@id\":\"https:\\\/\\\/www.notibras.com\\\/site\\\/cursos-tecnicos-viram-opcao-para-jovem-driblar-a-crescente-crise-do-desemprego\\\/#primaryimage\"},\"thumbnailUrl\":\"https:\\\/\\\/www.notibras.com\\\/site\\\/wp-content\\\/uploads\\\/2016\\\/07\\\/curso-de-eletroeletronica-gratis-2011-senai-sp.jpg\",\"datePublished\":\"2016-07-10T16:43:45+00:00\",\"dateModified\":\"2016-07-13T08:25:09+00:00\",\"breadcrumb\":{\"@id\":\"https:\\\/\\\/www.notibras.com\\\/site\\\/cursos-tecnicos-viram-opcao-para-jovem-driblar-a-crescente-crise-do-desemprego\\\/#breadcrumb\"},\"inLanguage\":\"pt-BR\",\"potentialAction\":[{\"@type\":\"ReadAction\",\"target\":[\"https:\\\/\\\/www.notibras.com\\\/site\\\/cursos-tecnicos-viram-opcao-para-jovem-driblar-a-crescente-crise-do-desemprego\\\/\"]}]},{\"@type\":\"ImageObject\",\"inLanguage\":\"pt-BR\",\"@id\":\"https:\\\/\\\/www.notibras.com\\\/site\\\/cursos-tecnicos-viram-opcao-para-jovem-driblar-a-crescente-crise-do-desemprego\\\/#primaryimage\",\"url\":\"https:\\\/\\\/www.notibras.com\\\/site\\\/wp-content\\\/uploads\\\/2016\\\/07\\\/curso-de-eletroeletronica-gratis-2011-senai-sp.jpg\",\"contentUrl\":\"https:\\\/\\\/www.notibras.com\\\/site\\\/wp-content\\\/uploads\\\/2016\\\/07\\\/curso-de-eletroeletronica-gratis-2011-senai-sp.jpg\",\"width\":407,\"height\":305},{\"@type\":\"BreadcrumbList\",\"@id\":\"https:\\\/\\\/www.notibras.com\\\/site\\\/cursos-tecnicos-viram-opcao-para-jovem-driblar-a-crescente-crise-do-desemprego\\\/#breadcrumb\",\"itemListElement\":[{\"@type\":\"ListItem\",\"position\":1,\"name\":\"In\u00edcio\",\"item\":\"https:\\\/\\\/www.notibras.com\\\/site\\\/\"},{\"@type\":\"ListItem\",\"position\":2,\"name\":\"Cursos t\u00e9cnicos viram op\u00e7\u00e3o para jovem driblar crescente crise do desemprego\"}]},{\"@type\":\"WebSite\",\"@id\":\"https:\\\/\\\/www.notibras.com\\\/site\\\/#website\",\"url\":\"https:\\\/\\\/www.notibras.com\\\/site\\\/\",\"name\":\"Notibras\",\"description\":\"Not\u00edcias de Bras\u00edlia, do Brasil e do Mundo\",\"publisher\":{\"@id\":\"https:\\\/\\\/www.notibras.com\\\/site\\\/#organization\"},\"potentialAction\":[{\"@type\":\"SearchAction\",\"target\":{\"@type\":\"EntryPoint\",\"urlTemplate\":\"https:\\\/\\\/www.notibras.com\\\/site\\\/?s={search_term_string}\"},\"query-input\":{\"@type\":\"PropertyValueSpecification\",\"valueRequired\":true,\"valueName\":\"search_term_string\"}}],\"inLanguage\":\"pt-BR\"},{\"@type\":\"Organization\",\"@id\":\"https:\\\/\\\/www.notibras.com\\\/site\\\/#organization\",\"name\":\"Grupo Notibras de Comunica\u00e7\u00e3o\",\"url\":\"https:\\\/\\\/www.notibras.com\\\/site\\\/\",\"logo\":{\"@type\":\"ImageObject\",\"inLanguage\":\"pt-BR\",\"@id\":\"https:\\\/\\\/www.notibras.com\\\/site\\\/#\\\/schema\\\/logo\\\/image\\\/\",\"url\":\"https:\\\/\\\/www.notibras.com\\\/site\\\/wp-content\\\/uploads\\\/2023\\\/01\\\/notibras23.png\",\"contentUrl\":\"https:\\\/\\\/www.notibras.com\\\/site\\\/wp-content\\\/uploads\\\/2023\\\/01\\\/notibras23.png\",\"width\":350,\"height\":87,\"caption\":\"Grupo Notibras de Comunica\u00e7\u00e3o\"},\"image\":{\"@id\":\"https:\\\/\\\/www.notibras.com\\\/site\\\/#\\\/schema\\\/logo\\\/image\\\/\"},\"sameAs\":[\"https:\\\/\\\/www.facebook.com\\\/notibras\\\/\",\"https:\\\/\\\/x.com\\\/Notibras\",\"https:\\\/\\\/www.instagram.com\\\/notibras\\\/\"]},{\"@type\":\"Person\",\"@id\":\"https:\\\/\\\/www.notibras.com\\\/site\\\/#\\\/schema\\\/person\\\/36ab0979449956132d3e5b517ea76ac8\",\"name\":\"Reda\u00e7\u00e3o\",\"image\":{\"@type\":\"ImageObject\",\"inLanguage\":\"pt-BR\",\"@id\":\"https:\\\/\\\/secure.gravatar.com\\\/avatar\\\/e0a867bdedb85fd243eadf09663511f96fc81e0720a4a42581f334ad4303aa6b?s=96&d=mm&r=g\",\"url\":\"https:\\\/\\\/secure.gravatar.com\\\/avatar\\\/e0a867bdedb85fd243eadf09663511f96fc81e0720a4a42581f334ad4303aa6b?s=96&d=mm&r=g\",\"contentUrl\":\"https:\\\/\\\/secure.gravatar.com\\\/avatar\\\/e0a867bdedb85fd243eadf09663511f96fc81e0720a4a42581f334ad4303aa6b?s=96&d=mm&r=g\",\"caption\":\"Reda\u00e7\u00e3o\"}}]}<\/script>\n<!-- \/ Yoast SEO plugin. -->","yoast_head_json":{"title":"Cursos t\u00e9cnicos viram op\u00e7\u00e3o para jovem driblar crescente crise do desemprego - Notibras","robots":{"index":"index","follow":"follow","max-snippet":"max-snippet:-1","max-image-preview":"max-image-preview:large","max-video-preview":"max-video-preview:-1"},"canonical":"https:\/\/www.notibras.com\/site\/cursos-tecnicos-viram-opcao-para-jovem-driblar-a-crescente-crise-do-desemprego\/","og_locale":"pt_BR","og_type":"article","og_title":"Cursos t\u00e9cnicos viram op\u00e7\u00e3o para jovem driblar crescente crise do desemprego - Notibras","og_description":"Rafael Lucchesi Os jovens est\u00e3o entre os segmentos da popula\u00e7\u00e3o mais afetados pela atual crise econ\u00f4mica. No primeiro trimestre deste ano, o desemprego entre pessoas de at\u00e9 24 anos atingiu 24%, mais do que o dobro da taxa geral. Com menos experi\u00eancia e, em geral, pouca qualifica\u00e7\u00e3o, eles s\u00e3o os que primeiro sofrem quando o [&hellip;]","og_url":"https:\/\/www.notibras.com\/site\/cursos-tecnicos-viram-opcao-para-jovem-driblar-a-crescente-crise-do-desemprego\/","og_site_name":"Notibras","article_publisher":"https:\/\/www.facebook.com\/notibras\/","article_published_time":"2016-07-10T16:43:45+00:00","article_modified_time":"2016-07-13T08:25:09+00:00","og_image":[{"width":407,"height":305,"url":"https:\/\/www.notibras.com\/site\/wp-content\/uploads\/2016\/07\/curso-de-eletroeletronica-gratis-2011-senai-sp.jpg","type":"image\/jpeg"}],"author":"Reda\u00e7\u00e3o","twitter_card":"summary_large_image","twitter_creator":"@Notibras","twitter_site":"@Notibras","twitter_misc":{"Escrito por":"Reda\u00e7\u00e3o","Est. tempo de leitura":"4 minutos"},"schema":{"@context":"https:\/\/schema.org","@graph":[{"@type":"Article","@id":"https:\/\/www.notibras.com\/site\/cursos-tecnicos-viram-opcao-para-jovem-driblar-a-crescente-crise-do-desemprego\/#article","isPartOf":{"@id":"https:\/\/www.notibras.com\/site\/cursos-tecnicos-viram-opcao-para-jovem-driblar-a-crescente-crise-do-desemprego\/"},"author":{"name":"Reda\u00e7\u00e3o","@id":"https:\/\/www.notibras.com\/site\/#\/schema\/person\/36ab0979449956132d3e5b517ea76ac8"},"headline":"Cursos t\u00e9cnicos viram op\u00e7\u00e3o para jovem driblar crescente crise do desemprego","datePublished":"2016-07-10T16:43:45+00:00","dateModified":"2016-07-13T08:25:09+00:00","mainEntityOfPage":{"@id":"https:\/\/www.notibras.com\/site\/cursos-tecnicos-viram-opcao-para-jovem-driblar-a-crescente-crise-do-desemprego\/"},"wordCount":879,"commentCount":0,"publisher":{"@id":"https:\/\/www.notibras.com\/site\/#organization"},"image":{"@id":"https:\/\/www.notibras.com\/site\/cursos-tecnicos-viram-opcao-para-jovem-driblar-a-crescente-crise-do-desemprego\/#primaryimage"},"thumbnailUrl":"https:\/\/www.notibras.com\/site\/wp-content\/uploads\/2016\/07\/curso-de-eletroeletronica-gratis-2011-senai-sp.jpg","articleSection":["Opina a\u00ed"],"inLanguage":"pt-BR","potentialAction":[{"@type":"CommentAction","name":"Comment","target":["https:\/\/www.notibras.com\/site\/cursos-tecnicos-viram-opcao-para-jovem-driblar-a-crescente-crise-do-desemprego\/#respond"]}]},{"@type":"WebPage","@id":"https:\/\/www.notibras.com\/site\/cursos-tecnicos-viram-opcao-para-jovem-driblar-a-crescente-crise-do-desemprego\/","url":"https:\/\/www.notibras.com\/site\/cursos-tecnicos-viram-opcao-para-jovem-driblar-a-crescente-crise-do-desemprego\/","name":"Cursos t\u00e9cnicos viram op\u00e7\u00e3o para jovem driblar crescente crise do desemprego - Notibras","isPartOf":{"@id":"https:\/\/www.notibras.com\/site\/#website"},"primaryImageOfPage":{"@id":"https:\/\/www.notibras.com\/site\/cursos-tecnicos-viram-opcao-para-jovem-driblar-a-crescente-crise-do-desemprego\/#primaryimage"},"image":{"@id":"https:\/\/www.notibras.com\/site\/cursos-tecnicos-viram-opcao-para-jovem-driblar-a-crescente-crise-do-desemprego\/#primaryimage"},"thumbnailUrl":"https:\/\/www.notibras.com\/site\/wp-content\/uploads\/2016\/07\/curso-de-eletroeletronica-gratis-2011-senai-sp.jpg","datePublished":"2016-07-10T16:43:45+00:00","dateModified":"2016-07-13T08:25:09+00:00","breadcrumb":{"@id":"https:\/\/www.notibras.com\/site\/cursos-tecnicos-viram-opcao-para-jovem-driblar-a-crescente-crise-do-desemprego\/#breadcrumb"},"inLanguage":"pt-BR","potentialAction":[{"@type":"ReadAction","target":["https:\/\/www.notibras.com\/site\/cursos-tecnicos-viram-opcao-para-jovem-driblar-a-crescente-crise-do-desemprego\/"]}]},{"@type":"ImageObject","inLanguage":"pt-BR","@id":"https:\/\/www.notibras.com\/site\/cursos-tecnicos-viram-opcao-para-jovem-driblar-a-crescente-crise-do-desemprego\/#primaryimage","url":"https:\/\/www.notibras.com\/site\/wp-content\/uploads\/2016\/07\/curso-de-eletroeletronica-gratis-2011-senai-sp.jpg","contentUrl":"https:\/\/www.notibras.com\/site\/wp-content\/uploads\/2016\/07\/curso-de-eletroeletronica-gratis-2011-senai-sp.jpg","width":407,"height":305},{"@type":"BreadcrumbList","@id":"https:\/\/www.notibras.com\/site\/cursos-tecnicos-viram-opcao-para-jovem-driblar-a-crescente-crise-do-desemprego\/#breadcrumb","itemListElement":[{"@type":"ListItem","position":1,"name":"In\u00edcio","item":"https:\/\/www.notibras.com\/site\/"},{"@type":"ListItem","position":2,"name":"Cursos t\u00e9cnicos viram op\u00e7\u00e3o para jovem driblar crescente crise do desemprego"}]},{"@type":"WebSite","@id":"https:\/\/www.notibras.com\/site\/#website","url":"https:\/\/www.notibras.com\/site\/","name":"Notibras","description":"Not\u00edcias de Bras\u00edlia, do Brasil e do Mundo","publisher":{"@id":"https:\/\/www.notibras.com\/site\/#organization"},"potentialAction":[{"@type":"SearchAction","target":{"@type":"EntryPoint","urlTemplate":"https:\/\/www.notibras.com\/site\/?s={search_term_string}"},"query-input":{"@type":"PropertyValueSpecification","valueRequired":true,"valueName":"search_term_string"}}],"inLanguage":"pt-BR"},{"@type":"Organization","@id":"https:\/\/www.notibras.com\/site\/#organization","name":"Grupo Notibras de Comunica\u00e7\u00e3o","url":"https:\/\/www.notibras.com\/site\/","logo":{"@type":"ImageObject","inLanguage":"pt-BR","@id":"https:\/\/www.notibras.com\/site\/#\/schema\/logo\/image\/","url":"https:\/\/www.notibras.com\/site\/wp-content\/uploads\/2023\/01\/notibras23.png","contentUrl":"https:\/\/www.notibras.com\/site\/wp-content\/uploads\/2023\/01\/notibras23.png","width":350,"height":87,"caption":"Grupo Notibras de Comunica\u00e7\u00e3o"},"image":{"@id":"https:\/\/www.notibras.com\/site\/#\/schema\/logo\/image\/"},"sameAs":["https:\/\/www.facebook.com\/notibras\/","https:\/\/x.com\/Notibras","https:\/\/www.instagram.com\/notibras\/"]},{"@type":"Person","@id":"https:\/\/www.notibras.com\/site\/#\/schema\/person\/36ab0979449956132d3e5b517ea76ac8","name":"Reda\u00e7\u00e3o","image":{"@type":"ImageObject","inLanguage":"pt-BR","@id":"https:\/\/secure.gravatar.com\/avatar\/e0a867bdedb85fd243eadf09663511f96fc81e0720a4a42581f334ad4303aa6b?s=96&d=mm&r=g","url":"https:\/\/secure.gravatar.com\/avatar\/e0a867bdedb85fd243eadf09663511f96fc81e0720a4a42581f334ad4303aa6b?s=96&d=mm&r=g","contentUrl":"https:\/\/secure.gravatar.com\/avatar\/e0a867bdedb85fd243eadf09663511f96fc81e0720a4a42581f334ad4303aa6b?s=96&d=mm&r=g","caption":"Reda\u00e7\u00e3o"}}]}},"amp_enabled":true,"_links":{"self":[{"href":"https:\/\/www.notibras.com\/site\/wp-json\/wp\/v2\/posts\/107364","targetHints":{"allow":["GET"]}}],"collection":[{"href":"https:\/\/www.notibras.com\/site\/wp-json\/wp\/v2\/posts"}],"about":[{"href":"https:\/\/www.notibras.com\/site\/wp-json\/wp\/v2\/types\/post"}],"author":[{"embeddable":true,"href":"https:\/\/www.notibras.com\/site\/wp-json\/wp\/v2\/users\/2"}],"replies":[{"embeddable":true,"href":"https:\/\/www.notibras.com\/site\/wp-json\/wp\/v2\/comments?post=107364"}],"version-history":[{"count":2,"href":"https:\/\/www.notibras.com\/site\/wp-json\/wp\/v2\/posts\/107364\/revisions"}],"predecessor-version":[{"id":107610,"href":"https:\/\/www.notibras.com\/site\/wp-json\/wp\/v2\/posts\/107364\/revisions\/107610"}],"wp:featuredmedia":[{"embeddable":true,"href":"https:\/\/www.notibras.com\/site\/wp-json\/wp\/v2\/media\/107365"}],"wp:attachment":[{"href":"https:\/\/www.notibras.com\/site\/wp-json\/wp\/v2\/media?parent=107364"}],"wp:term":[{"taxonomy":"category","embeddable":true,"href":"https:\/\/www.notibras.com\/site\/wp-json\/wp\/v2\/categories?post=107364"},{"taxonomy":"post_tag","embeddable":true,"href":"https:\/\/www.notibras.com\/site\/wp-json\/wp\/v2\/tags?post=107364"}],"curies":[{"name":"wp","href":"https:\/\/api.w.org\/{rel}","templated":true}]}}