{"id":107452,"date":"2016-07-11T18:49:11","date_gmt":"2016-07-11T21:49:11","guid":{"rendered":"http:\/\/www.notibras.com\/site\/?p=107452"},"modified":"2016-07-11T18:49:11","modified_gmt":"2016-07-11T21:49:11","slug":"cartilha-de-itamar-faz-muita-falta-nos-dias-de-hoje-e-suspeito-sai-do-governo","status":"publish","type":"post","link":"https:\/\/www.notibras.com\/site\/cartilha-de-itamar-faz-muita-falta-nos-dias-de-hoje-e-suspeito-sai-do-governo\/","title":{"rendered":"Cartilha de Itamar faz muita falta nos dias de hoje. \u00c9 suspeito? Sai do governo"},"content":{"rendered":"<p><strong>Jos\u00e9 Escarlate<\/strong><\/p>\n<p>Itamar Franco, em seu governo, n\u00e3o ficou livre de den\u00fancias ou amea\u00e7as de corrup\u00e7\u00e3o. Fora o caso Hargreaves, que saiu e voltou ap\u00f3s comprovada sua inoc\u00eancia, teve pela frente o caso do ent\u00e3o ministro da Fazenda, Eliseu Resende, um velho e querido amigo.<\/p>\n<p>\u201cVoc\u00ea \u00e9 o ministro\u201d \u2013 dizia Itamar para Eliseu. \u201cQuando o Senado come\u00e7a a discutir quem pagou suas di\u00e1rias de hotel em Nova York, isso diminui muito o ministro da Fazenda. Infelizmente, voc\u00ea n\u00e3o pode continuar at\u00e9 resolver esse problema\u201d.<\/p>\n<p>Eliseu Resende deixou o cargo ap\u00f3s a publica\u00e7\u00e3o de den\u00fancias de que teria favorecido a empreiteira Norberto Odebrecht.<\/p>\n<p>Mais adiante, houve o problema com o ministro de Minas e Energia, Alexis Stepanenko, com a divulga\u00e7\u00e3o de um bilhete orientando que uma obra deveria ser dirigida para apoiar o candidato Fernando Henrique Cardoso e recomendando sua inaugura\u00e7\u00e3o antes das elei\u00e7\u00f5es.<\/p>\n<p>Foi demitido por Itamar.<\/p>\n<p><img loading=\"lazy\" decoding=\"async\" class=\"alignnone size-full wp-image-83053\" src=\"http:\/\/www.notibras.com\/site\/wp-content\/uploads\/2016\/01\/PV.png\" alt=\"PV\" width=\"122\" height=\"26\" \/><\/p>\n","protected":false},"excerpt":{"rendered":"<p>Jos\u00e9 Escarlate Itamar Franco, em seu governo, n\u00e3o ficou livre de den\u00fancias ou amea\u00e7as de corrup\u00e7\u00e3o. Fora o caso Hargreaves, que saiu e voltou ap\u00f3s comprovada sua inoc\u00eancia, teve pela frente o caso do ent\u00e3o ministro da Fazenda, Eliseu Resende, um velho e querido amigo. \u201cVoc\u00ea \u00e9 o ministro\u201d \u2013 dizia Itamar para Eliseu. \u201cQuando [&hellip;]<\/p>\n","protected":false},"author":2,"featured_media":107453,"comment_status":"open","ping_status":"closed","sticky":false,"template":"","format":"standard","meta":{"_acf_changed":false,"footnotes":""},"categories":[63],"tags":[],"class_list":["post-107452","post","type-post","status-publish","format-standard","has-post-thumbnail","hentry","category-paginas-viradas"],"acf":[],"_links":{"self":[{"href":"https:\/\/www.notibras.com\/site\/wp-json\/wp\/v2\/posts\/107452","targetHints":{"allow":["GET"]}}],"collection":[{"href":"https:\/\/www.notibras.com\/site\/wp-json\/wp\/v2\/posts"}],"about":[{"href":"https:\/\/www.notibras.com\/site\/wp-json\/wp\/v2\/types\/post"}],"author":[{"embeddable":true,"href":"https:\/\/www.notibras.com\/site\/wp-json\/wp\/v2\/users\/2"}],"replies":[{"embeddable":true,"href":"https:\/\/www.notibras.com\/site\/wp-json\/wp\/v2\/comments?post=107452"}],"version-history":[{"count":1,"href":"https:\/\/www.notibras.com\/site\/wp-json\/wp\/v2\/posts\/107452\/revisions"}],"predecessor-version":[{"id":107454,"href":"https:\/\/www.notibras.com\/site\/wp-json\/wp\/v2\/posts\/107452\/revisions\/107454"}],"wp:featuredmedia":[{"embeddable":true,"href":"https:\/\/www.notibras.com\/site\/wp-json\/wp\/v2\/media\/107453"}],"wp:attachment":[{"href":"https:\/\/www.notibras.com\/site\/wp-json\/wp\/v2\/media?parent=107452"}],"wp:term":[{"taxonomy":"category","embeddable":true,"href":"https:\/\/www.notibras.com\/site\/wp-json\/wp\/v2\/categories?post=107452"},{"taxonomy":"post_tag","embeddable":true,"href":"https:\/\/www.notibras.com\/site\/wp-json\/wp\/v2\/tags?post=107452"}],"curies":[{"name":"wp","href":"https:\/\/api.w.org\/{rel}","templated":true}]}}