{"id":1077,"date":"2014-02-11T07:01:10","date_gmt":"2014-02-11T10:01:10","guid":{"rendered":"http:\/\/www.notibras.com\/site\/?p=1077"},"modified":"2014-02-11T07:41:48","modified_gmt":"2014-02-11T10:41:48","slug":"dilma-fracassa-e-brasil-perde-espaco-na-politica-internacional","status":"publish","type":"post","link":"https:\/\/www.notibras.com\/site\/dilma-fracassa-e-brasil-perde-espaco-na-politica-internacional\/","title":{"rendered":"Pol\u00edtica externa fracassa e Brasil perde espa\u00e7o na agenda internacional"},"content":{"rendered":"<p>A aus\u00eancia do Brasil em debates internacionais estrat\u00e9gicos est\u00e1 se acentuando no governo Dilma e pode prejudicar a posi\u00e7\u00e3o do pa\u00eds na comunidade internacional, de acordo especialistas ouvidos pela BBC Brasil.<\/p>\n<p>Desde a substitui\u00e7\u00e3o do ministro Ant\u00f4nio Patriota pelo atual chanceler, Luiz Alberto Figueiredo, o Brasil declinou um convite para participar da confer\u00eancia de Genebra 2, que discute a crise na S\u00edria, e tamb\u00e9m da Confer\u00eancia de Seguran\u00e7a de Munique, f\u00f3rum que re\u00fane representantes das principais pot\u00eancias mundiais para debates sobre pol\u00edtica de seguran\u00e7a, entre os dias 31 de janeiro e 2 de fevereiro.<\/p>\n<p>Oliver Stuenkel, professor da Funda\u00e7\u00e3o Get\u00falio Vargas, \u00e9 um dos principais cr\u00edticos da pol\u00edtica externa do governo Dilma e afirma que a diminui\u00e7\u00e3o da participa\u00e7\u00e3o brasileira nos grandes debates internacionais amea\u00e7a &#8220;eliminar os ganhos importantes dos anos Lula&#8221;.<\/p>\n<p>&#8220;N\u00e3o ir a Genebra 2 e a Munique, na qual o Brasil esteve presente no ano passado com o Patriota, tem consequ\u00eancias diretas. A primeira \u00e9 que o Brasil n\u00e3o sabe o que est\u00e1 acontecendo, deixa de acompanhar de perto as quest\u00f5es internacionais&#8221;, disse \u00e0 BBC Brasil.<\/p>\n<p>&#8220;O debate n\u00e3o \u00e9 s\u00f3 sobre a S\u00edria, mas sobre como a comunidade internacional lida com situa\u00e7\u00f5es assim. Isso pode acontecer num pa\u00eds em que o Brasil tem fortes interesses econ\u00f4micos, como Angola, e a\u00ed j\u00e1 se estabeleceram regras pra lidar com esse conflito das quais o Brasil n\u00e3o participou.&#8221;<\/p>\n<p>O chanceler Figueiredo declinou o convite para participar da confer\u00eancia sobre a S\u00edria, com a justificativa de que ficaria no Brasil para preparar a participa\u00e7\u00e3o da presidente Dilma Rousseff na reuni\u00e3o do F\u00f3rum Econ\u00f4mico Mundial em Davos, na Su\u00ed\u00e7a. O Itamaraty enviou seu secret\u00e1rio-geral, Eduardo dos Santos, a Montreux (onde foi realizado o in\u00edcio da confer\u00eancia da S\u00edria).<\/p>\n<p>Em rela\u00e7\u00e3o a Munique, o Minist\u00e9rio n\u00e3o justificou a aus\u00eancia de um representante brasileiro.<\/p>\n<p>&#8220;A gente v\u00ea uma posi\u00e7\u00e3o passiva brasileira em todas as \u00e1reas. N\u00e3o vemos o chanceler no debate p\u00fablico porque existe um processo de centraliza\u00e7\u00e3o do poder no Planalto e Dilma n\u00e3o d\u00e1 a ele muita liberdade para se pronunciar sobre quest\u00f5es como a S\u00edria, por exemplo. O chanceler n\u00e3o se engaja muito com a sociedade civil e isso n\u00e3o \u00e9 s\u00f3 culpa do Itamaraty&#8221;, afirma o especialista.<\/p>\n<p>Questionado pela BBC Brasil, o Gabinete da Presid\u00eancia disse que n\u00e3o responderia \u00e0s cr\u00edticas.<\/p>\n<p>J\u00e1 o Itamaraty enviou um e-mail \u00e0 BBC dizendo que &#8220;o Brasil sempre se faz representar em todos os organismos internacionais e privilegia sempre o di\u00e1logo nos foros e mecanismos multilaterais. A atua\u00e7\u00e3o brasileira nessas inst\u00e2ncias \u00e9 pautada por princ\u00edpios permanentes, que d\u00e3o continuidade e consist\u00eancia \u00e0 pol\u00edtica externa.&#8221;<\/p>\n<p>A chancelaria afirmou ainda que a atua\u00e7\u00e3o da diplomacia brasileira segue &#8220;diretrizes e objetivos definidos conforme interesses nacionais&#8221; e ressaltou que &#8220;\u00e9 um dos 12 pa\u00edses do mundo que mant\u00eam rela\u00e7\u00f5es diplom\u00e1ticas com todos os demais membros da ONU.&#8221;<\/p>\n<p>&#8220;Se pegarmos todos os discursos que Dilma fez e mesmo o momento em que ela fez a troca do Patriota pelo Figueiredo, se percebe que a pol\u00edtica externa sempre foi algo secund\u00e1rio no governo dela&#8221;, diz a especialista em pol\u00edtica externa brasileira da Escola Superior de Propaganda e Marketing (ESPM), Denise Holzhacker.<\/p>\n<p>De acordo com ela, o governo Dilma adotou uma vis\u00e3o pragm\u00e1tica que prioriza as quest\u00f5es dom\u00e9sticas e, no plano internacional, as discuss\u00f5es econ\u00f4micas nas quais o pa\u00eds tem interesse direto.<\/p>\n<p>&#8220;O ganho (das a\u00e7\u00f5es de pol\u00edtica externa) na vis\u00e3o da presidente tem que ser ligado a quest\u00f5es econ\u00f4micas. Nessa l\u00f3gica, participar de f\u00f3runs para construir solu\u00e7\u00f5es e consenso n\u00e3o parece t\u00e3o interessante.&#8221;<\/p>\n<p>A vis\u00e3o da professora \u00e9 compartilhada pelo especialista americano em pol\u00edtica externa da Am\u00e9rica Latina Harold Trinkunas, da Brookings Institution, em Washington. &#8220;O governo atual tende a ver a pol\u00edtica externa como algo que deve servir \u00e0s pol\u00edticas dom\u00e9sticas&#8221;, disse \u00e0 BBC Brasil.<\/p>\n<p>O Itamaraty afirma que o Brasil &#8220;continua participando com protagonismo de grandes debates da agenda global que lhe dizem respeito&#8221; e contribui especialmente nos debates internacionais sobre quest\u00f5es de paz e seguran\u00e7a, desenvolvimento sustent\u00e1vel, direitos humanos e outras.<\/p>\n<p>Holzhacker, no entanto, discorda: &#8220;Mesmo em temas de direitos humanos o Brasil se manteve distante e da discuss\u00e3o ambiental tamb\u00e9m, apesar da Rio+20 e de outras confer\u00eancias importantes terem acontecido na gest\u00e3o Dilma&#8221;.<\/p>\n<p>Para os especialistas, um dos motivos pelos quais o chanceler Figueiredo teria pouca liberdade de atua\u00e7\u00e3o e de posicionamento seria o &#8220;medo&#8221; da presidente de que o posicionamento do Itamaraty sobre assuntos como a S\u00edria pudesse, de alguma forma, ter um efeito indesej\u00e1vel sobre sua imagem em ano eleitoral.<\/p>\n<p>&#8220;A pol\u00edtica externa brasileira geralmente n\u00e3o impacta o debate das elei\u00e7\u00f5es, mas neste momento Dilma est\u00e1 tentando eliminar qualquer assunto que possa impactar negativamente a opini\u00e3o p\u00fablica em rela\u00e7\u00e3o ao governo dela&#8221;, afirma Stuenkel.<\/p>\n<p>Para Trinkunas, as quest\u00f5es discutidas nas confer\u00eancias na Alemanha e na Su\u00ed\u00e7a tratavam de quest\u00f5es de seguran\u00e7a internacional, que seriam &#8220;pouco \u00fateis para o governo Dilma sob a perspectiva dom\u00e9stica e eleitoral, j\u00e1 que n\u00e3o envolvem diretamente o Brasil. &#8221;<\/p>\n<p>&#8220;O Brasil perdeu uma oportunidade de influenciar a discuss\u00e3o sobre os principais desafios globais do momento.&#8221;<\/p>\n<p>Mas em ano eleitoral, a retra\u00e7\u00e3o diplom\u00e1tica brasileira sinaliza um rompimento com a estrat\u00e9gia da diplomacia dos anos Lula &#8211; que pretendia conseguir para o Brasil uma posi\u00e7\u00e3o de protagonismo e um assento no Conselho de Seguran\u00e7a da ONU.<\/p>\n<p>E segundo Denilde Holzhacker, ela pode ter tamb\u00e9m um impacto negativo na imagem de Dilma e do PT.<\/p>\n<p>&#8220;Ao n\u00e3o participar do debate internacional, ela passa uma ideia de que tudo o que se fez durante o governo Lula foi s\u00f3 para gastar dinheiro e n\u00e3o priorizar os problemas internos. Essa percep\u00e7\u00e3o tamb\u00e9m n\u00e3o \u00e9 ben\u00e9fica. Ela refor\u00e7a as cr\u00edticas de que este \u00e9 um governo que n\u00e3o tem uma dire\u00e7\u00e3o&#8221;, afirma Denilde Holzhacker.<\/p>\n<p>Segundo os especialistas, manter o excesso de cautela nos pronunciamentos sobre temas globais pode acabar erodindo a posi\u00e7\u00e3o de destaque do Brasil nos f\u00f3runs multilaterais, caso a presidente se reeleja. &#8220;Dilma est\u00e1 menos interessada em pol\u00edtica internacional, o que limita a capacidade do Brasil de manter o n\u00edvel de influ\u00eancia que Lula havia conquistado&#8221;, diz o analista do Brookings.<\/p>\n<p>Oliver Stuenkel afirma que o maior problema para o Brasil ser\u00e1 a perda da confian\u00e7a de seus parceiros internacionais, ap\u00f3s um per\u00edodo em que o Brasil &#8220;apareceu no mapa&#8221;.<\/p>\n<p>&#8220;No final do governo Lula, n\u00e3o se podia mais falar sobre qual \u00e9 o grande desafio global sem consultar o Brasil e procurar entender o que o Brasil achava. Mas isso certamente vai acabar porque um parceiro internacional precisa ser confi\u00e1vel. N\u00e3o d\u00e1 para ter um pa\u00eds que quer participar por oito anos e se retirar por mais oito e depois voltar.&#8221;<\/p>\n<p>Para Holzhacker, no entanto, o governo Dilma est\u00e1 correto ao n\u00e3o seguir \u00e0 risca a pol\u00edtica externa do governo Lula.<\/p>\n<p>Segundo ela, o ex-presidente cometeu &#8220;exageros&#8221; ao tentar fazer do pa\u00eds um interlocutor de quest\u00f5es complexas, como o impasse sobre o programa nuclear do Ir\u00e3 &#8211; na busca de apoio para um assento no Conselho de Seguran\u00e7a da ONU.<\/p>\n<p>Por isso, a retirada do pa\u00eds de alguns debates \u00e9 compreens\u00edvel, mas o governo atual ainda n\u00e3o demonstrou objetivos claros em sua presen\u00e7a internacional.<\/p>\n<p>&#8220;O grande exagero do governo Lula foi que abriu muitas frentes (de atua\u00e7\u00e3o). \u00c9 o oposto do governo Dilma, que nem abriu novas frentes nem manteve as frentes tradicionais&#8221;, avalia.<\/p>\n<p>Mas se por um lado o pa\u00eds parece se distanciar das quest\u00f5es mais conflitantes e urgentes da geopol\u00edtica internacional, ele marcou presen\u00e7a na movimenta\u00e7\u00e3o que se seguiu \u00e0s den\u00fancias de que o governo americano espionou v\u00e1rios chefes de governo, entre eles a pr\u00f3pria presidente Dilma &#8211; al\u00e9m de ter acesso \u00e0s comunica\u00e7\u00f5es de milhares de brasileiros.<\/p>\n<p>Em abril, S\u00e3o Paulo sediar\u00e1 uma confer\u00eancia global sobre os modelos de governan\u00e7a na internet.<\/p>\n<p>Para os especialistas, o protagonismo brasileiro nessa quest\u00e3o &#8211; ap\u00f3s &#8211; \u00e9 positivo, mas parece uma aposta &#8220;segura&#8221; de a\u00e7\u00e3o de pol\u00edtica externa.<\/p>\n<p>&#8220;Acho que a raz\u00e3o principal pela qual a Dilma tomou essa decis\u00e3o foi que ela viu que isso tem um apelo junto \u00e0 opini\u00e3o p\u00fablica e que ela poderia ser vista tomando lideran\u00e7a e defendendo a soberania nacional contra os Estados Unidos&#8221;, diz Stuenkel.<\/p>\n","protected":false},"excerpt":{"rendered":"<p>A aus\u00eancia do Brasil em debates internacionais estrat\u00e9gicos est\u00e1 se acentuando no governo Dilma e pode prejudicar a posi\u00e7\u00e3o do pa\u00eds na comunidade internacional, de acordo especialistas ouvidos pela BBC Brasil. Desde a substitui\u00e7\u00e3o do ministro Ant\u00f4nio Patriota pelo atual chanceler, Luiz Alberto Figueiredo, o Brasil declinou um convite para participar da confer\u00eancia de Genebra [&hellip;]<\/p>\n","protected":false},"author":2,"featured_media":1078,"comment_status":"open","ping_status":"closed","sticky":false,"template":"","format":"standard","meta":{"_acf_changed":false,"footnotes":""},"categories":[16],"tags":[],"class_list":["post-1077","post","type-post","status-publish","format-standard","has-post-thumbnail","hentry","category-brasil"],"acf":[],"yoast_head":"<!-- This site is optimized with the Yoast SEO plugin v27.2 - https:\/\/yoast.com\/product\/yoast-seo-wordpress\/ -->\n<title>Pol\u00edtica externa fracassa e Brasil perde espa\u00e7o na agenda internacional - Notibras<\/title>\n<meta name=\"robots\" content=\"index, follow, max-snippet:-1, max-image-preview:large, max-video-preview:-1\" \/>\n<link rel=\"canonical\" href=\"https:\/\/www.notibras.com\/site\/dilma-fracassa-e-brasil-perde-espaco-na-politica-internacional\/\" \/>\n<meta property=\"og:locale\" content=\"pt_BR\" \/>\n<meta property=\"og:type\" content=\"article\" \/>\n<meta property=\"og:title\" content=\"Pol\u00edtica externa fracassa e Brasil perde espa\u00e7o na agenda internacional - Notibras\" \/>\n<meta property=\"og:description\" content=\"A aus\u00eancia do Brasil em debates internacionais estrat\u00e9gicos est\u00e1 se acentuando no governo Dilma e pode prejudicar a posi\u00e7\u00e3o do pa\u00eds na comunidade internacional, de acordo especialistas ouvidos pela BBC Brasil. Desde a substitui\u00e7\u00e3o do ministro Ant\u00f4nio Patriota pelo atual chanceler, Luiz Alberto Figueiredo, o Brasil declinou um convite para participar da confer\u00eancia de Genebra [&hellip;]\" \/>\n<meta property=\"og:url\" content=\"https:\/\/www.notibras.com\/site\/dilma-fracassa-e-brasil-perde-espaco-na-politica-internacional\/\" \/>\n<meta property=\"og:site_name\" content=\"Notibras\" \/>\n<meta property=\"article:publisher\" content=\"https:\/\/www.facebook.com\/notibras\/\" \/>\n<meta property=\"article:published_time\" content=\"2014-02-11T10:01:10+00:00\" \/>\n<meta property=\"article:modified_time\" content=\"2014-02-11T10:41:48+00:00\" \/>\n<meta property=\"og:image\" content=\"https:\/\/www.notibras.com\/site\/wp-content\/uploads\/2014\/02\/dilmaONU.jpg\" \/>\n\t<meta property=\"og:image:width\" content=\"580\" \/>\n\t<meta property=\"og:image:height\" content=\"443\" \/>\n\t<meta property=\"og:image:type\" content=\"image\/jpeg\" \/>\n<meta name=\"author\" content=\"Reda\u00e7\u00e3o\" \/>\n<meta name=\"twitter:card\" content=\"summary_large_image\" \/>\n<meta name=\"twitter:creator\" content=\"@Notibras\" \/>\n<meta name=\"twitter:site\" content=\"@Notibras\" \/>\n<meta name=\"twitter:label1\" content=\"Escrito por\" \/>\n\t<meta name=\"twitter:data1\" content=\"Reda\u00e7\u00e3o\" \/>\n\t<meta name=\"twitter:label2\" content=\"Est. tempo de leitura\" \/>\n\t<meta name=\"twitter:data2\" content=\"8 minutos\" \/>\n<script type=\"application\/ld+json\" class=\"yoast-schema-graph\">{\"@context\":\"https:\/\/schema.org\",\"@graph\":[{\"@type\":\"Article\",\"@id\":\"https:\/\/www.notibras.com\/site\/dilma-fracassa-e-brasil-perde-espaco-na-politica-internacional\/#article\",\"isPartOf\":{\"@id\":\"https:\/\/www.notibras.com\/site\/dilma-fracassa-e-brasil-perde-espaco-na-politica-internacional\/\"},\"author\":{\"name\":\"Reda\u00e7\u00e3o\",\"@id\":\"https:\/\/www.notibras.com\/site\/#\/schema\/person\/36ab0979449956132d3e5b517ea76ac8\"},\"headline\":\"Pol\u00edtica externa fracassa e Brasil perde espa\u00e7o na agenda internacional\",\"datePublished\":\"2014-02-11T10:01:10+00:00\",\"dateModified\":\"2014-02-11T10:41:48+00:00\",\"mainEntityOfPage\":{\"@id\":\"https:\/\/www.notibras.com\/site\/dilma-fracassa-e-brasil-perde-espaco-na-politica-internacional\/\"},\"wordCount\":1520,\"commentCount\":0,\"publisher\":{\"@id\":\"https:\/\/www.notibras.com\/site\/#organization\"},\"image\":{\"@id\":\"https:\/\/www.notibras.com\/site\/dilma-fracassa-e-brasil-perde-espaco-na-politica-internacional\/#primaryimage\"},\"thumbnailUrl\":\"https:\/\/www.notibras.com\/site\/wp-content\/uploads\/2014\/02\/dilmaONU.jpg\",\"articleSection\":[\"Brasil\"],\"inLanguage\":\"pt-BR\",\"potentialAction\":[{\"@type\":\"CommentAction\",\"name\":\"Comment\",\"target\":[\"https:\/\/www.notibras.com\/site\/dilma-fracassa-e-brasil-perde-espaco-na-politica-internacional\/#respond\"]}]},{\"@type\":\"WebPage\",\"@id\":\"https:\/\/www.notibras.com\/site\/dilma-fracassa-e-brasil-perde-espaco-na-politica-internacional\/\",\"url\":\"https:\/\/www.notibras.com\/site\/dilma-fracassa-e-brasil-perde-espaco-na-politica-internacional\/\",\"name\":\"Pol\u00edtica externa fracassa e Brasil perde espa\u00e7o na agenda internacional - Notibras\",\"isPartOf\":{\"@id\":\"https:\/\/www.notibras.com\/site\/#website\"},\"primaryImageOfPage\":{\"@id\":\"https:\/\/www.notibras.com\/site\/dilma-fracassa-e-brasil-perde-espaco-na-politica-internacional\/#primaryimage\"},\"image\":{\"@id\":\"https:\/\/www.notibras.com\/site\/dilma-fracassa-e-brasil-perde-espaco-na-politica-internacional\/#primaryimage\"},\"thumbnailUrl\":\"https:\/\/www.notibras.com\/site\/wp-content\/uploads\/2014\/02\/dilmaONU.jpg\",\"datePublished\":\"2014-02-11T10:01:10+00:00\",\"dateModified\":\"2014-02-11T10:41:48+00:00\",\"breadcrumb\":{\"@id\":\"https:\/\/www.notibras.com\/site\/dilma-fracassa-e-brasil-perde-espaco-na-politica-internacional\/#breadcrumb\"},\"inLanguage\":\"pt-BR\",\"potentialAction\":[{\"@type\":\"ReadAction\",\"target\":[\"https:\/\/www.notibras.com\/site\/dilma-fracassa-e-brasil-perde-espaco-na-politica-internacional\/\"]}]},{\"@type\":\"ImageObject\",\"inLanguage\":\"pt-BR\",\"@id\":\"https:\/\/www.notibras.com\/site\/dilma-fracassa-e-brasil-perde-espaco-na-politica-internacional\/#primaryimage\",\"url\":\"https:\/\/www.notibras.com\/site\/wp-content\/uploads\/2014\/02\/dilmaONU.jpg\",\"contentUrl\":\"https:\/\/www.notibras.com\/site\/wp-content\/uploads\/2014\/02\/dilmaONU.jpg\",\"width\":580,\"height\":443},{\"@type\":\"BreadcrumbList\",\"@id\":\"https:\/\/www.notibras.com\/site\/dilma-fracassa-e-brasil-perde-espaco-na-politica-internacional\/#breadcrumb\",\"itemListElement\":[{\"@type\":\"ListItem\",\"position\":1,\"name\":\"In\u00edcio\",\"item\":\"https:\/\/www.notibras.com\/site\/\"},{\"@type\":\"ListItem\",\"position\":2,\"name\":\"Pol\u00edtica externa fracassa e Brasil perde espa\u00e7o na agenda internacional\"}]},{\"@type\":\"WebSite\",\"@id\":\"https:\/\/www.notibras.com\/site\/#website\",\"url\":\"https:\/\/www.notibras.com\/site\/\",\"name\":\"Notibras\",\"description\":\"Not\u00edcias de Bras\u00edlia, do Brasil e do Mundo\",\"publisher\":{\"@id\":\"https:\/\/www.notibras.com\/site\/#organization\"},\"potentialAction\":[{\"@type\":\"SearchAction\",\"target\":{\"@type\":\"EntryPoint\",\"urlTemplate\":\"https:\/\/www.notibras.com\/site\/?s={search_term_string}\"},\"query-input\":{\"@type\":\"PropertyValueSpecification\",\"valueRequired\":true,\"valueName\":\"search_term_string\"}}],\"inLanguage\":\"pt-BR\"},{\"@type\":\"Organization\",\"@id\":\"https:\/\/www.notibras.com\/site\/#organization\",\"name\":\"Grupo Notibras de Comunica\u00e7\u00e3o\",\"url\":\"https:\/\/www.notibras.com\/site\/\",\"logo\":{\"@type\":\"ImageObject\",\"inLanguage\":\"pt-BR\",\"@id\":\"https:\/\/www.notibras.com\/site\/#\/schema\/logo\/image\/\",\"url\":\"https:\/\/www.notibras.com\/site\/wp-content\/uploads\/2023\/01\/notibras23.png\",\"contentUrl\":\"https:\/\/www.notibras.com\/site\/wp-content\/uploads\/2023\/01\/notibras23.png\",\"width\":350,\"height\":87,\"caption\":\"Grupo Notibras de Comunica\u00e7\u00e3o\"},\"image\":{\"@id\":\"https:\/\/www.notibras.com\/site\/#\/schema\/logo\/image\/\"},\"sameAs\":[\"https:\/\/www.facebook.com\/notibras\/\",\"https:\/\/x.com\/Notibras\",\"https:\/\/www.instagram.com\/notibras\/\"]},{\"@type\":\"Person\",\"@id\":\"https:\/\/www.notibras.com\/site\/#\/schema\/person\/36ab0979449956132d3e5b517ea76ac8\",\"name\":\"Reda\u00e7\u00e3o\",\"image\":{\"@type\":\"ImageObject\",\"inLanguage\":\"pt-BR\",\"@id\":\"https:\/\/secure.gravatar.com\/avatar\/e0a867bdedb85fd243eadf09663511f96fc81e0720a4a42581f334ad4303aa6b?s=96&d=mm&r=g\",\"url\":\"https:\/\/secure.gravatar.com\/avatar\/e0a867bdedb85fd243eadf09663511f96fc81e0720a4a42581f334ad4303aa6b?s=96&d=mm&r=g\",\"contentUrl\":\"https:\/\/secure.gravatar.com\/avatar\/e0a867bdedb85fd243eadf09663511f96fc81e0720a4a42581f334ad4303aa6b?s=96&d=mm&r=g\",\"caption\":\"Reda\u00e7\u00e3o\"}}]}<\/script>\n<!-- \/ Yoast SEO plugin. -->","yoast_head_json":{"title":"Pol\u00edtica externa fracassa e Brasil perde espa\u00e7o na agenda internacional - Notibras","robots":{"index":"index","follow":"follow","max-snippet":"max-snippet:-1","max-image-preview":"max-image-preview:large","max-video-preview":"max-video-preview:-1"},"canonical":"https:\/\/www.notibras.com\/site\/dilma-fracassa-e-brasil-perde-espaco-na-politica-internacional\/","og_locale":"pt_BR","og_type":"article","og_title":"Pol\u00edtica externa fracassa e Brasil perde espa\u00e7o na agenda internacional - Notibras","og_description":"A aus\u00eancia do Brasil em debates internacionais estrat\u00e9gicos est\u00e1 se acentuando no governo Dilma e pode prejudicar a posi\u00e7\u00e3o do pa\u00eds na comunidade internacional, de acordo especialistas ouvidos pela BBC Brasil. Desde a substitui\u00e7\u00e3o do ministro Ant\u00f4nio Patriota pelo atual chanceler, Luiz Alberto Figueiredo, o Brasil declinou um convite para participar da confer\u00eancia de Genebra [&hellip;]","og_url":"https:\/\/www.notibras.com\/site\/dilma-fracassa-e-brasil-perde-espaco-na-politica-internacional\/","og_site_name":"Notibras","article_publisher":"https:\/\/www.facebook.com\/notibras\/","article_published_time":"2014-02-11T10:01:10+00:00","article_modified_time":"2014-02-11T10:41:48+00:00","og_image":[{"width":580,"height":443,"url":"https:\/\/www.notibras.com\/site\/wp-content\/uploads\/2014\/02\/dilmaONU.jpg","type":"image\/jpeg"}],"author":"Reda\u00e7\u00e3o","twitter_card":"summary_large_image","twitter_creator":"@Notibras","twitter_site":"@Notibras","twitter_misc":{"Escrito por":"Reda\u00e7\u00e3o","Est. tempo de leitura":"8 minutos"},"schema":{"@context":"https:\/\/schema.org","@graph":[{"@type":"Article","@id":"https:\/\/www.notibras.com\/site\/dilma-fracassa-e-brasil-perde-espaco-na-politica-internacional\/#article","isPartOf":{"@id":"https:\/\/www.notibras.com\/site\/dilma-fracassa-e-brasil-perde-espaco-na-politica-internacional\/"},"author":{"name":"Reda\u00e7\u00e3o","@id":"https:\/\/www.notibras.com\/site\/#\/schema\/person\/36ab0979449956132d3e5b517ea76ac8"},"headline":"Pol\u00edtica externa fracassa e Brasil perde espa\u00e7o na agenda internacional","datePublished":"2014-02-11T10:01:10+00:00","dateModified":"2014-02-11T10:41:48+00:00","mainEntityOfPage":{"@id":"https:\/\/www.notibras.com\/site\/dilma-fracassa-e-brasil-perde-espaco-na-politica-internacional\/"},"wordCount":1520,"commentCount":0,"publisher":{"@id":"https:\/\/www.notibras.com\/site\/#organization"},"image":{"@id":"https:\/\/www.notibras.com\/site\/dilma-fracassa-e-brasil-perde-espaco-na-politica-internacional\/#primaryimage"},"thumbnailUrl":"https:\/\/www.notibras.com\/site\/wp-content\/uploads\/2014\/02\/dilmaONU.jpg","articleSection":["Brasil"],"inLanguage":"pt-BR","potentialAction":[{"@type":"CommentAction","name":"Comment","target":["https:\/\/www.notibras.com\/site\/dilma-fracassa-e-brasil-perde-espaco-na-politica-internacional\/#respond"]}]},{"@type":"WebPage","@id":"https:\/\/www.notibras.com\/site\/dilma-fracassa-e-brasil-perde-espaco-na-politica-internacional\/","url":"https:\/\/www.notibras.com\/site\/dilma-fracassa-e-brasil-perde-espaco-na-politica-internacional\/","name":"Pol\u00edtica externa fracassa e Brasil perde espa\u00e7o na agenda internacional - Notibras","isPartOf":{"@id":"https:\/\/www.notibras.com\/site\/#website"},"primaryImageOfPage":{"@id":"https:\/\/www.notibras.com\/site\/dilma-fracassa-e-brasil-perde-espaco-na-politica-internacional\/#primaryimage"},"image":{"@id":"https:\/\/www.notibras.com\/site\/dilma-fracassa-e-brasil-perde-espaco-na-politica-internacional\/#primaryimage"},"thumbnailUrl":"https:\/\/www.notibras.com\/site\/wp-content\/uploads\/2014\/02\/dilmaONU.jpg","datePublished":"2014-02-11T10:01:10+00:00","dateModified":"2014-02-11T10:41:48+00:00","breadcrumb":{"@id":"https:\/\/www.notibras.com\/site\/dilma-fracassa-e-brasil-perde-espaco-na-politica-internacional\/#breadcrumb"},"inLanguage":"pt-BR","potentialAction":[{"@type":"ReadAction","target":["https:\/\/www.notibras.com\/site\/dilma-fracassa-e-brasil-perde-espaco-na-politica-internacional\/"]}]},{"@type":"ImageObject","inLanguage":"pt-BR","@id":"https:\/\/www.notibras.com\/site\/dilma-fracassa-e-brasil-perde-espaco-na-politica-internacional\/#primaryimage","url":"https:\/\/www.notibras.com\/site\/wp-content\/uploads\/2014\/02\/dilmaONU.jpg","contentUrl":"https:\/\/www.notibras.com\/site\/wp-content\/uploads\/2014\/02\/dilmaONU.jpg","width":580,"height":443},{"@type":"BreadcrumbList","@id":"https:\/\/www.notibras.com\/site\/dilma-fracassa-e-brasil-perde-espaco-na-politica-internacional\/#breadcrumb","itemListElement":[{"@type":"ListItem","position":1,"name":"In\u00edcio","item":"https:\/\/www.notibras.com\/site\/"},{"@type":"ListItem","position":2,"name":"Pol\u00edtica externa fracassa e Brasil perde espa\u00e7o na agenda internacional"}]},{"@type":"WebSite","@id":"https:\/\/www.notibras.com\/site\/#website","url":"https:\/\/www.notibras.com\/site\/","name":"Notibras","description":"Not\u00edcias de Bras\u00edlia, do Brasil e do Mundo","publisher":{"@id":"https:\/\/www.notibras.com\/site\/#organization"},"potentialAction":[{"@type":"SearchAction","target":{"@type":"EntryPoint","urlTemplate":"https:\/\/www.notibras.com\/site\/?s={search_term_string}"},"query-input":{"@type":"PropertyValueSpecification","valueRequired":true,"valueName":"search_term_string"}}],"inLanguage":"pt-BR"},{"@type":"Organization","@id":"https:\/\/www.notibras.com\/site\/#organization","name":"Grupo Notibras de Comunica\u00e7\u00e3o","url":"https:\/\/www.notibras.com\/site\/","logo":{"@type":"ImageObject","inLanguage":"pt-BR","@id":"https:\/\/www.notibras.com\/site\/#\/schema\/logo\/image\/","url":"https:\/\/www.notibras.com\/site\/wp-content\/uploads\/2023\/01\/notibras23.png","contentUrl":"https:\/\/www.notibras.com\/site\/wp-content\/uploads\/2023\/01\/notibras23.png","width":350,"height":87,"caption":"Grupo Notibras de Comunica\u00e7\u00e3o"},"image":{"@id":"https:\/\/www.notibras.com\/site\/#\/schema\/logo\/image\/"},"sameAs":["https:\/\/www.facebook.com\/notibras\/","https:\/\/x.com\/Notibras","https:\/\/www.instagram.com\/notibras\/"]},{"@type":"Person","@id":"https:\/\/www.notibras.com\/site\/#\/schema\/person\/36ab0979449956132d3e5b517ea76ac8","name":"Reda\u00e7\u00e3o","image":{"@type":"ImageObject","inLanguage":"pt-BR","@id":"https:\/\/secure.gravatar.com\/avatar\/e0a867bdedb85fd243eadf09663511f96fc81e0720a4a42581f334ad4303aa6b?s=96&d=mm&r=g","url":"https:\/\/secure.gravatar.com\/avatar\/e0a867bdedb85fd243eadf09663511f96fc81e0720a4a42581f334ad4303aa6b?s=96&d=mm&r=g","contentUrl":"https:\/\/secure.gravatar.com\/avatar\/e0a867bdedb85fd243eadf09663511f96fc81e0720a4a42581f334ad4303aa6b?s=96&d=mm&r=g","caption":"Reda\u00e7\u00e3o"}}]}},"amp_enabled":true,"_links":{"self":[{"href":"https:\/\/www.notibras.com\/site\/wp-json\/wp\/v2\/posts\/1077","targetHints":{"allow":["GET"]}}],"collection":[{"href":"https:\/\/www.notibras.com\/site\/wp-json\/wp\/v2\/posts"}],"about":[{"href":"https:\/\/www.notibras.com\/site\/wp-json\/wp\/v2\/types\/post"}],"author":[{"embeddable":true,"href":"https:\/\/www.notibras.com\/site\/wp-json\/wp\/v2\/users\/2"}],"replies":[{"embeddable":true,"href":"https:\/\/www.notibras.com\/site\/wp-json\/wp\/v2\/comments?post=1077"}],"version-history":[{"count":0,"href":"https:\/\/www.notibras.com\/site\/wp-json\/wp\/v2\/posts\/1077\/revisions"}],"wp:featuredmedia":[{"embeddable":true,"href":"https:\/\/www.notibras.com\/site\/wp-json\/wp\/v2\/media\/1078"}],"wp:attachment":[{"href":"https:\/\/www.notibras.com\/site\/wp-json\/wp\/v2\/media?parent=1077"}],"wp:term":[{"taxonomy":"category","embeddable":true,"href":"https:\/\/www.notibras.com\/site\/wp-json\/wp\/v2\/categories?post=1077"},{"taxonomy":"post_tag","embeddable":true,"href":"https:\/\/www.notibras.com\/site\/wp-json\/wp\/v2\/tags?post=1077"}],"curies":[{"name":"wp","href":"https:\/\/api.w.org\/{rel}","templated":true}]}}