{"id":10785,"date":"2014-05-24T20:44:47","date_gmt":"2014-05-24T23:44:47","guid":{"rendered":"http:\/\/www.notibras.com\/site\/?p=10785"},"modified":"2014-05-24T23:24:01","modified_gmt":"2014-05-25T02:24:01","slug":"vasco-volta-a-joinville-apos-tragedia-empata-sem-gols-e-se-afasta-do-g4","status":"publish","type":"post","link":"https:\/\/www.notibras.com\/site\/vasco-volta-a-joinville-apos-tragedia-empata-sem-gols-e-se-afasta-do-g4\/","title":{"rendered":"Vasco volta a Joinville, empata sem gols e se afasta do G4"},"content":{"rendered":"<p>No dia em que o Vasco retornou ao palco no qual foi rebaixado \u00e0 segunda divis\u00e3o\u00a0e onde parte de seus\u00a0torcedores\u00a0protagonizaram cenas de viol\u00eancia contra as organizadas do Atl\u00e9tico-PR, o time carioca segurou o Joinville. N\u00e3o conseguiu, por\u00e9m, sair de campo com a vit\u00f3ria. Em jogo muito movimentado e com in\u00fameras chances perdidas, a equipe cruz-maltina empatou por 0 a 0 com os catarinenses, na Arena Joinville, e amargou a segunda igualdade consecutiva na S\u00e9rie B da competi\u00e7\u00e3o nacional.<\/p>\n<p class=\"text\">O resultado fez o Vasco cair para a oitava coloca\u00e7\u00e3o da S\u00e9rie B com nove pontos em seis jogos. Por sua vez, o Joinville manteve-se na vice-lideran\u00e7a com 14 tentos, mas em sete partidas.\u00a0As duas equipes voltam a campo na pr\u00f3xima ter\u00e7a-feira. \u00c0s 19h30 (de Bras\u00edlia), o time catarinense recebe o Am\u00e9rica-RN, enquanto que, \u00e0s 21h50 (de Bras\u00edlia), os cariocas viajam ao interior de S\u00e3o Paulo para enfrentar o Bragantino.<\/p>\n<p class=\"text\">A partida deste s\u00e1bado foi a primeira do Vasco na Arena Joinville desde a selvageria protagonizada por torcedores do time carioca e do Atl\u00e9tico-PR no est\u00e1dio durante a \u00faltima rodada do Campeonato Brasileiro do ano passado. Entretanto, foi a equipe da casa que come\u00e7ou a partida \u201cestranhando\u201d o terreno de jogo neste s\u00e1bado. Logo aos 12min, tr\u00eas depois de Diogo Silva fazer excelente defesa em chute de Edigar Junio, o goleiro Ivan tentou driblar Edmilson dentro da pr\u00f3pria \u00e1rea, mas se enrolou e teve que salvar o gol em cima da linha.<\/p>\n<p class=\"text\">Da\u00ed para frente, por\u00e9m, o Joinville melhorou e passou a criar mais oportunidades de gol. Aos 18min, Marcelo Costa emendou voleio rente ao travess\u00e3o vasca\u00edno. No lance seguinte, Jael quase marcou de cabe\u00e7a ap\u00f3s cruzamento pela direita. Depois, Diogo Silva foi o respons\u00e1vel por defender finaliza\u00e7\u00f5es de Tart\u00e1 e Jael, que ainda furou frente a frente com o gol em outro lance. Antes do intervalo, deu tempo de o Vasco responder em chegada de Diego Renan, que bateu cruzado da linha de fundo e quase abriu o placar mesmo sem \u00e2ngulo.<\/p>\n<p class=\"text\">Se o primeiro tempo foi bem movimento, o segundo come\u00e7ou com ritmo muito mais lento. O jogo passou a ficar muito brigado no meio de campo, e as equipes trocavam poucos\u00a0ataques. S\u00f3 melhorou a partir dos 25min. Primeiro, Edigar Junio arriscou de fora da \u00e1rea, e Diogo Silva defendeu. Depois, aos 35min o atacante acertou o p\u00e9 da trave esquerda do Vasco. O time carioca chegou a assustar com Edmilson, que perdeu chance frente a frente com Ivan, mas depois se segurou como p\u00f4de e ainda se deu ao luxo de\u00a0desperdi\u00e7ar outras oportunidades antes de empatar a segunda partida seguida na S\u00e9rie B.<\/p>\n","protected":false},"excerpt":{"rendered":"<p>No dia em que o Vasco retornou ao palco no qual foi rebaixado \u00e0 segunda divis\u00e3o\u00a0e onde parte de seus\u00a0torcedores\u00a0protagonizaram cenas de viol\u00eancia contra as organizadas do Atl\u00e9tico-PR, o time carioca segurou o Joinville. N\u00e3o conseguiu, por\u00e9m, sair de campo com a vit\u00f3ria. Em jogo muito movimentado e com in\u00fameras chances perdidas, a equipe cruz-maltina [&hellip;]<\/p>\n","protected":false},"author":2,"featured_media":10786,"comment_status":"open","ping_status":"closed","sticky":false,"template":"","format":"standard","meta":{"_acf_changed":false,"footnotes":""},"categories":[19,29],"tags":[],"class_list":["post-10785","post","type-post","status-publish","format-standard","has-post-thumbnail","hentry","category-esportes","category-futebol"],"acf":[],"yoast_head":"<!-- This site is optimized with the Yoast SEO plugin v27.2 - https:\/\/yoast.com\/product\/yoast-seo-wordpress\/ -->\n<title>Vasco volta a Joinville, empata sem gols e se afasta do G4 - Notibras<\/title>\n<meta name=\"robots\" content=\"index, follow, max-snippet:-1, max-image-preview:large, max-video-preview:-1\" \/>\n<link rel=\"canonical\" href=\"https:\/\/www.notibras.com\/site\/vasco-volta-a-joinville-apos-tragedia-empata-sem-gols-e-se-afasta-do-g4\/\" \/>\n<meta property=\"og:locale\" content=\"pt_BR\" \/>\n<meta property=\"og:type\" content=\"article\" \/>\n<meta property=\"og:title\" content=\"Vasco volta a Joinville, empata sem gols e se afasta do G4 - Notibras\" \/>\n<meta property=\"og:description\" content=\"No dia em que o Vasco retornou ao palco no qual foi rebaixado \u00e0 segunda divis\u00e3o\u00a0e onde parte de seus\u00a0torcedores\u00a0protagonizaram cenas de viol\u00eancia contra as organizadas do Atl\u00e9tico-PR, o time carioca segurou o Joinville. N\u00e3o conseguiu, por\u00e9m, sair de campo com a vit\u00f3ria. Em jogo muito movimentado e com in\u00fameras chances perdidas, a equipe cruz-maltina [&hellip;]\" \/>\n<meta property=\"og:url\" content=\"https:\/\/www.notibras.com\/site\/vasco-volta-a-joinville-apos-tragedia-empata-sem-gols-e-se-afasta-do-g4\/\" \/>\n<meta property=\"og:site_name\" content=\"Notibras\" \/>\n<meta property=\"article:publisher\" content=\"https:\/\/www.facebook.com\/notibras\/\" \/>\n<meta property=\"article:published_time\" content=\"2014-05-24T23:44:47+00:00\" \/>\n<meta property=\"article:modified_time\" content=\"2014-05-25T02:24:01+00:00\" \/>\n<meta property=\"og:image\" content=\"https:\/\/www.notibras.com\/site\/wp-content\/uploads\/2014\/05\/joinvillevascofelipegabrielal.jpg\" \/>\n\t<meta property=\"og:image:width\" content=\"460\" \/>\n\t<meta property=\"og:image:height\" content=\"340\" \/>\n\t<meta property=\"og:image:type\" content=\"image\/jpeg\" \/>\n<meta name=\"author\" content=\"Reda\u00e7\u00e3o\" \/>\n<meta name=\"twitter:card\" content=\"summary_large_image\" \/>\n<meta name=\"twitter:creator\" content=\"@Notibras\" \/>\n<meta name=\"twitter:site\" content=\"@Notibras\" \/>\n<meta name=\"twitter:label1\" content=\"Escrito por\" \/>\n\t<meta name=\"twitter:data1\" content=\"Reda\u00e7\u00e3o\" \/>\n\t<meta name=\"twitter:label2\" content=\"Est. tempo de leitura\" \/>\n\t<meta name=\"twitter:data2\" content=\"2 minutos\" \/>\n<script type=\"application\/ld+json\" class=\"yoast-schema-graph\">{\"@context\":\"https:\/\/schema.org\",\"@graph\":[{\"@type\":\"Article\",\"@id\":\"https:\/\/www.notibras.com\/site\/vasco-volta-a-joinville-apos-tragedia-empata-sem-gols-e-se-afasta-do-g4\/#article\",\"isPartOf\":{\"@id\":\"https:\/\/www.notibras.com\/site\/vasco-volta-a-joinville-apos-tragedia-empata-sem-gols-e-se-afasta-do-g4\/\"},\"author\":{\"name\":\"Reda\u00e7\u00e3o\",\"@id\":\"https:\/\/www.notibras.com\/site\/#\/schema\/person\/36ab0979449956132d3e5b517ea76ac8\"},\"headline\":\"Vasco volta a Joinville, empata sem gols e se afasta do G4\",\"datePublished\":\"2014-05-24T23:44:47+00:00\",\"dateModified\":\"2014-05-25T02:24:01+00:00\",\"mainEntityOfPage\":{\"@id\":\"https:\/\/www.notibras.com\/site\/vasco-volta-a-joinville-apos-tragedia-empata-sem-gols-e-se-afasta-do-g4\/\"},\"wordCount\":484,\"commentCount\":0,\"publisher\":{\"@id\":\"https:\/\/www.notibras.com\/site\/#organization\"},\"image\":{\"@id\":\"https:\/\/www.notibras.com\/site\/vasco-volta-a-joinville-apos-tragedia-empata-sem-gols-e-se-afasta-do-g4\/#primaryimage\"},\"thumbnailUrl\":\"https:\/\/www.notibras.com\/site\/wp-content\/uploads\/2014\/05\/joinvillevascofelipegabrielal.jpg\",\"articleSection\":[\"Esportes\",\"Futebol\"],\"inLanguage\":\"pt-BR\",\"potentialAction\":[{\"@type\":\"CommentAction\",\"name\":\"Comment\",\"target\":[\"https:\/\/www.notibras.com\/site\/vasco-volta-a-joinville-apos-tragedia-empata-sem-gols-e-se-afasta-do-g4\/#respond\"]}]},{\"@type\":\"WebPage\",\"@id\":\"https:\/\/www.notibras.com\/site\/vasco-volta-a-joinville-apos-tragedia-empata-sem-gols-e-se-afasta-do-g4\/\",\"url\":\"https:\/\/www.notibras.com\/site\/vasco-volta-a-joinville-apos-tragedia-empata-sem-gols-e-se-afasta-do-g4\/\",\"name\":\"Vasco volta a Joinville, empata sem gols e se afasta do G4 - Notibras\",\"isPartOf\":{\"@id\":\"https:\/\/www.notibras.com\/site\/#website\"},\"primaryImageOfPage\":{\"@id\":\"https:\/\/www.notibras.com\/site\/vasco-volta-a-joinville-apos-tragedia-empata-sem-gols-e-se-afasta-do-g4\/#primaryimage\"},\"image\":{\"@id\":\"https:\/\/www.notibras.com\/site\/vasco-volta-a-joinville-apos-tragedia-empata-sem-gols-e-se-afasta-do-g4\/#primaryimage\"},\"thumbnailUrl\":\"https:\/\/www.notibras.com\/site\/wp-content\/uploads\/2014\/05\/joinvillevascofelipegabrielal.jpg\",\"datePublished\":\"2014-05-24T23:44:47+00:00\",\"dateModified\":\"2014-05-25T02:24:01+00:00\",\"breadcrumb\":{\"@id\":\"https:\/\/www.notibras.com\/site\/vasco-volta-a-joinville-apos-tragedia-empata-sem-gols-e-se-afasta-do-g4\/#breadcrumb\"},\"inLanguage\":\"pt-BR\",\"potentialAction\":[{\"@type\":\"ReadAction\",\"target\":[\"https:\/\/www.notibras.com\/site\/vasco-volta-a-joinville-apos-tragedia-empata-sem-gols-e-se-afasta-do-g4\/\"]}]},{\"@type\":\"ImageObject\",\"inLanguage\":\"pt-BR\",\"@id\":\"https:\/\/www.notibras.com\/site\/vasco-volta-a-joinville-apos-tragedia-empata-sem-gols-e-se-afasta-do-g4\/#primaryimage\",\"url\":\"https:\/\/www.notibras.com\/site\/wp-content\/uploads\/2014\/05\/joinvillevascofelipegabrielal.jpg\",\"contentUrl\":\"https:\/\/www.notibras.com\/site\/wp-content\/uploads\/2014\/05\/joinvillevascofelipegabrielal.jpg\",\"width\":460,\"height\":340},{\"@type\":\"BreadcrumbList\",\"@id\":\"https:\/\/www.notibras.com\/site\/vasco-volta-a-joinville-apos-tragedia-empata-sem-gols-e-se-afasta-do-g4\/#breadcrumb\",\"itemListElement\":[{\"@type\":\"ListItem\",\"position\":1,\"name\":\"In\u00edcio\",\"item\":\"https:\/\/www.notibras.com\/site\/\"},{\"@type\":\"ListItem\",\"position\":2,\"name\":\"Vasco volta a Joinville, empata sem gols e se afasta do G4\"}]},{\"@type\":\"WebSite\",\"@id\":\"https:\/\/www.notibras.com\/site\/#website\",\"url\":\"https:\/\/www.notibras.com\/site\/\",\"name\":\"Notibras\",\"description\":\"Not\u00edcias de Bras\u00edlia, do Brasil e do Mundo\",\"publisher\":{\"@id\":\"https:\/\/www.notibras.com\/site\/#organization\"},\"potentialAction\":[{\"@type\":\"SearchAction\",\"target\":{\"@type\":\"EntryPoint\",\"urlTemplate\":\"https:\/\/www.notibras.com\/site\/?s={search_term_string}\"},\"query-input\":{\"@type\":\"PropertyValueSpecification\",\"valueRequired\":true,\"valueName\":\"search_term_string\"}}],\"inLanguage\":\"pt-BR\"},{\"@type\":\"Organization\",\"@id\":\"https:\/\/www.notibras.com\/site\/#organization\",\"name\":\"Grupo Notibras de Comunica\u00e7\u00e3o\",\"url\":\"https:\/\/www.notibras.com\/site\/\",\"logo\":{\"@type\":\"ImageObject\",\"inLanguage\":\"pt-BR\",\"@id\":\"https:\/\/www.notibras.com\/site\/#\/schema\/logo\/image\/\",\"url\":\"https:\/\/www.notibras.com\/site\/wp-content\/uploads\/2023\/01\/notibras23.png\",\"contentUrl\":\"https:\/\/www.notibras.com\/site\/wp-content\/uploads\/2023\/01\/notibras23.png\",\"width\":350,\"height\":87,\"caption\":\"Grupo Notibras de Comunica\u00e7\u00e3o\"},\"image\":{\"@id\":\"https:\/\/www.notibras.com\/site\/#\/schema\/logo\/image\/\"},\"sameAs\":[\"https:\/\/www.facebook.com\/notibras\/\",\"https:\/\/x.com\/Notibras\",\"https:\/\/www.instagram.com\/notibras\/\"]},{\"@type\":\"Person\",\"@id\":\"https:\/\/www.notibras.com\/site\/#\/schema\/person\/36ab0979449956132d3e5b517ea76ac8\",\"name\":\"Reda\u00e7\u00e3o\",\"image\":{\"@type\":\"ImageObject\",\"inLanguage\":\"pt-BR\",\"@id\":\"https:\/\/secure.gravatar.com\/avatar\/e0a867bdedb85fd243eadf09663511f96fc81e0720a4a42581f334ad4303aa6b?s=96&d=mm&r=g\",\"url\":\"https:\/\/secure.gravatar.com\/avatar\/e0a867bdedb85fd243eadf09663511f96fc81e0720a4a42581f334ad4303aa6b?s=96&d=mm&r=g\",\"contentUrl\":\"https:\/\/secure.gravatar.com\/avatar\/e0a867bdedb85fd243eadf09663511f96fc81e0720a4a42581f334ad4303aa6b?s=96&d=mm&r=g\",\"caption\":\"Reda\u00e7\u00e3o\"}}]}<\/script>\n<!-- \/ Yoast SEO plugin. -->","yoast_head_json":{"title":"Vasco volta a Joinville, empata sem gols e se afasta do G4 - Notibras","robots":{"index":"index","follow":"follow","max-snippet":"max-snippet:-1","max-image-preview":"max-image-preview:large","max-video-preview":"max-video-preview:-1"},"canonical":"https:\/\/www.notibras.com\/site\/vasco-volta-a-joinville-apos-tragedia-empata-sem-gols-e-se-afasta-do-g4\/","og_locale":"pt_BR","og_type":"article","og_title":"Vasco volta a Joinville, empata sem gols e se afasta do G4 - Notibras","og_description":"No dia em que o Vasco retornou ao palco no qual foi rebaixado \u00e0 segunda divis\u00e3o\u00a0e onde parte de seus\u00a0torcedores\u00a0protagonizaram cenas de viol\u00eancia contra as organizadas do Atl\u00e9tico-PR, o time carioca segurou o Joinville. N\u00e3o conseguiu, por\u00e9m, sair de campo com a vit\u00f3ria. Em jogo muito movimentado e com in\u00fameras chances perdidas, a equipe cruz-maltina [&hellip;]","og_url":"https:\/\/www.notibras.com\/site\/vasco-volta-a-joinville-apos-tragedia-empata-sem-gols-e-se-afasta-do-g4\/","og_site_name":"Notibras","article_publisher":"https:\/\/www.facebook.com\/notibras\/","article_published_time":"2014-05-24T23:44:47+00:00","article_modified_time":"2014-05-25T02:24:01+00:00","og_image":[{"width":460,"height":340,"url":"https:\/\/www.notibras.com\/site\/wp-content\/uploads\/2014\/05\/joinvillevascofelipegabrielal.jpg","type":"image\/jpeg"}],"author":"Reda\u00e7\u00e3o","twitter_card":"summary_large_image","twitter_creator":"@Notibras","twitter_site":"@Notibras","twitter_misc":{"Escrito por":"Reda\u00e7\u00e3o","Est. tempo de leitura":"2 minutos"},"schema":{"@context":"https:\/\/schema.org","@graph":[{"@type":"Article","@id":"https:\/\/www.notibras.com\/site\/vasco-volta-a-joinville-apos-tragedia-empata-sem-gols-e-se-afasta-do-g4\/#article","isPartOf":{"@id":"https:\/\/www.notibras.com\/site\/vasco-volta-a-joinville-apos-tragedia-empata-sem-gols-e-se-afasta-do-g4\/"},"author":{"name":"Reda\u00e7\u00e3o","@id":"https:\/\/www.notibras.com\/site\/#\/schema\/person\/36ab0979449956132d3e5b517ea76ac8"},"headline":"Vasco volta a Joinville, empata sem gols e se afasta do G4","datePublished":"2014-05-24T23:44:47+00:00","dateModified":"2014-05-25T02:24:01+00:00","mainEntityOfPage":{"@id":"https:\/\/www.notibras.com\/site\/vasco-volta-a-joinville-apos-tragedia-empata-sem-gols-e-se-afasta-do-g4\/"},"wordCount":484,"commentCount":0,"publisher":{"@id":"https:\/\/www.notibras.com\/site\/#organization"},"image":{"@id":"https:\/\/www.notibras.com\/site\/vasco-volta-a-joinville-apos-tragedia-empata-sem-gols-e-se-afasta-do-g4\/#primaryimage"},"thumbnailUrl":"https:\/\/www.notibras.com\/site\/wp-content\/uploads\/2014\/05\/joinvillevascofelipegabrielal.jpg","articleSection":["Esportes","Futebol"],"inLanguage":"pt-BR","potentialAction":[{"@type":"CommentAction","name":"Comment","target":["https:\/\/www.notibras.com\/site\/vasco-volta-a-joinville-apos-tragedia-empata-sem-gols-e-se-afasta-do-g4\/#respond"]}]},{"@type":"WebPage","@id":"https:\/\/www.notibras.com\/site\/vasco-volta-a-joinville-apos-tragedia-empata-sem-gols-e-se-afasta-do-g4\/","url":"https:\/\/www.notibras.com\/site\/vasco-volta-a-joinville-apos-tragedia-empata-sem-gols-e-se-afasta-do-g4\/","name":"Vasco volta a Joinville, empata sem gols e se afasta do G4 - Notibras","isPartOf":{"@id":"https:\/\/www.notibras.com\/site\/#website"},"primaryImageOfPage":{"@id":"https:\/\/www.notibras.com\/site\/vasco-volta-a-joinville-apos-tragedia-empata-sem-gols-e-se-afasta-do-g4\/#primaryimage"},"image":{"@id":"https:\/\/www.notibras.com\/site\/vasco-volta-a-joinville-apos-tragedia-empata-sem-gols-e-se-afasta-do-g4\/#primaryimage"},"thumbnailUrl":"https:\/\/www.notibras.com\/site\/wp-content\/uploads\/2014\/05\/joinvillevascofelipegabrielal.jpg","datePublished":"2014-05-24T23:44:47+00:00","dateModified":"2014-05-25T02:24:01+00:00","breadcrumb":{"@id":"https:\/\/www.notibras.com\/site\/vasco-volta-a-joinville-apos-tragedia-empata-sem-gols-e-se-afasta-do-g4\/#breadcrumb"},"inLanguage":"pt-BR","potentialAction":[{"@type":"ReadAction","target":["https:\/\/www.notibras.com\/site\/vasco-volta-a-joinville-apos-tragedia-empata-sem-gols-e-se-afasta-do-g4\/"]}]},{"@type":"ImageObject","inLanguage":"pt-BR","@id":"https:\/\/www.notibras.com\/site\/vasco-volta-a-joinville-apos-tragedia-empata-sem-gols-e-se-afasta-do-g4\/#primaryimage","url":"https:\/\/www.notibras.com\/site\/wp-content\/uploads\/2014\/05\/joinvillevascofelipegabrielal.jpg","contentUrl":"https:\/\/www.notibras.com\/site\/wp-content\/uploads\/2014\/05\/joinvillevascofelipegabrielal.jpg","width":460,"height":340},{"@type":"BreadcrumbList","@id":"https:\/\/www.notibras.com\/site\/vasco-volta-a-joinville-apos-tragedia-empata-sem-gols-e-se-afasta-do-g4\/#breadcrumb","itemListElement":[{"@type":"ListItem","position":1,"name":"In\u00edcio","item":"https:\/\/www.notibras.com\/site\/"},{"@type":"ListItem","position":2,"name":"Vasco volta a Joinville, empata sem gols e se afasta do G4"}]},{"@type":"WebSite","@id":"https:\/\/www.notibras.com\/site\/#website","url":"https:\/\/www.notibras.com\/site\/","name":"Notibras","description":"Not\u00edcias de Bras\u00edlia, do Brasil e do Mundo","publisher":{"@id":"https:\/\/www.notibras.com\/site\/#organization"},"potentialAction":[{"@type":"SearchAction","target":{"@type":"EntryPoint","urlTemplate":"https:\/\/www.notibras.com\/site\/?s={search_term_string}"},"query-input":{"@type":"PropertyValueSpecification","valueRequired":true,"valueName":"search_term_string"}}],"inLanguage":"pt-BR"},{"@type":"Organization","@id":"https:\/\/www.notibras.com\/site\/#organization","name":"Grupo Notibras de Comunica\u00e7\u00e3o","url":"https:\/\/www.notibras.com\/site\/","logo":{"@type":"ImageObject","inLanguage":"pt-BR","@id":"https:\/\/www.notibras.com\/site\/#\/schema\/logo\/image\/","url":"https:\/\/www.notibras.com\/site\/wp-content\/uploads\/2023\/01\/notibras23.png","contentUrl":"https:\/\/www.notibras.com\/site\/wp-content\/uploads\/2023\/01\/notibras23.png","width":350,"height":87,"caption":"Grupo Notibras de Comunica\u00e7\u00e3o"},"image":{"@id":"https:\/\/www.notibras.com\/site\/#\/schema\/logo\/image\/"},"sameAs":["https:\/\/www.facebook.com\/notibras\/","https:\/\/x.com\/Notibras","https:\/\/www.instagram.com\/notibras\/"]},{"@type":"Person","@id":"https:\/\/www.notibras.com\/site\/#\/schema\/person\/36ab0979449956132d3e5b517ea76ac8","name":"Reda\u00e7\u00e3o","image":{"@type":"ImageObject","inLanguage":"pt-BR","@id":"https:\/\/secure.gravatar.com\/avatar\/e0a867bdedb85fd243eadf09663511f96fc81e0720a4a42581f334ad4303aa6b?s=96&d=mm&r=g","url":"https:\/\/secure.gravatar.com\/avatar\/e0a867bdedb85fd243eadf09663511f96fc81e0720a4a42581f334ad4303aa6b?s=96&d=mm&r=g","contentUrl":"https:\/\/secure.gravatar.com\/avatar\/e0a867bdedb85fd243eadf09663511f96fc81e0720a4a42581f334ad4303aa6b?s=96&d=mm&r=g","caption":"Reda\u00e7\u00e3o"}}]}},"amp_enabled":true,"_links":{"self":[{"href":"https:\/\/www.notibras.com\/site\/wp-json\/wp\/v2\/posts\/10785","targetHints":{"allow":["GET"]}}],"collection":[{"href":"https:\/\/www.notibras.com\/site\/wp-json\/wp\/v2\/posts"}],"about":[{"href":"https:\/\/www.notibras.com\/site\/wp-json\/wp\/v2\/types\/post"}],"author":[{"embeddable":true,"href":"https:\/\/www.notibras.com\/site\/wp-json\/wp\/v2\/users\/2"}],"replies":[{"embeddable":true,"href":"https:\/\/www.notibras.com\/site\/wp-json\/wp\/v2\/comments?post=10785"}],"version-history":[{"count":0,"href":"https:\/\/www.notibras.com\/site\/wp-json\/wp\/v2\/posts\/10785\/revisions"}],"wp:featuredmedia":[{"embeddable":true,"href":"https:\/\/www.notibras.com\/site\/wp-json\/wp\/v2\/media\/10786"}],"wp:attachment":[{"href":"https:\/\/www.notibras.com\/site\/wp-json\/wp\/v2\/media?parent=10785"}],"wp:term":[{"taxonomy":"category","embeddable":true,"href":"https:\/\/www.notibras.com\/site\/wp-json\/wp\/v2\/categories?post=10785"},{"taxonomy":"post_tag","embeddable":true,"href":"https:\/\/www.notibras.com\/site\/wp-json\/wp\/v2\/tags?post=10785"}],"curies":[{"name":"wp","href":"https:\/\/api.w.org\/{rel}","templated":true}]}}