{"id":107929,"date":"2016-07-15T17:41:03","date_gmt":"2016-07-15T20:41:03","guid":{"rendered":"http:\/\/www.notibras.com\/site\/?p=107929"},"modified":"2016-07-15T20:24:48","modified_gmt":"2016-07-15T23:24:48","slug":"exercito-turco-da-golpe-e-diz-ter-tomando-o-governo","status":"publish","type":"post","link":"https:\/\/www.notibras.com\/site\/exercito-turco-da-golpe-e-diz-ter-tomando-o-governo\/","title":{"rendered":"Ex\u00e9rcito turco d\u00e1 golpe, toma poder de assalto e premi\u00ea promete resist\u00eancia popular"},"content":{"rendered":"<p><strong>Bart\u00f4 Granja, Edi\u00e7\u00e3o<\/strong><\/p>\n<p>As For\u00e7as Armadas da Turquia afirmaram que os militares tomaram o controle do governo para &#8220;restabelecer a ordem constitucional&#8221;, enquanto o primeiro-ministro do pa\u00eds, Binali Yildirim, diz que h\u00e1 uma tentativa de golpe em andamento e que os respons\u00e1veis pagar\u00e3o caro por isso.<\/p>\n<p>Representantes das For\u00e7as armadas ainda disseram que o pa\u00eds vai respeitar os acordos internacionais.<\/p>\n<p>For\u00e7as turcas est\u00e3o bloqueando na noite desta sexta-feira (hor\u00e1rio local) duas das maiores pontes sobre o estreito de B\u00f3sforo, em Istambul, e avi\u00f5es militares foram vistos sobrevoando a capital turca, Ancara, em baixa altitude.<\/p>\n<p>As pontes sobre o Estreito de B\u00f3sforo, em Istambul, foram fechadas. Tanques, ca\u00e7as e militares foram vistos em Istambul e em Ancara, a capital do pa\u00eds. H\u00e1 relatos de tiros disparados em Ancara.<\/p>\n<p><strong>Presidente traidor<\/strong> &#8211;\u00a0O Ex\u00e9rcito da Turquia chamou nesta sexta-feira o presidente do pa\u00eds, Recep Tayyip Erdogan, de &#8220;traidor&#8221;, o acusou de ter estabelecido um &#8220;regime autorit\u00e1rio do medo&#8221; e declarou um toque de recolher para todo o pa\u00eds, al\u00e9m da lei marcial.<\/p>\n<p>Em comunicado lido pela rede de televis\u00e3o &#8220;TRT&#8221;, o Ex\u00e9rcito afirma que o pa\u00eds ser\u00e1 governado por um chamado &#8220;Conselho de Paz em Casa&#8221; para dar &#8220;a todos os cidad\u00e3os todos os direitos e restabelecer a ordem constitucional&#8221;.<\/p>\n<p><strong>Contra-ofensiva<\/strong> &#8211; &#8220;Estamos trabalhando com a possibilidade de uma tentativa de golpe. N\u00e3o permitiremos esta tentativa de golpe&#8221;, disse o premi\u00ea. &#8220;Este \u00e9 um ato ilegal tomado por um grupo militar que est\u00e1 agindo fora da linha de comando. Nosso povo deve saber que n\u00e3o permitiremos nenhuma tentativa de ferir a democracia.&#8221;<\/p>\n<p>No entanto, o Ex\u00e9rcito da Turquia informou, em comunicado, que assumiu o poder em todo o pa\u00eds. A nota diz que os militares tomaram o poder para proteger a ordem democr\u00e1tica e manter os direitos humanos. O comunicado, divulgado por canais de televis\u00e3o turcos, afirma que todas as rela\u00e7\u00f5es externas existentes da Turquia ser\u00e3o mantidas e que o Estado de direito permanecer\u00e1 como prioridade.<\/p>\n<p><strong>Tiros na capital<\/strong> &#8211; Foram ouvidos tiros em Ancara, capital da Turquia. Diversos helic\u00f3pteros militares est\u00e3o sobrevoando a cidade e h\u00e1 v\u00eddeos que mostram ca\u00e7as fazendo voos rasantes sobre \u00e1reas urbanas.<\/p>\n<p>Nas redes sociais, h\u00e1 informa\u00e7\u00f5es de que soldados fecham as duas pontes que fazem liga\u00e7\u00e3o entre o lado asi\u00e1tico e o europeu de Istambul. Tanques est\u00e3o nas ruas da capital, Ancara, onde h\u00e1 tamb\u00e9m relatos de tiroteios.<\/p>\n<p>A TV turca exibiu imagens de tanques no aeroporto internacional Ataturk, que foi atacado por homens-bomba h\u00e1 algumas semanas em um atentado que deixou 40 mortos. Os voos que partiriam do local foram cancelados.<\/p>\n<p>Turcos dizem que a TV estatal est\u00e1 fora do ar. Segundo a CNN turca, soldados ocuparam as instala\u00e7\u00f5es do canal.<\/p>\n","protected":false},"excerpt":{"rendered":"<p>Bart\u00f4 Granja, Edi\u00e7\u00e3o As For\u00e7as Armadas da Turquia afirmaram que os militares tomaram o controle do governo para &#8220;restabelecer a ordem constitucional&#8221;, enquanto o primeiro-ministro do pa\u00eds, Binali Yildirim, diz que h\u00e1 uma tentativa de golpe em andamento e que os respons\u00e1veis pagar\u00e3o caro por isso. Representantes das For\u00e7as armadas ainda disseram que o pa\u00eds [&hellip;]<\/p>\n","protected":false},"author":2,"featured_media":107932,"comment_status":"open","ping_status":"closed","sticky":false,"template":"","format":"standard","meta":{"_acf_changed":false,"footnotes":""},"categories":[17],"tags":[],"class_list":["post-107929","post","type-post","status-publish","format-standard","has-post-thumbnail","hentry","category-mundo"],"acf":[],"_links":{"self":[{"href":"https:\/\/www.notibras.com\/site\/wp-json\/wp\/v2\/posts\/107929","targetHints":{"allow":["GET"]}}],"collection":[{"href":"https:\/\/www.notibras.com\/site\/wp-json\/wp\/v2\/posts"}],"about":[{"href":"https:\/\/www.notibras.com\/site\/wp-json\/wp\/v2\/types\/post"}],"author":[{"embeddable":true,"href":"https:\/\/www.notibras.com\/site\/wp-json\/wp\/v2\/users\/2"}],"replies":[{"embeddable":true,"href":"https:\/\/www.notibras.com\/site\/wp-json\/wp\/v2\/comments?post=107929"}],"version-history":[{"count":12,"href":"https:\/\/www.notibras.com\/site\/wp-json\/wp\/v2\/posts\/107929\/revisions"}],"predecessor-version":[{"id":107957,"href":"https:\/\/www.notibras.com\/site\/wp-json\/wp\/v2\/posts\/107929\/revisions\/107957"}],"wp:featuredmedia":[{"embeddable":true,"href":"https:\/\/www.notibras.com\/site\/wp-json\/wp\/v2\/media\/107932"}],"wp:attachment":[{"href":"https:\/\/www.notibras.com\/site\/wp-json\/wp\/v2\/media?parent=107929"}],"wp:term":[{"taxonomy":"category","embeddable":true,"href":"https:\/\/www.notibras.com\/site\/wp-json\/wp\/v2\/categories?post=107929"},{"taxonomy":"post_tag","embeddable":true,"href":"https:\/\/www.notibras.com\/site\/wp-json\/wp\/v2\/tags?post=107929"}],"curies":[{"name":"wp","href":"https:\/\/api.w.org\/{rel}","templated":true}]}}