{"id":10793,"date":"2014-05-24T00:53:04","date_gmt":"2014-05-24T03:53:04","guid":{"rendered":"http:\/\/www.notibras.com\/site\/?p=10793"},"modified":"2014-05-24T18:53:47","modified_gmt":"2014-05-24T21:53:47","slug":"boa-esporte-passa-pelo-avai-e-deixa-a-zona-de-risco-na-segundona","status":"publish","type":"post","link":"https:\/\/www.notibras.com\/site\/boa-esporte-passa-pelo-avai-e-deixa-a-zona-de-risco-na-segundona\/","title":{"rendered":"Boa Esporte passa pelo Ava\u00ed e deixa a zona de risco na S\u00e9rie B"},"content":{"rendered":"<p>Sem vencer desde a quarta rodada da S\u00e9rie B do Campeonato Brasileiro, o Boa Esporte se recuperou na noite desta sexta-feira. Em casa, a equipe de Varginha recebeu o Ava\u00ed e, pela s\u00e9tima rodada da competi\u00e7\u00e3o nacional, venceu por 2\u00a0a 0 com dois gols no segundo tempo para deixar a zona de rebaixamento do torneio.<\/p>\n<p class=\"text\">Agora com oito pontos, o Boa Esporte d\u00e1 grande pulo provisoriamente na tabela: sai do 17\u00ba lugar para o d\u00e9cimo, com oito pontos. O time de Minas Gerais inclusive passa o advers\u00e1rio desta sexta: o Ava\u00ed tem sete pontos, em 13\u00ba.<\/p>\n<p class=\"text\">Os dois clubes voltam a jogar pela S\u00e9rie B na pr\u00f3xima ter\u00e7a-feira, dia de rodada cheia da competi\u00e7\u00e3o. A equipe de Varginha volta a jogar em casa, desta vez contra o Santa Cruz, \u00e0s 19h30, enquanto os catarinenses visitam o N\u00e1utico, \u00e0s 21h50.<\/p>\n<p class=\"text\">Nesta sexta, o Boa fez seus dois gols no segundo tempo. Com postura ofensiva, os mandantes aceraram a trave logo aos 5min da etapa final e dois minutos mais tarde Diego anotou para o time mineiro. J\u00e1 no fim da partida, aos 44min, Michel Douglas ganhou de dois zagueiros para dar n\u00fameros finais ao confronto.<\/p>\n","protected":false},"excerpt":{"rendered":"<p>Sem vencer desde a quarta rodada da S\u00e9rie B do Campeonato Brasileiro, o Boa Esporte se recuperou na noite desta sexta-feira. Em casa, a equipe de Varginha recebeu o Ava\u00ed e, pela s\u00e9tima rodada da competi\u00e7\u00e3o nacional, venceu por 2\u00a0a 0 com dois gols no segundo tempo para deixar a zona de rebaixamento do torneio. [&hellip;]<\/p>\n","protected":false},"author":2,"featured_media":10794,"comment_status":"open","ping_status":"closed","sticky":false,"template":"","format":"standard","meta":{"_acf_changed":false,"footnotes":""},"categories":[19,29],"tags":[],"class_list":["post-10793","post","type-post","status-publish","format-standard","has-post-thumbnail","hentry","category-esportes","category-futebol"],"acf":[],"yoast_head":"<!-- This site is optimized with the Yoast SEO plugin v27.2 - https:\/\/yoast.com\/product\/yoast-seo-wordpress\/ -->\n<title>Boa Esporte passa pelo Ava\u00ed e deixa a zona de risco na S\u00e9rie B - Notibras<\/title>\n<meta name=\"robots\" content=\"index, follow, max-snippet:-1, max-image-preview:large, max-video-preview:-1\" \/>\n<link rel=\"canonical\" href=\"https:\/\/www.notibras.com\/site\/boa-esporte-passa-pelo-avai-e-deixa-a-zona-de-risco-na-segundona\/\" \/>\n<meta property=\"og:locale\" content=\"pt_BR\" \/>\n<meta property=\"og:type\" content=\"article\" \/>\n<meta property=\"og:title\" content=\"Boa Esporte passa pelo Ava\u00ed e deixa a zona de risco na S\u00e9rie B - Notibras\" \/>\n<meta property=\"og:description\" content=\"Sem vencer desde a quarta rodada da S\u00e9rie B do Campeonato Brasileiro, o Boa Esporte se recuperou na noite desta sexta-feira. Em casa, a equipe de Varginha recebeu o Ava\u00ed e, pela s\u00e9tima rodada da competi\u00e7\u00e3o nacional, venceu por 2\u00a0a 0 com dois gols no segundo tempo para deixar a zona de rebaixamento do torneio. [&hellip;]\" \/>\n<meta property=\"og:url\" content=\"https:\/\/www.notibras.com\/site\/boa-esporte-passa-pelo-avai-e-deixa-a-zona-de-risco-na-segundona\/\" \/>\n<meta property=\"og:site_name\" content=\"Notibras\" \/>\n<meta property=\"article:publisher\" content=\"https:\/\/www.facebook.com\/notibras\/\" \/>\n<meta property=\"article:published_time\" content=\"2014-05-24T03:53:04+00:00\" \/>\n<meta property=\"article:modified_time\" content=\"2014-05-24T21:53:47+00:00\" \/>\n<meta property=\"og:image\" content=\"https:\/\/www.notibras.com\/site\/wp-content\/uploads\/2014\/05\/esp22.jpg\" \/>\n\t<meta property=\"og:image:width\" content=\"955\" \/>\n\t<meta property=\"og:image:height\" content=\"637\" \/>\n\t<meta property=\"og:image:type\" content=\"image\/jpeg\" \/>\n<meta name=\"author\" content=\"Reda\u00e7\u00e3o\" \/>\n<meta name=\"twitter:card\" content=\"summary_large_image\" \/>\n<meta name=\"twitter:creator\" content=\"@Notibras\" \/>\n<meta name=\"twitter:site\" content=\"@Notibras\" \/>\n<meta name=\"twitter:label1\" content=\"Escrito por\" \/>\n\t<meta name=\"twitter:data1\" content=\"Reda\u00e7\u00e3o\" \/>\n\t<meta name=\"twitter:label2\" content=\"Est. tempo de leitura\" \/>\n\t<meta name=\"twitter:data2\" content=\"1 minuto\" \/>\n<script type=\"application\/ld+json\" class=\"yoast-schema-graph\">{\"@context\":\"https:\/\/schema.org\",\"@graph\":[{\"@type\":\"Article\",\"@id\":\"https:\/\/www.notibras.com\/site\/boa-esporte-passa-pelo-avai-e-deixa-a-zona-de-risco-na-segundona\/#article\",\"isPartOf\":{\"@id\":\"https:\/\/www.notibras.com\/site\/boa-esporte-passa-pelo-avai-e-deixa-a-zona-de-risco-na-segundona\/\"},\"author\":{\"name\":\"Reda\u00e7\u00e3o\",\"@id\":\"https:\/\/www.notibras.com\/site\/#\/schema\/person\/36ab0979449956132d3e5b517ea76ac8\"},\"headline\":\"Boa Esporte passa pelo Ava\u00ed e deixa a zona de risco na S\u00e9rie B\",\"datePublished\":\"2014-05-24T03:53:04+00:00\",\"dateModified\":\"2014-05-24T21:53:47+00:00\",\"mainEntityOfPage\":{\"@id\":\"https:\/\/www.notibras.com\/site\/boa-esporte-passa-pelo-avai-e-deixa-a-zona-de-risco-na-segundona\/\"},\"wordCount\":217,\"commentCount\":0,\"publisher\":{\"@id\":\"https:\/\/www.notibras.com\/site\/#organization\"},\"image\":{\"@id\":\"https:\/\/www.notibras.com\/site\/boa-esporte-passa-pelo-avai-e-deixa-a-zona-de-risco-na-segundona\/#primaryimage\"},\"thumbnailUrl\":\"https:\/\/www.notibras.com\/site\/wp-content\/uploads\/2014\/05\/esp22.jpg\",\"articleSection\":[\"Esportes\",\"Futebol\"],\"inLanguage\":\"pt-BR\",\"potentialAction\":[{\"@type\":\"CommentAction\",\"name\":\"Comment\",\"target\":[\"https:\/\/www.notibras.com\/site\/boa-esporte-passa-pelo-avai-e-deixa-a-zona-de-risco-na-segundona\/#respond\"]}]},{\"@type\":\"WebPage\",\"@id\":\"https:\/\/www.notibras.com\/site\/boa-esporte-passa-pelo-avai-e-deixa-a-zona-de-risco-na-segundona\/\",\"url\":\"https:\/\/www.notibras.com\/site\/boa-esporte-passa-pelo-avai-e-deixa-a-zona-de-risco-na-segundona\/\",\"name\":\"Boa Esporte passa pelo Ava\u00ed e deixa a zona de risco na S\u00e9rie B - Notibras\",\"isPartOf\":{\"@id\":\"https:\/\/www.notibras.com\/site\/#website\"},\"primaryImageOfPage\":{\"@id\":\"https:\/\/www.notibras.com\/site\/boa-esporte-passa-pelo-avai-e-deixa-a-zona-de-risco-na-segundona\/#primaryimage\"},\"image\":{\"@id\":\"https:\/\/www.notibras.com\/site\/boa-esporte-passa-pelo-avai-e-deixa-a-zona-de-risco-na-segundona\/#primaryimage\"},\"thumbnailUrl\":\"https:\/\/www.notibras.com\/site\/wp-content\/uploads\/2014\/05\/esp22.jpg\",\"datePublished\":\"2014-05-24T03:53:04+00:00\",\"dateModified\":\"2014-05-24T21:53:47+00:00\",\"breadcrumb\":{\"@id\":\"https:\/\/www.notibras.com\/site\/boa-esporte-passa-pelo-avai-e-deixa-a-zona-de-risco-na-segundona\/#breadcrumb\"},\"inLanguage\":\"pt-BR\",\"potentialAction\":[{\"@type\":\"ReadAction\",\"target\":[\"https:\/\/www.notibras.com\/site\/boa-esporte-passa-pelo-avai-e-deixa-a-zona-de-risco-na-segundona\/\"]}]},{\"@type\":\"ImageObject\",\"inLanguage\":\"pt-BR\",\"@id\":\"https:\/\/www.notibras.com\/site\/boa-esporte-passa-pelo-avai-e-deixa-a-zona-de-risco-na-segundona\/#primaryimage\",\"url\":\"https:\/\/www.notibras.com\/site\/wp-content\/uploads\/2014\/05\/esp22.jpg\",\"contentUrl\":\"https:\/\/www.notibras.com\/site\/wp-content\/uploads\/2014\/05\/esp22.jpg\",\"width\":955,\"height\":637},{\"@type\":\"BreadcrumbList\",\"@id\":\"https:\/\/www.notibras.com\/site\/boa-esporte-passa-pelo-avai-e-deixa-a-zona-de-risco-na-segundona\/#breadcrumb\",\"itemListElement\":[{\"@type\":\"ListItem\",\"position\":1,\"name\":\"In\u00edcio\",\"item\":\"https:\/\/www.notibras.com\/site\/\"},{\"@type\":\"ListItem\",\"position\":2,\"name\":\"Boa Esporte passa pelo Ava\u00ed e deixa a zona de risco na S\u00e9rie B\"}]},{\"@type\":\"WebSite\",\"@id\":\"https:\/\/www.notibras.com\/site\/#website\",\"url\":\"https:\/\/www.notibras.com\/site\/\",\"name\":\"Notibras\",\"description\":\"Not\u00edcias de Bras\u00edlia, do Brasil e do Mundo\",\"publisher\":{\"@id\":\"https:\/\/www.notibras.com\/site\/#organization\"},\"potentialAction\":[{\"@type\":\"SearchAction\",\"target\":{\"@type\":\"EntryPoint\",\"urlTemplate\":\"https:\/\/www.notibras.com\/site\/?s={search_term_string}\"},\"query-input\":{\"@type\":\"PropertyValueSpecification\",\"valueRequired\":true,\"valueName\":\"search_term_string\"}}],\"inLanguage\":\"pt-BR\"},{\"@type\":\"Organization\",\"@id\":\"https:\/\/www.notibras.com\/site\/#organization\",\"name\":\"Grupo Notibras de Comunica\u00e7\u00e3o\",\"url\":\"https:\/\/www.notibras.com\/site\/\",\"logo\":{\"@type\":\"ImageObject\",\"inLanguage\":\"pt-BR\",\"@id\":\"https:\/\/www.notibras.com\/site\/#\/schema\/logo\/image\/\",\"url\":\"https:\/\/www.notibras.com\/site\/wp-content\/uploads\/2023\/01\/notibras23.png\",\"contentUrl\":\"https:\/\/www.notibras.com\/site\/wp-content\/uploads\/2023\/01\/notibras23.png\",\"width\":350,\"height\":87,\"caption\":\"Grupo Notibras de Comunica\u00e7\u00e3o\"},\"image\":{\"@id\":\"https:\/\/www.notibras.com\/site\/#\/schema\/logo\/image\/\"},\"sameAs\":[\"https:\/\/www.facebook.com\/notibras\/\",\"https:\/\/x.com\/Notibras\",\"https:\/\/www.instagram.com\/notibras\/\"]},{\"@type\":\"Person\",\"@id\":\"https:\/\/www.notibras.com\/site\/#\/schema\/person\/36ab0979449956132d3e5b517ea76ac8\",\"name\":\"Reda\u00e7\u00e3o\",\"image\":{\"@type\":\"ImageObject\",\"inLanguage\":\"pt-BR\",\"@id\":\"https:\/\/secure.gravatar.com\/avatar\/e0a867bdedb85fd243eadf09663511f96fc81e0720a4a42581f334ad4303aa6b?s=96&d=mm&r=g\",\"url\":\"https:\/\/secure.gravatar.com\/avatar\/e0a867bdedb85fd243eadf09663511f96fc81e0720a4a42581f334ad4303aa6b?s=96&d=mm&r=g\",\"contentUrl\":\"https:\/\/secure.gravatar.com\/avatar\/e0a867bdedb85fd243eadf09663511f96fc81e0720a4a42581f334ad4303aa6b?s=96&d=mm&r=g\",\"caption\":\"Reda\u00e7\u00e3o\"}}]}<\/script>\n<!-- \/ Yoast SEO plugin. -->","yoast_head_json":{"title":"Boa Esporte passa pelo Ava\u00ed e deixa a zona de risco na S\u00e9rie B - Notibras","robots":{"index":"index","follow":"follow","max-snippet":"max-snippet:-1","max-image-preview":"max-image-preview:large","max-video-preview":"max-video-preview:-1"},"canonical":"https:\/\/www.notibras.com\/site\/boa-esporte-passa-pelo-avai-e-deixa-a-zona-de-risco-na-segundona\/","og_locale":"pt_BR","og_type":"article","og_title":"Boa Esporte passa pelo Ava\u00ed e deixa a zona de risco na S\u00e9rie B - Notibras","og_description":"Sem vencer desde a quarta rodada da S\u00e9rie B do Campeonato Brasileiro, o Boa Esporte se recuperou na noite desta sexta-feira. Em casa, a equipe de Varginha recebeu o Ava\u00ed e, pela s\u00e9tima rodada da competi\u00e7\u00e3o nacional, venceu por 2\u00a0a 0 com dois gols no segundo tempo para deixar a zona de rebaixamento do torneio. [&hellip;]","og_url":"https:\/\/www.notibras.com\/site\/boa-esporte-passa-pelo-avai-e-deixa-a-zona-de-risco-na-segundona\/","og_site_name":"Notibras","article_publisher":"https:\/\/www.facebook.com\/notibras\/","article_published_time":"2014-05-24T03:53:04+00:00","article_modified_time":"2014-05-24T21:53:47+00:00","og_image":[{"width":955,"height":637,"url":"https:\/\/www.notibras.com\/site\/wp-content\/uploads\/2014\/05\/esp22.jpg","type":"image\/jpeg"}],"author":"Reda\u00e7\u00e3o","twitter_card":"summary_large_image","twitter_creator":"@Notibras","twitter_site":"@Notibras","twitter_misc":{"Escrito por":"Reda\u00e7\u00e3o","Est. tempo de leitura":"1 minuto"},"schema":{"@context":"https:\/\/schema.org","@graph":[{"@type":"Article","@id":"https:\/\/www.notibras.com\/site\/boa-esporte-passa-pelo-avai-e-deixa-a-zona-de-risco-na-segundona\/#article","isPartOf":{"@id":"https:\/\/www.notibras.com\/site\/boa-esporte-passa-pelo-avai-e-deixa-a-zona-de-risco-na-segundona\/"},"author":{"name":"Reda\u00e7\u00e3o","@id":"https:\/\/www.notibras.com\/site\/#\/schema\/person\/36ab0979449956132d3e5b517ea76ac8"},"headline":"Boa Esporte passa pelo Ava\u00ed e deixa a zona de risco na S\u00e9rie B","datePublished":"2014-05-24T03:53:04+00:00","dateModified":"2014-05-24T21:53:47+00:00","mainEntityOfPage":{"@id":"https:\/\/www.notibras.com\/site\/boa-esporte-passa-pelo-avai-e-deixa-a-zona-de-risco-na-segundona\/"},"wordCount":217,"commentCount":0,"publisher":{"@id":"https:\/\/www.notibras.com\/site\/#organization"},"image":{"@id":"https:\/\/www.notibras.com\/site\/boa-esporte-passa-pelo-avai-e-deixa-a-zona-de-risco-na-segundona\/#primaryimage"},"thumbnailUrl":"https:\/\/www.notibras.com\/site\/wp-content\/uploads\/2014\/05\/esp22.jpg","articleSection":["Esportes","Futebol"],"inLanguage":"pt-BR","potentialAction":[{"@type":"CommentAction","name":"Comment","target":["https:\/\/www.notibras.com\/site\/boa-esporte-passa-pelo-avai-e-deixa-a-zona-de-risco-na-segundona\/#respond"]}]},{"@type":"WebPage","@id":"https:\/\/www.notibras.com\/site\/boa-esporte-passa-pelo-avai-e-deixa-a-zona-de-risco-na-segundona\/","url":"https:\/\/www.notibras.com\/site\/boa-esporte-passa-pelo-avai-e-deixa-a-zona-de-risco-na-segundona\/","name":"Boa Esporte passa pelo Ava\u00ed e deixa a zona de risco na S\u00e9rie B - Notibras","isPartOf":{"@id":"https:\/\/www.notibras.com\/site\/#website"},"primaryImageOfPage":{"@id":"https:\/\/www.notibras.com\/site\/boa-esporte-passa-pelo-avai-e-deixa-a-zona-de-risco-na-segundona\/#primaryimage"},"image":{"@id":"https:\/\/www.notibras.com\/site\/boa-esporte-passa-pelo-avai-e-deixa-a-zona-de-risco-na-segundona\/#primaryimage"},"thumbnailUrl":"https:\/\/www.notibras.com\/site\/wp-content\/uploads\/2014\/05\/esp22.jpg","datePublished":"2014-05-24T03:53:04+00:00","dateModified":"2014-05-24T21:53:47+00:00","breadcrumb":{"@id":"https:\/\/www.notibras.com\/site\/boa-esporte-passa-pelo-avai-e-deixa-a-zona-de-risco-na-segundona\/#breadcrumb"},"inLanguage":"pt-BR","potentialAction":[{"@type":"ReadAction","target":["https:\/\/www.notibras.com\/site\/boa-esporte-passa-pelo-avai-e-deixa-a-zona-de-risco-na-segundona\/"]}]},{"@type":"ImageObject","inLanguage":"pt-BR","@id":"https:\/\/www.notibras.com\/site\/boa-esporte-passa-pelo-avai-e-deixa-a-zona-de-risco-na-segundona\/#primaryimage","url":"https:\/\/www.notibras.com\/site\/wp-content\/uploads\/2014\/05\/esp22.jpg","contentUrl":"https:\/\/www.notibras.com\/site\/wp-content\/uploads\/2014\/05\/esp22.jpg","width":955,"height":637},{"@type":"BreadcrumbList","@id":"https:\/\/www.notibras.com\/site\/boa-esporte-passa-pelo-avai-e-deixa-a-zona-de-risco-na-segundona\/#breadcrumb","itemListElement":[{"@type":"ListItem","position":1,"name":"In\u00edcio","item":"https:\/\/www.notibras.com\/site\/"},{"@type":"ListItem","position":2,"name":"Boa Esporte passa pelo Ava\u00ed e deixa a zona de risco na S\u00e9rie B"}]},{"@type":"WebSite","@id":"https:\/\/www.notibras.com\/site\/#website","url":"https:\/\/www.notibras.com\/site\/","name":"Notibras","description":"Not\u00edcias de Bras\u00edlia, do Brasil e do Mundo","publisher":{"@id":"https:\/\/www.notibras.com\/site\/#organization"},"potentialAction":[{"@type":"SearchAction","target":{"@type":"EntryPoint","urlTemplate":"https:\/\/www.notibras.com\/site\/?s={search_term_string}"},"query-input":{"@type":"PropertyValueSpecification","valueRequired":true,"valueName":"search_term_string"}}],"inLanguage":"pt-BR"},{"@type":"Organization","@id":"https:\/\/www.notibras.com\/site\/#organization","name":"Grupo Notibras de Comunica\u00e7\u00e3o","url":"https:\/\/www.notibras.com\/site\/","logo":{"@type":"ImageObject","inLanguage":"pt-BR","@id":"https:\/\/www.notibras.com\/site\/#\/schema\/logo\/image\/","url":"https:\/\/www.notibras.com\/site\/wp-content\/uploads\/2023\/01\/notibras23.png","contentUrl":"https:\/\/www.notibras.com\/site\/wp-content\/uploads\/2023\/01\/notibras23.png","width":350,"height":87,"caption":"Grupo Notibras de Comunica\u00e7\u00e3o"},"image":{"@id":"https:\/\/www.notibras.com\/site\/#\/schema\/logo\/image\/"},"sameAs":["https:\/\/www.facebook.com\/notibras\/","https:\/\/x.com\/Notibras","https:\/\/www.instagram.com\/notibras\/"]},{"@type":"Person","@id":"https:\/\/www.notibras.com\/site\/#\/schema\/person\/36ab0979449956132d3e5b517ea76ac8","name":"Reda\u00e7\u00e3o","image":{"@type":"ImageObject","inLanguage":"pt-BR","@id":"https:\/\/secure.gravatar.com\/avatar\/e0a867bdedb85fd243eadf09663511f96fc81e0720a4a42581f334ad4303aa6b?s=96&d=mm&r=g","url":"https:\/\/secure.gravatar.com\/avatar\/e0a867bdedb85fd243eadf09663511f96fc81e0720a4a42581f334ad4303aa6b?s=96&d=mm&r=g","contentUrl":"https:\/\/secure.gravatar.com\/avatar\/e0a867bdedb85fd243eadf09663511f96fc81e0720a4a42581f334ad4303aa6b?s=96&d=mm&r=g","caption":"Reda\u00e7\u00e3o"}}]}},"amp_enabled":true,"_links":{"self":[{"href":"https:\/\/www.notibras.com\/site\/wp-json\/wp\/v2\/posts\/10793","targetHints":{"allow":["GET"]}}],"collection":[{"href":"https:\/\/www.notibras.com\/site\/wp-json\/wp\/v2\/posts"}],"about":[{"href":"https:\/\/www.notibras.com\/site\/wp-json\/wp\/v2\/types\/post"}],"author":[{"embeddable":true,"href":"https:\/\/www.notibras.com\/site\/wp-json\/wp\/v2\/users\/2"}],"replies":[{"embeddable":true,"href":"https:\/\/www.notibras.com\/site\/wp-json\/wp\/v2\/comments?post=10793"}],"version-history":[{"count":0,"href":"https:\/\/www.notibras.com\/site\/wp-json\/wp\/v2\/posts\/10793\/revisions"}],"wp:featuredmedia":[{"embeddable":true,"href":"https:\/\/www.notibras.com\/site\/wp-json\/wp\/v2\/media\/10794"}],"wp:attachment":[{"href":"https:\/\/www.notibras.com\/site\/wp-json\/wp\/v2\/media?parent=10793"}],"wp:term":[{"taxonomy":"category","embeddable":true,"href":"https:\/\/www.notibras.com\/site\/wp-json\/wp\/v2\/categories?post=10793"},{"taxonomy":"post_tag","embeddable":true,"href":"https:\/\/www.notibras.com\/site\/wp-json\/wp\/v2\/tags?post=10793"}],"curies":[{"name":"wp","href":"https:\/\/api.w.org\/{rel}","templated":true}]}}