{"id":10800,"date":"2014-05-24T00:22:30","date_gmt":"2014-05-24T03:22:30","guid":{"rendered":"http:\/\/www.notibras.com\/site\/?p=10800"},"modified":"2014-05-24T19:23:51","modified_gmt":"2014-05-24T22:23:51","slug":"bragantino-faz-3-a-0-no-oeste-com-dois-do-zagueiro-yago","status":"publish","type":"post","link":"https:\/\/www.notibras.com\/site\/bragantino-faz-3-a-0-no-oeste-com-dois-do-zagueiro-yago\/","title":{"rendered":"Bragantino faz 3 a 0 no Oeste com dois do zagueiro Yago"},"content":{"rendered":"<p>Ap\u00f3s duas derrotas seguidas, o Bragantino se recuperou na S\u00e9rie B do Campeonato Brasileiro nesta sexta-feira, ao superar o Oeste, em casa, por 3 a 0, com uma atua\u00e7\u00e3o muito convincente.<\/p>\n<p>O zagueiro e capit\u00e3o Yago, em lances de bola parada, aos 34min\u00a0do primeiro tempo e aos 2min\u00a0da etapa complementar marcou os primeiros gols. Samuel Santos fechou a conta nos acr\u00e9scimos da segunda etapa.<\/p>\n<p class=\"text\">Com o triunfo, o Bragantino deixou a zona de rebaixamento, chegando a oito pontos. O Oeste, que tem cinco pontos pode terminar a rodada na degola.<\/p>\n<p class=\"text\">Na pr\u00f3xima rodada, O time de It\u00e1polis busca a recupera\u00e7\u00e3o diante do ABC, fora de casa. J\u00e1 o Bragantino tenta embalar diante do Vasco, mais uma vez no Nabi Abi Chedid, em Bragan\u00e7a Paulista.<\/p>\n","protected":false},"excerpt":{"rendered":"<p>Ap\u00f3s duas derrotas seguidas, o Bragantino se recuperou na S\u00e9rie B do Campeonato Brasileiro nesta sexta-feira, ao superar o Oeste, em casa, por 3 a 0, com uma atua\u00e7\u00e3o muito convincente. O zagueiro e capit\u00e3o Yago, em lances de bola parada, aos 34min\u00a0do primeiro tempo e aos 2min\u00a0da etapa complementar marcou os primeiros gols. Samuel [&hellip;]<\/p>\n","protected":false},"author":2,"featured_media":10801,"comment_status":"open","ping_status":"closed","sticky":false,"template":"","format":"standard","meta":{"_acf_changed":false,"footnotes":""},"categories":[19,29],"tags":[],"class_list":["post-10800","post","type-post","status-publish","format-standard","has-post-thumbnail","hentry","category-esportes","category-futebol"],"acf":[],"yoast_head":"<!-- This site is optimized with the Yoast SEO plugin v27.2 - https:\/\/yoast.com\/product\/yoast-seo-wordpress\/ -->\n<title>Bragantino faz 3 a 0 no Oeste com dois do zagueiro Yago - Notibras<\/title>\n<meta name=\"robots\" content=\"index, follow, max-snippet:-1, max-image-preview:large, max-video-preview:-1\" \/>\n<link rel=\"canonical\" href=\"https:\/\/www.notibras.com\/site\/bragantino-faz-3-a-0-no-oeste-com-dois-do-zagueiro-yago\/\" \/>\n<meta property=\"og:locale\" content=\"pt_BR\" \/>\n<meta property=\"og:type\" content=\"article\" \/>\n<meta property=\"og:title\" content=\"Bragantino faz 3 a 0 no Oeste com dois do zagueiro Yago - Notibras\" \/>\n<meta property=\"og:description\" content=\"Ap\u00f3s duas derrotas seguidas, o Bragantino se recuperou na S\u00e9rie B do Campeonato Brasileiro nesta sexta-feira, ao superar o Oeste, em casa, por 3 a 0, com uma atua\u00e7\u00e3o muito convincente. O zagueiro e capit\u00e3o Yago, em lances de bola parada, aos 34min\u00a0do primeiro tempo e aos 2min\u00a0da etapa complementar marcou os primeiros gols. Samuel [&hellip;]\" \/>\n<meta property=\"og:url\" content=\"https:\/\/www.notibras.com\/site\/bragantino-faz-3-a-0-no-oeste-com-dois-do-zagueiro-yago\/\" \/>\n<meta property=\"og:site_name\" content=\"Notibras\" \/>\n<meta property=\"article:publisher\" content=\"https:\/\/www.facebook.com\/notibras\/\" \/>\n<meta property=\"article:published_time\" content=\"2014-05-24T03:22:30+00:00\" \/>\n<meta property=\"article:modified_time\" content=\"2014-05-24T22:23:51+00:00\" \/>\n<meta property=\"og:image\" content=\"https:\/\/www.notibras.com\/site\/wp-content\/uploads\/2014\/05\/esp42.jpg\" \/>\n\t<meta property=\"og:image:width\" content=\"460\" \/>\n\t<meta property=\"og:image:height\" content=\"340\" \/>\n\t<meta property=\"og:image:type\" content=\"image\/jpeg\" \/>\n<meta name=\"author\" content=\"Reda\u00e7\u00e3o\" \/>\n<meta name=\"twitter:card\" content=\"summary_large_image\" \/>\n<meta name=\"twitter:creator\" content=\"@Notibras\" \/>\n<meta name=\"twitter:site\" content=\"@Notibras\" \/>\n<meta name=\"twitter:label1\" content=\"Escrito por\" \/>\n\t<meta name=\"twitter:data1\" content=\"Reda\u00e7\u00e3o\" \/>\n\t<meta name=\"twitter:label2\" content=\"Est. tempo de leitura\" \/>\n\t<meta name=\"twitter:data2\" content=\"1 minuto\" \/>\n<script type=\"application\/ld+json\" class=\"yoast-schema-graph\">{\"@context\":\"https:\/\/schema.org\",\"@graph\":[{\"@type\":\"Article\",\"@id\":\"https:\/\/www.notibras.com\/site\/bragantino-faz-3-a-0-no-oeste-com-dois-do-zagueiro-yago\/#article\",\"isPartOf\":{\"@id\":\"https:\/\/www.notibras.com\/site\/bragantino-faz-3-a-0-no-oeste-com-dois-do-zagueiro-yago\/\"},\"author\":{\"name\":\"Reda\u00e7\u00e3o\",\"@id\":\"https:\/\/www.notibras.com\/site\/#\/schema\/person\/36ab0979449956132d3e5b517ea76ac8\"},\"headline\":\"Bragantino faz 3 a 0 no Oeste com dois do zagueiro Yago\",\"datePublished\":\"2014-05-24T03:22:30+00:00\",\"dateModified\":\"2014-05-24T22:23:51+00:00\",\"mainEntityOfPage\":{\"@id\":\"https:\/\/www.notibras.com\/site\/bragantino-faz-3-a-0-no-oeste-com-dois-do-zagueiro-yago\/\"},\"wordCount\":143,\"commentCount\":0,\"publisher\":{\"@id\":\"https:\/\/www.notibras.com\/site\/#organization\"},\"image\":{\"@id\":\"https:\/\/www.notibras.com\/site\/bragantino-faz-3-a-0-no-oeste-com-dois-do-zagueiro-yago\/#primaryimage\"},\"thumbnailUrl\":\"https:\/\/www.notibras.com\/site\/wp-content\/uploads\/2014\/05\/esp42.jpg\",\"articleSection\":[\"Esportes\",\"Futebol\"],\"inLanguage\":\"pt-BR\",\"potentialAction\":[{\"@type\":\"CommentAction\",\"name\":\"Comment\",\"target\":[\"https:\/\/www.notibras.com\/site\/bragantino-faz-3-a-0-no-oeste-com-dois-do-zagueiro-yago\/#respond\"]}]},{\"@type\":\"WebPage\",\"@id\":\"https:\/\/www.notibras.com\/site\/bragantino-faz-3-a-0-no-oeste-com-dois-do-zagueiro-yago\/\",\"url\":\"https:\/\/www.notibras.com\/site\/bragantino-faz-3-a-0-no-oeste-com-dois-do-zagueiro-yago\/\",\"name\":\"Bragantino faz 3 a 0 no Oeste com dois do zagueiro Yago - Notibras\",\"isPartOf\":{\"@id\":\"https:\/\/www.notibras.com\/site\/#website\"},\"primaryImageOfPage\":{\"@id\":\"https:\/\/www.notibras.com\/site\/bragantino-faz-3-a-0-no-oeste-com-dois-do-zagueiro-yago\/#primaryimage\"},\"image\":{\"@id\":\"https:\/\/www.notibras.com\/site\/bragantino-faz-3-a-0-no-oeste-com-dois-do-zagueiro-yago\/#primaryimage\"},\"thumbnailUrl\":\"https:\/\/www.notibras.com\/site\/wp-content\/uploads\/2014\/05\/esp42.jpg\",\"datePublished\":\"2014-05-24T03:22:30+00:00\",\"dateModified\":\"2014-05-24T22:23:51+00:00\",\"breadcrumb\":{\"@id\":\"https:\/\/www.notibras.com\/site\/bragantino-faz-3-a-0-no-oeste-com-dois-do-zagueiro-yago\/#breadcrumb\"},\"inLanguage\":\"pt-BR\",\"potentialAction\":[{\"@type\":\"ReadAction\",\"target\":[\"https:\/\/www.notibras.com\/site\/bragantino-faz-3-a-0-no-oeste-com-dois-do-zagueiro-yago\/\"]}]},{\"@type\":\"ImageObject\",\"inLanguage\":\"pt-BR\",\"@id\":\"https:\/\/www.notibras.com\/site\/bragantino-faz-3-a-0-no-oeste-com-dois-do-zagueiro-yago\/#primaryimage\",\"url\":\"https:\/\/www.notibras.com\/site\/wp-content\/uploads\/2014\/05\/esp42.jpg\",\"contentUrl\":\"https:\/\/www.notibras.com\/site\/wp-content\/uploads\/2014\/05\/esp42.jpg\",\"width\":460,\"height\":340},{\"@type\":\"BreadcrumbList\",\"@id\":\"https:\/\/www.notibras.com\/site\/bragantino-faz-3-a-0-no-oeste-com-dois-do-zagueiro-yago\/#breadcrumb\",\"itemListElement\":[{\"@type\":\"ListItem\",\"position\":1,\"name\":\"In\u00edcio\",\"item\":\"https:\/\/www.notibras.com\/site\/\"},{\"@type\":\"ListItem\",\"position\":2,\"name\":\"Bragantino faz 3 a 0 no Oeste com dois do zagueiro Yago\"}]},{\"@type\":\"WebSite\",\"@id\":\"https:\/\/www.notibras.com\/site\/#website\",\"url\":\"https:\/\/www.notibras.com\/site\/\",\"name\":\"Notibras\",\"description\":\"Not\u00edcias de Bras\u00edlia, do Brasil e do Mundo\",\"publisher\":{\"@id\":\"https:\/\/www.notibras.com\/site\/#organization\"},\"potentialAction\":[{\"@type\":\"SearchAction\",\"target\":{\"@type\":\"EntryPoint\",\"urlTemplate\":\"https:\/\/www.notibras.com\/site\/?s={search_term_string}\"},\"query-input\":{\"@type\":\"PropertyValueSpecification\",\"valueRequired\":true,\"valueName\":\"search_term_string\"}}],\"inLanguage\":\"pt-BR\"},{\"@type\":\"Organization\",\"@id\":\"https:\/\/www.notibras.com\/site\/#organization\",\"name\":\"Grupo Notibras de Comunica\u00e7\u00e3o\",\"url\":\"https:\/\/www.notibras.com\/site\/\",\"logo\":{\"@type\":\"ImageObject\",\"inLanguage\":\"pt-BR\",\"@id\":\"https:\/\/www.notibras.com\/site\/#\/schema\/logo\/image\/\",\"url\":\"https:\/\/www.notibras.com\/site\/wp-content\/uploads\/2023\/01\/notibras23.png\",\"contentUrl\":\"https:\/\/www.notibras.com\/site\/wp-content\/uploads\/2023\/01\/notibras23.png\",\"width\":350,\"height\":87,\"caption\":\"Grupo Notibras de Comunica\u00e7\u00e3o\"},\"image\":{\"@id\":\"https:\/\/www.notibras.com\/site\/#\/schema\/logo\/image\/\"},\"sameAs\":[\"https:\/\/www.facebook.com\/notibras\/\",\"https:\/\/x.com\/Notibras\",\"https:\/\/www.instagram.com\/notibras\/\"]},{\"@type\":\"Person\",\"@id\":\"https:\/\/www.notibras.com\/site\/#\/schema\/person\/36ab0979449956132d3e5b517ea76ac8\",\"name\":\"Reda\u00e7\u00e3o\",\"image\":{\"@type\":\"ImageObject\",\"inLanguage\":\"pt-BR\",\"@id\":\"https:\/\/secure.gravatar.com\/avatar\/e0a867bdedb85fd243eadf09663511f96fc81e0720a4a42581f334ad4303aa6b?s=96&d=mm&r=g\",\"url\":\"https:\/\/secure.gravatar.com\/avatar\/e0a867bdedb85fd243eadf09663511f96fc81e0720a4a42581f334ad4303aa6b?s=96&d=mm&r=g\",\"contentUrl\":\"https:\/\/secure.gravatar.com\/avatar\/e0a867bdedb85fd243eadf09663511f96fc81e0720a4a42581f334ad4303aa6b?s=96&d=mm&r=g\",\"caption\":\"Reda\u00e7\u00e3o\"}}]}<\/script>\n<!-- \/ Yoast SEO plugin. -->","yoast_head_json":{"title":"Bragantino faz 3 a 0 no Oeste com dois do zagueiro Yago - Notibras","robots":{"index":"index","follow":"follow","max-snippet":"max-snippet:-1","max-image-preview":"max-image-preview:large","max-video-preview":"max-video-preview:-1"},"canonical":"https:\/\/www.notibras.com\/site\/bragantino-faz-3-a-0-no-oeste-com-dois-do-zagueiro-yago\/","og_locale":"pt_BR","og_type":"article","og_title":"Bragantino faz 3 a 0 no Oeste com dois do zagueiro Yago - Notibras","og_description":"Ap\u00f3s duas derrotas seguidas, o Bragantino se recuperou na S\u00e9rie B do Campeonato Brasileiro nesta sexta-feira, ao superar o Oeste, em casa, por 3 a 0, com uma atua\u00e7\u00e3o muito convincente. O zagueiro e capit\u00e3o Yago, em lances de bola parada, aos 34min\u00a0do primeiro tempo e aos 2min\u00a0da etapa complementar marcou os primeiros gols. Samuel [&hellip;]","og_url":"https:\/\/www.notibras.com\/site\/bragantino-faz-3-a-0-no-oeste-com-dois-do-zagueiro-yago\/","og_site_name":"Notibras","article_publisher":"https:\/\/www.facebook.com\/notibras\/","article_published_time":"2014-05-24T03:22:30+00:00","article_modified_time":"2014-05-24T22:23:51+00:00","og_image":[{"width":460,"height":340,"url":"https:\/\/www.notibras.com\/site\/wp-content\/uploads\/2014\/05\/esp42.jpg","type":"image\/jpeg"}],"author":"Reda\u00e7\u00e3o","twitter_card":"summary_large_image","twitter_creator":"@Notibras","twitter_site":"@Notibras","twitter_misc":{"Escrito por":"Reda\u00e7\u00e3o","Est. tempo de leitura":"1 minuto"},"schema":{"@context":"https:\/\/schema.org","@graph":[{"@type":"Article","@id":"https:\/\/www.notibras.com\/site\/bragantino-faz-3-a-0-no-oeste-com-dois-do-zagueiro-yago\/#article","isPartOf":{"@id":"https:\/\/www.notibras.com\/site\/bragantino-faz-3-a-0-no-oeste-com-dois-do-zagueiro-yago\/"},"author":{"name":"Reda\u00e7\u00e3o","@id":"https:\/\/www.notibras.com\/site\/#\/schema\/person\/36ab0979449956132d3e5b517ea76ac8"},"headline":"Bragantino faz 3 a 0 no Oeste com dois do zagueiro Yago","datePublished":"2014-05-24T03:22:30+00:00","dateModified":"2014-05-24T22:23:51+00:00","mainEntityOfPage":{"@id":"https:\/\/www.notibras.com\/site\/bragantino-faz-3-a-0-no-oeste-com-dois-do-zagueiro-yago\/"},"wordCount":143,"commentCount":0,"publisher":{"@id":"https:\/\/www.notibras.com\/site\/#organization"},"image":{"@id":"https:\/\/www.notibras.com\/site\/bragantino-faz-3-a-0-no-oeste-com-dois-do-zagueiro-yago\/#primaryimage"},"thumbnailUrl":"https:\/\/www.notibras.com\/site\/wp-content\/uploads\/2014\/05\/esp42.jpg","articleSection":["Esportes","Futebol"],"inLanguage":"pt-BR","potentialAction":[{"@type":"CommentAction","name":"Comment","target":["https:\/\/www.notibras.com\/site\/bragantino-faz-3-a-0-no-oeste-com-dois-do-zagueiro-yago\/#respond"]}]},{"@type":"WebPage","@id":"https:\/\/www.notibras.com\/site\/bragantino-faz-3-a-0-no-oeste-com-dois-do-zagueiro-yago\/","url":"https:\/\/www.notibras.com\/site\/bragantino-faz-3-a-0-no-oeste-com-dois-do-zagueiro-yago\/","name":"Bragantino faz 3 a 0 no Oeste com dois do zagueiro Yago - Notibras","isPartOf":{"@id":"https:\/\/www.notibras.com\/site\/#website"},"primaryImageOfPage":{"@id":"https:\/\/www.notibras.com\/site\/bragantino-faz-3-a-0-no-oeste-com-dois-do-zagueiro-yago\/#primaryimage"},"image":{"@id":"https:\/\/www.notibras.com\/site\/bragantino-faz-3-a-0-no-oeste-com-dois-do-zagueiro-yago\/#primaryimage"},"thumbnailUrl":"https:\/\/www.notibras.com\/site\/wp-content\/uploads\/2014\/05\/esp42.jpg","datePublished":"2014-05-24T03:22:30+00:00","dateModified":"2014-05-24T22:23:51+00:00","breadcrumb":{"@id":"https:\/\/www.notibras.com\/site\/bragantino-faz-3-a-0-no-oeste-com-dois-do-zagueiro-yago\/#breadcrumb"},"inLanguage":"pt-BR","potentialAction":[{"@type":"ReadAction","target":["https:\/\/www.notibras.com\/site\/bragantino-faz-3-a-0-no-oeste-com-dois-do-zagueiro-yago\/"]}]},{"@type":"ImageObject","inLanguage":"pt-BR","@id":"https:\/\/www.notibras.com\/site\/bragantino-faz-3-a-0-no-oeste-com-dois-do-zagueiro-yago\/#primaryimage","url":"https:\/\/www.notibras.com\/site\/wp-content\/uploads\/2014\/05\/esp42.jpg","contentUrl":"https:\/\/www.notibras.com\/site\/wp-content\/uploads\/2014\/05\/esp42.jpg","width":460,"height":340},{"@type":"BreadcrumbList","@id":"https:\/\/www.notibras.com\/site\/bragantino-faz-3-a-0-no-oeste-com-dois-do-zagueiro-yago\/#breadcrumb","itemListElement":[{"@type":"ListItem","position":1,"name":"In\u00edcio","item":"https:\/\/www.notibras.com\/site\/"},{"@type":"ListItem","position":2,"name":"Bragantino faz 3 a 0 no Oeste com dois do zagueiro Yago"}]},{"@type":"WebSite","@id":"https:\/\/www.notibras.com\/site\/#website","url":"https:\/\/www.notibras.com\/site\/","name":"Notibras","description":"Not\u00edcias de Bras\u00edlia, do Brasil e do Mundo","publisher":{"@id":"https:\/\/www.notibras.com\/site\/#organization"},"potentialAction":[{"@type":"SearchAction","target":{"@type":"EntryPoint","urlTemplate":"https:\/\/www.notibras.com\/site\/?s={search_term_string}"},"query-input":{"@type":"PropertyValueSpecification","valueRequired":true,"valueName":"search_term_string"}}],"inLanguage":"pt-BR"},{"@type":"Organization","@id":"https:\/\/www.notibras.com\/site\/#organization","name":"Grupo Notibras de Comunica\u00e7\u00e3o","url":"https:\/\/www.notibras.com\/site\/","logo":{"@type":"ImageObject","inLanguage":"pt-BR","@id":"https:\/\/www.notibras.com\/site\/#\/schema\/logo\/image\/","url":"https:\/\/www.notibras.com\/site\/wp-content\/uploads\/2023\/01\/notibras23.png","contentUrl":"https:\/\/www.notibras.com\/site\/wp-content\/uploads\/2023\/01\/notibras23.png","width":350,"height":87,"caption":"Grupo Notibras de Comunica\u00e7\u00e3o"},"image":{"@id":"https:\/\/www.notibras.com\/site\/#\/schema\/logo\/image\/"},"sameAs":["https:\/\/www.facebook.com\/notibras\/","https:\/\/x.com\/Notibras","https:\/\/www.instagram.com\/notibras\/"]},{"@type":"Person","@id":"https:\/\/www.notibras.com\/site\/#\/schema\/person\/36ab0979449956132d3e5b517ea76ac8","name":"Reda\u00e7\u00e3o","image":{"@type":"ImageObject","inLanguage":"pt-BR","@id":"https:\/\/secure.gravatar.com\/avatar\/e0a867bdedb85fd243eadf09663511f96fc81e0720a4a42581f334ad4303aa6b?s=96&d=mm&r=g","url":"https:\/\/secure.gravatar.com\/avatar\/e0a867bdedb85fd243eadf09663511f96fc81e0720a4a42581f334ad4303aa6b?s=96&d=mm&r=g","contentUrl":"https:\/\/secure.gravatar.com\/avatar\/e0a867bdedb85fd243eadf09663511f96fc81e0720a4a42581f334ad4303aa6b?s=96&d=mm&r=g","caption":"Reda\u00e7\u00e3o"}}]}},"amp_enabled":true,"_links":{"self":[{"href":"https:\/\/www.notibras.com\/site\/wp-json\/wp\/v2\/posts\/10800","targetHints":{"allow":["GET"]}}],"collection":[{"href":"https:\/\/www.notibras.com\/site\/wp-json\/wp\/v2\/posts"}],"about":[{"href":"https:\/\/www.notibras.com\/site\/wp-json\/wp\/v2\/types\/post"}],"author":[{"embeddable":true,"href":"https:\/\/www.notibras.com\/site\/wp-json\/wp\/v2\/users\/2"}],"replies":[{"embeddable":true,"href":"https:\/\/www.notibras.com\/site\/wp-json\/wp\/v2\/comments?post=10800"}],"version-history":[{"count":0,"href":"https:\/\/www.notibras.com\/site\/wp-json\/wp\/v2\/posts\/10800\/revisions"}],"wp:featuredmedia":[{"embeddable":true,"href":"https:\/\/www.notibras.com\/site\/wp-json\/wp\/v2\/media\/10801"}],"wp:attachment":[{"href":"https:\/\/www.notibras.com\/site\/wp-json\/wp\/v2\/media?parent=10800"}],"wp:term":[{"taxonomy":"category","embeddable":true,"href":"https:\/\/www.notibras.com\/site\/wp-json\/wp\/v2\/categories?post=10800"},{"taxonomy":"post_tag","embeddable":true,"href":"https:\/\/www.notibras.com\/site\/wp-json\/wp\/v2\/tags?post=10800"}],"curies":[{"name":"wp","href":"https:\/\/api.w.org\/{rel}","templated":true}]}}