{"id":108093,"date":"2016-07-17T06:50:18","date_gmt":"2016-07-17T09:50:18","guid":{"rendered":"http:\/\/www.notibras.com\/site\/?p=108093"},"modified":"2016-07-18T06:17:53","modified_gmt":"2016-07-18T09:17:53","slug":"brasilia-1958-tenacidade-e-arrojo-garantem-transmissores-da-radio-nacional","status":"publish","type":"post","link":"https:\/\/www.notibras.com\/site\/brasilia-1958-tenacidade-e-arrojo-garantem-transmissores-da-radio-nacional\/","title":{"rendered":"Bras\u00edlia, 1958. Tenacidade e arrojo garantem para R\u00e1dio Nacional os transmissores"},"content":{"rendered":"<p><strong>Jos\u00e9 Escarlate<\/strong><\/p>\n<p>Inaugurada antes da funda\u00e7\u00e3o de Bras\u00edlia, em 31 de maio de 1958, a R\u00e1dio Nacional teve papel importante na consolida\u00e7\u00e3o da cidade. Nesse dia, os candangos que trabalhavam na constru\u00e7\u00e3o da Capital Federal deram uma pausa nas obras para ouvir o presidente e participarem da festa, convidados por JK, do alto de um palanque.<\/p>\n<p>Num breve improviso, o presidente disse que, a partir daquele momento, Bras\u00edlia marcaria sua presen\u00e7a em todo o pa\u00eds, levando sua palavra atrav\u00e9s dos possantes transmissores da R\u00e1dio Nacional. \u201cDas vertentes amaz\u00f4nicas \u00e0s coxilhas ga\u00fachas, e dos contrafortes andinos ao litoral atl\u00e2ntico, Bras\u00edlia se far\u00e1 ouvir\u201d \u2013 disse um emocionado Juscelino. \u201cSer\u00e1 uma mensagem di\u00e1ria da tenacidade e do arrojo dos que est\u00e3o travando esta grande batalha patri\u00f3tica no Planalto Central\u201d.<\/p>\n<p>A partir da\u00ed, a grande comitiva de artistas da Radio Naciomal do Rio, a partir da tarde, alongando-se noite adentro, explodia num apote\u00f3tico show, trazendo alegria a todos nos canteiros de obras da futura capital. Nomes badalados como D\u00f3ris Monteiro, Lana Bittencourt, com sua m\u00fasica Little Darlin, sucesso do momento, \u00c2ngela Maria, Altemar Dutra, Nelson Gon\u00e7alves, Grande Otelo, Pixinguinha, Jo\u00e3o Dias, Cauby Peixoto, Carlos Galhardo, e ainda a presen\u00e7a de um naipe de apresentadores da emissora.<\/p>\n<p>At\u00e9 ent\u00e3o, a vida cultural e a divers\u00e3o dos candangos que aqui estavam, vindos das mais diferentes regi\u00f5es do pa\u00eds, em especial do Nordeste, eram feitas atrav\u00e9s de servi\u00e7os de alto-falantes, colocados no alto dos postes de madeira, na Cidade Livre, hoje N\u00facleo Bandeirante. Era o que os candangos chamavam de \u201cpau que fala\u201d, idealizado por Carlos Senna e sua mulher, dona Neusa, na sua \u201cVoz de Bras\u00edlia\u201d.<\/p>\n<p>Havia, ainda, para lazer dos oper\u00e1rios, os circos do coronel Jorginho Suaid, do Sabuginho, do Cacareco e do Dino Santana, que formava a dupla \u201cMaloca e Bonit\u00e3o\u201d, com seu irm\u00e3o, o humorista Ded\u00e9 Santana, dos Trapalh\u00f5es, que iniciava a carreira. A R\u00e1dio Nacional de Bras\u00edlia ficava em um barrac\u00e3o improvisado, na quadra 507 Sul.<\/p>\n<p>Na grande comitiva que desembarcara em Bras\u00edlia, seus dois primeiros diretores: Edmundo Vale e Fernando Jacques, da Nacional Rio.<\/p>\n<p><img loading=\"lazy\" decoding=\"async\" class=\"alignnone size-full wp-image-83053\" src=\"http:\/\/www.notibras.com\/site\/wp-content\/uploads\/2016\/01\/PV.png\" alt=\"PV\" width=\"122\" height=\"26\" \/><\/p>\n","protected":false},"excerpt":{"rendered":"<p>Jos\u00e9 Escarlate Inaugurada antes da funda\u00e7\u00e3o de Bras\u00edlia, em 31 de maio de 1958, a R\u00e1dio Nacional teve papel importante na consolida\u00e7\u00e3o da cidade. Nesse dia, os candangos que trabalhavam na constru\u00e7\u00e3o da Capital Federal deram uma pausa nas obras para ouvir o presidente e participarem da festa, convidados por JK, do alto de um [&hellip;]<\/p>\n","protected":false},"author":2,"featured_media":108094,"comment_status":"open","ping_status":"closed","sticky":false,"template":"","format":"standard","meta":{"_acf_changed":false,"footnotes":""},"categories":[63],"tags":[],"class_list":["post-108093","post","type-post","status-publish","format-standard","has-post-thumbnail","hentry","category-paginas-viradas"],"acf":[],"_links":{"self":[{"href":"https:\/\/www.notibras.com\/site\/wp-json\/wp\/v2\/posts\/108093","targetHints":{"allow":["GET"]}}],"collection":[{"href":"https:\/\/www.notibras.com\/site\/wp-json\/wp\/v2\/posts"}],"about":[{"href":"https:\/\/www.notibras.com\/site\/wp-json\/wp\/v2\/types\/post"}],"author":[{"embeddable":true,"href":"https:\/\/www.notibras.com\/site\/wp-json\/wp\/v2\/users\/2"}],"replies":[{"embeddable":true,"href":"https:\/\/www.notibras.com\/site\/wp-json\/wp\/v2\/comments?post=108093"}],"version-history":[{"count":2,"href":"https:\/\/www.notibras.com\/site\/wp-json\/wp\/v2\/posts\/108093\/revisions"}],"predecessor-version":[{"id":108226,"href":"https:\/\/www.notibras.com\/site\/wp-json\/wp\/v2\/posts\/108093\/revisions\/108226"}],"wp:featuredmedia":[{"embeddable":true,"href":"https:\/\/www.notibras.com\/site\/wp-json\/wp\/v2\/media\/108094"}],"wp:attachment":[{"href":"https:\/\/www.notibras.com\/site\/wp-json\/wp\/v2\/media?parent=108093"}],"wp:term":[{"taxonomy":"category","embeddable":true,"href":"https:\/\/www.notibras.com\/site\/wp-json\/wp\/v2\/categories?post=108093"},{"taxonomy":"post_tag","embeddable":true,"href":"https:\/\/www.notibras.com\/site\/wp-json\/wp\/v2\/tags?post=108093"}],"curies":[{"name":"wp","href":"https:\/\/api.w.org\/{rel}","templated":true}]}}