{"id":1081,"date":"2014-02-11T07:06:19","date_gmt":"2014-02-11T10:06:19","guid":{"rendered":"http:\/\/www.notibras.com\/site\/?p=1081"},"modified":"2014-02-11T07:40:06","modified_gmt":"2014-02-11T10:40:06","slug":"pt-aniversaria-se-defende-ataca-adversarios-e-critica-supremo","status":"publish","type":"post","link":"https:\/\/www.notibras.com\/site\/pt-aniversaria-se-defende-ataca-adversarios-e-critica-supremo\/","title":{"rendered":"PT aniversaria, se defende, critica STF e ataca advers\u00e1rios"},"content":{"rendered":"<p>Na festa dos 34 anos do Partido dos Trabalhadores (PT)\u00a0em S\u00e3o Paulo, que contou com a presen\u00e7a da presidente da Rep\u00fablica, Dilma Rousseff, coube ao presidente nacional da legenda, Rui Falc\u00e3o, ditar o que ser\u00e1 o caminho pol\u00edtico a ser trilhado neste ano de elei\u00e7\u00f5es presidenciais. Ele fez um discurso de defesa do partido, atacou o Supremo Tribunal Federal e classificou os advers\u00e1rios pol\u00edticos como &#8220;neopassadismo&#8221; e &#8220;novovelhismo&#8221;.<\/p>\n<p>Para ele, a chapa tucana \u00e9 a que forma o &#8220;neopassadismo&#8221;. &#8220;Como n\u00e3o tem quadros modernos, o neopassadismo quer trazer alguns dinossauros de volta. A maioria desses dinossauros foi soterrada pela hist\u00f3ria. Mas o neopassadismo insiste no seu retorno. N\u00e3o os identifico aqui, nem menciono os seus nomes em respeito aos que nos ouvem.&#8221;<\/p>\n<p>Ele foi al\u00e9m, ao lembrar da apreens\u00e3o do helic\u00f3ptero da fam\u00edlia do senador Zez\u00e9 Perrela (PDT), aliado pol\u00edtico do presidenci\u00e1vel A\u00e9cio Neves (PDT). A aeronave foi apreendida com mais de 400 quilos\u00a0de coca\u00edna em seu interior. &#8220;O algo novo \u00e9 fechar os olhos, e, quem sabe at\u00e9, esquecer-se de tapar o nariz, para carregamentos ex\u00f3ticos em helic\u00f3pteros?&#8221;, questionou, sob aplausos da milit\u00e2ncia.<\/p>\n<p>Sobre a chapa formada por Eduardo Campos e Marina Silva, Falc\u00e3o os classificou como &#8220;novos-velhos ou falsos novos&#8221;. &#8220;Pensam que com discursos f\u00e1ceis ser\u00e3o capazes de mudar o Brasil e fascinar os brasileiros. Mas que ningu\u00e9m se engane, fica aqui o nosso alerta: o PT n\u00e3o nasceu para apanhar calado. N\u00e3o vamos levar recado para casa nem virar saco de pancadas da na\u00e7\u00e3o&#8221;, disse ele, que pediu apoio da milit\u00e2ncia para a reelei\u00e7\u00e3o de Dilma Rousseff.<\/p>\n<p>&#8220;\u00c9 tamb\u00e9m o in\u00edcio de uma grande jornada. Uma caminhada cheia de percal\u00e7os e obst\u00e1culos a suplantar, e com o objetivo inarred\u00e1vel: reeleger a presidenta Dilma Rousseff para consolidar e fazer avan\u00e7ar o projeto de transforma\u00e7\u00f5es econ\u00f4micas, sociais, pol\u00edticas e culturais iniciado pelo presidente Lula em 2003. Sabemos que a popula\u00e7\u00e3o quer mudan\u00e7as &#8211; e as jornadas de junho de 2013 mostraram isso. Mas quer mudan\u00e7as com Dilma, pois n\u00e3o se deixa seduzir por aqueles que falam em mudar, mas nada acrescentam de verdadeiramente novo ou criativo.&#8221;<\/p>\n<p>Falc\u00e3o ainda disse que a oposi\u00e7\u00e3o desencadeou contra o PT uma campanha s\u00f3rdida. &#8220;Amparada por uma certa m\u00eddia ligada estreitamente aos partidos de oposi\u00e7\u00e3o. \u00c9 uma campanha voltada para semear a inseguran\u00e7a, a incerteza, o pessimismo e at\u00e9 o medo entre o povo. Promovem verdadeiras a\u00e7\u00f5es de terrorismo psicol\u00f3gico, um enorme tsunami de boatos, esperando assim nos bater nas urnas.&#8221;<\/p>\n<p>Ao Supremo Tribunal Federal (STF), Falc\u00e3o disse que membros da mais alta corte &#8220;prejulgam insultando&#8221;. &#8220;Suspeitam caluniando; e agridem, com uma gratuidade t\u00e3o espantosa que parece que estamos vivendo em outro Pa\u00eds. Uma corte n\u00e3o \u00e9 um partido pol\u00edtico, nem uma torcida organizada.&#8221;<\/p>\n","protected":false},"excerpt":{"rendered":"<p>Na festa dos 34 anos do Partido dos Trabalhadores (PT)\u00a0em S\u00e3o Paulo, que contou com a presen\u00e7a da presidente da Rep\u00fablica, Dilma Rousseff, coube ao presidente nacional da legenda, Rui Falc\u00e3o, ditar o que ser\u00e1 o caminho pol\u00edtico a ser trilhado neste ano de elei\u00e7\u00f5es presidenciais. Ele fez um discurso de defesa do partido, atacou [&hellip;]<\/p>\n","protected":false},"author":2,"featured_media":1082,"comment_status":"open","ping_status":"closed","sticky":false,"template":"","format":"standard","meta":{"_acf_changed":false,"footnotes":""},"categories":[16],"tags":[],"class_list":["post-1081","post","type-post","status-publish","format-standard","has-post-thumbnail","hentry","category-brasil"],"acf":[],"yoast_head":"<!-- This site is optimized with the Yoast SEO plugin v27.2 - https:\/\/yoast.com\/product\/yoast-seo-wordpress\/ -->\n<title>PT aniversaria, se defende, critica STF e ataca advers\u00e1rios - Notibras<\/title>\n<meta name=\"robots\" content=\"index, follow, max-snippet:-1, max-image-preview:large, max-video-preview:-1\" \/>\n<link rel=\"canonical\" href=\"https:\/\/www.notibras.com\/site\/pt-aniversaria-se-defende-ataca-adversarios-e-critica-supremo\/\" \/>\n<meta property=\"og:locale\" content=\"pt_BR\" \/>\n<meta property=\"og:type\" content=\"article\" \/>\n<meta property=\"og:title\" content=\"PT aniversaria, se defende, critica STF e ataca advers\u00e1rios - Notibras\" \/>\n<meta property=\"og:description\" content=\"Na festa dos 34 anos do Partido dos Trabalhadores (PT)\u00a0em S\u00e3o Paulo, que contou com a presen\u00e7a da presidente da Rep\u00fablica, Dilma Rousseff, coube ao presidente nacional da legenda, Rui Falc\u00e3o, ditar o que ser\u00e1 o caminho pol\u00edtico a ser trilhado neste ano de elei\u00e7\u00f5es presidenciais. Ele fez um discurso de defesa do partido, atacou [&hellip;]\" \/>\n<meta property=\"og:url\" content=\"https:\/\/www.notibras.com\/site\/pt-aniversaria-se-defende-ataca-adversarios-e-critica-supremo\/\" \/>\n<meta property=\"og:site_name\" content=\"Notibras\" \/>\n<meta property=\"article:publisher\" content=\"https:\/\/www.facebook.com\/notibras\/\" \/>\n<meta property=\"article:published_time\" content=\"2014-02-11T10:06:19+00:00\" \/>\n<meta property=\"article:modified_time\" content=\"2014-02-11T10:40:06+00:00\" \/>\n<meta property=\"og:image\" content=\"https:\/\/www.notibras.com\/site\/wp-content\/uploads\/2014\/02\/PTRui.jpg\" \/>\n\t<meta property=\"og:image:width\" content=\"720\" \/>\n\t<meta property=\"og:image:height\" content=\"460\" \/>\n\t<meta property=\"og:image:type\" content=\"image\/jpeg\" \/>\n<meta name=\"author\" content=\"Reda\u00e7\u00e3o\" \/>\n<meta name=\"twitter:card\" content=\"summary_large_image\" \/>\n<meta name=\"twitter:creator\" content=\"@Notibras\" \/>\n<meta name=\"twitter:site\" content=\"@Notibras\" \/>\n<meta name=\"twitter:label1\" content=\"Escrito por\" \/>\n\t<meta name=\"twitter:data1\" content=\"Reda\u00e7\u00e3o\" \/>\n\t<meta name=\"twitter:label2\" content=\"Est. tempo de leitura\" \/>\n\t<meta name=\"twitter:data2\" content=\"3 minutos\" \/>\n<script type=\"application\/ld+json\" class=\"yoast-schema-graph\">{\"@context\":\"https:\/\/schema.org\",\"@graph\":[{\"@type\":\"Article\",\"@id\":\"https:\/\/www.notibras.com\/site\/pt-aniversaria-se-defende-ataca-adversarios-e-critica-supremo\/#article\",\"isPartOf\":{\"@id\":\"https:\/\/www.notibras.com\/site\/pt-aniversaria-se-defende-ataca-adversarios-e-critica-supremo\/\"},\"author\":{\"name\":\"Reda\u00e7\u00e3o\",\"@id\":\"https:\/\/www.notibras.com\/site\/#\/schema\/person\/36ab0979449956132d3e5b517ea76ac8\"},\"headline\":\"PT aniversaria, se defende, critica STF e ataca advers\u00e1rios\",\"datePublished\":\"2014-02-11T10:06:19+00:00\",\"dateModified\":\"2014-02-11T10:40:06+00:00\",\"mainEntityOfPage\":{\"@id\":\"https:\/\/www.notibras.com\/site\/pt-aniversaria-se-defende-ataca-adversarios-e-critica-supremo\/\"},\"wordCount\":510,\"commentCount\":0,\"publisher\":{\"@id\":\"https:\/\/www.notibras.com\/site\/#organization\"},\"image\":{\"@id\":\"https:\/\/www.notibras.com\/site\/pt-aniversaria-se-defende-ataca-adversarios-e-critica-supremo\/#primaryimage\"},\"thumbnailUrl\":\"https:\/\/www.notibras.com\/site\/wp-content\/uploads\/2014\/02\/PTRui.jpg\",\"articleSection\":[\"Brasil\"],\"inLanguage\":\"pt-BR\",\"potentialAction\":[{\"@type\":\"CommentAction\",\"name\":\"Comment\",\"target\":[\"https:\/\/www.notibras.com\/site\/pt-aniversaria-se-defende-ataca-adversarios-e-critica-supremo\/#respond\"]}]},{\"@type\":\"WebPage\",\"@id\":\"https:\/\/www.notibras.com\/site\/pt-aniversaria-se-defende-ataca-adversarios-e-critica-supremo\/\",\"url\":\"https:\/\/www.notibras.com\/site\/pt-aniversaria-se-defende-ataca-adversarios-e-critica-supremo\/\",\"name\":\"PT aniversaria, se defende, critica STF e ataca advers\u00e1rios - Notibras\",\"isPartOf\":{\"@id\":\"https:\/\/www.notibras.com\/site\/#website\"},\"primaryImageOfPage\":{\"@id\":\"https:\/\/www.notibras.com\/site\/pt-aniversaria-se-defende-ataca-adversarios-e-critica-supremo\/#primaryimage\"},\"image\":{\"@id\":\"https:\/\/www.notibras.com\/site\/pt-aniversaria-se-defende-ataca-adversarios-e-critica-supremo\/#primaryimage\"},\"thumbnailUrl\":\"https:\/\/www.notibras.com\/site\/wp-content\/uploads\/2014\/02\/PTRui.jpg\",\"datePublished\":\"2014-02-11T10:06:19+00:00\",\"dateModified\":\"2014-02-11T10:40:06+00:00\",\"breadcrumb\":{\"@id\":\"https:\/\/www.notibras.com\/site\/pt-aniversaria-se-defende-ataca-adversarios-e-critica-supremo\/#breadcrumb\"},\"inLanguage\":\"pt-BR\",\"potentialAction\":[{\"@type\":\"ReadAction\",\"target\":[\"https:\/\/www.notibras.com\/site\/pt-aniversaria-se-defende-ataca-adversarios-e-critica-supremo\/\"]}]},{\"@type\":\"ImageObject\",\"inLanguage\":\"pt-BR\",\"@id\":\"https:\/\/www.notibras.com\/site\/pt-aniversaria-se-defende-ataca-adversarios-e-critica-supremo\/#primaryimage\",\"url\":\"https:\/\/www.notibras.com\/site\/wp-content\/uploads\/2014\/02\/PTRui.jpg\",\"contentUrl\":\"https:\/\/www.notibras.com\/site\/wp-content\/uploads\/2014\/02\/PTRui.jpg\",\"width\":720,\"height\":460},{\"@type\":\"BreadcrumbList\",\"@id\":\"https:\/\/www.notibras.com\/site\/pt-aniversaria-se-defende-ataca-adversarios-e-critica-supremo\/#breadcrumb\",\"itemListElement\":[{\"@type\":\"ListItem\",\"position\":1,\"name\":\"In\u00edcio\",\"item\":\"https:\/\/www.notibras.com\/site\/\"},{\"@type\":\"ListItem\",\"position\":2,\"name\":\"PT aniversaria, se defende, critica STF e ataca advers\u00e1rios\"}]},{\"@type\":\"WebSite\",\"@id\":\"https:\/\/www.notibras.com\/site\/#website\",\"url\":\"https:\/\/www.notibras.com\/site\/\",\"name\":\"Notibras\",\"description\":\"Not\u00edcias de Bras\u00edlia, do Brasil e do Mundo\",\"publisher\":{\"@id\":\"https:\/\/www.notibras.com\/site\/#organization\"},\"potentialAction\":[{\"@type\":\"SearchAction\",\"target\":{\"@type\":\"EntryPoint\",\"urlTemplate\":\"https:\/\/www.notibras.com\/site\/?s={search_term_string}\"},\"query-input\":{\"@type\":\"PropertyValueSpecification\",\"valueRequired\":true,\"valueName\":\"search_term_string\"}}],\"inLanguage\":\"pt-BR\"},{\"@type\":\"Organization\",\"@id\":\"https:\/\/www.notibras.com\/site\/#organization\",\"name\":\"Grupo Notibras de Comunica\u00e7\u00e3o\",\"url\":\"https:\/\/www.notibras.com\/site\/\",\"logo\":{\"@type\":\"ImageObject\",\"inLanguage\":\"pt-BR\",\"@id\":\"https:\/\/www.notibras.com\/site\/#\/schema\/logo\/image\/\",\"url\":\"https:\/\/www.notibras.com\/site\/wp-content\/uploads\/2023\/01\/notibras23.png\",\"contentUrl\":\"https:\/\/www.notibras.com\/site\/wp-content\/uploads\/2023\/01\/notibras23.png\",\"width\":350,\"height\":87,\"caption\":\"Grupo Notibras de Comunica\u00e7\u00e3o\"},\"image\":{\"@id\":\"https:\/\/www.notibras.com\/site\/#\/schema\/logo\/image\/\"},\"sameAs\":[\"https:\/\/www.facebook.com\/notibras\/\",\"https:\/\/x.com\/Notibras\",\"https:\/\/www.instagram.com\/notibras\/\"]},{\"@type\":\"Person\",\"@id\":\"https:\/\/www.notibras.com\/site\/#\/schema\/person\/36ab0979449956132d3e5b517ea76ac8\",\"name\":\"Reda\u00e7\u00e3o\",\"image\":{\"@type\":\"ImageObject\",\"inLanguage\":\"pt-BR\",\"@id\":\"https:\/\/secure.gravatar.com\/avatar\/e0a867bdedb85fd243eadf09663511f96fc81e0720a4a42581f334ad4303aa6b?s=96&d=mm&r=g\",\"url\":\"https:\/\/secure.gravatar.com\/avatar\/e0a867bdedb85fd243eadf09663511f96fc81e0720a4a42581f334ad4303aa6b?s=96&d=mm&r=g\",\"contentUrl\":\"https:\/\/secure.gravatar.com\/avatar\/e0a867bdedb85fd243eadf09663511f96fc81e0720a4a42581f334ad4303aa6b?s=96&d=mm&r=g\",\"caption\":\"Reda\u00e7\u00e3o\"}}]}<\/script>\n<!-- \/ Yoast SEO plugin. -->","yoast_head_json":{"title":"PT aniversaria, se defende, critica STF e ataca advers\u00e1rios - Notibras","robots":{"index":"index","follow":"follow","max-snippet":"max-snippet:-1","max-image-preview":"max-image-preview:large","max-video-preview":"max-video-preview:-1"},"canonical":"https:\/\/www.notibras.com\/site\/pt-aniversaria-se-defende-ataca-adversarios-e-critica-supremo\/","og_locale":"pt_BR","og_type":"article","og_title":"PT aniversaria, se defende, critica STF e ataca advers\u00e1rios - Notibras","og_description":"Na festa dos 34 anos do Partido dos Trabalhadores (PT)\u00a0em S\u00e3o Paulo, que contou com a presen\u00e7a da presidente da Rep\u00fablica, Dilma Rousseff, coube ao presidente nacional da legenda, Rui Falc\u00e3o, ditar o que ser\u00e1 o caminho pol\u00edtico a ser trilhado neste ano de elei\u00e7\u00f5es presidenciais. Ele fez um discurso de defesa do partido, atacou [&hellip;]","og_url":"https:\/\/www.notibras.com\/site\/pt-aniversaria-se-defende-ataca-adversarios-e-critica-supremo\/","og_site_name":"Notibras","article_publisher":"https:\/\/www.facebook.com\/notibras\/","article_published_time":"2014-02-11T10:06:19+00:00","article_modified_time":"2014-02-11T10:40:06+00:00","og_image":[{"width":720,"height":460,"url":"https:\/\/www.notibras.com\/site\/wp-content\/uploads\/2014\/02\/PTRui.jpg","type":"image\/jpeg"}],"author":"Reda\u00e7\u00e3o","twitter_card":"summary_large_image","twitter_creator":"@Notibras","twitter_site":"@Notibras","twitter_misc":{"Escrito por":"Reda\u00e7\u00e3o","Est. tempo de leitura":"3 minutos"},"schema":{"@context":"https:\/\/schema.org","@graph":[{"@type":"Article","@id":"https:\/\/www.notibras.com\/site\/pt-aniversaria-se-defende-ataca-adversarios-e-critica-supremo\/#article","isPartOf":{"@id":"https:\/\/www.notibras.com\/site\/pt-aniversaria-se-defende-ataca-adversarios-e-critica-supremo\/"},"author":{"name":"Reda\u00e7\u00e3o","@id":"https:\/\/www.notibras.com\/site\/#\/schema\/person\/36ab0979449956132d3e5b517ea76ac8"},"headline":"PT aniversaria, se defende, critica STF e ataca advers\u00e1rios","datePublished":"2014-02-11T10:06:19+00:00","dateModified":"2014-02-11T10:40:06+00:00","mainEntityOfPage":{"@id":"https:\/\/www.notibras.com\/site\/pt-aniversaria-se-defende-ataca-adversarios-e-critica-supremo\/"},"wordCount":510,"commentCount":0,"publisher":{"@id":"https:\/\/www.notibras.com\/site\/#organization"},"image":{"@id":"https:\/\/www.notibras.com\/site\/pt-aniversaria-se-defende-ataca-adversarios-e-critica-supremo\/#primaryimage"},"thumbnailUrl":"https:\/\/www.notibras.com\/site\/wp-content\/uploads\/2014\/02\/PTRui.jpg","articleSection":["Brasil"],"inLanguage":"pt-BR","potentialAction":[{"@type":"CommentAction","name":"Comment","target":["https:\/\/www.notibras.com\/site\/pt-aniversaria-se-defende-ataca-adversarios-e-critica-supremo\/#respond"]}]},{"@type":"WebPage","@id":"https:\/\/www.notibras.com\/site\/pt-aniversaria-se-defende-ataca-adversarios-e-critica-supremo\/","url":"https:\/\/www.notibras.com\/site\/pt-aniversaria-se-defende-ataca-adversarios-e-critica-supremo\/","name":"PT aniversaria, se defende, critica STF e ataca advers\u00e1rios - Notibras","isPartOf":{"@id":"https:\/\/www.notibras.com\/site\/#website"},"primaryImageOfPage":{"@id":"https:\/\/www.notibras.com\/site\/pt-aniversaria-se-defende-ataca-adversarios-e-critica-supremo\/#primaryimage"},"image":{"@id":"https:\/\/www.notibras.com\/site\/pt-aniversaria-se-defende-ataca-adversarios-e-critica-supremo\/#primaryimage"},"thumbnailUrl":"https:\/\/www.notibras.com\/site\/wp-content\/uploads\/2014\/02\/PTRui.jpg","datePublished":"2014-02-11T10:06:19+00:00","dateModified":"2014-02-11T10:40:06+00:00","breadcrumb":{"@id":"https:\/\/www.notibras.com\/site\/pt-aniversaria-se-defende-ataca-adversarios-e-critica-supremo\/#breadcrumb"},"inLanguage":"pt-BR","potentialAction":[{"@type":"ReadAction","target":["https:\/\/www.notibras.com\/site\/pt-aniversaria-se-defende-ataca-adversarios-e-critica-supremo\/"]}]},{"@type":"ImageObject","inLanguage":"pt-BR","@id":"https:\/\/www.notibras.com\/site\/pt-aniversaria-se-defende-ataca-adversarios-e-critica-supremo\/#primaryimage","url":"https:\/\/www.notibras.com\/site\/wp-content\/uploads\/2014\/02\/PTRui.jpg","contentUrl":"https:\/\/www.notibras.com\/site\/wp-content\/uploads\/2014\/02\/PTRui.jpg","width":720,"height":460},{"@type":"BreadcrumbList","@id":"https:\/\/www.notibras.com\/site\/pt-aniversaria-se-defende-ataca-adversarios-e-critica-supremo\/#breadcrumb","itemListElement":[{"@type":"ListItem","position":1,"name":"In\u00edcio","item":"https:\/\/www.notibras.com\/site\/"},{"@type":"ListItem","position":2,"name":"PT aniversaria, se defende, critica STF e ataca advers\u00e1rios"}]},{"@type":"WebSite","@id":"https:\/\/www.notibras.com\/site\/#website","url":"https:\/\/www.notibras.com\/site\/","name":"Notibras","description":"Not\u00edcias de Bras\u00edlia, do Brasil e do Mundo","publisher":{"@id":"https:\/\/www.notibras.com\/site\/#organization"},"potentialAction":[{"@type":"SearchAction","target":{"@type":"EntryPoint","urlTemplate":"https:\/\/www.notibras.com\/site\/?s={search_term_string}"},"query-input":{"@type":"PropertyValueSpecification","valueRequired":true,"valueName":"search_term_string"}}],"inLanguage":"pt-BR"},{"@type":"Organization","@id":"https:\/\/www.notibras.com\/site\/#organization","name":"Grupo Notibras de Comunica\u00e7\u00e3o","url":"https:\/\/www.notibras.com\/site\/","logo":{"@type":"ImageObject","inLanguage":"pt-BR","@id":"https:\/\/www.notibras.com\/site\/#\/schema\/logo\/image\/","url":"https:\/\/www.notibras.com\/site\/wp-content\/uploads\/2023\/01\/notibras23.png","contentUrl":"https:\/\/www.notibras.com\/site\/wp-content\/uploads\/2023\/01\/notibras23.png","width":350,"height":87,"caption":"Grupo Notibras de Comunica\u00e7\u00e3o"},"image":{"@id":"https:\/\/www.notibras.com\/site\/#\/schema\/logo\/image\/"},"sameAs":["https:\/\/www.facebook.com\/notibras\/","https:\/\/x.com\/Notibras","https:\/\/www.instagram.com\/notibras\/"]},{"@type":"Person","@id":"https:\/\/www.notibras.com\/site\/#\/schema\/person\/36ab0979449956132d3e5b517ea76ac8","name":"Reda\u00e7\u00e3o","image":{"@type":"ImageObject","inLanguage":"pt-BR","@id":"https:\/\/secure.gravatar.com\/avatar\/e0a867bdedb85fd243eadf09663511f96fc81e0720a4a42581f334ad4303aa6b?s=96&d=mm&r=g","url":"https:\/\/secure.gravatar.com\/avatar\/e0a867bdedb85fd243eadf09663511f96fc81e0720a4a42581f334ad4303aa6b?s=96&d=mm&r=g","contentUrl":"https:\/\/secure.gravatar.com\/avatar\/e0a867bdedb85fd243eadf09663511f96fc81e0720a4a42581f334ad4303aa6b?s=96&d=mm&r=g","caption":"Reda\u00e7\u00e3o"}}]}},"amp_enabled":true,"_links":{"self":[{"href":"https:\/\/www.notibras.com\/site\/wp-json\/wp\/v2\/posts\/1081","targetHints":{"allow":["GET"]}}],"collection":[{"href":"https:\/\/www.notibras.com\/site\/wp-json\/wp\/v2\/posts"}],"about":[{"href":"https:\/\/www.notibras.com\/site\/wp-json\/wp\/v2\/types\/post"}],"author":[{"embeddable":true,"href":"https:\/\/www.notibras.com\/site\/wp-json\/wp\/v2\/users\/2"}],"replies":[{"embeddable":true,"href":"https:\/\/www.notibras.com\/site\/wp-json\/wp\/v2\/comments?post=1081"}],"version-history":[{"count":0,"href":"https:\/\/www.notibras.com\/site\/wp-json\/wp\/v2\/posts\/1081\/revisions"}],"wp:featuredmedia":[{"embeddable":true,"href":"https:\/\/www.notibras.com\/site\/wp-json\/wp\/v2\/media\/1082"}],"wp:attachment":[{"href":"https:\/\/www.notibras.com\/site\/wp-json\/wp\/v2\/media?parent=1081"}],"wp:term":[{"taxonomy":"category","embeddable":true,"href":"https:\/\/www.notibras.com\/site\/wp-json\/wp\/v2\/categories?post=1081"},{"taxonomy":"post_tag","embeddable":true,"href":"https:\/\/www.notibras.com\/site\/wp-json\/wp\/v2\/tags?post=1081"}],"curies":[{"name":"wp","href":"https:\/\/api.w.org\/{rel}","templated":true}]}}