{"id":108127,"date":"2016-07-17T08:46:58","date_gmt":"2016-07-17T11:46:58","guid":{"rendered":"http:\/\/www.notibras.com\/site\/?p=108127"},"modified":"2016-07-17T08:46:58","modified_gmt":"2016-07-17T11:46:58","slug":"empresarios-caem-na-real-da-moral-e-nao-aceitam-mais-pagar-por-fora","status":"publish","type":"post","link":"https:\/\/www.notibras.com\/site\/empresarios-caem-na-real-da-moral-e-nao-aceitam-mais-pagar-por-fora\/","title":{"rendered":"Empres\u00e1rios caem na real da moral e n\u00e3o aceitam mais pagar por fora"},"content":{"rendered":"<p><strong>Marlus H. Arns de Oliveira<\/strong><\/p>\n<p>Os advogados acostumaram-se no \u00faltimo ano e meio a receber um novo tipo de questionamento vindo de seus clientes empres\u00e1rios \u2013sejam eles de pequenas, m\u00e9dias ou grandes empresas\u2013 e tamb\u00e9m de gestores e administradores p\u00fablicos. As novas quest\u00f5es d\u00e3o conta da enorme demanda quanto a procedimentos referentes a regras de conduta que evitem a pr\u00e1tica de crimes.<\/p>\n<p>O Brasil, enquanto na\u00e7\u00e3o, assistiu como uma novidade alvissareira o recente caso de um grande banco brasileiro que, em vez de aceitar pagar propina para um conselheiro do Carf (Conselho Administrativo de Recursos Fiscais), o denunciou, e o suposto sujeito ativo do crime foi preso. A \u00edntegra da nota divulgada pelo citado banco \u00e9 elucidativa deste momento:<\/p>\n<p>&#8220;Esclarecemos que o Ita\u00fa Unibanco foi v\u00edtima de conduta inadequada de conselheiro do Carf, que solicitou vantagens para nos beneficiar em julgamento de caso de nosso interesse. Dados os princ\u00edpios \u00e9ticos e de transpar\u00eancia que norteiam nossa atua\u00e7\u00e3o, voluntariamente reportamos os fatos \u00e0s autoridades competentes, que passaram a monitorar as atividades do conselheiro, culminando em sua pris\u00e3o no dia de ontem. Com essa atitude, esperamos ter contribu\u00eddo com a identifica\u00e7\u00e3o de conduta contr\u00e1ria \u00e0 \u00e9tica e \u00e0 lei.&#8221;<\/p>\n<p>Esta nova fase experimentada pela sociedade brasileira, alavancada por opera\u00e7\u00f5es de \u00f3rg\u00e3os de investiga\u00e7\u00e3o \u2013Pol\u00edcia Federal, delegacias estaduais de combate aos crimes econ\u00f4micos, Minist\u00e9rio P\u00fablico Federal e Minist\u00e9rio P\u00fablico Estadual\u2013, parece dar seguran\u00e7a ao empresariado e aos gestores p\u00fablicos para denunciarem condutas il\u00edcitas, em vez de aceitarem pr\u00e1ticas delituosas como &#8220;regra do jogo&#8221;.<\/p>\n<p>\u00c9 importante que se diga que as opera\u00e7\u00f5es dos mencionados \u00f3rg\u00e3os de investiga\u00e7\u00e3o encontraram maior \u00eaxito junto ao Poder Judici\u00e1rio ap\u00f3s a lei 12.850\/2013, que normatizou e parametrizou o formato das investiga\u00e7\u00f5es criminais, buscando superar in\u00fameras nulidades que acabavam por derrubar as opera\u00e7\u00f5es nas diversas inst\u00e2ncias do Judici\u00e1rio. A significativa melhora da investiga\u00e7\u00e3o criminal culminou na produ\u00e7\u00e3o de provas consideradas irrefut\u00e1veis e que acabavam sendo confirmadas pela Justi\u00e7a.<\/p>\n<p>Tamb\u00e9m houve uma inesperada abertura dos \u00f3rg\u00e3os de persecu\u00e7\u00e3o penal, que permitiram, atrav\u00e9s de aplicativos m\u00f3veis, a qualquer cidad\u00e3o informar a exist\u00eancia de obras p\u00fablicas inacabadas, il\u00edcitos ambientais e at\u00e9 compra de votos, por exemplo.<\/p>\n<p>A sociedade brasileira passou a conviver com a pris\u00e3o de grandes empres\u00e1rios e pol\u00edticos, n\u00e3o apenas na t\u00e3o falada Lava Jato mas tamb\u00e9m em in\u00fameras outras que ocorreram no mesmo per\u00edodo \u2013basta citar a A\u00e7\u00e3o Penal 470 (mensal\u00e3o) e a Opera\u00e7\u00e3o Zelotes.<\/p>\n<p>H\u00e1 agora uma nova gera\u00e7\u00e3o de advogados, em sua maioria jovens, que, por um lado, critica os excessos nas opera\u00e7\u00f5es que investigam corrup\u00e7\u00e3o, e, por outro, prepara-se para oferecer uma moderna defesa criminal \u2013avaliando a utiliza\u00e7\u00e3o de acordos de colabora\u00e7\u00e3o premiada para pessoas f\u00edsicas ou acordos de leni\u00eancia para pessoas jur\u00eddicas.<\/p>\n<p>Com essa gera\u00e7\u00e3o, o empresariado brasileiro &#8220;descobriu&#8221; que as regras do jogo est\u00e3o em profunda muta\u00e7\u00e3o e que o reconhecimento de pr\u00e1ticas il\u00edcitas, bem como a repara\u00e7\u00e3o dos danos causados, permite aderir a acordos de leni\u00eancia que possibilitem \u00e0s pessoas jur\u00eddicas sobreviverem no atual cen\u00e1rio.<\/p>\n<p>Esse tipo de acordo prev\u00ea que as pessoas jur\u00eddicas manifestem seu interesse em cooperar para a apura\u00e7\u00e3o do ato il\u00edcito e, admitindo a sua participa\u00e7\u00e3o, passem a colaborar com as investiga\u00e7\u00f5es, devendo pagar multa e reparar danos. \u00c9 a lei 12.846\/2013 que normatiza essas quest\u00f5es, assim como a j\u00e1 citada lei 12.850\/2013 trata das colabora\u00e7\u00f5es para pessoas f\u00edsicas.<\/p>\n<p>Todos esses reflexos provocaram a busca sistem\u00e1tica pela implementa\u00e7\u00e3o de sistemas de compliance (boas pr\u00e1ticas) nas empresas, demonstrando que o empresariado est\u00e1 disposto a contribuir e a implementar tais sistemas, aplicando, assim, verdadeiras vacinas contra a corrup\u00e7\u00e3o.<\/p>\n","protected":false},"excerpt":{"rendered":"<p>Marlus H. Arns de Oliveira Os advogados acostumaram-se no \u00faltimo ano e meio a receber um novo tipo de questionamento vindo de seus clientes empres\u00e1rios \u2013sejam eles de pequenas, m\u00e9dias ou grandes empresas\u2013 e tamb\u00e9m de gestores e administradores p\u00fablicos. As novas quest\u00f5es d\u00e3o conta da enorme demanda quanto a procedimentos referentes a regras de [&hellip;]<\/p>\n","protected":false},"author":2,"featured_media":108128,"comment_status":"open","ping_status":"closed","sticky":false,"template":"","format":"standard","meta":{"_acf_changed":false,"footnotes":""},"categories":[25],"tags":[],"class_list":["post-108127","post","type-post","status-publish","format-standard","has-post-thumbnail","hentry","category-opina-ai"],"acf":[],"yoast_head":"<!-- This site is optimized with the Yoast SEO plugin v27.5 - https:\/\/yoast.com\/product\/yoast-seo-wordpress\/ -->\n<title>Empres\u00e1rios caem na real da moral e n\u00e3o aceitam mais pagar por fora - Notibras<\/title>\n<meta name=\"robots\" content=\"index, follow, max-snippet:-1, max-image-preview:large, max-video-preview:-1\" \/>\n<link rel=\"canonical\" href=\"https:\/\/www.notibras.com\/site\/empresarios-caem-na-real-da-moral-e-nao-aceitam-mais-pagar-por-fora\/\" \/>\n<meta property=\"og:locale\" content=\"pt_BR\" \/>\n<meta property=\"og:type\" content=\"article\" \/>\n<meta property=\"og:title\" content=\"Empres\u00e1rios caem na real da moral e n\u00e3o aceitam mais pagar por fora - Notibras\" \/>\n<meta property=\"og:description\" content=\"Marlus H. Arns de Oliveira Os advogados acostumaram-se no \u00faltimo ano e meio a receber um novo tipo de questionamento vindo de seus clientes empres\u00e1rios \u2013sejam eles de pequenas, m\u00e9dias ou grandes empresas\u2013 e tamb\u00e9m de gestores e administradores p\u00fablicos. As novas quest\u00f5es d\u00e3o conta da enorme demanda quanto a procedimentos referentes a regras de [&hellip;]\" \/>\n<meta property=\"og:url\" content=\"https:\/\/www.notibras.com\/site\/empresarios-caem-na-real-da-moral-e-nao-aceitam-mais-pagar-por-fora\/\" \/>\n<meta property=\"og:site_name\" content=\"Notibras\" \/>\n<meta property=\"article:publisher\" content=\"https:\/\/www.facebook.com\/notibras\/\" \/>\n<meta property=\"article:published_time\" content=\"2016-07-17T11:46:58+00:00\" \/>\n<meta property=\"og:image\" content=\"https:\/\/www.notibras.com\/site\/wp-content\/uploads\/2016\/07\/op17.jpg\" \/>\n\t<meta property=\"og:image:width\" content=\"1200\" \/>\n\t<meta property=\"og:image:height\" content=\"848\" \/>\n\t<meta property=\"og:image:type\" content=\"image\/jpeg\" \/>\n<meta name=\"author\" content=\"Reda\u00e7\u00e3o\" \/>\n<meta name=\"twitter:card\" content=\"summary_large_image\" \/>\n<meta name=\"twitter:creator\" content=\"@Notibras\" \/>\n<meta name=\"twitter:site\" content=\"@Notibras\" \/>\n<meta name=\"twitter:label1\" content=\"Escrito por\" \/>\n\t<meta name=\"twitter:data1\" content=\"Reda\u00e7\u00e3o\" \/>\n\t<meta name=\"twitter:label2\" content=\"Est. tempo de leitura\" \/>\n\t<meta name=\"twitter:data2\" content=\"3 minutos\" \/>\n<script type=\"application\/ld+json\" class=\"yoast-schema-graph\">{\"@context\":\"https:\\\/\\\/schema.org\",\"@graph\":[{\"@type\":\"Article\",\"@id\":\"https:\\\/\\\/www.notibras.com\\\/site\\\/empresarios-caem-na-real-da-moral-e-nao-aceitam-mais-pagar-por-fora\\\/#article\",\"isPartOf\":{\"@id\":\"https:\\\/\\\/www.notibras.com\\\/site\\\/empresarios-caem-na-real-da-moral-e-nao-aceitam-mais-pagar-por-fora\\\/\"},\"author\":{\"name\":\"Reda\u00e7\u00e3o\",\"@id\":\"https:\\\/\\\/www.notibras.com\\\/site\\\/#\\\/schema\\\/person\\\/36ab0979449956132d3e5b517ea76ac8\"},\"headline\":\"Empres\u00e1rios caem na real da moral e n\u00e3o aceitam mais pagar por fora\",\"datePublished\":\"2016-07-17T11:46:58+00:00\",\"mainEntityOfPage\":{\"@id\":\"https:\\\/\\\/www.notibras.com\\\/site\\\/empresarios-caem-na-real-da-moral-e-nao-aceitam-mais-pagar-por-fora\\\/\"},\"wordCount\":684,\"commentCount\":0,\"publisher\":{\"@id\":\"https:\\\/\\\/www.notibras.com\\\/site\\\/#organization\"},\"image\":{\"@id\":\"https:\\\/\\\/www.notibras.com\\\/site\\\/empresarios-caem-na-real-da-moral-e-nao-aceitam-mais-pagar-por-fora\\\/#primaryimage\"},\"thumbnailUrl\":\"https:\\\/\\\/www.notibras.com\\\/site\\\/wp-content\\\/uploads\\\/2016\\\/07\\\/op17.jpg\",\"articleSection\":[\"Opina a\u00ed\"],\"inLanguage\":\"pt-BR\",\"potentialAction\":[{\"@type\":\"CommentAction\",\"name\":\"Comment\",\"target\":[\"https:\\\/\\\/www.notibras.com\\\/site\\\/empresarios-caem-na-real-da-moral-e-nao-aceitam-mais-pagar-por-fora\\\/#respond\"]}]},{\"@type\":\"WebPage\",\"@id\":\"https:\\\/\\\/www.notibras.com\\\/site\\\/empresarios-caem-na-real-da-moral-e-nao-aceitam-mais-pagar-por-fora\\\/\",\"url\":\"https:\\\/\\\/www.notibras.com\\\/site\\\/empresarios-caem-na-real-da-moral-e-nao-aceitam-mais-pagar-por-fora\\\/\",\"name\":\"Empres\u00e1rios caem na real da moral e n\u00e3o aceitam mais pagar por fora - Notibras\",\"isPartOf\":{\"@id\":\"https:\\\/\\\/www.notibras.com\\\/site\\\/#website\"},\"primaryImageOfPage\":{\"@id\":\"https:\\\/\\\/www.notibras.com\\\/site\\\/empresarios-caem-na-real-da-moral-e-nao-aceitam-mais-pagar-por-fora\\\/#primaryimage\"},\"image\":{\"@id\":\"https:\\\/\\\/www.notibras.com\\\/site\\\/empresarios-caem-na-real-da-moral-e-nao-aceitam-mais-pagar-por-fora\\\/#primaryimage\"},\"thumbnailUrl\":\"https:\\\/\\\/www.notibras.com\\\/site\\\/wp-content\\\/uploads\\\/2016\\\/07\\\/op17.jpg\",\"datePublished\":\"2016-07-17T11:46:58+00:00\",\"breadcrumb\":{\"@id\":\"https:\\\/\\\/www.notibras.com\\\/site\\\/empresarios-caem-na-real-da-moral-e-nao-aceitam-mais-pagar-por-fora\\\/#breadcrumb\"},\"inLanguage\":\"pt-BR\",\"potentialAction\":[{\"@type\":\"ReadAction\",\"target\":[\"https:\\\/\\\/www.notibras.com\\\/site\\\/empresarios-caem-na-real-da-moral-e-nao-aceitam-mais-pagar-por-fora\\\/\"]}]},{\"@type\":\"ImageObject\",\"inLanguage\":\"pt-BR\",\"@id\":\"https:\\\/\\\/www.notibras.com\\\/site\\\/empresarios-caem-na-real-da-moral-e-nao-aceitam-mais-pagar-por-fora\\\/#primaryimage\",\"url\":\"https:\\\/\\\/www.notibras.com\\\/site\\\/wp-content\\\/uploads\\\/2016\\\/07\\\/op17.jpg\",\"contentUrl\":\"https:\\\/\\\/www.notibras.com\\\/site\\\/wp-content\\\/uploads\\\/2016\\\/07\\\/op17.jpg\",\"width\":1200,\"height\":848},{\"@type\":\"BreadcrumbList\",\"@id\":\"https:\\\/\\\/www.notibras.com\\\/site\\\/empresarios-caem-na-real-da-moral-e-nao-aceitam-mais-pagar-por-fora\\\/#breadcrumb\",\"itemListElement\":[{\"@type\":\"ListItem\",\"position\":1,\"name\":\"In\u00edcio\",\"item\":\"https:\\\/\\\/www.notibras.com\\\/site\\\/\"},{\"@type\":\"ListItem\",\"position\":2,\"name\":\"Empres\u00e1rios caem na real da moral e n\u00e3o aceitam mais pagar por fora\"}]},{\"@type\":\"WebSite\",\"@id\":\"https:\\\/\\\/www.notibras.com\\\/site\\\/#website\",\"url\":\"https:\\\/\\\/www.notibras.com\\\/site\\\/\",\"name\":\"Notibras\",\"description\":\"Not\u00edcias de Bras\u00edlia, do Brasil e do Mundo\",\"publisher\":{\"@id\":\"https:\\\/\\\/www.notibras.com\\\/site\\\/#organization\"},\"potentialAction\":[{\"@type\":\"SearchAction\",\"target\":{\"@type\":\"EntryPoint\",\"urlTemplate\":\"https:\\\/\\\/www.notibras.com\\\/site\\\/?s={search_term_string}\"},\"query-input\":{\"@type\":\"PropertyValueSpecification\",\"valueRequired\":true,\"valueName\":\"search_term_string\"}}],\"inLanguage\":\"pt-BR\"},{\"@type\":\"Organization\",\"@id\":\"https:\\\/\\\/www.notibras.com\\\/site\\\/#organization\",\"name\":\"Grupo Notibras de Comunica\u00e7\u00e3o\",\"url\":\"https:\\\/\\\/www.notibras.com\\\/site\\\/\",\"logo\":{\"@type\":\"ImageObject\",\"inLanguage\":\"pt-BR\",\"@id\":\"https:\\\/\\\/www.notibras.com\\\/site\\\/#\\\/schema\\\/logo\\\/image\\\/\",\"url\":\"https:\\\/\\\/www.notibras.com\\\/site\\\/wp-content\\\/uploads\\\/2023\\\/01\\\/notibras23.png\",\"contentUrl\":\"https:\\\/\\\/www.notibras.com\\\/site\\\/wp-content\\\/uploads\\\/2023\\\/01\\\/notibras23.png\",\"width\":350,\"height\":87,\"caption\":\"Grupo Notibras de Comunica\u00e7\u00e3o\"},\"image\":{\"@id\":\"https:\\\/\\\/www.notibras.com\\\/site\\\/#\\\/schema\\\/logo\\\/image\\\/\"},\"sameAs\":[\"https:\\\/\\\/www.facebook.com\\\/notibras\\\/\",\"https:\\\/\\\/x.com\\\/Notibras\",\"https:\\\/\\\/www.instagram.com\\\/notibras\\\/\"]},{\"@type\":\"Person\",\"@id\":\"https:\\\/\\\/www.notibras.com\\\/site\\\/#\\\/schema\\\/person\\\/36ab0979449956132d3e5b517ea76ac8\",\"name\":\"Reda\u00e7\u00e3o\",\"image\":{\"@type\":\"ImageObject\",\"inLanguage\":\"pt-BR\",\"@id\":\"https:\\\/\\\/secure.gravatar.com\\\/avatar\\\/e0a867bdedb85fd243eadf09663511f96fc81e0720a4a42581f334ad4303aa6b?s=96&d=mm&r=g\",\"url\":\"https:\\\/\\\/secure.gravatar.com\\\/avatar\\\/e0a867bdedb85fd243eadf09663511f96fc81e0720a4a42581f334ad4303aa6b?s=96&d=mm&r=g\",\"contentUrl\":\"https:\\\/\\\/secure.gravatar.com\\\/avatar\\\/e0a867bdedb85fd243eadf09663511f96fc81e0720a4a42581f334ad4303aa6b?s=96&d=mm&r=g\",\"caption\":\"Reda\u00e7\u00e3o\"}}]}<\/script>\n<!-- \/ Yoast SEO plugin. -->","yoast_head_json":{"title":"Empres\u00e1rios caem na real da moral e n\u00e3o aceitam mais pagar por fora - Notibras","robots":{"index":"index","follow":"follow","max-snippet":"max-snippet:-1","max-image-preview":"max-image-preview:large","max-video-preview":"max-video-preview:-1"},"canonical":"https:\/\/www.notibras.com\/site\/empresarios-caem-na-real-da-moral-e-nao-aceitam-mais-pagar-por-fora\/","og_locale":"pt_BR","og_type":"article","og_title":"Empres\u00e1rios caem na real da moral e n\u00e3o aceitam mais pagar por fora - Notibras","og_description":"Marlus H. Arns de Oliveira Os advogados acostumaram-se no \u00faltimo ano e meio a receber um novo tipo de questionamento vindo de seus clientes empres\u00e1rios \u2013sejam eles de pequenas, m\u00e9dias ou grandes empresas\u2013 e tamb\u00e9m de gestores e administradores p\u00fablicos. As novas quest\u00f5es d\u00e3o conta da enorme demanda quanto a procedimentos referentes a regras de [&hellip;]","og_url":"https:\/\/www.notibras.com\/site\/empresarios-caem-na-real-da-moral-e-nao-aceitam-mais-pagar-por-fora\/","og_site_name":"Notibras","article_publisher":"https:\/\/www.facebook.com\/notibras\/","article_published_time":"2016-07-17T11:46:58+00:00","og_image":[{"width":1200,"height":848,"url":"https:\/\/www.notibras.com\/site\/wp-content\/uploads\/2016\/07\/op17.jpg","type":"image\/jpeg"}],"author":"Reda\u00e7\u00e3o","twitter_card":"summary_large_image","twitter_creator":"@Notibras","twitter_site":"@Notibras","twitter_misc":{"Escrito por":"Reda\u00e7\u00e3o","Est. tempo de leitura":"3 minutos"},"schema":{"@context":"https:\/\/schema.org","@graph":[{"@type":"Article","@id":"https:\/\/www.notibras.com\/site\/empresarios-caem-na-real-da-moral-e-nao-aceitam-mais-pagar-por-fora\/#article","isPartOf":{"@id":"https:\/\/www.notibras.com\/site\/empresarios-caem-na-real-da-moral-e-nao-aceitam-mais-pagar-por-fora\/"},"author":{"name":"Reda\u00e7\u00e3o","@id":"https:\/\/www.notibras.com\/site\/#\/schema\/person\/36ab0979449956132d3e5b517ea76ac8"},"headline":"Empres\u00e1rios caem na real da moral e n\u00e3o aceitam mais pagar por fora","datePublished":"2016-07-17T11:46:58+00:00","mainEntityOfPage":{"@id":"https:\/\/www.notibras.com\/site\/empresarios-caem-na-real-da-moral-e-nao-aceitam-mais-pagar-por-fora\/"},"wordCount":684,"commentCount":0,"publisher":{"@id":"https:\/\/www.notibras.com\/site\/#organization"},"image":{"@id":"https:\/\/www.notibras.com\/site\/empresarios-caem-na-real-da-moral-e-nao-aceitam-mais-pagar-por-fora\/#primaryimage"},"thumbnailUrl":"https:\/\/www.notibras.com\/site\/wp-content\/uploads\/2016\/07\/op17.jpg","articleSection":["Opina a\u00ed"],"inLanguage":"pt-BR","potentialAction":[{"@type":"CommentAction","name":"Comment","target":["https:\/\/www.notibras.com\/site\/empresarios-caem-na-real-da-moral-e-nao-aceitam-mais-pagar-por-fora\/#respond"]}]},{"@type":"WebPage","@id":"https:\/\/www.notibras.com\/site\/empresarios-caem-na-real-da-moral-e-nao-aceitam-mais-pagar-por-fora\/","url":"https:\/\/www.notibras.com\/site\/empresarios-caem-na-real-da-moral-e-nao-aceitam-mais-pagar-por-fora\/","name":"Empres\u00e1rios caem na real da moral e n\u00e3o aceitam mais pagar por fora - Notibras","isPartOf":{"@id":"https:\/\/www.notibras.com\/site\/#website"},"primaryImageOfPage":{"@id":"https:\/\/www.notibras.com\/site\/empresarios-caem-na-real-da-moral-e-nao-aceitam-mais-pagar-por-fora\/#primaryimage"},"image":{"@id":"https:\/\/www.notibras.com\/site\/empresarios-caem-na-real-da-moral-e-nao-aceitam-mais-pagar-por-fora\/#primaryimage"},"thumbnailUrl":"https:\/\/www.notibras.com\/site\/wp-content\/uploads\/2016\/07\/op17.jpg","datePublished":"2016-07-17T11:46:58+00:00","breadcrumb":{"@id":"https:\/\/www.notibras.com\/site\/empresarios-caem-na-real-da-moral-e-nao-aceitam-mais-pagar-por-fora\/#breadcrumb"},"inLanguage":"pt-BR","potentialAction":[{"@type":"ReadAction","target":["https:\/\/www.notibras.com\/site\/empresarios-caem-na-real-da-moral-e-nao-aceitam-mais-pagar-por-fora\/"]}]},{"@type":"ImageObject","inLanguage":"pt-BR","@id":"https:\/\/www.notibras.com\/site\/empresarios-caem-na-real-da-moral-e-nao-aceitam-mais-pagar-por-fora\/#primaryimage","url":"https:\/\/www.notibras.com\/site\/wp-content\/uploads\/2016\/07\/op17.jpg","contentUrl":"https:\/\/www.notibras.com\/site\/wp-content\/uploads\/2016\/07\/op17.jpg","width":1200,"height":848},{"@type":"BreadcrumbList","@id":"https:\/\/www.notibras.com\/site\/empresarios-caem-na-real-da-moral-e-nao-aceitam-mais-pagar-por-fora\/#breadcrumb","itemListElement":[{"@type":"ListItem","position":1,"name":"In\u00edcio","item":"https:\/\/www.notibras.com\/site\/"},{"@type":"ListItem","position":2,"name":"Empres\u00e1rios caem na real da moral e n\u00e3o aceitam mais pagar por fora"}]},{"@type":"WebSite","@id":"https:\/\/www.notibras.com\/site\/#website","url":"https:\/\/www.notibras.com\/site\/","name":"Notibras","description":"Not\u00edcias de Bras\u00edlia, do Brasil e do Mundo","publisher":{"@id":"https:\/\/www.notibras.com\/site\/#organization"},"potentialAction":[{"@type":"SearchAction","target":{"@type":"EntryPoint","urlTemplate":"https:\/\/www.notibras.com\/site\/?s={search_term_string}"},"query-input":{"@type":"PropertyValueSpecification","valueRequired":true,"valueName":"search_term_string"}}],"inLanguage":"pt-BR"},{"@type":"Organization","@id":"https:\/\/www.notibras.com\/site\/#organization","name":"Grupo Notibras de Comunica\u00e7\u00e3o","url":"https:\/\/www.notibras.com\/site\/","logo":{"@type":"ImageObject","inLanguage":"pt-BR","@id":"https:\/\/www.notibras.com\/site\/#\/schema\/logo\/image\/","url":"https:\/\/www.notibras.com\/site\/wp-content\/uploads\/2023\/01\/notibras23.png","contentUrl":"https:\/\/www.notibras.com\/site\/wp-content\/uploads\/2023\/01\/notibras23.png","width":350,"height":87,"caption":"Grupo Notibras de Comunica\u00e7\u00e3o"},"image":{"@id":"https:\/\/www.notibras.com\/site\/#\/schema\/logo\/image\/"},"sameAs":["https:\/\/www.facebook.com\/notibras\/","https:\/\/x.com\/Notibras","https:\/\/www.instagram.com\/notibras\/"]},{"@type":"Person","@id":"https:\/\/www.notibras.com\/site\/#\/schema\/person\/36ab0979449956132d3e5b517ea76ac8","name":"Reda\u00e7\u00e3o","image":{"@type":"ImageObject","inLanguage":"pt-BR","@id":"https:\/\/secure.gravatar.com\/avatar\/e0a867bdedb85fd243eadf09663511f96fc81e0720a4a42581f334ad4303aa6b?s=96&d=mm&r=g","url":"https:\/\/secure.gravatar.com\/avatar\/e0a867bdedb85fd243eadf09663511f96fc81e0720a4a42581f334ad4303aa6b?s=96&d=mm&r=g","contentUrl":"https:\/\/secure.gravatar.com\/avatar\/e0a867bdedb85fd243eadf09663511f96fc81e0720a4a42581f334ad4303aa6b?s=96&d=mm&r=g","caption":"Reda\u00e7\u00e3o"}}]}},"amp_enabled":true,"_links":{"self":[{"href":"https:\/\/www.notibras.com\/site\/wp-json\/wp\/v2\/posts\/108127","targetHints":{"allow":["GET"]}}],"collection":[{"href":"https:\/\/www.notibras.com\/site\/wp-json\/wp\/v2\/posts"}],"about":[{"href":"https:\/\/www.notibras.com\/site\/wp-json\/wp\/v2\/types\/post"}],"author":[{"embeddable":true,"href":"https:\/\/www.notibras.com\/site\/wp-json\/wp\/v2\/users\/2"}],"replies":[{"embeddable":true,"href":"https:\/\/www.notibras.com\/site\/wp-json\/wp\/v2\/comments?post=108127"}],"version-history":[{"count":1,"href":"https:\/\/www.notibras.com\/site\/wp-json\/wp\/v2\/posts\/108127\/revisions"}],"predecessor-version":[{"id":108129,"href":"https:\/\/www.notibras.com\/site\/wp-json\/wp\/v2\/posts\/108127\/revisions\/108129"}],"wp:featuredmedia":[{"embeddable":true,"href":"https:\/\/www.notibras.com\/site\/wp-json\/wp\/v2\/media\/108128"}],"wp:attachment":[{"href":"https:\/\/www.notibras.com\/site\/wp-json\/wp\/v2\/media?parent=108127"}],"wp:term":[{"taxonomy":"category","embeddable":true,"href":"https:\/\/www.notibras.com\/site\/wp-json\/wp\/v2\/categories?post=108127"},{"taxonomy":"post_tag","embeddable":true,"href":"https:\/\/www.notibras.com\/site\/wp-json\/wp\/v2\/tags?post=108127"}],"curies":[{"name":"wp","href":"https:\/\/api.w.org\/{rel}","templated":true}]}}