{"id":108133,"date":"2016-07-27T08:54:40","date_gmt":"2016-07-27T11:54:40","guid":{"rendered":"http:\/\/www.notibras.com\/site\/?p=108133"},"modified":"2016-07-30T16:46:44","modified_gmt":"2016-07-30T19:46:44","slug":"definitivamente-diz-estudo-ser-mae-e-padecer-no-paraiso","status":"publish","type":"post","link":"https:\/\/www.notibras.com\/site\/definitivamente-diz-estudo-ser-mae-e-padecer-no-paraiso\/","title":{"rendered":"Definitivamente, ser m\u00e3e \u00e9 padecer no para\u00edso apesar do sufoco, revela estudo"},"content":{"rendered":"<h6 class=\"Assina\"><strong>Edison Veiga e Paula Felix<\/strong><\/h6>\n<p>As m\u00e3es precisam de ajuda e nem todo mundo percebe isso. A rotina \u00e9 t\u00e3o cansativa e diferente da mostrada em propagandas que algumas chegam a esquecer os filhos em locais p\u00fablicos ou permitem que eles durmam em suas camas por falta de energia para faz\u00ea-los dormir sozinhos. Elas n\u00e3o querem o r\u00f3tulo de &#8220;m\u00e3es perfeitas&#8221;, que t\u00eam dedica\u00e7\u00e3o exclusiva \u00e0s crian\u00e7as: a m\u00e3e brasileira se define como algu\u00e9m que &#8220;ama seus filhos, mas tamb\u00e9m ama o seu trabalho, seu parceiro e tem outros objetivos na vida&#8221;.<\/p>\n<p>O perfil foi tra\u00e7ado pela pesquisa A Nova M\u00e3e Brasileira, feita pelo Instituto Qualibest e pelo site Mulheres Incr\u00edveis. Foram ouvidas 1.317 mil m\u00e3es, todas com mais de 18 anos &#8211; 81% delas t\u00eam de um a dois filhos.<\/p>\n<p>Dois ter\u00e7os das m\u00e3es brasileiras consideram a rotina dif\u00edcil, exaustiva ou imposs\u00edvel. Apenas 9% dizem se identificar com a imagem da m\u00e3e que aparece na m\u00eddia e 70% tamb\u00e9m afirmaram que se sentem julgadas ou cobradas.<\/p>\n<p>&#8220;Chamou-nos a aten\u00e7\u00e3o que, quando solicitamos \u00e0s entrevistadas que fizessem um pedido, 40% disseram querer ajuda nas atividades dom\u00e9sticas&#8221;, afirma a jornalista Brenda Fucuta, idealizadora da pesquisa. &#8220;Ela quer mais ajuda para cuidar da casa do que dos filhos: isso mostra que ser m\u00e3e \u00e9 dif\u00edcil, mas a grande quest\u00e3o \u00e9 resolver a administra\u00e7\u00e3o da casa.&#8221; O desafio atual da m\u00e3e brasileira parece ser envolver o c\u00f4njuge e as crian\u00e7as nas tarefas dom\u00e9sticas.<\/p>\n<p><strong>Atitudes<\/strong> &#8211; A pesquisa perguntou \u00e0s m\u00e3es se elas j\u00e1 tomaram alguma atitude com os filhos que consideram constrangedora ou vergonhosa. &#8220;Dei umas palmadas&#8221;, responderam 33%. &#8220;Deixei ele ficar assistindo TV ou v\u00eddeos na internet para eu poder descansar, dormir ou fazer alguma outra atividade do meu interesse&#8221; (28%), &#8220;Ofereci comida industrializada&#8221; (21%), &#8220;J\u00e1 ameacei ir embora de casa e deix\u00e1-lo para outros cuidarem&#8221; (15%), &#8220;J\u00e1 dei uma surra&#8221; (10%), &#8220;J\u00e1 dei rem\u00e9dio para que ele se acalmasse&#8221; (3%), &#8220;Deixei-o trancado sozinho em casa&#8221; (2%), &#8220;Esqueci-o numa loja ou na escola&#8221; (2%).<\/p>\n<p>De certa forma, os dados da pesquisa mostram que h\u00e1 uma discrep\u00e2ncia entre o discurso-padr\u00e3o da maternidade sonhada com a vida real enfrentada pelas m\u00e3es, em que dificuldades se somam aos prazeres. Foi por vivenciar isso na pele que a publicit\u00e1ria Luciana Cattony, de 38 anos, decidiu criar o site Maternidade Real. Ela \u00e9 m\u00e3e de Henrique, de 5 anos. &#8220;Quero dar leveza e alegria para as m\u00e3es, mas ningu\u00e9m fala sobre o lado dif\u00edcil da maternidade. Isso tamb\u00e9m \u00e9 importante.&#8221;<\/p>\n<p>Desde maio, a cineasta Helen Ramos, de 29 anos, &#8220;desromantiza&#8221; a maternidade em seu canal Hel Mother, no YouTube. As experi\u00eancias com o filho Caetano, de 2 anos, est\u00e3o entre os temas abordados. &#8220;Ningu\u00e9m chegava antigamente e at\u00e9 recentemente para falar que a amamenta\u00e7\u00e3o ser\u00e1 dif\u00edcil, todo mundo s\u00f3 falava que \u00e9 o maior amor do mundo. Depois que eu tive filho, percebi como foi importante saber a verdade.&#8221; Helen diz que \u00e9 fundamental que mais mulheres falem sobre suas dificuldades e consigam pedir ajuda para as pessoas que est\u00e3o ao seu redor.<\/p>\n<p>A designer e ilustradora Thaiz Le\u00e3o, de 26 anos, m\u00e3e de Vicente, de 2, chegou \u00e0 maternidade com as refer\u00eancias de &#8220;m\u00e3e ideal&#8221; passadas por filmes e propagandas, e se deparou com uma situa\u00e7\u00e3o completamente diferente. &#8220;Eles mentiram para mim, pelo menos em parte. Eu n\u00e3o sabia que iria dormir t\u00e3o pouco, eu n\u00e3o sabia que um beb\u00ea tinha tantas necessidades e que, para algumas delas, eu seria impotente. Eu achava que estaria no controle, mas esquece, n\u00e3o havia controle algum.&#8221; Foi assim que ela resolveu fazer ilustra\u00e7\u00f5es sobre o tema e criou a p\u00e1gina M\u00e3e Solo.<\/p>\n<p><strong>Realidade<\/strong> &#8211; &#8220;As fam\u00edlias que aparecem na m\u00eddia para vender margarina trabalham com a imagem da fam\u00edlia e m\u00e3es ideais. Mas a fam\u00edlia real n\u00e3o \u00e9 assim o tempo todo. Existem conflitos, separa\u00e7\u00f5es e todos os outros sentimentos, porque s\u00e3o seres humanos. Se o meu real est\u00e1 muito longe disso, gera um conflito com consequ\u00eancias diferentes para as diferentes pessoas&#8221;, avalia a psic\u00f3loga Ceneide Maria de Oliveira Cerveny, professora da Pontif\u00edcia Universidade Cat\u00f3lica (PUC-SP) e autora do livro A Fam\u00edlia como Modelo.<\/p>\n<p>Gabriela Malzyner, professora do curso de forma\u00e7\u00e3o em psican\u00e1lise do Centro de Estudos Psicanal\u00edticos (CEP\/SP), diz que as m\u00e3es n\u00e3o precisam buscar uma f\u00f3rmula para exercer a maternidade. &#8220;A m\u00e3e tem de trabalhar, sair com o marido e com os amigos. Essas trocas s\u00e3o importantes, porque o beb\u00ea tem de entender que ele n\u00e3o \u00e9 o \u00fanico interesse da m\u00e3e, isso pode ser nocivo para ambos.&#8221;<\/p>\n<p><img loading=\"lazy\" decoding=\"async\" class=\"alignnone size-full wp-image-70065\" src=\"http:\/\/www.notibras.com\/site\/wp-content\/uploads\/2015\/10\/estadao.png\" alt=\"estadao\" width=\"99\" height=\"16\" \/><\/p>\n","protected":false},"excerpt":{"rendered":"<p>Edison Veiga e Paula Felix As m\u00e3es precisam de ajuda e nem todo mundo percebe isso. A rotina \u00e9 t\u00e3o cansativa e diferente da mostrada em propagandas que algumas chegam a esquecer os filhos em locais p\u00fablicos ou permitem que eles durmam em suas camas por falta de energia para faz\u00ea-los dormir sozinhos. Elas n\u00e3o [&hellip;]<\/p>\n","protected":false},"author":2,"featured_media":108134,"comment_status":"open","ping_status":"closed","sticky":false,"template":"","format":"standard","meta":{"_acf_changed":false,"footnotes":""},"categories":[67],"tags":[],"class_list":["post-108133","post","type-post","status-publish","format-standard","has-post-thumbnail","hentry","category-mulher"],"acf":[],"_links":{"self":[{"href":"https:\/\/www.notibras.com\/site\/wp-json\/wp\/v2\/posts\/108133","targetHints":{"allow":["GET"]}}],"collection":[{"href":"https:\/\/www.notibras.com\/site\/wp-json\/wp\/v2\/posts"}],"about":[{"href":"https:\/\/www.notibras.com\/site\/wp-json\/wp\/v2\/types\/post"}],"author":[{"embeddable":true,"href":"https:\/\/www.notibras.com\/site\/wp-json\/wp\/v2\/users\/2"}],"replies":[{"embeddable":true,"href":"https:\/\/www.notibras.com\/site\/wp-json\/wp\/v2\/comments?post=108133"}],"version-history":[{"count":4,"href":"https:\/\/www.notibras.com\/site\/wp-json\/wp\/v2\/posts\/108133\/revisions"}],"predecessor-version":[{"id":108320,"href":"https:\/\/www.notibras.com\/site\/wp-json\/wp\/v2\/posts\/108133\/revisions\/108320"}],"wp:featuredmedia":[{"embeddable":true,"href":"https:\/\/www.notibras.com\/site\/wp-json\/wp\/v2\/media\/108134"}],"wp:attachment":[{"href":"https:\/\/www.notibras.com\/site\/wp-json\/wp\/v2\/media?parent=108133"}],"wp:term":[{"taxonomy":"category","embeddable":true,"href":"https:\/\/www.notibras.com\/site\/wp-json\/wp\/v2\/categories?post=108133"},{"taxonomy":"post_tag","embeddable":true,"href":"https:\/\/www.notibras.com\/site\/wp-json\/wp\/v2\/tags?post=108133"}],"curies":[{"name":"wp","href":"https:\/\/api.w.org\/{rel}","templated":true}]}}