{"id":108287,"date":"2016-07-28T15:31:41","date_gmt":"2016-07-28T18:31:41","guid":{"rendered":"http:\/\/www.notibras.com\/site\/?p=108287"},"modified":"2016-07-30T16:43:43","modified_gmt":"2016-07-30T19:43:43","slug":"mulheres-estao-cada-vez-mais-finas-a-comecar-pelo-nariz","status":"publish","type":"post","link":"https:\/\/www.notibras.com\/site\/mulheres-estao-cada-vez-mais-finas-a-comecar-pelo-nariz\/","title":{"rendered":"Mulheres est\u00e3o cada vez mais finas, a come\u00e7ar pelo nariz corrigido como m\u00e1gica"},"content":{"rendered":"<div id=\"Corpo\">\n<h6 class=\"Assina\"><strong>Gabriela Mar\u00e7al<\/strong><\/h6>\n<p>Gordura localizada \u00e9 uma express\u00e3o que causa arrepio em quem v\u00ea nos corpos sarados e enxutos o verdadeiro padr\u00e3o de beleza atual. Especialmente se ela estiver nos lugares mais vis\u00edveis poss\u00edveis. Por exemplo, no rosto.<\/p>\n<p>Por isso, tem se tornado popular um procedimento m\u00e9dico que permite a retirada do ac\u00famulo de gordura das bochechas. A t\u00e9cnica, conhecida por &#8220;bichectomia&#8221;, \u00e9 famosa entre atrizes de Hollywood, como Angelina Jolie, que ostentam rostos delineados.<\/p>\n<p>O cirurgi\u00e3o pl\u00e1stico brasiliense S\u00e9rgio Morum explica o procedimento: &#8220;\u00c9 realizado um corte de um cent\u00edmetro, na regi\u00e3o interna das bochechas, para a retirada da Bola de Bichat, que \u00e9 uma estrutura gordurosa presente entre dois m\u00fasculos respons\u00e1veis pela mastiga\u00e7\u00e3o. Como consequ\u00eancia, o rosto fica com um visual mais fino&#8221;, diz.<\/p>\n<p>Morum conta que n\u00e3o h\u00e1 grandes crit\u00e9rios para se realizar a cirurgia. &#8220;Ela \u00e9 feita para fins est\u00e9ticos. O cirurgi\u00e3o avalia o rosto do paciente, j\u00e1 que n\u00e3o \u00e9 poss\u00edvel detectar a Bola de Bichat por exames. No momento, ele identifica onde est\u00e1 localizada a gordura, e a retira. N\u00e3o \u00e9 necess\u00e1rio realizar um segundo procedimento, visto que essa gordura \u00e9 acumulada no rosto apenas uma vez&#8221;, afirma.<\/p>\n<p>A recupera\u00e7\u00e3o, segundo o m\u00e9dico, \u00e9 curta e r\u00e1pida. &#8220;Por ser um procedimento simples, o prazo de recupera\u00e7\u00e3o tamb\u00e9m \u00e9, de uma semana, apenas. No primeiro dia, o paciente precisa cumprir uma dieta l\u00edquida fria ou gelada, e, no segundo, apenas dieta pastosa macia, como arroz e frango. Durante a recupera\u00e7\u00e3o, n\u00e3o \u00e9 indicada a realiza\u00e7\u00e3o de atividades f\u00edsicas&#8221;, afirma.<\/p>\n<p>Na lista de celebridades que j\u00e1 aderiram \u00e0 bichectomia est\u00e3o ainda Kim Kardashian, Megan Fox e Jennifer Aniston. No Brasil, Gl\u00f3ria Pires j\u00e1 realizou o procedimento em busca de um rosto mais fino.<\/p>\n<p><img loading=\"lazy\" decoding=\"async\" class=\"alignnone size-full wp-image-70065\" src=\"http:\/\/www.notibras.com\/site\/wp-content\/uploads\/2015\/10\/estadao.png\" alt=\"estadao\" width=\"99\" height=\"16\" \/><\/p>\n<\/div>\n","protected":false},"excerpt":{"rendered":"<p>Gabriela Mar\u00e7al Gordura localizada \u00e9 uma express\u00e3o que causa arrepio em quem v\u00ea nos corpos sarados e enxutos o verdadeiro padr\u00e3o de beleza atual. Especialmente se ela estiver nos lugares mais vis\u00edveis poss\u00edveis. Por exemplo, no rosto. Por isso, tem se tornado popular um procedimento m\u00e9dico que permite a retirada do ac\u00famulo de gordura das [&hellip;]<\/p>\n","protected":false},"author":2,"featured_media":108288,"comment_status":"open","ping_status":"closed","sticky":false,"template":"","format":"standard","meta":{"_acf_changed":false,"footnotes":""},"categories":[67],"tags":[],"class_list":["post-108287","post","type-post","status-publish","format-standard","has-post-thumbnail","hentry","category-mulher"],"acf":[],"_links":{"self":[{"href":"https:\/\/www.notibras.com\/site\/wp-json\/wp\/v2\/posts\/108287","targetHints":{"allow":["GET"]}}],"collection":[{"href":"https:\/\/www.notibras.com\/site\/wp-json\/wp\/v2\/posts"}],"about":[{"href":"https:\/\/www.notibras.com\/site\/wp-json\/wp\/v2\/types\/post"}],"author":[{"embeddable":true,"href":"https:\/\/www.notibras.com\/site\/wp-json\/wp\/v2\/users\/2"}],"replies":[{"embeddable":true,"href":"https:\/\/www.notibras.com\/site\/wp-json\/wp\/v2\/comments?post=108287"}],"version-history":[{"count":3,"href":"https:\/\/www.notibras.com\/site\/wp-json\/wp\/v2\/posts\/108287\/revisions"}],"predecessor-version":[{"id":108443,"href":"https:\/\/www.notibras.com\/site\/wp-json\/wp\/v2\/posts\/108287\/revisions\/108443"}],"wp:featuredmedia":[{"embeddable":true,"href":"https:\/\/www.notibras.com\/site\/wp-json\/wp\/v2\/media\/108288"}],"wp:attachment":[{"href":"https:\/\/www.notibras.com\/site\/wp-json\/wp\/v2\/media?parent=108287"}],"wp:term":[{"taxonomy":"category","embeddable":true,"href":"https:\/\/www.notibras.com\/site\/wp-json\/wp\/v2\/categories?post=108287"},{"taxonomy":"post_tag","embeddable":true,"href":"https:\/\/www.notibras.com\/site\/wp-json\/wp\/v2\/tags?post=108287"}],"curies":[{"name":"wp","href":"https:\/\/api.w.org\/{rel}","templated":true}]}}