{"id":108565,"date":"2016-07-20T10:19:53","date_gmt":"2016-07-20T13:19:53","guid":{"rendered":"http:\/\/www.notibras.com\/site\/?p=108565"},"modified":"2016-07-20T10:19:53","modified_gmt":"2016-07-20T13:19:53","slug":"tempos-de-muita-festa-em-que-a-musica-ia-da-radio-nacional-para-o-catetinho","status":"publish","type":"post","link":"https:\/\/www.notibras.com\/site\/tempos-de-muita-festa-em-que-a-musica-ia-da-radio-nacional-para-o-catetinho\/","title":{"rendered":"Tempos de muita festa em que a m\u00fasica ia da R\u00e1dio Nacional para o Catetinho"},"content":{"rendered":"<p><strong>Jos\u00e9 Escarlate<\/strong><\/p>\n<p>Com a inaugura\u00e7\u00e3o em 31 de maio de 1958 da R\u00e1dio Nacional, pouco depois chegava a Bras\u00edlia o Zair Can\u00e7ado pioneir\u00edssimo da cidade, vindo da Nacional Rio. Sentiu a terra, as prefer\u00eancias do lugar e passou a apresentar o programa \u201cDiscoteca do Ouvinte\u201d, das 4 \u00e1s 5 da tarde. Zair foi o primeiro disc-j\u00f3quei de Bras\u00edlia, colhendo grande sucesso. Lan\u00e7ou tamb\u00e9m o seu \u201cFalando para o Brasil\u201d, aos s\u00e1bados, com uma hora de dura\u00e7\u00e3o.<\/p>\n<p>Aqui chegando em 1956, dois anos depois o m\u00e9dico \u00c9dson Porto mostrou suas qualidades no violino e no bandolim ao fazer parte da orquestra da emissora. Para desopilar o f\u00edgado, ainda apresentava um programa com sobre sa\u00fade e alimenta\u00e7\u00e3o.<\/p>\n<p>Mineiro de Araguari, formado na Faculdade Nacional de Medicina, escolheu a pediatria e iniciou a vida profissional em Goi\u00e2nia. Dia 4 de dezembro de 1956 veio para Bras\u00edlia. Ca\u00e7ula de 14 irm\u00e3os, Edson trabalhou duro , destacando-se, sendo nomeado diretor do primeiro hospital do Planalto Central, o Hospital Juscelino Kubitschek de Oliveira, chamado pelos candangos de JKO, do Iapi, entre a Cidade Livre e a Candangol\u00e2ndia.<\/p>\n<p>Topou o desafio e meteu a m\u00e3o na massa. Logo de in\u00edcio, antes de o hospital ficar pronto, instalou num posto de atendimento m\u00e9dico \u2013 onde morava -, com sala de atendimento, o estoque de rem\u00e9dios e o quarto onde vivia, separados por biombos. As instala\u00e7\u00f5es sanit\u00e1rias eram prec\u00e1rias. Na bagagem de \u00c9dson, soro antiof\u00eddico. pela incid\u00eancia de casos de picada de cobra. Os casos mais graves eram encaminhados a Goi\u00e2nia. Brigou, pateu p\u00e9, e conseguiu um pequeno avi\u00e3o, um Cessna, para levar pacientes mais graves \u00e0 capital de Goi\u00e1s.<\/p>\n<p>Verificou ser preciso contratar mais ortopedistas, tantos eram os acidentes no trabalho. Al\u00e9m da medicina, onde espacializou-se em Cl\u00ednica Geral, as artes atraiam o jovem m\u00e9dico. Seresteiro, participava das serestas no Catetinho, onde era comum a presen\u00e7a at\u00e9 do presidente JK. A paix\u00e3o pela m\u00fasica foi t\u00e3o grande que \u00c9dson Porto participou da funda\u00e7\u00e3o da orquestra Sinf\u00f4nica de Bras\u00edlia.<\/p>\n<p><img loading=\"lazy\" decoding=\"async\" class=\"alignnone size-full wp-image-83053\" src=\"http:\/\/www.notibras.com\/site\/wp-content\/uploads\/2016\/01\/PV.png\" alt=\"PV\" width=\"122\" height=\"26\" \/><\/p>\n","protected":false},"excerpt":{"rendered":"<p>Jos\u00e9 Escarlate Com a inaugura\u00e7\u00e3o em 31 de maio de 1958 da R\u00e1dio Nacional, pouco depois chegava a Bras\u00edlia o Zair Can\u00e7ado pioneir\u00edssimo da cidade, vindo da Nacional Rio. Sentiu a terra, as prefer\u00eancias do lugar e passou a apresentar o programa \u201cDiscoteca do Ouvinte\u201d, das 4 \u00e1s 5 da tarde. Zair foi o primeiro [&hellip;]<\/p>\n","protected":false},"author":2,"featured_media":108566,"comment_status":"open","ping_status":"closed","sticky":false,"template":"","format":"standard","meta":{"_acf_changed":false,"footnotes":""},"categories":[63],"tags":[],"class_list":["post-108565","post","type-post","status-publish","format-standard","has-post-thumbnail","hentry","category-paginas-viradas"],"acf":[],"_links":{"self":[{"href":"https:\/\/www.notibras.com\/site\/wp-json\/wp\/v2\/posts\/108565","targetHints":{"allow":["GET"]}}],"collection":[{"href":"https:\/\/www.notibras.com\/site\/wp-json\/wp\/v2\/posts"}],"about":[{"href":"https:\/\/www.notibras.com\/site\/wp-json\/wp\/v2\/types\/post"}],"author":[{"embeddable":true,"href":"https:\/\/www.notibras.com\/site\/wp-json\/wp\/v2\/users\/2"}],"replies":[{"embeddable":true,"href":"https:\/\/www.notibras.com\/site\/wp-json\/wp\/v2\/comments?post=108565"}],"version-history":[{"count":1,"href":"https:\/\/www.notibras.com\/site\/wp-json\/wp\/v2\/posts\/108565\/revisions"}],"predecessor-version":[{"id":108567,"href":"https:\/\/www.notibras.com\/site\/wp-json\/wp\/v2\/posts\/108565\/revisions\/108567"}],"wp:featuredmedia":[{"embeddable":true,"href":"https:\/\/www.notibras.com\/site\/wp-json\/wp\/v2\/media\/108566"}],"wp:attachment":[{"href":"https:\/\/www.notibras.com\/site\/wp-json\/wp\/v2\/media?parent=108565"}],"wp:term":[{"taxonomy":"category","embeddable":true,"href":"https:\/\/www.notibras.com\/site\/wp-json\/wp\/v2\/categories?post=108565"},{"taxonomy":"post_tag","embeddable":true,"href":"https:\/\/www.notibras.com\/site\/wp-json\/wp\/v2\/tags?post=108565"}],"curies":[{"name":"wp","href":"https:\/\/api.w.org\/{rel}","templated":true}]}}